{"id":153236,"date":"2019-09-29T19:53:41","date_gmt":"2019-09-29T22:53:41","guid":{"rendered":"http:\/\/aconteceunovale.com.br\/portal\/?p=153236"},"modified":"2019-09-29T21:07:30","modified_gmt":"2019-09-30T00:07:30","slug":"policia-militar-mata-9o-integrante-de-quadrilha-no-norte-de-minas","status":"publish","type":"post","link":"https:\/\/aconteceunovale.com.br\/portal\/?p=153236","title":{"rendered":"Pol\u00edcia Militar mata 9\u00ba integrante de quadrilha no Norte de Minas"},"content":{"rendered":"\n<p>Um homem morreu no terceiro confronto com a Pol\u00edcia Militar, na manh\u00e3 deste s\u00e1bado (28\/09\/2019), na zona rural de Padre Carvalho, no Norte de Minas. De acordo com a PM, Edson dos Santos Queiroz, de 34 anos, \u00e9 l\u00edder da quadrilha especializada em roubos a banco e carros-fortes com ramifica\u00e7\u00f5es na Bahia e Goi\u00e1s. Ao todo, nove integrantes morreram em tiroteios registrados desde quarta-feira (25).<\/p>\n\n\n\n<p>A PM informou que o confronto aconteceu em uma \u00e1rea de planta\u00e7\u00e3o de eucaliptos. A suspeita \u00e9 que dois fugitivos continuam na vegeta\u00e7\u00e3o, armados. Uma aeronave e policiais de Minas Gerais e da Bahia continuam as buscas. C\u00e3es farejadores tamb\u00e9m participam da opera\u00e7\u00e3o.<\/p>\n\n\n\n<p>Uma arma e muni\u00e7\u00f5es foram apreendidos. Desde quarta (25), fuzis, muni\u00e7\u00f5es e cerca de 400 quilos de explosivos foram recolhidos e passar\u00e3o por per\u00edcia.<\/p>\n\n\n\n<p>A Secretaria de Seguran\u00e7a P\u00fablica da Bahia informou que contra Edson dos Santos Queiroz havia mandados de pris\u00e3o em aberto por envolvimento com homic\u00eddios, roubos, entre outros crimes. Ele tamb\u00e9m \u00e9 apontado como l\u00edder de uma fac\u00e7\u00e3o de traficantes em Salvador.<\/p>\n\n\n\n<p>De acordo com os servi\u00e7os de intelig\u00eancia das Pol\u00edcias de Minas Gerais e Bahia e da Pol\u00edcia Federal, o grupo estava na regi\u00e3o para roubar um carro-forte. Nenhum militar se feriu.<\/p>\n\n\n\n<figure class=\"wp-block-image is-resized\"><img loading=\"lazy\" decoding=\"async\" src=\"http:\/\/aconteceunovale.com.br\/portal\/wp-content\/uploads\/2019\/09\/morto_nm.jpg\" alt=\"\" class=\"wp-image-153242\" width=\"600\" height=\"444\" srcset=\"https:\/\/aconteceunovale.com.br\/portal\/wp-content\/uploads\/2019\/09\/morto_nm.jpg 608w, https:\/\/aconteceunovale.com.br\/portal\/wp-content\/uploads\/2019\/09\/morto_nm-300x222.jpg 300w, https:\/\/aconteceunovale.com.br\/portal\/wp-content\/uploads\/2019\/09\/morto_nm-80x60.jpg 80w, https:\/\/aconteceunovale.com.br\/portal\/wp-content\/uploads\/2019\/09\/morto_nm-567x420.jpg 567w\" sizes=\"auto, (max-width: 600px) 100vw, 600px\" \/><figcaption><em>Edson dos Santos Queiroz &#8211; Foto: SSP BA\/Divulga\u00e7\u00e3o<\/em><\/figcaption><\/figure>\n\n\n\n<p class=\"has-text-color has-background has-very-light-gray-color has-very-dark-gray-background-color\"><strong>VER PRIMEIRO: <\/strong>Receba as not\u00edcias do Aconteceu no Vale em primeira m\u00e3o. Clique em curtir no endere\u00e7o <a href=\"https:\/\/www.facebook.com\/aconteceunovale\" target=\"_blank\" rel=\"noreferrer noopener\">www.facebook.com\/aconteceunovale<\/a>.<\/p>\n","protected":false},"excerpt":{"rendered":"<p>Um homem morreu no terceiro confronto com a Pol\u00edcia Militar, na manh\u00e3 deste s\u00e1bado (28\/09\/2019), na zona rural de Padre Carvalho, no Norte de Minas. De acordo com a PM, Edson dos Santos Queiroz, de 34 anos, \u00e9 l\u00edder da quadrilha especializada em roubos a banco e carros-fortes com ramifica\u00e7\u00f5es na Bahia e Goi\u00e1s. Ao [&hellip;]<\/p>\n","protected":false},"author":1,"featured_media":153130,"comment_status":"open","ping_status":"closed","sticky":false,"template":"","format":"standard","meta":{"amp_status":"","footnotes":""},"categories":[1236],"tags":[138079,207824,207822,138077,921,1018,207959,207926,207823,207960,207820,207825,207821],"class_list":["post-153236","post","type-post","status-publish","format-standard","has-post-thumbnail","hentry","category-norte_de_minas","tag-assaltantes-mortos-no-norte-de-minas","tag-bandidos-mortos-em-salinas","tag-bandidos-mortos-na-br-251","tag-bandidos-mortos-no-norte-de-minas","tag-br-251","tag-destaque","tag-edson-dos-santos-queiroz","tag-mais-dois-integrantes-de-grupo-criminoso-sao-mortos-pela-policia-no-norte-de-minas","tag-mortos-em-salinas","tag-policia-militar-mata-9o-integrante-de-quadrilha-no-norte-de-minas","tag-seis-integrantes-de-quadrilha-morrem-em-confronto-com-a-policia-militar-em-salinas","tag-seis-integrantes-de-quadrilha-morrem-em-confronto-com-a-policia-militar-na-br-251","tag-seis-integrantes-de-quadrilha-morrem-em-confronto-com-a-policia-militar-no-norte-de-minas"],"_links":{"self":[{"href":"https:\/\/aconteceunovale.com.br\/portal\/index.php?rest_route=\/wp\/v2\/posts\/153236","targetHints":{"allow":["GET"]}}],"collection":[{"href":"https:\/\/aconteceunovale.com.br\/portal\/index.php?rest_route=\/wp\/v2\/posts"}],"about":[{"href":"https:\/\/aconteceunovale.com.br\/portal\/index.php?rest_route=\/wp\/v2\/types\/post"}],"author":[{"embeddable":true,"href":"https:\/\/aconteceunovale.com.br\/portal\/index.php?rest_route=\/wp\/v2\/users\/1"}],"replies":[{"embeddable":true,"href":"https:\/\/aconteceunovale.com.br\/portal\/index.php?rest_route=%2Fwp%2Fv2%2Fcomments&post=153236"}],"version-history":[{"count":2,"href":"https:\/\/aconteceunovale.com.br\/portal\/index.php?rest_route=\/wp\/v2\/posts\/153236\/revisions"}],"predecessor-version":[{"id":153243,"href":"https:\/\/aconteceunovale.com.br\/portal\/index.php?rest_route=\/wp\/v2\/posts\/153236\/revisions\/153243"}],"wp:featuredmedia":[{"embeddable":true,"href":"https:\/\/aconteceunovale.com.br\/portal\/index.php?rest_route=\/wp\/v2\/media\/153130"}],"wp:attachment":[{"href":"https:\/\/aconteceunovale.com.br\/portal\/index.php?rest_route=%2Fwp%2Fv2%2Fmedia&parent=153236"}],"wp:term":[{"taxonomy":"category","embeddable":true,"href":"https:\/\/aconteceunovale.com.br\/portal\/index.php?rest_route=%2Fwp%2Fv2%2Fcategories&post=153236"},{"taxonomy":"post_tag","embeddable":true,"href":"https:\/\/aconteceunovale.com.br\/portal\/index.php?rest_route=%2Fwp%2Fv2%2Ftags&post=153236"}],"curies":[{"name":"wp","href":"https:\/\/api.w.org\/{rel}","templated":true}]}}