{"id":153192,"date":"2019-09-27T20:49:20","date_gmt":"2019-09-27T23:49:20","guid":{"rendered":"http:\/\/aconteceunovale.com.br\/portal\/?p=153192"},"modified":"2019-09-27T20:50:33","modified_gmt":"2019-09-27T23:50:33","slug":"forca-tarefa-da-operacao-lava-jato-pede-regime-semiaberto-para-o-ex-presidente-lula","status":"publish","type":"post","link":"https:\/\/aconteceunovale.com.br\/portal\/?p=153192","title":{"rendered":"For\u00e7a-tarefa da Opera\u00e7\u00e3o Lava Jato pede regime semiaberto para o ex-presidente Lula"},"content":{"rendered":"\n<p>A for\u00e7a-tarefa da Opera\u00e7\u00e3o Lava Jato em Curitiba pediu&nbsp;hoje&nbsp;(27) \u00e0 Justi\u00e7a Federal que o ex-presidente Luiz In\u00e1cio Lula da Silva passe para o regime semiaberto de pris\u00e3o. Lula est\u00e1 preso em regime fechado desde abril ao ano passado na carceragem da Superintend\u00eancia da Pol\u00edcia Federal (PF), na capital paranaense, em fun\u00e7\u00e3o da condena\u00e7\u00e3o no processo do tr\u00edplex em Guaruj\u00e1 (SP).<\/p>\n\n\n\n<p>De acordo com os procuradores da Lava Jato, Lula j\u00e1 cumpriu um sexto da pena e deve progredir para o regime mais brando, conforme determina a lei penal. No semiaberto, o detento deixa a pris\u00e3o durante o dia para trabalhar, mas deve retornar \u00e0 noite. O pedido de progress\u00e3o ser\u00e1 analisado pela 12\u00aa Vara Federa em Curitiba.&nbsp;<\/p>\n\n\n\n<p>&#8220;Uma vez certificado o bom comportamento carcer\u00e1rio (requisito subjetivo) pelo Superintendente da Pol\u00edcia Federal no Paran\u00e1 e ouvida a defesa (requisito formal), requer o Minist\u00e9rio P\u00fablico Federal seja deferida a Luiz In\u00e1cio Lula da Silva a progress\u00e3o ao regime semiaberto&#8221;, diz o MPF.&nbsp;<\/p>\n\n\n\n<h2 class=\"wp-block-heading\">Condena\u00e7\u00e3o<\/h2>\n\n\n\n<p>Lula foi condenado sob a acusa\u00e7\u00e3o de receber um apartamento triplex no Guaruj\u00e1 da Construtora OAS, bem como por ocultar a titularidade do im\u00f3vel. O total de vantagens indevidas recebidas, segundo a acusa\u00e7\u00e3o, somaram R$ 3,7 milh\u00f5es, incluindo ainda os gastos com reformas. A condena\u00e7\u00e3o do ex-presidente foi pelos crimes de corrup\u00e7\u00e3o e lavagem de dinheiro.<\/p>\n\n\n\n<p>Na senten\u00e7a inicial, proferida em julho de 2017, Lula foi condenado a 9 anos e seis meses de pris\u00e3o pelo ent\u00e3o juiz Sergio Moro, que julgou as vantagens recebidas como relacionadas a desvios na Petrobras.<\/p>\n\n\n\n<p>Em janeiro do ano passado, a condena\u00e7\u00e3o foi confirmada e a pena aumentada pelo Tribunal Regional Federal da 4\u00aa Regi\u00e3o (TRF4),&nbsp;segunda&nbsp;inst\u00e2ncia da Justi\u00e7a Federal, para 12 anos e um m\u00eas de pris\u00e3o &#8211; 8 anos e 4 meses pelo crime de corrup\u00e7\u00e3o passiva e 3 anos e 9 meses pela lavagem de dinheiro.<\/p>\n\n\n\n<p>Em abril deste ano, a pena de corrup\u00e7\u00e3o foi reduzida pelo STJ para 5 anos e seis meses, enquanto a de lavagem ficou em 3 anos e quatro meses, resultando nos 8 anos e 10 meses finais.\u00a0<\/p>\n\n\n\n<p class=\"has-text-color has-background has-very-light-gray-color has-very-dark-gray-background-color\"><strong>VER PRIMEIRO: <\/strong>Receba as not\u00edcias do Aconteceu no Vale em primeira m\u00e3o. Clique em curtir no endere\u00e7o <a href=\"https:\/\/www.facebook.com\/aconteceunovale\" target=\"_blank\" rel=\"noreferrer noopener\">www.facebook.com\/aconteceunovale<\/a>.<\/p>\n","protected":false},"excerpt":{"rendered":"<p>A for\u00e7a-tarefa da Opera\u00e7\u00e3o Lava Jato em Curitiba pediu&nbsp;hoje&nbsp;(27) \u00e0 Justi\u00e7a Federal que o ex-presidente Luiz In\u00e1cio Lula da Silva passe para o regime semiaberto de pris\u00e3o. Lula est\u00e1 preso em regime fechado desde abril ao ano passado na carceragem da Superintend\u00eancia da Pol\u00edcia Federal (PF), na capital paranaense, em fun\u00e7\u00e3o da condena\u00e7\u00e3o no processo [&hellip;]<\/p>\n","protected":false},"author":1,"featured_media":143822,"comment_status":"open","ping_status":"closed","sticky":false,"template":"","format":"standard","meta":{"amp_status":"","footnotes":""},"categories":[6,40240],"tags":[82255,150519,207907,14124,7147,20966,772,207909,207908,112714],"class_list":["post-153192","post","type-post","status-publish","format-standard","has-post-thumbnail","hentry","category-br","category-politica-2","tag-ex-presidente-lula","tag-forca-tarefa-da-operacao-lava-jato","tag-forca-tarefa-da-operacao-lava-jato-pede-regime-semiaberto-para-o-ex-presidente-lula","tag-luiz-inacio-lula-da-silva","tag-lula","tag-pf","tag-policia-federal","tag-regime-semiaberto-para-lula","tag-regime-semiaberto-para-o-ex-presidente-lula","tag-triplex-em-guaruja"],"_links":{"self":[{"href":"https:\/\/aconteceunovale.com.br\/portal\/index.php?rest_route=\/wp\/v2\/posts\/153192","targetHints":{"allow":["GET"]}}],"collection":[{"href":"https:\/\/aconteceunovale.com.br\/portal\/index.php?rest_route=\/wp\/v2\/posts"}],"about":[{"href":"https:\/\/aconteceunovale.com.br\/portal\/index.php?rest_route=\/wp\/v2\/types\/post"}],"author":[{"embeddable":true,"href":"https:\/\/aconteceunovale.com.br\/portal\/index.php?rest_route=\/wp\/v2\/users\/1"}],"replies":[{"embeddable":true,"href":"https:\/\/aconteceunovale.com.br\/portal\/index.php?rest_route=%2Fwp%2Fv2%2Fcomments&post=153192"}],"version-history":[{"count":1,"href":"https:\/\/aconteceunovale.com.br\/portal\/index.php?rest_route=\/wp\/v2\/posts\/153192\/revisions"}],"predecessor-version":[{"id":153193,"href":"https:\/\/aconteceunovale.com.br\/portal\/index.php?rest_route=\/wp\/v2\/posts\/153192\/revisions\/153193"}],"wp:featuredmedia":[{"embeddable":true,"href":"https:\/\/aconteceunovale.com.br\/portal\/index.php?rest_route=\/wp\/v2\/media\/143822"}],"wp:attachment":[{"href":"https:\/\/aconteceunovale.com.br\/portal\/index.php?rest_route=%2Fwp%2Fv2%2Fmedia&parent=153192"}],"wp:term":[{"taxonomy":"category","embeddable":true,"href":"https:\/\/aconteceunovale.com.br\/portal\/index.php?rest_route=%2Fwp%2Fv2%2Fcategories&post=153192"},{"taxonomy":"post_tag","embeddable":true,"href":"https:\/\/aconteceunovale.com.br\/portal\/index.php?rest_route=%2Fwp%2Fv2%2Ftags&post=153192"}],"curies":[{"name":"wp","href":"https:\/\/api.w.org\/{rel}","templated":true}]}}