{"id":153189,"date":"2019-09-27T20:33:28","date_gmt":"2019-09-27T23:33:28","guid":{"rendered":"http:\/\/aconteceunovale.com.br\/portal\/?p=153189"},"modified":"2019-09-27T20:35:00","modified_gmt":"2019-09-27T23:35:00","slug":"bandeira-tarifaria-de-outubro-sera-amarela-diz-aneel","status":"publish","type":"post","link":"https:\/\/aconteceunovale.com.br\/portal\/?p=153189","title":{"rendered":"Bandeira tarif\u00e1ria de outubro ser\u00e1 amarela, diz Aneel"},"content":{"rendered":"\n<p>A Ag\u00eancia Nacional de Energia El\u00e9trica (Aneel) anunciou na tarde de&nbsp;hoje&nbsp;(27) que a bandeira tarif\u00e1ria&nbsp;de outubro&nbsp;ser\u00e1 amarela. Dessa forma, a&nbsp;tarifa sofre acr\u00e9scimo de R$ 1,50 a cada 100 quilowatt-hora (kWh) consumidos. A medida representa uma redu\u00e7\u00e3o em rela\u00e7\u00e3o aos meses&nbsp;de agosto&nbsp;e setembro, quando a ag\u00eancia adotou a bandeira tarif\u00e1ria vermelha, no patamar 1, com acr\u00e9scimo de R$ 4 para cada 100 kWh consumidos.&nbsp;<\/p>\n\n\n\n<p>Segundo a ag\u00eancia, a mudan\u00e7a da bandeira vermelha para amarela ocorre pela previs\u00e3o do aumento das chuvas em outubro. \u201cA previs\u00e3o hidrol\u00f3gica para o m\u00eas sinaliza eleva\u00e7\u00e3o das vaz\u00f5es afluentes aos principais reservat\u00f3rios, o que tamb\u00e9m permitir\u00e1 reduzir a oferta de energia suprida pelo parque termel\u00e9trico\u201d, disse a Aneel, em nota.<\/p>\n\n\n\n<p>Criado pela Aneel, o sistema de bandeiras tarif\u00e1rias sinaliza o custo real da energia gerada, possibilitando aos consumidores o bom uso da energia el\u00e9trica. O funcionamento das bandeiras tarif\u00e1rias \u00e9 simples: as cores verde, amarela ou vermelha (nos patamares 1 e 2) indicam se a energia custar\u00e1 mais ou menos com base nas condi\u00e7\u00f5es de gera\u00e7\u00e3o.<\/p>\n\n\n\n<p>O c\u00e1lculo para acionamento das bandeiras tarif\u00e1rias leva em conta, principalmente, dois fatores: o risco hidrol\u00f3gico\u2013 GSF, na sigla em ingl\u00eas, e o pre\u00e7o da energia (PLD). Segundo a ag\u00eancia, o cen\u00e1rio favor\u00e1vel reduziu o pre\u00e7o da energia para o patamar m\u00ednimo, o que \u201cdiminui os custos relacionados ao risco hidrol\u00f3gico e \u00e0 gera\u00e7\u00e3o de energia de fontes termel\u00e9tricas\u201d, possibilitando a manuten\u00e7\u00e3o dos n\u00edveis dos principais reservat\u00f3rios pr\u00f3ximos \u00e0 refer\u00eancia atual.<\/p>\n\n\n\n<p class=\"has-text-color has-background has-very-light-gray-color has-very-dark-gray-background-color\"><strong>VER PRIMEIRO: <\/strong>Receba as not\u00edcias do Aconteceu no Vale em primeira m\u00e3o. Clique em curtir no endere\u00e7o <a href=\"https:\/\/www.facebook.com\/aconteceunovale\" target=\"_blank\" rel=\"noreferrer noopener\">www.facebook.com\/aconteceunovale<\/a>.<\/p>\n","protected":false},"excerpt":{"rendered":"<p>A Ag\u00eancia Nacional de Energia El\u00e9trica (Aneel) anunciou na tarde de&nbsp;hoje&nbsp;(27) que a bandeira tarif\u00e1ria&nbsp;de outubro&nbsp;ser\u00e1 amarela. Dessa forma, a&nbsp;tarifa sofre acr\u00e9scimo de R$ 1,50 a cada 100 quilowatt-hora (kWh) consumidos. A medida representa uma redu\u00e7\u00e3o em rela\u00e7\u00e3o aos meses&nbsp;de agosto&nbsp;e setembro, quando a ag\u00eancia adotou a bandeira tarif\u00e1ria vermelha, no patamar 1, com acr\u00e9scimo [&hellip;]<\/p>\n","protected":false},"author":1,"featured_media":136246,"comment_status":"open","ping_status":"closed","sticky":false,"template":"","format":"standard","meta":{"amp_status":"","footnotes":""},"categories":[6],"tags":[26917,26918,69656,207904,207905,31752,117634,207906,35418,117722],"class_list":["post-153189","post","type-post","status-publish","format-standard","has-post-thumbnail","hentry","category-br","tag-agencia-nacional-de-energia-eletrica","tag-aneel","tag-bandeira-amarela","tag-bandeira-da-conta-de-energia-de-outubro","tag-bandeira-da-conta-de-luz-de-outubro","tag-bandeira-tarifaria","tag-bandeira-tarifaria-de-outubro","tag-bandeira-tarifaria-de-outubro-sera-amarela","tag-energia-eletrica","tag-outubro"],"_links":{"self":[{"href":"https:\/\/aconteceunovale.com.br\/portal\/index.php?rest_route=\/wp\/v2\/posts\/153189","targetHints":{"allow":["GET"]}}],"collection":[{"href":"https:\/\/aconteceunovale.com.br\/portal\/index.php?rest_route=\/wp\/v2\/posts"}],"about":[{"href":"https:\/\/aconteceunovale.com.br\/portal\/index.php?rest_route=\/wp\/v2\/types\/post"}],"author":[{"embeddable":true,"href":"https:\/\/aconteceunovale.com.br\/portal\/index.php?rest_route=\/wp\/v2\/users\/1"}],"replies":[{"embeddable":true,"href":"https:\/\/aconteceunovale.com.br\/portal\/index.php?rest_route=%2Fwp%2Fv2%2Fcomments&post=153189"}],"version-history":[{"count":1,"href":"https:\/\/aconteceunovale.com.br\/portal\/index.php?rest_route=\/wp\/v2\/posts\/153189\/revisions"}],"predecessor-version":[{"id":153190,"href":"https:\/\/aconteceunovale.com.br\/portal\/index.php?rest_route=\/wp\/v2\/posts\/153189\/revisions\/153190"}],"wp:featuredmedia":[{"embeddable":true,"href":"https:\/\/aconteceunovale.com.br\/portal\/index.php?rest_route=\/wp\/v2\/media\/136246"}],"wp:attachment":[{"href":"https:\/\/aconteceunovale.com.br\/portal\/index.php?rest_route=%2Fwp%2Fv2%2Fmedia&parent=153189"}],"wp:term":[{"taxonomy":"category","embeddable":true,"href":"https:\/\/aconteceunovale.com.br\/portal\/index.php?rest_route=%2Fwp%2Fv2%2Fcategories&post=153189"},{"taxonomy":"post_tag","embeddable":true,"href":"https:\/\/aconteceunovale.com.br\/portal\/index.php?rest_route=%2Fwp%2Fv2%2Ftags&post=153189"}],"curies":[{"name":"wp","href":"https:\/\/api.w.org\/{rel}","templated":true}]}}