{"id":153186,"date":"2019-09-27T12:14:57","date_gmt":"2019-09-27T15:14:57","guid":{"rendered":"http:\/\/aconteceunovale.com.br\/portal\/?p=153186"},"modified":"2019-09-27T12:16:49","modified_gmt":"2019-09-27T15:16:49","slug":"times-brasileiros-dao-adeus-a-copa-sul-americana","status":"publish","type":"post","link":"https:\/\/aconteceunovale.com.br\/portal\/?p=153186","title":{"rendered":"Times brasileiros d\u00e3o adeus \u00e0 Copa Sul-Americana"},"content":{"rendered":"\n<p>O Brasil est\u00e1 fora da final da Copa Sul-Americana. O t\u00edtulo deste ano vai ser disputado entre as equipes do argentino Col\u00f3n e do equatoriano Independiente Del Valle, em jogo \u00fanico, no dia 9 de novembro, no Est\u00e1dio Defensores Del Chaco,\u00a0no Paraguai. Desde que a competi\u00e7\u00e3o foi criada em 2002, os brasileiros s\u00f3 levantaram a ta\u00e7a em quatro ocasi\u00f5es: Atlhetico-PR (2018), Chapecoense (2016), S\u00e3o Paulo (2012) e Internacional (2008). Na lista de campe\u00f5es, os clubes\u00a0<em>hermanos<\/em>\u00a0somam oito conquistas, exatamente o dobro do outrora pa\u00eds do futebol,onde 22% da popula\u00e7\u00e3o n\u00e3o torcem pra nenhum time, de acordo com levantamento realizado pelo Instituto de Pesquisas DataFolha em setembro deste ano.<\/p>\n\n\n\n<p>Corinthians e Atl\u00e9tico-MG chegaram \u00e0s semifinais, mas ficaram pelo caminho. Na noite desta&nbsp;quinta (26), diante de 45.600 pessoas no Mineir\u00e3o, o Galo parecia \u201cvingador\u201d como gostam de dizer os torcedores. Depois de perder na Argentina, por 2 a 1, o time do t\u00e9cnico Rodrigo Santana precisava vencer por 1 a 0, devido ao crit\u00e9rio do gol qualificado. Mas os atleticanos foram al\u00e9m: o argentino Franco Di Santo abriu o marcador aos 38 do primeiro tempo, e depois o colombiano Char\u00e1 ampliou aos quatro minutos da etapa final.<\/p>\n\n\n\n<p>A classifica\u00e7\u00e3o seguia encaminhada at\u00e9 que o juiz Andr\u00e9s Rojas, da Col\u00f4mbia, assinalou penalidade para o Col\u00f3n, que foi convertida por Lu\u00eds Rodriguez.<\/p>\n\n\n\n<p>Repetido o placar de 2&#215;1 do primeiro confronto, a decis\u00e3o foi para os p\u00eanaltis e quis o destino que o equatoriano Cazares perdesse a cobran\u00e7a final para selar a classifica\u00e7\u00e3o do Col\u00f3n para a final. \u201cO foco foi muito grande na Sul-Americana. Infelizmente acabou o sonho\u201d, lamentou o t\u00e9cnico atleticano Rodrigo Santana que tem futuro incerto no clube. \u201cAs vit\u00f3rias n\u00e3o v\u00eam e o pessoal come\u00e7a a falar que tem fulano de tal livre. Eu n\u00e3o olho para isso, eu olho cegamente s\u00f3 para o meu trabalho&#8221;.<\/p>\n\n\n\n<p>Eliminados da Sul-Americana, que confere uma vaga para a Libertadores e um pr\u00eamio US$ 4 milh\u00f5es &#8211; o equivalente a R$ 16,6 milh\u00f5es &#8211; ao campe\u00e3o, Atl\u00e9tico-MG e Corinthians v\u00e3o, a partir de agora, concentrar todas as energias no Brasileir\u00e3o. O time mineiro est\u00e1 em 10\u00ba lugar com 27 pontos, j\u00e1 o Tim\u00e3o ocupa a 5\u00aa posi\u00e7\u00e3o com 35 pontos.<\/p>\n\n\n\n<p class=\"has-text-color has-background has-very-light-gray-color has-very-dark-gray-background-color\"><strong>VER PRIMEIRO: <\/strong>Receba as not\u00edcias do Aconteceu no Vale em primeira m\u00e3o. Clique em curtir no endere\u00e7o <a href=\"https:\/\/www.facebook.com\/aconteceunovale\" target=\"_blank\" rel=\"noreferrer noopener\">www.facebook.com\/aconteceunovale<\/a>.<\/p>\n","protected":false},"excerpt":{"rendered":"<p>O Brasil est\u00e1 fora da final da Copa Sul-Americana. O t\u00edtulo deste ano vai ser disputado entre as equipes do argentino Col\u00f3n e do equatoriano Independiente Del Valle, em jogo \u00fanico, no dia 9 de novembro, no Est\u00e1dio Defensores Del Chaco,\u00a0no Paraguai. Desde que a competi\u00e7\u00e3o foi criada em 2002, os brasileiros s\u00f3 levantaram a [&hellip;]<\/p>\n","protected":false},"author":1,"featured_media":153187,"comment_status":"open","ping_status":"closed","sticky":false,"template":"","format":"standard","meta":{"amp_status":"","footnotes":""},"categories":[6,59,28848],"tags":[40575,207901,132863,128898,15896,1018,50769,12312,78022,203779,128400,144824,19073,207903],"class_list":["post-153186","post","type-post","status-publish","format-standard","has-post-thumbnail","hentry","category-br","category-sports","category-mundo","tag-atletico-mg","tag-brasil-esta-fora-da-final-da-copa-sul-americana","tag-colon","tag-copa-sul-americana","tag-corinthians","tag-destaque","tag-esportes","tag-galo","tag-independiente-del-valle","tag-multimidia","tag-rodrigo-santana","tag-sul-americana","tag-timao","tag-times-brasileiros-dao-adeus-a-copa-sul-americana"],"_links":{"self":[{"href":"https:\/\/aconteceunovale.com.br\/portal\/index.php?rest_route=\/wp\/v2\/posts\/153186","targetHints":{"allow":["GET"]}}],"collection":[{"href":"https:\/\/aconteceunovale.com.br\/portal\/index.php?rest_route=\/wp\/v2\/posts"}],"about":[{"href":"https:\/\/aconteceunovale.com.br\/portal\/index.php?rest_route=\/wp\/v2\/types\/post"}],"author":[{"embeddable":true,"href":"https:\/\/aconteceunovale.com.br\/portal\/index.php?rest_route=\/wp\/v2\/users\/1"}],"replies":[{"embeddable":true,"href":"https:\/\/aconteceunovale.com.br\/portal\/index.php?rest_route=%2Fwp%2Fv2%2Fcomments&post=153186"}],"version-history":[{"count":1,"href":"https:\/\/aconteceunovale.com.br\/portal\/index.php?rest_route=\/wp\/v2\/posts\/153186\/revisions"}],"predecessor-version":[{"id":153188,"href":"https:\/\/aconteceunovale.com.br\/portal\/index.php?rest_route=\/wp\/v2\/posts\/153186\/revisions\/153188"}],"wp:featuredmedia":[{"embeddable":true,"href":"https:\/\/aconteceunovale.com.br\/portal\/index.php?rest_route=\/wp\/v2\/media\/153187"}],"wp:attachment":[{"href":"https:\/\/aconteceunovale.com.br\/portal\/index.php?rest_route=%2Fwp%2Fv2%2Fmedia&parent=153186"}],"wp:term":[{"taxonomy":"category","embeddable":true,"href":"https:\/\/aconteceunovale.com.br\/portal\/index.php?rest_route=%2Fwp%2Fv2%2Fcategories&post=153186"},{"taxonomy":"post_tag","embeddable":true,"href":"https:\/\/aconteceunovale.com.br\/portal\/index.php?rest_route=%2Fwp%2Fv2%2Ftags&post=153186"}],"curies":[{"name":"wp","href":"https:\/\/api.w.org\/{rel}","templated":true}]}}