{"id":153183,"date":"2019-09-27T12:09:55","date_gmt":"2019-09-27T15:09:55","guid":{"rendered":"http:\/\/aconteceunovale.com.br\/portal\/?p=153183"},"modified":"2019-09-27T12:10:00","modified_gmt":"2019-09-27T15:10:00","slug":"rodrigo-janot-diz-que-foi-armado-ao-supremo-para-matar-gilmar-mendes","status":"publish","type":"post","link":"https:\/\/aconteceunovale.com.br\/portal\/?p=153183","title":{"rendered":"Rodrigo Janot diz que foi armado ao Supremo para matar Gilmar Mendes"},"content":{"rendered":"\n<p>O ex-procurador-geral da Rep\u00fablica Rodrigo Janot disse na noite de&nbsp;ontem&nbsp;(26), em entrevista a diversos ve\u00edculos de comunica\u00e7\u00e3o, que chegou a ir armado com um rev\u00f3lver ao Supremo Tribunal Federal (STF) com a inten\u00e7\u00e3o de matar o ministro Gilmar Mendes e depois se suicidar. Nesta&nbsp;sexta-feira (27), Mendes divulgou uma nota em que se diz surpreso e recomenda que o ex-PGR \u201cprocure ajuda psiqui\u00e1trica\u201d.<\/p>\n\n\n\n<p>Os dois protagonizaram um longo embate enquanto Janot ocupou o cargo, entre 2013 e 2017, com trocas constantes de cr\u00edticas p\u00fablicas. O ex-PGR disse\u00a0ter, por\u00e9m, chegado a um limite em 2017 quando o ministro envolveu sua filha em uma das pendengas.<\/p>\n\n\n\n<p>O epis\u00f3dio \u00e9 narrado por Janot no livro que lan\u00e7a esta semana,&nbsp;<em>Nada Menos que Tudo<\/em>, por\u00e9m sem citar o nome de Gilmar Mendes. O ex-PGR, entretanto, resolveu agora revelar a quem se referia.<\/p>\n\n\n\n<p>\u201cNum dos momentos de dor aguda, de ira cega, botei uma pistola carregada na cintura e por muito pouco n\u00e3o descarreguei na cabe\u00e7a de uma autoridade de l\u00edngua ferina que, em meio \u00e0quela algaravia orquestrada pelos investigados, resolvera fazer gra\u00e7a com minha filha\u201d, escreve Janot no livro.<\/p>\n\n\n\n<p>Segundo o ex-PGR, ao encontrar o ministro sozinho na antessala do plen\u00e1rio do Supremo, antes de uma das sess\u00f5es, chegou a sacar uma pistola, mas n\u00e3o puxou o gatilho somente porque \u201ca m\u00e3o invis\u00edvel do bom senso tocou no meu ombro e disse: n\u00e3o\u201d.<\/p>\n\n\n\n<p>O epis\u00f3dio ocorreu em 2017, depois de Janot&nbsp;ter&nbsp;pedido ao Supremo que considerasse Mendes suspeito para julgar um habeas corpus de Eike Batista. O argumento era que a esposa do ministro, Guiomar Mendes, trabalhava em um escrit\u00f3rio de advocacia que prestava servi\u00e7os ao empres\u00e1rio.<\/p>\n\n\n\n<p>Em seguida, circulou na imprensa a informa\u00e7\u00e3o de que a filha de Janot, Let\u00edcia Ladeira Monteiro de Barros, defendia a empreiteira OAS, envolvida na Lava Jato, em processos no Conselho Administrativo de Defesa Econ\u00f4mica (Cade). O ex-PGR atribuiu a divulga\u00e7\u00e3o da informa\u00e7\u00e3o a Mendes e, por isso, cogitou mat\u00e1-lo, segundo o relato.<\/p>\n\n\n\n<p>\u201cConfesso que estou algo surpreso. Sempre acreditei que, na rela\u00e7\u00e3o profissional com t\u00e3o not\u00f3ria figura, estava exposto, no m\u00e1ximo, a peti\u00e7\u00f5es mal redigidas, em que a pobreza da l\u00edngua concorria com a indig\u00eancia da fundamenta\u00e7\u00e3o t\u00e9cnica. Agora ele revela que eu corria tamb\u00e9m risco de morrer\u201d, escreveu Gilmar Mendes em nota divulgada nesta\u00a0sexta.<\/p>\n\n\n\n<p>O ministro lamentou que \u201cpor um bom tempo, uma parte do devido processo legal no pa\u00eds ficou ref\u00e9m de quem confessa&nbsp;ter&nbsp;impulsos homicidas\u201d.<\/p>\n\n\n\n<p>\u201cSe a diverg\u00eancia com um ministro do Supremo o exp\u00f4s a tais tenta\u00e7\u00f5es tresloucadas, imagino como conduziu a\u00e7\u00f5es penais de pessoas que ministros do Supremo n\u00e3o eram. Afinal, certamente n\u00e3o tem medo de assassinar reputa\u00e7\u00f5es quem confessa a inten\u00e7\u00e3o de assassinar um membro da Corte Constitucional do Pa\u00eds\u201d, acrescentou o ministro. \u201cRecomendo que procure ajuda psiqui\u00e1trica\u201d, concluiu.<\/p>\n\n\n\n<p class=\"has-text-color has-background has-very-light-gray-color has-very-dark-gray-background-color\"><strong>VER PRIMEIRO: <\/strong>Receba as not\u00edcias do Aconteceu no Vale em primeira m\u00e3o. Clique em curtir no endere\u00e7o <a href=\"https:\/\/www.facebook.com\/aconteceunovale\" target=\"_blank\" rel=\"noreferrer noopener\">www.facebook.com\/aconteceunovale<\/a>.<\/p>\n","protected":false},"excerpt":{"rendered":"<p>O ex-procurador-geral da Rep\u00fablica Rodrigo Janot disse na noite de&nbsp;ontem&nbsp;(26), em entrevista a diversos ve\u00edculos de comunica\u00e7\u00e3o, que chegou a ir armado com um rev\u00f3lver ao Supremo Tribunal Federal (STF) com a inten\u00e7\u00e3o de matar o ministro Gilmar Mendes e depois se suicidar. Nesta&nbsp;sexta-feira (27), Mendes divulgou uma nota em que se diz surpreso e [&hellip;]<\/p>\n","protected":false},"author":1,"featured_media":153184,"comment_status":"open","ping_status":"closed","sticky":false,"template":"","format":"standard","meta":{"amp_status":"","footnotes":""},"categories":[6],"tags":[47612,207899,207900,85356,20096,207898,207897,28511,115045],"class_list":["post-153183","post","type-post","status-publish","format-standard","has-post-thumbnail","hentry","category-br","tag-gilmar-mendes","tag-livro-janot","tag-livro-rodrigo-janot","tag-pgr","tag-rodrigo-janot","tag-rodrigo-janot-diz-que-foi-armado-ao-supremo-para-matar-gilmar-mendes","tag-rodrigo-janot-e-gilmar-mendes","tag-stf","tag-supremo"],"_links":{"self":[{"href":"https:\/\/aconteceunovale.com.br\/portal\/index.php?rest_route=\/wp\/v2\/posts\/153183","targetHints":{"allow":["GET"]}}],"collection":[{"href":"https:\/\/aconteceunovale.com.br\/portal\/index.php?rest_route=\/wp\/v2\/posts"}],"about":[{"href":"https:\/\/aconteceunovale.com.br\/portal\/index.php?rest_route=\/wp\/v2\/types\/post"}],"author":[{"embeddable":true,"href":"https:\/\/aconteceunovale.com.br\/portal\/index.php?rest_route=\/wp\/v2\/users\/1"}],"replies":[{"embeddable":true,"href":"https:\/\/aconteceunovale.com.br\/portal\/index.php?rest_route=%2Fwp%2Fv2%2Fcomments&post=153183"}],"version-history":[{"count":1,"href":"https:\/\/aconteceunovale.com.br\/portal\/index.php?rest_route=\/wp\/v2\/posts\/153183\/revisions"}],"predecessor-version":[{"id":153185,"href":"https:\/\/aconteceunovale.com.br\/portal\/index.php?rest_route=\/wp\/v2\/posts\/153183\/revisions\/153185"}],"wp:featuredmedia":[{"embeddable":true,"href":"https:\/\/aconteceunovale.com.br\/portal\/index.php?rest_route=\/wp\/v2\/media\/153184"}],"wp:attachment":[{"href":"https:\/\/aconteceunovale.com.br\/portal\/index.php?rest_route=%2Fwp%2Fv2%2Fmedia&parent=153183"}],"wp:term":[{"taxonomy":"category","embeddable":true,"href":"https:\/\/aconteceunovale.com.br\/portal\/index.php?rest_route=%2Fwp%2Fv2%2Fcategories&post=153183"},{"taxonomy":"post_tag","embeddable":true,"href":"https:\/\/aconteceunovale.com.br\/portal\/index.php?rest_route=%2Fwp%2Fv2%2Ftags&post=153183"}],"curies":[{"name":"wp","href":"https:\/\/api.w.org\/{rel}","templated":true}]}}