{"id":153117,"date":"2019-09-25T23:56:07","date_gmt":"2019-09-26T02:56:07","guid":{"rendered":"http:\/\/aconteceunovale.com.br\/portal\/?p=153117"},"modified":"2019-09-25T23:56:41","modified_gmt":"2019-09-26T02:56:41","slug":"tribunal-nega-pedido-do-ex-presidente-lula-para-incluir-mensagens-em-processo-do-sitio","status":"publish","type":"post","link":"https:\/\/aconteceunovale.com.br\/portal\/?p=153117","title":{"rendered":"Tribunal nega pedido do ex-presidente Lula para incluir mensagens em processo do s\u00edtio"},"content":{"rendered":"\n<p class=\"wp-block-paragraph\">A 8\u00aa Turma do Tribunal Regional Federal da 4\u00aa Regi\u00e3o, sediado em Porto Alegre, negou&nbsp;hoje&nbsp;(25) novo pedido feito pela defesa do ex-presidente Luiz In\u00e1cio Lula da Silva para incluir mensagens divulgadas pelo site Intercept no julgamento da apela\u00e7\u00e3o contra condena\u00e7\u00e3o no caso sitio de Atibaia.<\/p>\n\n\n\n<p class=\"wp-block-paragraph\">Na decis\u00e3o, o colegiado seguiu voto proferido pelo desembargador Jo\u00e3o Pedro Gebran Neto. Para o magistrado, as supostas conversas foram obtidas de forma ilegal, em ambientes privados de autoridades, sem autoriza\u00e7\u00e3o judicial e n\u00e3o podem ser utilizadas como prova. No dia 3 setembro, o mesmo pedido foi negado em decis\u00e3o individual de Gebran, mas a defesa recorreu ao colegiado.<\/p>\n\n\n\n<p class=\"wp-block-paragraph\">A defesa de Lula requereu que mensagens apreendidas na Opera\u00e7\u00e3o Spoofing, da Pol\u00edcia Federal, deflagrada em julho, fossem anexadas ao processo. Na investiga\u00e7\u00e3o, a PF prendeu suspeitos de hackear celulares de autoridades.<\/p>\n\n\n\n<p class=\"wp-block-paragraph\">Em fevereiro, o ex-presidente Luiz In\u00e1cio Lula da Silva foi condenado a 12 anos e 11 meses de pris\u00e3o na a\u00e7\u00e3o penal sobre as reformas realizadas no S\u00edtio Santa B\u00e1rbara, em Atibaia (SP).\u00a0<\/p>\n\n\n\n<p class=\"has-text-color has-background has-very-light-gray-color has-very-dark-gray-background-color wp-block-paragraph\"><strong>VER PRIMEIRO: <\/strong>Receba as not\u00edcias do Aconteceu no Vale em primeira m\u00e3o. Clique em curtir no endere\u00e7o <a href=\"https:\/\/www.facebook.com\/aconteceunovale\" target=\"_blank\" rel=\"noreferrer noopener\">www.facebook.com\/aconteceunovale<\/a>.<\/p>\n","protected":false},"excerpt":{"rendered":"<p>A 8\u00aa Turma do Tribunal Regional Federal da 4\u00aa Regi\u00e3o, sediado em Porto Alegre, negou&nbsp;hoje&nbsp;(25) novo pedido feito pela defesa do ex-presidente Luiz In\u00e1cio Lula da Silva para incluir mensagens divulgadas pelo site Intercept no julgamento da apela\u00e7\u00e3o contra condena\u00e7\u00e3o no caso sitio de Atibaia. Na decis\u00e3o, o colegiado seguiu voto proferido pelo desembargador Jo\u00e3o [&hellip;]<\/p>\n","protected":false},"author":1,"featured_media":135213,"comment_status":"open","ping_status":"closed","sticky":false,"template":"","format":"standard","meta":{"amp_status":"","footnotes":""},"categories":[6,40240],"tags":[82255,7147,4613,194275,87586,207809],"class_list":["post-153117","post","type-post","status-publish","format-standard","has-post-thumbnail","hentry","category-br","category-politica","tag-ex-presidente-lula","tag-lula","tag-porto-alegre","tag-processo-sitio-de-atibaia","tag-sitio-de-atibaia","tag-tribunal-nega-pedido-do-ex-presidente-lula-para-incluir-mensagens-em-processo-do-sitio"],"yoast_head":"<!-- This site is optimized with the Yoast SEO plugin v28.3 - https:\/\/yoast.com\/product\/yoast-seo-wordpress\/ -->\n<title>Tribunal nega pedido do ex-presidente Lula para incluir mensagens em processo do s\u00edtio - Aconteceu no Vale<\/title>\n<meta name=\"robots\" content=\"index, follow, max-snippet:-1, max-image-preview:large, max-video-preview:-1\" \/>\n<link rel=\"canonical\" href=\"https:\/\/aconteceunovale.com.br\/portal\/?p=153117\" \/>\n<meta property=\"og:locale\" content=\"pt_BR\" \/>\n<meta property=\"og:type\" content=\"article\" \/>\n<meta property=\"og:title\" content=\"Tribunal nega pedido do ex-presidente Lula para incluir mensagens em processo do s\u00edtio - Aconteceu no Vale\" \/>\n<meta property=\"og:description\" content=\"A 8\u00aa Turma do Tribunal Regional Federal da 4\u00aa Regi\u00e3o, sediado em Porto Alegre, negou&nbsp;hoje&nbsp;(25) novo pedido feito pela defesa do ex-presidente Luiz In\u00e1cio Lula da Silva para incluir mensagens divulgadas pelo site Intercept no julgamento da apela\u00e7\u00e3o contra condena\u00e7\u00e3o no caso sitio de Atibaia. Na decis\u00e3o, o colegiado seguiu voto proferido pelo desembargador Jo\u00e3o [&hellip;]\" \/>\n<meta property=\"og:url\" content=\"https:\/\/aconteceunovale.com.br\/portal\/?p=153117\" \/>\n<meta property=\"og:site_name\" content=\"Aconteceu no Vale\" \/>\n<meta property=\"article:publisher\" content=\"https:\/\/www.facebook.com\/aconteceunovale\/\" \/>\n<meta property=\"article:published_time\" content=\"2019-09-26T02:56:07+00:00\" \/>\n<meta property=\"article:modified_time\" content=\"2019-09-26T02:56:41+00:00\" \/>\n<meta property=\"og:image\" content=\"https:\/\/aconteceunovale.com.br\/portal\/wp-content\/uploads\/2018\/09\/lula.jpg\" \/>\n\t<meta property=\"og:image:width\" content=\"650\" \/>\n\t<meta property=\"og:image:height\" content=\"437\" \/>\n\t<meta property=\"og:image:type\" content=\"image\/jpeg\" \/>\n<meta name=\"author\" content=\"Aconteceu no Vale\" \/>\n<meta name=\"twitter:card\" content=\"summary_large_image\" \/>\n<meta name=\"twitter:creator\" content=\"@noticiadosvales\" \/>\n<meta name=\"twitter:site\" content=\"@noticiadosvales\" \/>\n<meta name=\"twitter:label1\" content=\"Escrito por\" \/>\n\t<meta name=\"twitter:data1\" content=\"Aconteceu no Vale\" \/>\n\t<meta name=\"twitter:label2\" content=\"Est. tempo de leitura\" \/>\n\t<meta name=\"twitter:data2\" content=\"1 minuto\" \/>\n<script type=\"application\/ld+json\" class=\"yoast-schema-graph\">{\"@context\":\"https:\\\/\\\/schema.org\",\"@graph\":[{\"@type\":\"Article\",\"@id\":\"https:\\\/\\\/aconteceunovale.com.br\\\/portal\\\/?p=153117#article\",\"isPartOf\":{\"@id\":\"https:\\\/\\\/aconteceunovale.com.br\\\/portal\\\/?p=153117\"},\"author\":{\"name\":\"Aconteceu no Vale\",\"@id\":\"https:\\\/\\\/aconteceunovale.com.br\\\/portal\\\/#\\\/schema\\\/person\\\/633529146f2c94272bef50ac2953d589\"},\"headline\":\"Tribunal nega pedido do ex-presidente Lula para incluir mensagens em processo do s\u00edtio\",\"datePublished\":\"2019-09-26T02:56:07+00:00\",\"dateModified\":\"2019-09-26T02:56:41+00:00\",\"mainEntityOfPage\":{\"@id\":\"https:\\\/\\\/aconteceunovale.com.br\\\/portal\\\/?p=153117\"},\"wordCount\":222,\"commentCount\":0,\"image\":{\"@id\":\"https:\\\/\\\/aconteceunovale.com.br\\\/portal\\\/?p=153117#primaryimage\"},\"thumbnailUrl\":\"https:\\\/\\\/aconteceunovale.com.br\\\/portal\\\/wp-content\\\/uploads\\\/2018\\\/09\\\/lula.jpg\",\"keywords\":[\"ex-presidente Lula\",\"Lula\",\"Porto Alegre\",\"Processo S\u00edtio de Atibaia\",\"S\u00edtio de Atibaia\",\"Tribunal nega pedido do ex-presidente Lula para incluir mensagens em processo do s\u00edtio\"],\"articleSection\":[\"Brasil\",\"Pol\u00edtica\"],\"inLanguage\":\"pt-BR\",\"potentialAction\":[{\"@type\":\"CommentAction\",\"name\":\"Comment\",\"target\":[\"https:\\\/\\\/aconteceunovale.com.br\\\/portal\\\/?p=153117#respond\"]}]},{\"@type\":\"WebPage\",\"@id\":\"https:\\\/\\\/aconteceunovale.com.br\\\/portal\\\/?p=153117\",\"url\":\"https:\\\/\\\/aconteceunovale.com.br\\\/portal\\\/?p=153117\",\"name\":\"Tribunal nega pedido do ex-presidente Lula para incluir mensagens em processo do s\u00edtio - Aconteceu no Vale\",\"isPartOf\":{\"@id\":\"https:\\\/\\\/aconteceunovale.com.br\\\/portal\\\/#website\"},\"primaryImageOfPage\":{\"@id\":\"https:\\\/\\\/aconteceunovale.com.br\\\/portal\\\/?p=153117#primaryimage\"},\"image\":{\"@id\":\"https:\\\/\\\/aconteceunovale.com.br\\\/portal\\\/?p=153117#primaryimage\"},\"thumbnailUrl\":\"https:\\\/\\\/aconteceunovale.com.br\\\/portal\\\/wp-content\\\/uploads\\\/2018\\\/09\\\/lula.jpg\",\"datePublished\":\"2019-09-26T02:56:07+00:00\",\"dateModified\":\"2019-09-26T02:56:41+00:00\",\"author\":{\"@id\":\"https:\\\/\\\/aconteceunovale.com.br\\\/portal\\\/#\\\/schema\\\/person\\\/633529146f2c94272bef50ac2953d589\"},\"breadcrumb\":{\"@id\":\"https:\\\/\\\/aconteceunovale.com.br\\\/portal\\\/?p=153117#breadcrumb\"},\"inLanguage\":\"pt-BR\",\"potentialAction\":[{\"@type\":\"ReadAction\",\"target\":[\"https:\\\/\\\/aconteceunovale.com.br\\\/portal\\\/?p=153117\"]}]},{\"@type\":\"ImageObject\",\"inLanguage\":\"pt-BR\",\"@id\":\"https:\\\/\\\/aconteceunovale.com.br\\\/portal\\\/?p=153117#primaryimage\",\"url\":\"https:\\\/\\\/aconteceunovale.com.br\\\/portal\\\/wp-content\\\/uploads\\\/2018\\\/09\\\/lula.jpg\",\"contentUrl\":\"https:\\\/\\\/aconteceunovale.com.br\\\/portal\\\/wp-content\\\/uploads\\\/2018\\\/09\\\/lula.jpg\",\"width\":650,\"height\":437},{\"@type\":\"BreadcrumbList\",\"@id\":\"https:\\\/\\\/aconteceunovale.com.br\\\/portal\\\/?p=153117#breadcrumb\",\"itemListElement\":[{\"@type\":\"ListItem\",\"position\":1,\"name\":\"In\u00edcio\",\"item\":\"https:\\\/\\\/aconteceunovale.com.br\\\/portal\\\/\"},{\"@type\":\"ListItem\",\"position\":2,\"name\":\"Tribunal nega pedido do ex-presidente Lula para incluir mensagens em processo do s\u00edtio\"}]},{\"@type\":\"WebSite\",\"@id\":\"https:\\\/\\\/aconteceunovale.com.br\\\/portal\\\/#website\",\"url\":\"https:\\\/\\\/aconteceunovale.com.br\\\/portal\\\/\",\"name\":\"Aconteceu no Vale\",\"description\":\"Portal de Not\u00edcias\",\"potentialAction\":[{\"@type\":\"SearchAction\",\"target\":{\"@type\":\"EntryPoint\",\"urlTemplate\":\"https:\\\/\\\/aconteceunovale.com.br\\\/portal\\\/?s={search_term_string}\"},\"query-input\":{\"@type\":\"PropertyValueSpecification\",\"valueRequired\":true,\"valueName\":\"search_term_string\"}}],\"inLanguage\":\"pt-BR\"},{\"@type\":\"Person\",\"@id\":\"https:\\\/\\\/aconteceunovale.com.br\\\/portal\\\/#\\\/schema\\\/person\\\/633529146f2c94272bef50ac2953d589\",\"name\":\"Aconteceu no Vale\",\"description\":\"Equipe de reportagem do Aconteceu no Vale, portal de not\u00edcias do Vale do Jequitinhonha, em Minas Gerais. Cobrimos as 51 cidades do Vale desde 2013. Sugest\u00f5es de pauta e pedidos de corre\u00e7\u00e3o: contato@aconteceunovale.com.br\",\"sameAs\":[\"http:\\\/\\\/www.aconteceunovale.com.br\"],\"url\":\"https:\\\/\\\/aconteceunovale.com.br\\\/portal\\\/?author=1\"}]}<\/script>\n<!-- \/ Yoast SEO plugin. -->","yoast_head_json":{"title":"Tribunal nega pedido do ex-presidente Lula para incluir mensagens em processo do s\u00edtio - Aconteceu no Vale","robots":{"index":"index","follow":"follow","max-snippet":"max-snippet:-1","max-image-preview":"max-image-preview:large","max-video-preview":"max-video-preview:-1"},"canonical":"https:\/\/aconteceunovale.com.br\/portal\/?p=153117","og_locale":"pt_BR","og_type":"article","og_title":"Tribunal nega pedido do ex-presidente Lula para incluir mensagens em processo do s\u00edtio - Aconteceu no Vale","og_description":"A 8\u00aa Turma do Tribunal Regional Federal da 4\u00aa Regi\u00e3o, sediado em Porto Alegre, negou&nbsp;hoje&nbsp;(25) novo pedido feito pela defesa do ex-presidente Luiz In\u00e1cio Lula da Silva para incluir mensagens divulgadas pelo site Intercept no julgamento da apela\u00e7\u00e3o contra condena\u00e7\u00e3o no caso sitio de Atibaia. Na decis\u00e3o, o colegiado seguiu voto proferido pelo desembargador Jo\u00e3o [&hellip;]","og_url":"https:\/\/aconteceunovale.com.br\/portal\/?p=153117","og_site_name":"Aconteceu no Vale","article_publisher":"https:\/\/www.facebook.com\/aconteceunovale\/","article_published_time":"2019-09-26T02:56:07+00:00","article_modified_time":"2019-09-26T02:56:41+00:00","og_image":[{"width":650,"height":437,"url":"https:\/\/aconteceunovale.com.br\/portal\/wp-content\/uploads\/2018\/09\/lula.jpg","type":"image\/jpeg"}],"author":"Aconteceu no Vale","twitter_card":"summary_large_image","twitter_creator":"@noticiadosvales","twitter_site":"@noticiadosvales","twitter_misc":{"Escrito por":"Aconteceu no Vale","Est. tempo de leitura":"1 minuto"},"schema":{"@context":"https:\/\/schema.org","@graph":[{"@type":"Article","@id":"https:\/\/aconteceunovale.com.br\/portal\/?p=153117#article","isPartOf":{"@id":"https:\/\/aconteceunovale.com.br\/portal\/?p=153117"},"author":{"name":"Aconteceu no Vale","@id":"https:\/\/aconteceunovale.com.br\/portal\/#\/schema\/person\/633529146f2c94272bef50ac2953d589"},"headline":"Tribunal nega pedido do ex-presidente Lula para incluir mensagens em processo do s\u00edtio","datePublished":"2019-09-26T02:56:07+00:00","dateModified":"2019-09-26T02:56:41+00:00","mainEntityOfPage":{"@id":"https:\/\/aconteceunovale.com.br\/portal\/?p=153117"},"wordCount":222,"commentCount":0,"image":{"@id":"https:\/\/aconteceunovale.com.br\/portal\/?p=153117#primaryimage"},"thumbnailUrl":"https:\/\/aconteceunovale.com.br\/portal\/wp-content\/uploads\/2018\/09\/lula.jpg","keywords":["ex-presidente Lula","Lula","Porto Alegre","Processo S\u00edtio de Atibaia","S\u00edtio de Atibaia","Tribunal nega pedido do ex-presidente Lula para incluir mensagens em processo do s\u00edtio"],"articleSection":["Brasil","Pol\u00edtica"],"inLanguage":"pt-BR","potentialAction":[{"@type":"CommentAction","name":"Comment","target":["https:\/\/aconteceunovale.com.br\/portal\/?p=153117#respond"]}]},{"@type":"WebPage","@id":"https:\/\/aconteceunovale.com.br\/portal\/?p=153117","url":"https:\/\/aconteceunovale.com.br\/portal\/?p=153117","name":"Tribunal nega pedido do ex-presidente Lula para incluir mensagens em processo do s\u00edtio - Aconteceu no Vale","isPartOf":{"@id":"https:\/\/aconteceunovale.com.br\/portal\/#website"},"primaryImageOfPage":{"@id":"https:\/\/aconteceunovale.com.br\/portal\/?p=153117#primaryimage"},"image":{"@id":"https:\/\/aconteceunovale.com.br\/portal\/?p=153117#primaryimage"},"thumbnailUrl":"https:\/\/aconteceunovale.com.br\/portal\/wp-content\/uploads\/2018\/09\/lula.jpg","datePublished":"2019-09-26T02:56:07+00:00","dateModified":"2019-09-26T02:56:41+00:00","author":{"@id":"https:\/\/aconteceunovale.com.br\/portal\/#\/schema\/person\/633529146f2c94272bef50ac2953d589"},"breadcrumb":{"@id":"https:\/\/aconteceunovale.com.br\/portal\/?p=153117#breadcrumb"},"inLanguage":"pt-BR","potentialAction":[{"@type":"ReadAction","target":["https:\/\/aconteceunovale.com.br\/portal\/?p=153117"]}]},{"@type":"ImageObject","inLanguage":"pt-BR","@id":"https:\/\/aconteceunovale.com.br\/portal\/?p=153117#primaryimage","url":"https:\/\/aconteceunovale.com.br\/portal\/wp-content\/uploads\/2018\/09\/lula.jpg","contentUrl":"https:\/\/aconteceunovale.com.br\/portal\/wp-content\/uploads\/2018\/09\/lula.jpg","width":650,"height":437},{"@type":"BreadcrumbList","@id":"https:\/\/aconteceunovale.com.br\/portal\/?p=153117#breadcrumb","itemListElement":[{"@type":"ListItem","position":1,"name":"In\u00edcio","item":"https:\/\/aconteceunovale.com.br\/portal\/"},{"@type":"ListItem","position":2,"name":"Tribunal nega pedido do ex-presidente Lula para incluir mensagens em processo do s\u00edtio"}]},{"@type":"WebSite","@id":"https:\/\/aconteceunovale.com.br\/portal\/#website","url":"https:\/\/aconteceunovale.com.br\/portal\/","name":"Aconteceu no Vale","description":"Portal de Not\u00edcias","potentialAction":[{"@type":"SearchAction","target":{"@type":"EntryPoint","urlTemplate":"https:\/\/aconteceunovale.com.br\/portal\/?s={search_term_string}"},"query-input":{"@type":"PropertyValueSpecification","valueRequired":true,"valueName":"search_term_string"}}],"inLanguage":"pt-BR"},{"@type":"Person","@id":"https:\/\/aconteceunovale.com.br\/portal\/#\/schema\/person\/633529146f2c94272bef50ac2953d589","name":"Aconteceu no Vale","description":"Equipe de reportagem do Aconteceu no Vale, portal de not\u00edcias do Vale do Jequitinhonha, em Minas Gerais. Cobrimos as 51 cidades do Vale desde 2013. Sugest\u00f5es de pauta e pedidos de corre\u00e7\u00e3o: contato@aconteceunovale.com.br","sameAs":["http:\/\/www.aconteceunovale.com.br"],"url":"https:\/\/aconteceunovale.com.br\/portal\/?author=1"}]}},"_links":{"self":[{"href":"https:\/\/aconteceunovale.com.br\/portal\/index.php?rest_route=\/wp\/v2\/posts\/153117","targetHints":{"allow":["GET"]}}],"collection":[{"href":"https:\/\/aconteceunovale.com.br\/portal\/index.php?rest_route=\/wp\/v2\/posts"}],"about":[{"href":"https:\/\/aconteceunovale.com.br\/portal\/index.php?rest_route=\/wp\/v2\/types\/post"}],"author":[{"embeddable":true,"href":"https:\/\/aconteceunovale.com.br\/portal\/index.php?rest_route=\/wp\/v2\/users\/1"}],"replies":[{"embeddable":true,"href":"https:\/\/aconteceunovale.com.br\/portal\/index.php?rest_route=%2Fwp%2Fv2%2Fcomments&post=153117"}],"version-history":[{"count":1,"href":"https:\/\/aconteceunovale.com.br\/portal\/index.php?rest_route=\/wp\/v2\/posts\/153117\/revisions"}],"predecessor-version":[{"id":153118,"href":"https:\/\/aconteceunovale.com.br\/portal\/index.php?rest_route=\/wp\/v2\/posts\/153117\/revisions\/153118"}],"wp:featuredmedia":[{"embeddable":true,"href":"https:\/\/aconteceunovale.com.br\/portal\/index.php?rest_route=\/wp\/v2\/media\/135213"}],"wp:attachment":[{"href":"https:\/\/aconteceunovale.com.br\/portal\/index.php?rest_route=%2Fwp%2Fv2%2Fmedia&parent=153117"}],"wp:term":[{"taxonomy":"category","embeddable":true,"href":"https:\/\/aconteceunovale.com.br\/portal\/index.php?rest_route=%2Fwp%2Fv2%2Fcategories&post=153117"},{"taxonomy":"post_tag","embeddable":true,"href":"https:\/\/aconteceunovale.com.br\/portal\/index.php?rest_route=%2Fwp%2Fv2%2Ftags&post=153117"}],"curies":[{"name":"wp","href":"https:\/\/api.w.org\/{rel}","templated":true}]}}