{"id":153114,"date":"2019-09-25T23:52:29","date_gmt":"2019-09-26T02:52:29","guid":{"rendered":"http:\/\/aconteceunovale.com.br\/portal\/?p=153114"},"modified":"2019-09-25T23:52:57","modified_gmt":"2019-09-26T02:52:57","slug":"presidente-assina-nomeacao-de-augusto-aras-na-pgr","status":"publish","type":"post","link":"https:\/\/aconteceunovale.com.br\/portal\/?p=153114","title":{"rendered":"Presidente assina nomea\u00e7\u00e3o de Augusto Aras na PGR"},"content":{"rendered":"\n<p class=\"wp-block-paragraph\">O presidente Jair Bolsonaro nomeou Augusto Aras como novo procurador-geral da Rep\u00fablica. O decreto com a nomea\u00e7\u00e3o foi publicado&nbsp;<a href=\"http:\/\/www.in.gov.br\/en\/web\/dou\/-\/decreto-de-25-de-setembro-de-2019-218096964\" target=\"_blank\" rel=\"noreferrer noopener\">edi\u00e7\u00e3o extra<\/a>&nbsp;do&nbsp;<em>Di\u00e1rio Oficial da Uni\u00e3o<\/em>&nbsp;nesta quarta-feira (25).&nbsp;<\/p>\n\n\n\n<p class=\"wp-block-paragraph\">Mais cedo, o plen\u00e1rio do Senado\u00a0aprovou a indica\u00e7\u00e3o\u00a0de Aras 68 votos a favor, 10 contr\u00e1rios e uma absten\u00e7\u00e3o. Era a \u00faltima etapa que faltava para que o subprocurador-geral estivesse apto a assumir o cargo, para um mandato de dois anos.\u00a0<\/p>\n\n\n\n<p class=\"wp-block-paragraph\">No in\u00edcio da tarde, Augusto Aras\u00a0tamb\u00e9m havia sido aprovado\u00a0na Comiss\u00e3o de Constitui\u00e7\u00e3o e Justi\u00e7a (CCJ) do Senado, ap\u00f3s sabatina que durou pouco mais de cinco horas. Aos membros da CCJ, ele respondeu perguntas sobre Opera\u00e7\u00e3o Lava Jato, meio ambiente, separa\u00e7\u00e3o dos poderes, dentre outros temas.<\/p>\n\n\n\n<p class=\"wp-block-paragraph\">Depois de ter seu nome aprovado pelos senadores, Aras foi at\u00e9 o Pal\u00e1cio do Alvorada para se reunir com o presidente Jair Bolsonaro. \u00a0<\/p>\n\n\n\n<figure class=\"wp-block-image is-resized\"><img loading=\"lazy\" decoding=\"async\" src=\"http:\/\/aconteceunovale.com.br\/portal\/wp-content\/uploads\/2019\/09\/aras.jpg\" alt=\"\" class=\"wp-image-153115\" width=\"656\" height=\"437\" srcset=\"https:\/\/aconteceunovale.com.br\/portal\/wp-content\/uploads\/2019\/09\/aras.jpg 675w, https:\/\/aconteceunovale.com.br\/portal\/wp-content\/uploads\/2019\/09\/aras-300x200.jpg 300w, https:\/\/aconteceunovale.com.br\/portal\/wp-content\/uploads\/2019\/09\/aras-630x420.jpg 630w\" sizes=\"auto, (max-width: 656px) 100vw, 656px\" \/><figcaption><em>Foto: Marcelo Camargo\/Ag\u00eancia Brasil<\/em><\/figcaption><\/figure>\n\n\n\n<h2 class=\"wp-block-heading\">Perfil<\/h2>\n\n\n\n<p class=\"wp-block-paragraph\">Augusto Aras ingressou no Minist\u00e9rio P\u00fablico Federal (MPF) em 1987. Ele \u00e9 doutor em direito constitucional pela PUC de S\u00e3o Paulo. Foi procurador regional eleitoral na Bahia de 1991 a 1993, representante do Minist\u00e9rio P\u00fablico Federal (MPF) no Conselho Administrativo de Defesa Econ\u00f4mica (Cade), entre 2008 e 2010, e corregedor auxiliar do MPF.<\/p>\n\n\n\n<p class=\"wp-block-paragraph\">O subprocurador tamb\u00e9m \u00e9 professor da Escola Superior do Minist\u00e9rio P\u00fablico da Uni\u00e3o (ESMPU) desde 2002 e da Universidade de Bras\u00edlia (UnB), onde leciona direito comercial e eleitoral. Como membro do MPF, Aras tamb\u00e9m teve atua\u00e7\u00e3o em processos no Superior Tribunal de Justi\u00e7a (STJ) e integrou o Conselho Superior do MPF, al\u00e9m de ter sido titular da 3\u00aa C\u00e2mara de Coordena\u00e7\u00e3o e Revis\u00e3o em mat\u00e9ria de direito econ\u00f4mico e do consumidor do MPF.<\/p>\n\n\n\n<p class=\"has-text-color has-background has-very-light-gray-color has-very-dark-gray-background-color wp-block-paragraph\"><strong>VER PRIMEIRO: <\/strong>Receba as not\u00edcias do Aconteceu no Vale em primeira m\u00e3o. Clique em curtir no endere\u00e7o <a href=\"https:\/\/www.facebook.com\/aconteceunovale\" target=\"_blank\" rel=\"noreferrer noopener\">www.facebook.com\/aconteceunovale<\/a>.<\/p>\n","protected":false},"excerpt":{"rendered":"<p>O presidente Jair Bolsonaro nomeou Augusto Aras como novo procurador-geral da Rep\u00fablica. O decreto com a nomea\u00e7\u00e3o foi publicado&nbsp;edi\u00e7\u00e3o extra&nbsp;do&nbsp;Di\u00e1rio Oficial da Uni\u00e3o&nbsp;nesta quarta-feira (25).&nbsp; Mais cedo, o plen\u00e1rio do Senado\u00a0aprovou a indica\u00e7\u00e3o\u00a0de Aras 68 votos a favor, 10 contr\u00e1rios e uma absten\u00e7\u00e3o. Era a \u00faltima etapa que faltava para que o subprocurador-geral estivesse apto [&hellip;]<\/p>\n","protected":false},"author":1,"featured_media":153115,"comment_status":"open","ping_status":"closed","sticky":false,"template":"","format":"standard","meta":{"amp_status":"","footnotes":""},"categories":[6,40240],"tags":[207805,207806,100375,26436,207807,207808,85356,207804],"class_list":["post-153114","post","type-post","status-publish","format-standard","has-post-thumbnail","hentry","category-br","category-politica","tag-aras","tag-augusto-aras","tag-bolsonaro","tag-jair-bolsonaro","tag-nomeacao-de-augusto-aras","tag-novo-procurador-geral-da-republica","tag-pgr","tag-presidente-assina-nomeacao-de-augusto-aras-na-pgr"],"yoast_head":"<!-- This site is optimized with the Yoast SEO plugin v28.3 - https:\/\/yoast.com\/product\/yoast-seo-wordpress\/ -->\n<title>Presidente assina nomea\u00e7\u00e3o de Augusto Aras na PGR - Aconteceu no Vale<\/title>\n<meta name=\"robots\" content=\"index, follow, max-snippet:-1, max-image-preview:large, max-video-preview:-1\" \/>\n<link rel=\"canonical\" href=\"https:\/\/aconteceunovale.com.br\/portal\/?p=153114\" \/>\n<meta property=\"og:locale\" content=\"pt_BR\" \/>\n<meta property=\"og:type\" content=\"article\" \/>\n<meta property=\"og:title\" content=\"Presidente assina nomea\u00e7\u00e3o de Augusto Aras na PGR - Aconteceu no Vale\" \/>\n<meta property=\"og:description\" content=\"O presidente Jair Bolsonaro nomeou Augusto Aras como novo procurador-geral da Rep\u00fablica. O decreto com a nomea\u00e7\u00e3o foi publicado&nbsp;edi\u00e7\u00e3o extra&nbsp;do&nbsp;Di\u00e1rio Oficial da Uni\u00e3o&nbsp;nesta quarta-feira (25).&nbsp; Mais cedo, o plen\u00e1rio do Senado\u00a0aprovou a indica\u00e7\u00e3o\u00a0de Aras 68 votos a favor, 10 contr\u00e1rios e uma absten\u00e7\u00e3o. Era a \u00faltima etapa que faltava para que o subprocurador-geral estivesse apto [&hellip;]\" \/>\n<meta property=\"og:url\" content=\"https:\/\/aconteceunovale.com.br\/portal\/?p=153114\" \/>\n<meta property=\"og:site_name\" content=\"Aconteceu no Vale\" \/>\n<meta property=\"article:publisher\" content=\"https:\/\/www.facebook.com\/aconteceunovale\/\" \/>\n<meta property=\"article:published_time\" content=\"2019-09-26T02:52:29+00:00\" \/>\n<meta property=\"article:modified_time\" content=\"2019-09-26T02:52:57+00:00\" \/>\n<meta property=\"og:image\" content=\"https:\/\/aconteceunovale.com.br\/portal\/wp-content\/uploads\/2019\/09\/aras.jpg\" \/>\n\t<meta property=\"og:image:width\" content=\"675\" \/>\n\t<meta property=\"og:image:height\" content=\"450\" \/>\n\t<meta property=\"og:image:type\" content=\"image\/jpeg\" \/>\n<meta name=\"author\" content=\"Aconteceu no Vale\" \/>\n<meta name=\"twitter:card\" content=\"summary_large_image\" \/>\n<meta name=\"twitter:creator\" content=\"@noticiadosvales\" \/>\n<meta name=\"twitter:site\" content=\"@noticiadosvales\" \/>\n<meta name=\"twitter:label1\" content=\"Escrito por\" \/>\n\t<meta name=\"twitter:data1\" content=\"Aconteceu no Vale\" \/>\n\t<meta name=\"twitter:label2\" content=\"Est. tempo de leitura\" \/>\n\t<meta name=\"twitter:data2\" content=\"2 minutos\" \/>\n<script type=\"application\/ld+json\" class=\"yoast-schema-graph\">{\"@context\":\"https:\\\/\\\/schema.org\",\"@graph\":[{\"@type\":\"Article\",\"@id\":\"https:\\\/\\\/aconteceunovale.com.br\\\/portal\\\/?p=153114#article\",\"isPartOf\":{\"@id\":\"https:\\\/\\\/aconteceunovale.com.br\\\/portal\\\/?p=153114\"},\"author\":{\"name\":\"Aconteceu no Vale\",\"@id\":\"https:\\\/\\\/aconteceunovale.com.br\\\/portal\\\/#\\\/schema\\\/person\\\/633529146f2c94272bef50ac2953d589\"},\"headline\":\"Presidente assina nomea\u00e7\u00e3o de Augusto Aras na PGR\",\"datePublished\":\"2019-09-26T02:52:29+00:00\",\"dateModified\":\"2019-09-26T02:52:57+00:00\",\"mainEntityOfPage\":{\"@id\":\"https:\\\/\\\/aconteceunovale.com.br\\\/portal\\\/?p=153114\"},\"wordCount\":338,\"commentCount\":0,\"image\":{\"@id\":\"https:\\\/\\\/aconteceunovale.com.br\\\/portal\\\/?p=153114#primaryimage\"},\"thumbnailUrl\":\"https:\\\/\\\/aconteceunovale.com.br\\\/portal\\\/wp-content\\\/uploads\\\/2019\\\/09\\\/aras.jpg\",\"keywords\":[\"Aras\",\"Augusto Aras\",\"Bolsonaro\",\"Jair Bolsonaro\",\"Nomea\u00e7\u00e3o de Augusto Aras\",\"Novo procurador-geral da Rep\u00fablica\",\"PGR\",\"Presidente assina nomea\u00e7\u00e3o de Augusto Aras na PGR\"],\"articleSection\":[\"Brasil\",\"Pol\u00edtica\"],\"inLanguage\":\"pt-BR\",\"potentialAction\":[{\"@type\":\"CommentAction\",\"name\":\"Comment\",\"target\":[\"https:\\\/\\\/aconteceunovale.com.br\\\/portal\\\/?p=153114#respond\"]}]},{\"@type\":\"WebPage\",\"@id\":\"https:\\\/\\\/aconteceunovale.com.br\\\/portal\\\/?p=153114\",\"url\":\"https:\\\/\\\/aconteceunovale.com.br\\\/portal\\\/?p=153114\",\"name\":\"Presidente assina nomea\u00e7\u00e3o de Augusto Aras na PGR - Aconteceu no Vale\",\"isPartOf\":{\"@id\":\"https:\\\/\\\/aconteceunovale.com.br\\\/portal\\\/#website\"},\"primaryImageOfPage\":{\"@id\":\"https:\\\/\\\/aconteceunovale.com.br\\\/portal\\\/?p=153114#primaryimage\"},\"image\":{\"@id\":\"https:\\\/\\\/aconteceunovale.com.br\\\/portal\\\/?p=153114#primaryimage\"},\"thumbnailUrl\":\"https:\\\/\\\/aconteceunovale.com.br\\\/portal\\\/wp-content\\\/uploads\\\/2019\\\/09\\\/aras.jpg\",\"datePublished\":\"2019-09-26T02:52:29+00:00\",\"dateModified\":\"2019-09-26T02:52:57+00:00\",\"author\":{\"@id\":\"https:\\\/\\\/aconteceunovale.com.br\\\/portal\\\/#\\\/schema\\\/person\\\/633529146f2c94272bef50ac2953d589\"},\"breadcrumb\":{\"@id\":\"https:\\\/\\\/aconteceunovale.com.br\\\/portal\\\/?p=153114#breadcrumb\"},\"inLanguage\":\"pt-BR\",\"potentialAction\":[{\"@type\":\"ReadAction\",\"target\":[\"https:\\\/\\\/aconteceunovale.com.br\\\/portal\\\/?p=153114\"]}]},{\"@type\":\"ImageObject\",\"inLanguage\":\"pt-BR\",\"@id\":\"https:\\\/\\\/aconteceunovale.com.br\\\/portal\\\/?p=153114#primaryimage\",\"url\":\"https:\\\/\\\/aconteceunovale.com.br\\\/portal\\\/wp-content\\\/uploads\\\/2019\\\/09\\\/aras.jpg\",\"contentUrl\":\"https:\\\/\\\/aconteceunovale.com.br\\\/portal\\\/wp-content\\\/uploads\\\/2019\\\/09\\\/aras.jpg\",\"width\":675,\"height\":450},{\"@type\":\"BreadcrumbList\",\"@id\":\"https:\\\/\\\/aconteceunovale.com.br\\\/portal\\\/?p=153114#breadcrumb\",\"itemListElement\":[{\"@type\":\"ListItem\",\"position\":1,\"name\":\"In\u00edcio\",\"item\":\"https:\\\/\\\/aconteceunovale.com.br\\\/portal\\\/\"},{\"@type\":\"ListItem\",\"position\":2,\"name\":\"Presidente assina nomea\u00e7\u00e3o de Augusto Aras na PGR\"}]},{\"@type\":\"WebSite\",\"@id\":\"https:\\\/\\\/aconteceunovale.com.br\\\/portal\\\/#website\",\"url\":\"https:\\\/\\\/aconteceunovale.com.br\\\/portal\\\/\",\"name\":\"Aconteceu no Vale\",\"description\":\"Portal de Not\u00edcias\",\"potentialAction\":[{\"@type\":\"SearchAction\",\"target\":{\"@type\":\"EntryPoint\",\"urlTemplate\":\"https:\\\/\\\/aconteceunovale.com.br\\\/portal\\\/?s={search_term_string}\"},\"query-input\":{\"@type\":\"PropertyValueSpecification\",\"valueRequired\":true,\"valueName\":\"search_term_string\"}}],\"inLanguage\":\"pt-BR\"},{\"@type\":\"Person\",\"@id\":\"https:\\\/\\\/aconteceunovale.com.br\\\/portal\\\/#\\\/schema\\\/person\\\/633529146f2c94272bef50ac2953d589\",\"name\":\"Aconteceu no Vale\",\"description\":\"Equipe de reportagem do Aconteceu no Vale, portal de not\u00edcias do Vale do Jequitinhonha, em Minas Gerais. Cobrimos as 51 cidades do Vale desde 2013. Sugest\u00f5es de pauta e pedidos de corre\u00e7\u00e3o: contato@aconteceunovale.com.br\",\"sameAs\":[\"http:\\\/\\\/www.aconteceunovale.com.br\"],\"url\":\"https:\\\/\\\/aconteceunovale.com.br\\\/portal\\\/?author=1\"}]}<\/script>\n<!-- \/ Yoast SEO plugin. -->","yoast_head_json":{"title":"Presidente assina nomea\u00e7\u00e3o de Augusto Aras na PGR - Aconteceu no Vale","robots":{"index":"index","follow":"follow","max-snippet":"max-snippet:-1","max-image-preview":"max-image-preview:large","max-video-preview":"max-video-preview:-1"},"canonical":"https:\/\/aconteceunovale.com.br\/portal\/?p=153114","og_locale":"pt_BR","og_type":"article","og_title":"Presidente assina nomea\u00e7\u00e3o de Augusto Aras na PGR - Aconteceu no Vale","og_description":"O presidente Jair Bolsonaro nomeou Augusto Aras como novo procurador-geral da Rep\u00fablica. O decreto com a nomea\u00e7\u00e3o foi publicado&nbsp;edi\u00e7\u00e3o extra&nbsp;do&nbsp;Di\u00e1rio Oficial da Uni\u00e3o&nbsp;nesta quarta-feira (25).&nbsp; Mais cedo, o plen\u00e1rio do Senado\u00a0aprovou a indica\u00e7\u00e3o\u00a0de Aras 68 votos a favor, 10 contr\u00e1rios e uma absten\u00e7\u00e3o. Era a \u00faltima etapa que faltava para que o subprocurador-geral estivesse apto [&hellip;]","og_url":"https:\/\/aconteceunovale.com.br\/portal\/?p=153114","og_site_name":"Aconteceu no Vale","article_publisher":"https:\/\/www.facebook.com\/aconteceunovale\/","article_published_time":"2019-09-26T02:52:29+00:00","article_modified_time":"2019-09-26T02:52:57+00:00","og_image":[{"width":675,"height":450,"url":"https:\/\/aconteceunovale.com.br\/portal\/wp-content\/uploads\/2019\/09\/aras.jpg","type":"image\/jpeg"}],"author":"Aconteceu no Vale","twitter_card":"summary_large_image","twitter_creator":"@noticiadosvales","twitter_site":"@noticiadosvales","twitter_misc":{"Escrito por":"Aconteceu no Vale","Est. tempo de leitura":"2 minutos"},"schema":{"@context":"https:\/\/schema.org","@graph":[{"@type":"Article","@id":"https:\/\/aconteceunovale.com.br\/portal\/?p=153114#article","isPartOf":{"@id":"https:\/\/aconteceunovale.com.br\/portal\/?p=153114"},"author":{"name":"Aconteceu no Vale","@id":"https:\/\/aconteceunovale.com.br\/portal\/#\/schema\/person\/633529146f2c94272bef50ac2953d589"},"headline":"Presidente assina nomea\u00e7\u00e3o de Augusto Aras na PGR","datePublished":"2019-09-26T02:52:29+00:00","dateModified":"2019-09-26T02:52:57+00:00","mainEntityOfPage":{"@id":"https:\/\/aconteceunovale.com.br\/portal\/?p=153114"},"wordCount":338,"commentCount":0,"image":{"@id":"https:\/\/aconteceunovale.com.br\/portal\/?p=153114#primaryimage"},"thumbnailUrl":"https:\/\/aconteceunovale.com.br\/portal\/wp-content\/uploads\/2019\/09\/aras.jpg","keywords":["Aras","Augusto Aras","Bolsonaro","Jair Bolsonaro","Nomea\u00e7\u00e3o de Augusto Aras","Novo procurador-geral da Rep\u00fablica","PGR","Presidente assina nomea\u00e7\u00e3o de Augusto Aras na PGR"],"articleSection":["Brasil","Pol\u00edtica"],"inLanguage":"pt-BR","potentialAction":[{"@type":"CommentAction","name":"Comment","target":["https:\/\/aconteceunovale.com.br\/portal\/?p=153114#respond"]}]},{"@type":"WebPage","@id":"https:\/\/aconteceunovale.com.br\/portal\/?p=153114","url":"https:\/\/aconteceunovale.com.br\/portal\/?p=153114","name":"Presidente assina nomea\u00e7\u00e3o de Augusto Aras na PGR - Aconteceu no Vale","isPartOf":{"@id":"https:\/\/aconteceunovale.com.br\/portal\/#website"},"primaryImageOfPage":{"@id":"https:\/\/aconteceunovale.com.br\/portal\/?p=153114#primaryimage"},"image":{"@id":"https:\/\/aconteceunovale.com.br\/portal\/?p=153114#primaryimage"},"thumbnailUrl":"https:\/\/aconteceunovale.com.br\/portal\/wp-content\/uploads\/2019\/09\/aras.jpg","datePublished":"2019-09-26T02:52:29+00:00","dateModified":"2019-09-26T02:52:57+00:00","author":{"@id":"https:\/\/aconteceunovale.com.br\/portal\/#\/schema\/person\/633529146f2c94272bef50ac2953d589"},"breadcrumb":{"@id":"https:\/\/aconteceunovale.com.br\/portal\/?p=153114#breadcrumb"},"inLanguage":"pt-BR","potentialAction":[{"@type":"ReadAction","target":["https:\/\/aconteceunovale.com.br\/portal\/?p=153114"]}]},{"@type":"ImageObject","inLanguage":"pt-BR","@id":"https:\/\/aconteceunovale.com.br\/portal\/?p=153114#primaryimage","url":"https:\/\/aconteceunovale.com.br\/portal\/wp-content\/uploads\/2019\/09\/aras.jpg","contentUrl":"https:\/\/aconteceunovale.com.br\/portal\/wp-content\/uploads\/2019\/09\/aras.jpg","width":675,"height":450},{"@type":"BreadcrumbList","@id":"https:\/\/aconteceunovale.com.br\/portal\/?p=153114#breadcrumb","itemListElement":[{"@type":"ListItem","position":1,"name":"In\u00edcio","item":"https:\/\/aconteceunovale.com.br\/portal\/"},{"@type":"ListItem","position":2,"name":"Presidente assina nomea\u00e7\u00e3o de Augusto Aras na PGR"}]},{"@type":"WebSite","@id":"https:\/\/aconteceunovale.com.br\/portal\/#website","url":"https:\/\/aconteceunovale.com.br\/portal\/","name":"Aconteceu no Vale","description":"Portal de Not\u00edcias","potentialAction":[{"@type":"SearchAction","target":{"@type":"EntryPoint","urlTemplate":"https:\/\/aconteceunovale.com.br\/portal\/?s={search_term_string}"},"query-input":{"@type":"PropertyValueSpecification","valueRequired":true,"valueName":"search_term_string"}}],"inLanguage":"pt-BR"},{"@type":"Person","@id":"https:\/\/aconteceunovale.com.br\/portal\/#\/schema\/person\/633529146f2c94272bef50ac2953d589","name":"Aconteceu no Vale","description":"Equipe de reportagem do Aconteceu no Vale, portal de not\u00edcias do Vale do Jequitinhonha, em Minas Gerais. Cobrimos as 51 cidades do Vale desde 2013. Sugest\u00f5es de pauta e pedidos de corre\u00e7\u00e3o: contato@aconteceunovale.com.br","sameAs":["http:\/\/www.aconteceunovale.com.br"],"url":"https:\/\/aconteceunovale.com.br\/portal\/?author=1"}]}},"_links":{"self":[{"href":"https:\/\/aconteceunovale.com.br\/portal\/index.php?rest_route=\/wp\/v2\/posts\/153114","targetHints":{"allow":["GET"]}}],"collection":[{"href":"https:\/\/aconteceunovale.com.br\/portal\/index.php?rest_route=\/wp\/v2\/posts"}],"about":[{"href":"https:\/\/aconteceunovale.com.br\/portal\/index.php?rest_route=\/wp\/v2\/types\/post"}],"author":[{"embeddable":true,"href":"https:\/\/aconteceunovale.com.br\/portal\/index.php?rest_route=\/wp\/v2\/users\/1"}],"replies":[{"embeddable":true,"href":"https:\/\/aconteceunovale.com.br\/portal\/index.php?rest_route=%2Fwp%2Fv2%2Fcomments&post=153114"}],"version-history":[{"count":1,"href":"https:\/\/aconteceunovale.com.br\/portal\/index.php?rest_route=\/wp\/v2\/posts\/153114\/revisions"}],"predecessor-version":[{"id":153116,"href":"https:\/\/aconteceunovale.com.br\/portal\/index.php?rest_route=\/wp\/v2\/posts\/153114\/revisions\/153116"}],"wp:featuredmedia":[{"embeddable":true,"href":"https:\/\/aconteceunovale.com.br\/portal\/index.php?rest_route=\/wp\/v2\/media\/153115"}],"wp:attachment":[{"href":"https:\/\/aconteceunovale.com.br\/portal\/index.php?rest_route=%2Fwp%2Fv2%2Fmedia&parent=153114"}],"wp:term":[{"taxonomy":"category","embeddable":true,"href":"https:\/\/aconteceunovale.com.br\/portal\/index.php?rest_route=%2Fwp%2Fv2%2Fcategories&post=153114"},{"taxonomy":"post_tag","embeddable":true,"href":"https:\/\/aconteceunovale.com.br\/portal\/index.php?rest_route=%2Fwp%2Fv2%2Ftags&post=153114"}],"curies":[{"name":"wp","href":"https:\/\/api.w.org\/{rel}","templated":true}]}}