{"id":153111,"date":"2019-09-25T23:46:47","date_gmt":"2019-09-26T02:46:47","guid":{"rendered":"http:\/\/aconteceunovale.com.br\/portal\/?p=153111"},"modified":"2019-09-25T23:47:24","modified_gmt":"2019-09-26T02:47:24","slug":"estados-unidos-querem-entrar-na-comunidade-dos-paises-de-lingua-portuguesa","status":"publish","type":"post","link":"https:\/\/aconteceunovale.com.br\/portal\/?p=153111","title":{"rendered":"Estados Unidos querem entrar na Comunidade dos Pa\u00edses de L\u00edngua Portuguesa"},"content":{"rendered":"\n<p class=\"wp-block-paragraph\">Os Estados Unidos formalizaram uma solicita\u00e7\u00e3o de entrada na Comunidade dos Pa\u00edses de L\u00edngua Portuguesa (CPLP), como membro associado. A informa\u00e7\u00e3o foi dada \u00e0 ONU News em Nova York pelo secret\u00e1rio executivo do bloco lus\u00f3fono, o embaixador portugu\u00eas Francisco Ribeiro Telles.<\/p>\n\n\n\n<p class=\"wp-block-paragraph\">Segundo ele, o Departamento de Estado norte-americano diz que o pedido visa a aproximar os EUA das di\u00e1sporas lus\u00f3fonas em seu territ\u00f3rio, que inclui principalmente brasileiros, cabo-verdianos e portugueses. Essas tr\u00eas comunidades re\u00fanem cerca de 1 milh\u00e3o de pessoas que vivem nos Estados Unidos e t\u00eam a l\u00edngua portuguesa em seus pa\u00edses de origem ou de heran\u00e7a.<\/p>\n\n\n\n<figure class=\"wp-block-image is-resized\"><img loading=\"lazy\" decoding=\"async\" src=\"http:\/\/aconteceunovale.com.br\/portal\/wp-content\/uploads\/2019\/09\/embaixador_portugues.jpg\" alt=\"\" class=\"wp-image-153112\" width=\"679\" height=\"412\" srcset=\"https:\/\/aconteceunovale.com.br\/portal\/wp-content\/uploads\/2019\/09\/embaixador_portugues.jpg 560w, https:\/\/aconteceunovale.com.br\/portal\/wp-content\/uploads\/2019\/09\/embaixador_portugues-300x182.jpg 300w\" sizes=\"auto, (max-width: 679px) 100vw, 679px\" \/><figcaption><em>Ribeiro Telles diz que o pedido dos EUA deve ser analisado ano que vem &#8211; Foto: Divulga\u00e7\u00e3o\/ONU News<\/em><\/figcaption><\/figure>\n\n\n\n<h2 class=\"wp-block-heading\">Relev\u00e2ncia pol\u00edtico-estrat\u00e9gica<\/h2>\n\n\n\n<p class=\"wp-block-paragraph\">De acordo com Ribeiro Telles, o pedido dos EUA deve ser analisado pela CPLP j\u00e1 no pr\u00f3ximo ano, ao lado dos de outras na\u00e7\u00f5es candidatas. Para ele, a solicita\u00e7\u00e3o americana revela o aumento da relev\u00e2ncia pol\u00edtico-estrat\u00e9gica dos pa\u00edses lus\u00f3fonos.<\/p>\n\n\n\n<p class=\"wp-block-paragraph\">\u201cJ\u00e1 temos uma lista de Estados que j\u00e1 formalizaram a sua pretens\u00e3o de se tornarem pa\u00edses associados da CPLP e que&nbsp;ter\u00e3o as suas candidaturas apreciadas na Cimeira de Chefes de Estado e Governo, que&nbsp;ter\u00e1 lugar em Luanda, Angola, no pr\u00f3ximo ano. Em&nbsp;n\u00edvel de pa\u00edses propriamente ditos, temos pedidos da Costa do Marfim, Rom\u00eania, Catar e Peru, que s\u00e3o os pa\u00edses que est\u00e3o prestes a serem membros associados da CPLP\u201d, disse o secret\u00e1rio executivo da CPLP.<\/p>\n\n\n\n<h2 class=\"wp-block-heading\">Pa\u00edses-membros<\/h2>\n\n\n\n<p class=\"wp-block-paragraph\">A CPLP re\u00fane nove pa\u00edses-membros, que t\u00eam o portugu\u00eas como l\u00edngua oficial: Angola, Brasil, Cabo Verde, Guin\u00e9-Bissau, Mo\u00e7ambique, Portugal, S\u00e3o Tom\u00e9 e Pr\u00edncipe, Timor-Leste e Guin\u00e9 Equatorial.<\/p>\n\n\n\n<p class=\"wp-block-paragraph\">Al\u00e9m dos membros plenos e efetivos, a CPLP tem 19 observadores associados: Andorra, Argentina, Chile, Eslov\u00e1quia, Fran\u00e7a, Ge\u00f3rgia, Hungria, Jap\u00e3o, It\u00e1lia, Luxemburgo, Ilhas Maur\u00edcio, Nam\u00edbia, Reino Unido, Senegal, S\u00e9rvia, Rep\u00fablica Tcheca, Turquia, Uruguai e a Organiza\u00e7\u00e3o dos Estados Ibero-Americanos para Educa\u00e7\u00e3o, Ci\u00eancia e Cultura.<\/p>\n\n\n\n<p class=\"wp-block-paragraph\">De acordo com o Instituto Internacional de L\u00edngua Portuguesa, existem mais de 7 milh\u00f5es de falantes do portugu\u00eas que vivem fora de seus pa\u00edses de origem. Fran\u00e7a, Jap\u00e3o, Estados Unidos e \u00c1frica do Sul est\u00e3o entre as na\u00e7\u00f5es que mais abrigam cidad\u00e3os lus\u00f3fonos.<\/p>\n\n\n\n<p class=\"has-text-color has-background has-very-light-gray-color has-very-dark-gray-background-color wp-block-paragraph\"><strong>VER PRIMEIRO: <\/strong>Receba as not\u00edcias do Aconteceu no Vale em primeira m\u00e3o. Clique em curtir no endere\u00e7o <a href=\"https:\/\/www.facebook.com\/aconteceunovale\" target=\"_blank\" rel=\"noreferrer noopener\">www.facebook.com\/aconteceunovale<\/a>.<\/p>\n","protected":false},"excerpt":{"rendered":"<p>Os Estados Unidos formalizaram uma solicita\u00e7\u00e3o de entrada na Comunidade dos Pa\u00edses de L\u00edngua Portuguesa (CPLP), como membro associado. A informa\u00e7\u00e3o foi dada \u00e0 ONU News em Nova York pelo secret\u00e1rio executivo do bloco lus\u00f3fono, o embaixador portugu\u00eas Francisco Ribeiro Telles. Segundo ele, o Departamento de Estado norte-americano diz que o pedido visa a aproximar [&hellip;]<\/p>\n","protected":false},"author":1,"featured_media":153112,"comment_status":"open","ping_status":"closed","sticky":false,"template":"","format":"standard","meta":{"amp_status":"","footnotes":""},"categories":[28848],"tags":[207801,74005,15469,207802,50315,207803],"class_list":["post-153111","post","type-post","status-publish","format-standard","has-post-thumbnail","hentry","category-mundo","tag-comunidade-dos-paises-de-lingua-portuguesa","tag-cplp","tag-estados-unidos","tag-estados-unidos-querem-entrar-na-comunidade-dos-paises-de-lingua-portuguesa","tag-eua","tag-francisco-ribeiro-telles"],"yoast_head":"<!-- This site is optimized with the Yoast SEO plugin v28.3 - https:\/\/yoast.com\/product\/yoast-seo-wordpress\/ -->\n<title>Estados Unidos querem entrar na Comunidade dos Pa\u00edses de L\u00edngua Portuguesa - Aconteceu no Vale<\/title>\n<meta name=\"robots\" content=\"index, follow, max-snippet:-1, max-image-preview:large, max-video-preview:-1\" \/>\n<link rel=\"canonical\" href=\"https:\/\/aconteceunovale.com.br\/portal\/?p=153111\" \/>\n<meta property=\"og:locale\" content=\"pt_BR\" \/>\n<meta property=\"og:type\" content=\"article\" \/>\n<meta property=\"og:title\" content=\"Estados Unidos querem entrar na Comunidade dos Pa\u00edses de L\u00edngua Portuguesa - Aconteceu no Vale\" \/>\n<meta property=\"og:description\" content=\"Os Estados Unidos formalizaram uma solicita\u00e7\u00e3o de entrada na Comunidade dos Pa\u00edses de L\u00edngua Portuguesa (CPLP), como membro associado. A informa\u00e7\u00e3o foi dada \u00e0 ONU News em Nova York pelo secret\u00e1rio executivo do bloco lus\u00f3fono, o embaixador portugu\u00eas Francisco Ribeiro Telles. Segundo ele, o Departamento de Estado norte-americano diz que o pedido visa a aproximar [&hellip;]\" \/>\n<meta property=\"og:url\" content=\"https:\/\/aconteceunovale.com.br\/portal\/?p=153111\" \/>\n<meta property=\"og:site_name\" content=\"Aconteceu no Vale\" \/>\n<meta property=\"article:publisher\" content=\"https:\/\/www.facebook.com\/aconteceunovale\/\" \/>\n<meta property=\"article:published_time\" content=\"2019-09-26T02:46:47+00:00\" \/>\n<meta property=\"article:modified_time\" content=\"2019-09-26T02:47:24+00:00\" \/>\n<meta property=\"og:image\" content=\"https:\/\/aconteceunovale.com.br\/portal\/wp-content\/uploads\/2019\/09\/embaixador_portugues.jpg\" \/>\n\t<meta property=\"og:image:width\" content=\"560\" \/>\n\t<meta property=\"og:image:height\" content=\"340\" \/>\n\t<meta property=\"og:image:type\" content=\"image\/jpeg\" \/>\n<meta name=\"author\" content=\"Aconteceu no Vale\" \/>\n<meta name=\"twitter:card\" content=\"summary_large_image\" \/>\n<meta name=\"twitter:creator\" content=\"@noticiadosvales\" \/>\n<meta name=\"twitter:site\" content=\"@noticiadosvales\" \/>\n<meta name=\"twitter:label1\" content=\"Escrito por\" \/>\n\t<meta name=\"twitter:data1\" content=\"Aconteceu no Vale\" \/>\n\t<meta name=\"twitter:label2\" content=\"Est. tempo de leitura\" \/>\n\t<meta name=\"twitter:data2\" content=\"2 minutos\" \/>\n<script type=\"application\/ld+json\" class=\"yoast-schema-graph\">{\"@context\":\"https:\\\/\\\/schema.org\",\"@graph\":[{\"@type\":\"Article\",\"@id\":\"https:\\\/\\\/aconteceunovale.com.br\\\/portal\\\/?p=153111#article\",\"isPartOf\":{\"@id\":\"https:\\\/\\\/aconteceunovale.com.br\\\/portal\\\/?p=153111\"},\"author\":{\"name\":\"Aconteceu no Vale\",\"@id\":\"https:\\\/\\\/aconteceunovale.com.br\\\/portal\\\/#\\\/schema\\\/person\\\/633529146f2c94272bef50ac2953d589\"},\"headline\":\"Estados Unidos querem entrar na Comunidade dos Pa\u00edses de L\u00edngua Portuguesa\",\"datePublished\":\"2019-09-26T02:46:47+00:00\",\"dateModified\":\"2019-09-26T02:47:24+00:00\",\"mainEntityOfPage\":{\"@id\":\"https:\\\/\\\/aconteceunovale.com.br\\\/portal\\\/?p=153111\"},\"wordCount\":460,\"commentCount\":0,\"image\":{\"@id\":\"https:\\\/\\\/aconteceunovale.com.br\\\/portal\\\/?p=153111#primaryimage\"},\"thumbnailUrl\":\"https:\\\/\\\/aconteceunovale.com.br\\\/portal\\\/wp-content\\\/uploads\\\/2019\\\/09\\\/embaixador_portugues.jpg\",\"keywords\":[\"Comunidade dos Pa\u00edses de L\u00edngua Portuguesa\",\"CPLP\",\"Estados Unidos\",\"Estados Unidos querem entrar na Comunidade dos Pa\u00edses de L\u00edngua Portuguesa\",\"EUA\",\"Francisco Ribeiro Telles\"],\"articleSection\":[\"Mundo\"],\"inLanguage\":\"pt-BR\",\"potentialAction\":[{\"@type\":\"CommentAction\",\"name\":\"Comment\",\"target\":[\"https:\\\/\\\/aconteceunovale.com.br\\\/portal\\\/?p=153111#respond\"]}]},{\"@type\":\"WebPage\",\"@id\":\"https:\\\/\\\/aconteceunovale.com.br\\\/portal\\\/?p=153111\",\"url\":\"https:\\\/\\\/aconteceunovale.com.br\\\/portal\\\/?p=153111\",\"name\":\"Estados Unidos querem entrar na Comunidade dos Pa\u00edses de L\u00edngua Portuguesa - Aconteceu no Vale\",\"isPartOf\":{\"@id\":\"https:\\\/\\\/aconteceunovale.com.br\\\/portal\\\/#website\"},\"primaryImageOfPage\":{\"@id\":\"https:\\\/\\\/aconteceunovale.com.br\\\/portal\\\/?p=153111#primaryimage\"},\"image\":{\"@id\":\"https:\\\/\\\/aconteceunovale.com.br\\\/portal\\\/?p=153111#primaryimage\"},\"thumbnailUrl\":\"https:\\\/\\\/aconteceunovale.com.br\\\/portal\\\/wp-content\\\/uploads\\\/2019\\\/09\\\/embaixador_portugues.jpg\",\"datePublished\":\"2019-09-26T02:46:47+00:00\",\"dateModified\":\"2019-09-26T02:47:24+00:00\",\"author\":{\"@id\":\"https:\\\/\\\/aconteceunovale.com.br\\\/portal\\\/#\\\/schema\\\/person\\\/633529146f2c94272bef50ac2953d589\"},\"breadcrumb\":{\"@id\":\"https:\\\/\\\/aconteceunovale.com.br\\\/portal\\\/?p=153111#breadcrumb\"},\"inLanguage\":\"pt-BR\",\"potentialAction\":[{\"@type\":\"ReadAction\",\"target\":[\"https:\\\/\\\/aconteceunovale.com.br\\\/portal\\\/?p=153111\"]}]},{\"@type\":\"ImageObject\",\"inLanguage\":\"pt-BR\",\"@id\":\"https:\\\/\\\/aconteceunovale.com.br\\\/portal\\\/?p=153111#primaryimage\",\"url\":\"https:\\\/\\\/aconteceunovale.com.br\\\/portal\\\/wp-content\\\/uploads\\\/2019\\\/09\\\/embaixador_portugues.jpg\",\"contentUrl\":\"https:\\\/\\\/aconteceunovale.com.br\\\/portal\\\/wp-content\\\/uploads\\\/2019\\\/09\\\/embaixador_portugues.jpg\",\"width\":560,\"height\":340},{\"@type\":\"BreadcrumbList\",\"@id\":\"https:\\\/\\\/aconteceunovale.com.br\\\/portal\\\/?p=153111#breadcrumb\",\"itemListElement\":[{\"@type\":\"ListItem\",\"position\":1,\"name\":\"In\u00edcio\",\"item\":\"https:\\\/\\\/aconteceunovale.com.br\\\/portal\\\/\"},{\"@type\":\"ListItem\",\"position\":2,\"name\":\"Estados Unidos querem entrar na Comunidade dos Pa\u00edses de L\u00edngua Portuguesa\"}]},{\"@type\":\"WebSite\",\"@id\":\"https:\\\/\\\/aconteceunovale.com.br\\\/portal\\\/#website\",\"url\":\"https:\\\/\\\/aconteceunovale.com.br\\\/portal\\\/\",\"name\":\"Aconteceu no Vale\",\"description\":\"Portal de Not\u00edcias\",\"potentialAction\":[{\"@type\":\"SearchAction\",\"target\":{\"@type\":\"EntryPoint\",\"urlTemplate\":\"https:\\\/\\\/aconteceunovale.com.br\\\/portal\\\/?s={search_term_string}\"},\"query-input\":{\"@type\":\"PropertyValueSpecification\",\"valueRequired\":true,\"valueName\":\"search_term_string\"}}],\"inLanguage\":\"pt-BR\"},{\"@type\":\"Person\",\"@id\":\"https:\\\/\\\/aconteceunovale.com.br\\\/portal\\\/#\\\/schema\\\/person\\\/633529146f2c94272bef50ac2953d589\",\"name\":\"Aconteceu no Vale\",\"description\":\"Equipe de reportagem do Aconteceu no Vale, portal de not\u00edcias do Vale do Jequitinhonha, em Minas Gerais. Cobrimos as 51 cidades do Vale desde 2013. Sugest\u00f5es de pauta e pedidos de corre\u00e7\u00e3o: contato@aconteceunovale.com.br\",\"sameAs\":[\"http:\\\/\\\/www.aconteceunovale.com.br\"],\"url\":\"https:\\\/\\\/aconteceunovale.com.br\\\/portal\\\/?author=1\"}]}<\/script>\n<!-- \/ Yoast SEO plugin. -->","yoast_head_json":{"title":"Estados Unidos querem entrar na Comunidade dos Pa\u00edses de L\u00edngua Portuguesa - Aconteceu no Vale","robots":{"index":"index","follow":"follow","max-snippet":"max-snippet:-1","max-image-preview":"max-image-preview:large","max-video-preview":"max-video-preview:-1"},"canonical":"https:\/\/aconteceunovale.com.br\/portal\/?p=153111","og_locale":"pt_BR","og_type":"article","og_title":"Estados Unidos querem entrar na Comunidade dos Pa\u00edses de L\u00edngua Portuguesa - Aconteceu no Vale","og_description":"Os Estados Unidos formalizaram uma solicita\u00e7\u00e3o de entrada na Comunidade dos Pa\u00edses de L\u00edngua Portuguesa (CPLP), como membro associado. A informa\u00e7\u00e3o foi dada \u00e0 ONU News em Nova York pelo secret\u00e1rio executivo do bloco lus\u00f3fono, o embaixador portugu\u00eas Francisco Ribeiro Telles. Segundo ele, o Departamento de Estado norte-americano diz que o pedido visa a aproximar [&hellip;]","og_url":"https:\/\/aconteceunovale.com.br\/portal\/?p=153111","og_site_name":"Aconteceu no Vale","article_publisher":"https:\/\/www.facebook.com\/aconteceunovale\/","article_published_time":"2019-09-26T02:46:47+00:00","article_modified_time":"2019-09-26T02:47:24+00:00","og_image":[{"width":560,"height":340,"url":"https:\/\/aconteceunovale.com.br\/portal\/wp-content\/uploads\/2019\/09\/embaixador_portugues.jpg","type":"image\/jpeg"}],"author":"Aconteceu no Vale","twitter_card":"summary_large_image","twitter_creator":"@noticiadosvales","twitter_site":"@noticiadosvales","twitter_misc":{"Escrito por":"Aconteceu no Vale","Est. tempo de leitura":"2 minutos"},"schema":{"@context":"https:\/\/schema.org","@graph":[{"@type":"Article","@id":"https:\/\/aconteceunovale.com.br\/portal\/?p=153111#article","isPartOf":{"@id":"https:\/\/aconteceunovale.com.br\/portal\/?p=153111"},"author":{"name":"Aconteceu no Vale","@id":"https:\/\/aconteceunovale.com.br\/portal\/#\/schema\/person\/633529146f2c94272bef50ac2953d589"},"headline":"Estados Unidos querem entrar na Comunidade dos Pa\u00edses de L\u00edngua Portuguesa","datePublished":"2019-09-26T02:46:47+00:00","dateModified":"2019-09-26T02:47:24+00:00","mainEntityOfPage":{"@id":"https:\/\/aconteceunovale.com.br\/portal\/?p=153111"},"wordCount":460,"commentCount":0,"image":{"@id":"https:\/\/aconteceunovale.com.br\/portal\/?p=153111#primaryimage"},"thumbnailUrl":"https:\/\/aconteceunovale.com.br\/portal\/wp-content\/uploads\/2019\/09\/embaixador_portugues.jpg","keywords":["Comunidade dos Pa\u00edses de L\u00edngua Portuguesa","CPLP","Estados Unidos","Estados Unidos querem entrar na Comunidade dos Pa\u00edses de L\u00edngua Portuguesa","EUA","Francisco Ribeiro Telles"],"articleSection":["Mundo"],"inLanguage":"pt-BR","potentialAction":[{"@type":"CommentAction","name":"Comment","target":["https:\/\/aconteceunovale.com.br\/portal\/?p=153111#respond"]}]},{"@type":"WebPage","@id":"https:\/\/aconteceunovale.com.br\/portal\/?p=153111","url":"https:\/\/aconteceunovale.com.br\/portal\/?p=153111","name":"Estados Unidos querem entrar na Comunidade dos Pa\u00edses de L\u00edngua Portuguesa - Aconteceu no Vale","isPartOf":{"@id":"https:\/\/aconteceunovale.com.br\/portal\/#website"},"primaryImageOfPage":{"@id":"https:\/\/aconteceunovale.com.br\/portal\/?p=153111#primaryimage"},"image":{"@id":"https:\/\/aconteceunovale.com.br\/portal\/?p=153111#primaryimage"},"thumbnailUrl":"https:\/\/aconteceunovale.com.br\/portal\/wp-content\/uploads\/2019\/09\/embaixador_portugues.jpg","datePublished":"2019-09-26T02:46:47+00:00","dateModified":"2019-09-26T02:47:24+00:00","author":{"@id":"https:\/\/aconteceunovale.com.br\/portal\/#\/schema\/person\/633529146f2c94272bef50ac2953d589"},"breadcrumb":{"@id":"https:\/\/aconteceunovale.com.br\/portal\/?p=153111#breadcrumb"},"inLanguage":"pt-BR","potentialAction":[{"@type":"ReadAction","target":["https:\/\/aconteceunovale.com.br\/portal\/?p=153111"]}]},{"@type":"ImageObject","inLanguage":"pt-BR","@id":"https:\/\/aconteceunovale.com.br\/portal\/?p=153111#primaryimage","url":"https:\/\/aconteceunovale.com.br\/portal\/wp-content\/uploads\/2019\/09\/embaixador_portugues.jpg","contentUrl":"https:\/\/aconteceunovale.com.br\/portal\/wp-content\/uploads\/2019\/09\/embaixador_portugues.jpg","width":560,"height":340},{"@type":"BreadcrumbList","@id":"https:\/\/aconteceunovale.com.br\/portal\/?p=153111#breadcrumb","itemListElement":[{"@type":"ListItem","position":1,"name":"In\u00edcio","item":"https:\/\/aconteceunovale.com.br\/portal\/"},{"@type":"ListItem","position":2,"name":"Estados Unidos querem entrar na Comunidade dos Pa\u00edses de L\u00edngua Portuguesa"}]},{"@type":"WebSite","@id":"https:\/\/aconteceunovale.com.br\/portal\/#website","url":"https:\/\/aconteceunovale.com.br\/portal\/","name":"Aconteceu no Vale","description":"Portal de Not\u00edcias","potentialAction":[{"@type":"SearchAction","target":{"@type":"EntryPoint","urlTemplate":"https:\/\/aconteceunovale.com.br\/portal\/?s={search_term_string}"},"query-input":{"@type":"PropertyValueSpecification","valueRequired":true,"valueName":"search_term_string"}}],"inLanguage":"pt-BR"},{"@type":"Person","@id":"https:\/\/aconteceunovale.com.br\/portal\/#\/schema\/person\/633529146f2c94272bef50ac2953d589","name":"Aconteceu no Vale","description":"Equipe de reportagem do Aconteceu no Vale, portal de not\u00edcias do Vale do Jequitinhonha, em Minas Gerais. Cobrimos as 51 cidades do Vale desde 2013. Sugest\u00f5es de pauta e pedidos de corre\u00e7\u00e3o: contato@aconteceunovale.com.br","sameAs":["http:\/\/www.aconteceunovale.com.br"],"url":"https:\/\/aconteceunovale.com.br\/portal\/?author=1"}]}},"_links":{"self":[{"href":"https:\/\/aconteceunovale.com.br\/portal\/index.php?rest_route=\/wp\/v2\/posts\/153111","targetHints":{"allow":["GET"]}}],"collection":[{"href":"https:\/\/aconteceunovale.com.br\/portal\/index.php?rest_route=\/wp\/v2\/posts"}],"about":[{"href":"https:\/\/aconteceunovale.com.br\/portal\/index.php?rest_route=\/wp\/v2\/types\/post"}],"author":[{"embeddable":true,"href":"https:\/\/aconteceunovale.com.br\/portal\/index.php?rest_route=\/wp\/v2\/users\/1"}],"replies":[{"embeddable":true,"href":"https:\/\/aconteceunovale.com.br\/portal\/index.php?rest_route=%2Fwp%2Fv2%2Fcomments&post=153111"}],"version-history":[{"count":1,"href":"https:\/\/aconteceunovale.com.br\/portal\/index.php?rest_route=\/wp\/v2\/posts\/153111\/revisions"}],"predecessor-version":[{"id":153113,"href":"https:\/\/aconteceunovale.com.br\/portal\/index.php?rest_route=\/wp\/v2\/posts\/153111\/revisions\/153113"}],"wp:featuredmedia":[{"embeddable":true,"href":"https:\/\/aconteceunovale.com.br\/portal\/index.php?rest_route=\/wp\/v2\/media\/153112"}],"wp:attachment":[{"href":"https:\/\/aconteceunovale.com.br\/portal\/index.php?rest_route=%2Fwp%2Fv2%2Fmedia&parent=153111"}],"wp:term":[{"taxonomy":"category","embeddable":true,"href":"https:\/\/aconteceunovale.com.br\/portal\/index.php?rest_route=%2Fwp%2Fv2%2Fcategories&post=153111"},{"taxonomy":"post_tag","embeddable":true,"href":"https:\/\/aconteceunovale.com.br\/portal\/index.php?rest_route=%2Fwp%2Fv2%2Ftags&post=153111"}],"curies":[{"name":"wp","href":"https:\/\/api.w.org\/{rel}","templated":true}]}}