{"id":153106,"date":"2019-09-25T23:37:46","date_gmt":"2019-09-26T02:37:46","guid":{"rendered":"http:\/\/aconteceunovale.com.br\/portal\/?p=153106"},"modified":"2019-09-25T23:43:12","modified_gmt":"2019-09-26T02:43:12","slug":"brasil-registra-4-507-casos-confirmados-de-sarampo","status":"publish","type":"post","link":"https:\/\/aconteceunovale.com.br\/portal\/?p=153106","title":{"rendered":"Brasil registra 4.507 casos confirmados de sarampo"},"content":{"rendered":"\n<p class=\"wp-block-paragraph\">O Brasil registrou 4.507 casos confirmados de sarampo em 19 estados, nos \u00faltimos 90 dias, de acordo com balan\u00e7o divulgado hoje (25) pelo Minist\u00e9rio da Sa\u00fade. O n\u00famero representa um aumento de 13% em rela\u00e7\u00e3o ao\u00a0\u00faltimo monitoramento.\u00a0Cear\u00e1 e Para\u00edba passaram a integrar a lista de estados com transmiss\u00e3o ativa do sarampo.<\/p>\n\n\n\n<p class=\"wp-block-paragraph\">Os dados referem-se ao per\u00edodo de 30 de junho a\u00a021 de setembro e representam 84,3% do total de casos registrados este ano. O balan\u00e7o mostra ainda que h\u00e1 21.711 casos em investiga\u00e7\u00e3o e 5.818 que foram descartados.<\/p>\n\n\n\n<p class=\"wp-block-paragraph\">A incid\u00eancia em menores de 1 ano de idade \u00e9 dez vezes maior do que na\u00a0popula\u00e7\u00e3o em geral. A cada 100 mil habitantes, 64 crian\u00e7as nessa faixa et\u00e1ria obtiveram confirma\u00e7\u00e3o para o sarampo. A segunda faixa et\u00e1ria mais atingida \u00e9 de 1 a 4 anos.<\/p>\n\n\n\n<p class=\"wp-block-paragraph\">A maior parte dos casos confirmados (4.374)&nbsp;est\u00e1 concentrada em 168 munic\u00edpios de S\u00e3o Paulo, principalmente na regi\u00e3o metropolitana. Em seguida, est\u00e3o Rio de Janeiro, Pernambuco e Minas Gerais, com 22 casos em cada estado; Santa Catarina, com 12; Paran\u00e1, 13; Rio Grande do Sul, 7; Cear\u00e1 e Para\u00edba, com 5 casos em cada estado; Maranh\u00e3o, Goi\u00e1s e Rio Grande do Norte, com 4 casos cada; Distrito Federal e Par\u00e1, com 3 casos cada; Mato Grosso do Sul e Piau\u00ed, com 2 cada; e, Esp\u00edrito Santo, Bahia e Sergipe, cada estado com um caso confirmado de sarampo.&nbsp;<\/p>\n\n\n\n<p class=\"wp-block-paragraph\">No ano passado, foram confirmados 10.330 casos de sarampo no Brasil. Ao todo, foram registradas 12 mortes pela doen\u00e7a em 2018.\u00a0<\/p>\n\n\n\n<p class=\"wp-block-paragraph\">Segundo o secret\u00e1rio de Vigil\u00e2ncia em Sa\u00fade da pasta, Wanderson Kleber, a popula\u00e7\u00e3o n\u00e3o pode descuidar da vacina\u00e7\u00e3o. \u201cN\u00e3o podemos baixar a guarda porque o v\u00edrus do sarampo \u00e9 extremamente transmiss\u00edvel\u201d, alerta. A meta da pasta \u00e9 a interrup\u00e7\u00e3o da circula\u00e7\u00e3o do v\u00edrus no Brasil e a manuten\u00e7\u00e3o de altas coberturas vacinais.&nbsp;<\/p>\n\n\n\n<p class=\"wp-block-paragraph\">O sarampo \u00e9 uma doen\u00e7a viral grave e altamente contagiosa que pode evoluir para complica\u00e7\u00f5es e levar \u00e0 morte. A\u00a0transmiss\u00e3o ocorre no contato de pessoa para pessoa\u00a0e pela propaga\u00e7\u00e3o no ar.\u00a0\u00a0<\/p>\n\n\n\n<h2 class=\"wp-block-heading\">Vacina\u00e7\u00e3o&nbsp;<\/h2>\n\n\n\n<p class=\"wp-block-paragraph\">A vacina\u00e7\u00e3o \u00e9 uma das principais estrat\u00e9gias para combater a doen\u00e7a. A Campanha Nacional de Vacina\u00e7\u00e3o contra o Sarampo ocorrer\u00e1 em duas etapas este ano. A primeira, de 7 a 25 de outubro, para crian\u00e7as de 6 meses a menores de 5 anos. O dia D, dia de mobiliza\u00e7\u00e3o nacional, ocorrer\u00e1 no dia 19 de outubro.&nbsp;<\/p>\n\n\n\n<p class=\"wp-block-paragraph\">A segunda etapa ser\u00e1 realizada de 18 a 30 de novembro, com foco na popula\u00e7\u00e3o de 20 a 29 anos. O dia D ser\u00e1 no dia 30 de novembro. Essa faixa et\u00e1ria \u00e9 a que concentra a maior frequ\u00eancia dos casos. A vacina a ser tomada \u00e9 a tr\u00edplice viral, que protege contra sarampo, caxumba e rub\u00e9ola.<\/p>\n\n\n\n<p class=\"wp-block-paragraph\">Ao todo, foram distribu\u00eddos, pelo Minist\u00e9rio da Sa\u00fade, R$ 22,8 milh\u00f5es para garantir a vacina\u00e7\u00e3o de rotina nos estados e a dose extra, chamada de dose zero, \u00e0s crian\u00e7as de seis meses a 11 meses e 29 dias. Mais\u00a0R$ 37 milh\u00f5es ser\u00e3o destinados para este fim at\u00e9 dezembro.<\/p>\n\n\n\n<p class=\"wp-block-paragraph\"><strong>Mortes por sarampo<\/strong><\/p>\n\n\n\n<p class=\"wp-block-paragraph\">Mais duas mortes por sarampo foram confirmadas hoje (25) na capital paulista, de acordo com a Secretaria de Sa\u00fade de S\u00e3o Paulo. As v\u00edtimas s\u00e3o uma mulher de 31 anos sem hist\u00f3rico de vacina\u00e7\u00e3o e um beb\u00ea do sexo masculino de 26 dias.<\/p>\n\n\n\n<p class=\"wp-block-paragraph\">At\u00e9 o momento, foram confirmadas cinco mortes provocadas doen\u00e7a no estado. No final de agosto, foram confirmadas tr\u00eas v\u00edtimas: um homem de 42 anos, da capital, sem hist\u00f3rico de imuniza\u00e7\u00e3o contra a doen\u00e7a, e dois beb\u00eas \u2013 uma menina de 4 meses, de Osasco, e um garoto de 9 meses, tamb\u00e9m da cidade de S\u00e3o Paulo.<\/p>\n\n\n\n<p class=\"has-text-color has-background has-very-light-gray-color has-very-dark-gray-background-color wp-block-paragraph\"><strong>VER PRIMEIRO: <\/strong>Receba as not\u00edcias do Aconteceu no Vale em primeira m\u00e3o. Clique em curtir no endere\u00e7o <a href=\"https:\/\/www.facebook.com\/aconteceunovale\" target=\"_blank\" rel=\"noreferrer noopener\">www.facebook.com\/aconteceunovale<\/a>.<\/p>\n","protected":false},"excerpt":{"rendered":"<p>O Brasil registrou 4.507 casos confirmados de sarampo em 19 estados, nos \u00faltimos 90 dias, de acordo com balan\u00e7o divulgado hoje (25) pelo Minist\u00e9rio da Sa\u00fade. O n\u00famero representa um aumento de 13% em rela\u00e7\u00e3o ao\u00a0\u00faltimo monitoramento.\u00a0Cear\u00e1 e Para\u00edba passaram a integrar a lista de estados com transmiss\u00e3o ativa do sarampo. Os dados referem-se ao [&hellip;]<\/p>\n","protected":false},"author":1,"featured_media":153107,"comment_status":"open","ping_status":"closed","sticky":false,"template":"","format":"standard","meta":{"amp_status":"","footnotes":""},"categories":[6,40242],"tags":[207800,191475,183646,22080,177652],"class_list":["post-153106","post","type-post","status-publish","format-standard","has-post-thumbnail","hentry","category-br","category-saude-2","tag-brasil-registra-4-507-casos-confirmados-de-sarampo","tag-casos-de-sarampo-no-brasil","tag-sarampo-no-brasil","tag-vacinacao-contra-sarampo","tag-vitimas-do-sarampo"],"yoast_head":"<!-- This site is optimized with the Yoast SEO plugin v28.3 - https:\/\/yoast.com\/product\/yoast-seo-wordpress\/ -->\n<title>Brasil registra 4.507 casos confirmados de sarampo - Aconteceu no Vale<\/title>\n<meta name=\"robots\" content=\"index, follow, max-snippet:-1, max-image-preview:large, max-video-preview:-1\" \/>\n<link rel=\"canonical\" href=\"https:\/\/aconteceunovale.com.br\/portal\/?p=153106\" \/>\n<meta property=\"og:locale\" content=\"pt_BR\" \/>\n<meta property=\"og:type\" content=\"article\" \/>\n<meta property=\"og:title\" content=\"Brasil registra 4.507 casos confirmados de sarampo - Aconteceu no Vale\" \/>\n<meta property=\"og:description\" content=\"O Brasil registrou 4.507 casos confirmados de sarampo em 19 estados, nos \u00faltimos 90 dias, de acordo com balan\u00e7o divulgado hoje (25) pelo Minist\u00e9rio da Sa\u00fade. O n\u00famero representa um aumento de 13% em rela\u00e7\u00e3o ao\u00a0\u00faltimo monitoramento.\u00a0Cear\u00e1 e Para\u00edba passaram a integrar a lista de estados com transmiss\u00e3o ativa do sarampo. Os dados referem-se ao [&hellip;]\" \/>\n<meta property=\"og:url\" content=\"https:\/\/aconteceunovale.com.br\/portal\/?p=153106\" \/>\n<meta property=\"og:site_name\" content=\"Aconteceu no Vale\" \/>\n<meta property=\"article:publisher\" content=\"https:\/\/www.facebook.com\/aconteceunovale\/\" \/>\n<meta property=\"article:published_time\" content=\"2019-09-26T02:37:46+00:00\" \/>\n<meta property=\"article:modified_time\" content=\"2019-09-26T02:43:12+00:00\" \/>\n<meta property=\"og:image\" content=\"https:\/\/aconteceunovale.com.br\/portal\/wp-content\/uploads\/2019\/09\/sarampo.jpeg\" \/>\n\t<meta property=\"og:image:width\" content=\"675\" \/>\n\t<meta property=\"og:image:height\" content=\"450\" \/>\n\t<meta property=\"og:image:type\" content=\"image\/jpeg\" \/>\n<meta name=\"author\" content=\"Aconteceu no Vale\" \/>\n<meta name=\"twitter:card\" content=\"summary_large_image\" \/>\n<meta name=\"twitter:creator\" content=\"@noticiadosvales\" \/>\n<meta name=\"twitter:site\" content=\"@noticiadosvales\" \/>\n<meta name=\"twitter:label1\" content=\"Escrito por\" \/>\n\t<meta name=\"twitter:data1\" content=\"Aconteceu no Vale\" \/>\n\t<meta name=\"twitter:label2\" content=\"Est. tempo de leitura\" \/>\n\t<meta name=\"twitter:data2\" content=\"3 minutos\" \/>\n<script type=\"application\/ld+json\" class=\"yoast-schema-graph\">{\"@context\":\"https:\\\/\\\/schema.org\",\"@graph\":[{\"@type\":\"Article\",\"@id\":\"https:\\\/\\\/aconteceunovale.com.br\\\/portal\\\/?p=153106#article\",\"isPartOf\":{\"@id\":\"https:\\\/\\\/aconteceunovale.com.br\\\/portal\\\/?p=153106\"},\"author\":{\"name\":\"Aconteceu no Vale\",\"@id\":\"https:\\\/\\\/aconteceunovale.com.br\\\/portal\\\/#\\\/schema\\\/person\\\/633529146f2c94272bef50ac2953d589\"},\"headline\":\"Brasil registra 4.507 casos confirmados de sarampo\",\"datePublished\":\"2019-09-26T02:37:46+00:00\",\"dateModified\":\"2019-09-26T02:43:12+00:00\",\"mainEntityOfPage\":{\"@id\":\"https:\\\/\\\/aconteceunovale.com.br\\\/portal\\\/?p=153106\"},\"wordCount\":659,\"commentCount\":0,\"image\":{\"@id\":\"https:\\\/\\\/aconteceunovale.com.br\\\/portal\\\/?p=153106#primaryimage\"},\"thumbnailUrl\":\"https:\\\/\\\/aconteceunovale.com.br\\\/portal\\\/wp-content\\\/uploads\\\/2019\\\/09\\\/sarampo.jpeg\",\"keywords\":[\"Brasil registra 4.507 casos confirmados de sarampo\",\"Casos de sarampo no Brasil\",\"Sarampo no Brasil\",\"Vacina\u00e7\u00e3o contra Sarampo\",\"V\u00edtimas do Sarampo\"],\"articleSection\":[\"Brasil\",\"Sa\u00fade\"],\"inLanguage\":\"pt-BR\",\"potentialAction\":[{\"@type\":\"CommentAction\",\"name\":\"Comment\",\"target\":[\"https:\\\/\\\/aconteceunovale.com.br\\\/portal\\\/?p=153106#respond\"]}]},{\"@type\":\"WebPage\",\"@id\":\"https:\\\/\\\/aconteceunovale.com.br\\\/portal\\\/?p=153106\",\"url\":\"https:\\\/\\\/aconteceunovale.com.br\\\/portal\\\/?p=153106\",\"name\":\"Brasil registra 4.507 casos confirmados de sarampo - Aconteceu no Vale\",\"isPartOf\":{\"@id\":\"https:\\\/\\\/aconteceunovale.com.br\\\/portal\\\/#website\"},\"primaryImageOfPage\":{\"@id\":\"https:\\\/\\\/aconteceunovale.com.br\\\/portal\\\/?p=153106#primaryimage\"},\"image\":{\"@id\":\"https:\\\/\\\/aconteceunovale.com.br\\\/portal\\\/?p=153106#primaryimage\"},\"thumbnailUrl\":\"https:\\\/\\\/aconteceunovale.com.br\\\/portal\\\/wp-content\\\/uploads\\\/2019\\\/09\\\/sarampo.jpeg\",\"datePublished\":\"2019-09-26T02:37:46+00:00\",\"dateModified\":\"2019-09-26T02:43:12+00:00\",\"author\":{\"@id\":\"https:\\\/\\\/aconteceunovale.com.br\\\/portal\\\/#\\\/schema\\\/person\\\/633529146f2c94272bef50ac2953d589\"},\"breadcrumb\":{\"@id\":\"https:\\\/\\\/aconteceunovale.com.br\\\/portal\\\/?p=153106#breadcrumb\"},\"inLanguage\":\"pt-BR\",\"potentialAction\":[{\"@type\":\"ReadAction\",\"target\":[\"https:\\\/\\\/aconteceunovale.com.br\\\/portal\\\/?p=153106\"]}]},{\"@type\":\"ImageObject\",\"inLanguage\":\"pt-BR\",\"@id\":\"https:\\\/\\\/aconteceunovale.com.br\\\/portal\\\/?p=153106#primaryimage\",\"url\":\"https:\\\/\\\/aconteceunovale.com.br\\\/portal\\\/wp-content\\\/uploads\\\/2019\\\/09\\\/sarampo.jpeg\",\"contentUrl\":\"https:\\\/\\\/aconteceunovale.com.br\\\/portal\\\/wp-content\\\/uploads\\\/2019\\\/09\\\/sarampo.jpeg\",\"width\":675,\"height\":450},{\"@type\":\"BreadcrumbList\",\"@id\":\"https:\\\/\\\/aconteceunovale.com.br\\\/portal\\\/?p=153106#breadcrumb\",\"itemListElement\":[{\"@type\":\"ListItem\",\"position\":1,\"name\":\"In\u00edcio\",\"item\":\"https:\\\/\\\/aconteceunovale.com.br\\\/portal\\\/\"},{\"@type\":\"ListItem\",\"position\":2,\"name\":\"Brasil registra 4.507 casos confirmados de sarampo\"}]},{\"@type\":\"WebSite\",\"@id\":\"https:\\\/\\\/aconteceunovale.com.br\\\/portal\\\/#website\",\"url\":\"https:\\\/\\\/aconteceunovale.com.br\\\/portal\\\/\",\"name\":\"Aconteceu no Vale\",\"description\":\"Portal de Not\u00edcias\",\"potentialAction\":[{\"@type\":\"SearchAction\",\"target\":{\"@type\":\"EntryPoint\",\"urlTemplate\":\"https:\\\/\\\/aconteceunovale.com.br\\\/portal\\\/?s={search_term_string}\"},\"query-input\":{\"@type\":\"PropertyValueSpecification\",\"valueRequired\":true,\"valueName\":\"search_term_string\"}}],\"inLanguage\":\"pt-BR\"},{\"@type\":\"Person\",\"@id\":\"https:\\\/\\\/aconteceunovale.com.br\\\/portal\\\/#\\\/schema\\\/person\\\/633529146f2c94272bef50ac2953d589\",\"name\":\"Aconteceu no Vale\",\"description\":\"Equipe de reportagem do Aconteceu no Vale, portal de not\u00edcias do Vale do Jequitinhonha, em Minas Gerais. Cobrimos as 51 cidades do Vale desde 2013. Sugest\u00f5es de pauta e pedidos de corre\u00e7\u00e3o: contato@aconteceunovale.com.br\",\"sameAs\":[\"http:\\\/\\\/www.aconteceunovale.com.br\"],\"url\":\"https:\\\/\\\/aconteceunovale.com.br\\\/portal\\\/?author=1\"}]}<\/script>\n<!-- \/ Yoast SEO plugin. -->","yoast_head_json":{"title":"Brasil registra 4.507 casos confirmados de sarampo - Aconteceu no Vale","robots":{"index":"index","follow":"follow","max-snippet":"max-snippet:-1","max-image-preview":"max-image-preview:large","max-video-preview":"max-video-preview:-1"},"canonical":"https:\/\/aconteceunovale.com.br\/portal\/?p=153106","og_locale":"pt_BR","og_type":"article","og_title":"Brasil registra 4.507 casos confirmados de sarampo - Aconteceu no Vale","og_description":"O Brasil registrou 4.507 casos confirmados de sarampo em 19 estados, nos \u00faltimos 90 dias, de acordo com balan\u00e7o divulgado hoje (25) pelo Minist\u00e9rio da Sa\u00fade. O n\u00famero representa um aumento de 13% em rela\u00e7\u00e3o ao\u00a0\u00faltimo monitoramento.\u00a0Cear\u00e1 e Para\u00edba passaram a integrar a lista de estados com transmiss\u00e3o ativa do sarampo. Os dados referem-se ao [&hellip;]","og_url":"https:\/\/aconteceunovale.com.br\/portal\/?p=153106","og_site_name":"Aconteceu no Vale","article_publisher":"https:\/\/www.facebook.com\/aconteceunovale\/","article_published_time":"2019-09-26T02:37:46+00:00","article_modified_time":"2019-09-26T02:43:12+00:00","og_image":[{"width":675,"height":450,"url":"https:\/\/aconteceunovale.com.br\/portal\/wp-content\/uploads\/2019\/09\/sarampo.jpeg","type":"image\/jpeg"}],"author":"Aconteceu no Vale","twitter_card":"summary_large_image","twitter_creator":"@noticiadosvales","twitter_site":"@noticiadosvales","twitter_misc":{"Escrito por":"Aconteceu no Vale","Est. tempo de leitura":"3 minutos"},"schema":{"@context":"https:\/\/schema.org","@graph":[{"@type":"Article","@id":"https:\/\/aconteceunovale.com.br\/portal\/?p=153106#article","isPartOf":{"@id":"https:\/\/aconteceunovale.com.br\/portal\/?p=153106"},"author":{"name":"Aconteceu no Vale","@id":"https:\/\/aconteceunovale.com.br\/portal\/#\/schema\/person\/633529146f2c94272bef50ac2953d589"},"headline":"Brasil registra 4.507 casos confirmados de sarampo","datePublished":"2019-09-26T02:37:46+00:00","dateModified":"2019-09-26T02:43:12+00:00","mainEntityOfPage":{"@id":"https:\/\/aconteceunovale.com.br\/portal\/?p=153106"},"wordCount":659,"commentCount":0,"image":{"@id":"https:\/\/aconteceunovale.com.br\/portal\/?p=153106#primaryimage"},"thumbnailUrl":"https:\/\/aconteceunovale.com.br\/portal\/wp-content\/uploads\/2019\/09\/sarampo.jpeg","keywords":["Brasil registra 4.507 casos confirmados de sarampo","Casos de sarampo no Brasil","Sarampo no Brasil","Vacina\u00e7\u00e3o contra Sarampo","V\u00edtimas do Sarampo"],"articleSection":["Brasil","Sa\u00fade"],"inLanguage":"pt-BR","potentialAction":[{"@type":"CommentAction","name":"Comment","target":["https:\/\/aconteceunovale.com.br\/portal\/?p=153106#respond"]}]},{"@type":"WebPage","@id":"https:\/\/aconteceunovale.com.br\/portal\/?p=153106","url":"https:\/\/aconteceunovale.com.br\/portal\/?p=153106","name":"Brasil registra 4.507 casos confirmados de sarampo - Aconteceu no Vale","isPartOf":{"@id":"https:\/\/aconteceunovale.com.br\/portal\/#website"},"primaryImageOfPage":{"@id":"https:\/\/aconteceunovale.com.br\/portal\/?p=153106#primaryimage"},"image":{"@id":"https:\/\/aconteceunovale.com.br\/portal\/?p=153106#primaryimage"},"thumbnailUrl":"https:\/\/aconteceunovale.com.br\/portal\/wp-content\/uploads\/2019\/09\/sarampo.jpeg","datePublished":"2019-09-26T02:37:46+00:00","dateModified":"2019-09-26T02:43:12+00:00","author":{"@id":"https:\/\/aconteceunovale.com.br\/portal\/#\/schema\/person\/633529146f2c94272bef50ac2953d589"},"breadcrumb":{"@id":"https:\/\/aconteceunovale.com.br\/portal\/?p=153106#breadcrumb"},"inLanguage":"pt-BR","potentialAction":[{"@type":"ReadAction","target":["https:\/\/aconteceunovale.com.br\/portal\/?p=153106"]}]},{"@type":"ImageObject","inLanguage":"pt-BR","@id":"https:\/\/aconteceunovale.com.br\/portal\/?p=153106#primaryimage","url":"https:\/\/aconteceunovale.com.br\/portal\/wp-content\/uploads\/2019\/09\/sarampo.jpeg","contentUrl":"https:\/\/aconteceunovale.com.br\/portal\/wp-content\/uploads\/2019\/09\/sarampo.jpeg","width":675,"height":450},{"@type":"BreadcrumbList","@id":"https:\/\/aconteceunovale.com.br\/portal\/?p=153106#breadcrumb","itemListElement":[{"@type":"ListItem","position":1,"name":"In\u00edcio","item":"https:\/\/aconteceunovale.com.br\/portal\/"},{"@type":"ListItem","position":2,"name":"Brasil registra 4.507 casos confirmados de sarampo"}]},{"@type":"WebSite","@id":"https:\/\/aconteceunovale.com.br\/portal\/#website","url":"https:\/\/aconteceunovale.com.br\/portal\/","name":"Aconteceu no Vale","description":"Portal de Not\u00edcias","potentialAction":[{"@type":"SearchAction","target":{"@type":"EntryPoint","urlTemplate":"https:\/\/aconteceunovale.com.br\/portal\/?s={search_term_string}"},"query-input":{"@type":"PropertyValueSpecification","valueRequired":true,"valueName":"search_term_string"}}],"inLanguage":"pt-BR"},{"@type":"Person","@id":"https:\/\/aconteceunovale.com.br\/portal\/#\/schema\/person\/633529146f2c94272bef50ac2953d589","name":"Aconteceu no Vale","description":"Equipe de reportagem do Aconteceu no Vale, portal de not\u00edcias do Vale do Jequitinhonha, em Minas Gerais. Cobrimos as 51 cidades do Vale desde 2013. Sugest\u00f5es de pauta e pedidos de corre\u00e7\u00e3o: contato@aconteceunovale.com.br","sameAs":["http:\/\/www.aconteceunovale.com.br"],"url":"https:\/\/aconteceunovale.com.br\/portal\/?author=1"}]}},"_links":{"self":[{"href":"https:\/\/aconteceunovale.com.br\/portal\/index.php?rest_route=\/wp\/v2\/posts\/153106","targetHints":{"allow":["GET"]}}],"collection":[{"href":"https:\/\/aconteceunovale.com.br\/portal\/index.php?rest_route=\/wp\/v2\/posts"}],"about":[{"href":"https:\/\/aconteceunovale.com.br\/portal\/index.php?rest_route=\/wp\/v2\/types\/post"}],"author":[{"embeddable":true,"href":"https:\/\/aconteceunovale.com.br\/portal\/index.php?rest_route=\/wp\/v2\/users\/1"}],"replies":[{"embeddable":true,"href":"https:\/\/aconteceunovale.com.br\/portal\/index.php?rest_route=%2Fwp%2Fv2%2Fcomments&post=153106"}],"version-history":[{"count":2,"href":"https:\/\/aconteceunovale.com.br\/portal\/index.php?rest_route=\/wp\/v2\/posts\/153106\/revisions"}],"predecessor-version":[{"id":153110,"href":"https:\/\/aconteceunovale.com.br\/portal\/index.php?rest_route=\/wp\/v2\/posts\/153106\/revisions\/153110"}],"wp:featuredmedia":[{"embeddable":true,"href":"https:\/\/aconteceunovale.com.br\/portal\/index.php?rest_route=\/wp\/v2\/media\/153107"}],"wp:attachment":[{"href":"https:\/\/aconteceunovale.com.br\/portal\/index.php?rest_route=%2Fwp%2Fv2%2Fmedia&parent=153106"}],"wp:term":[{"taxonomy":"category","embeddable":true,"href":"https:\/\/aconteceunovale.com.br\/portal\/index.php?rest_route=%2Fwp%2Fv2%2Fcategories&post=153106"},{"taxonomy":"post_tag","embeddable":true,"href":"https:\/\/aconteceunovale.com.br\/portal\/index.php?rest_route=%2Fwp%2Fv2%2Ftags&post=153106"}],"curies":[{"name":"wp","href":"https:\/\/api.w.org\/{rel}","templated":true}]}}