{"id":153104,"date":"2019-09-25T23:34:19","date_gmt":"2019-09-26T02:34:19","guid":{"rendered":"http:\/\/aconteceunovale.com.br\/portal\/?p=153104"},"modified":"2019-09-25T23:35:09","modified_gmt":"2019-09-26T02:35:09","slug":"brasil-tem-5o-mes-consecutivo-com-saldo-positivo-de-emprego","status":"publish","type":"post","link":"https:\/\/aconteceunovale.com.br\/portal\/?p=153104","title":{"rendered":"Brasil tem 5\u00ba m\u00eas consecutivo com saldo positivo de emprego"},"content":{"rendered":"\n<p class=\"wp-block-paragraph\">Pelo quinto m\u00eas consecutivo, o Brasil teve um saldo positivo na gera\u00e7\u00e3o de emprego formal. Em agosto, o n\u00famero de vagas adicionais no mercado de trabalho foi 121.387, que \u00e9 o saldo positivo decorrente 1.382.407 admiss\u00f5es e de 1.261.020 desligamentos. As informa\u00e7\u00f5es s\u00e3o do Cadastro Geral de Empregados e Desempregados (Caged), divulgado nesta quarta-feira (25) pela Secretaria de Trabalho da Secretaria Especial de Previd\u00eancia e Trabalho do Minist\u00e9rio da Economia.<\/p>\n\n\n\n<p class=\"wp-block-paragraph\">O resultado de agosto representa uma varia\u00e7\u00e3o de 0,31% em rela\u00e7\u00e3o ao m\u00eas anterior. Foi o melhor resultado para o m\u00eas de agosto desde 2013, segundo os n\u00fameros. No acumulado de 2019 foram criados 593.467 novos postos, com varia\u00e7\u00e3o de 1,55% do estoque do ano anterior. No mesmo per\u00edodo de 2018 houve crescimento de 568.551 empregos.&nbsp;<\/p>\n\n\n\n<p class=\"wp-block-paragraph\">Entre os principais setores da economia, quatro tiveram saldo positivo de emprego e em dois houve mais fechamento de vagas no m\u00eas encerrado em agosto. Lidera o n\u00famero de empregos gerados a \u00e1rea de servi\u00e7os (61.730 postos), seguida por com\u00e9rcio (23.626), ind\u00fastria de transforma\u00e7\u00e3o (19.517), constru\u00e7\u00e3o civil (17.306), administra\u00e7\u00e3o p\u00fablica (1.391) e extrativa mineral (1.235). Apresentaram saldo negativo a agropecu\u00e1ria (-3.341 postos) e os servi\u00e7os industriais de utilidade p\u00fablica\/SIUP (-77 postos).<\/p>\n\n\n\n<h2 class=\"wp-block-heading\">Regi\u00f5es e sal\u00e1rio m\u00e9dio<\/h2>\n\n\n\n<p class=\"wp-block-paragraph\">Todas as cinco macroreegi\u00f5es do pa\u00eds registraram saldo positivo de emprego em agosto. No Sudeste, foram criados 51.382 novos empregos, seguido&nbsp;por Nordeste (34.697), Sul (13.267), Centro-Oeste (11.431) e Norte (10.610).&nbsp;<\/p>\n\n\n\n<p class=\"wp-block-paragraph\">O sal\u00e1rio m\u00e9dio de admiss\u00e3o em agosto de 2019 foi de R$ 1.619,45 e o sal\u00e1rio m\u00e9dio de desligamento, de R$1.769,59. Em termos reais (mediante deflacionamento pelo \u00cdndice Nacional de Pre\u00e7os ao Consumidor &#8211; INPC) houve aumento de 0,44% no sal\u00e1rio de admiss\u00e3o e 0,09% no sal\u00e1rio de desligamento em compara\u00e7\u00e3o ao m\u00eas anterior. Em rela\u00e7\u00e3o ao mesmo m\u00eas do ano anterior foi registrado crescimento de 1,97% para o sal\u00e1rio m\u00e9dio de admiss\u00e3o e de 1,02% para o sal\u00e1rio de desligamento.<\/p>\n\n\n\n<h2 class=\"wp-block-heading\">Reforma trabalhista<\/h2>\n\n\n\n<p class=\"wp-block-paragraph\">Com base nas regras da reforma trabalhista, que permite acordo de demiss\u00e3o entre patr\u00f5es e empregados, o Caged registrou um total de 18.420 desligamentos nessa modalidade, que representa 1,5% do total envolvendo 13.351 estabelecimentos, em um universo de 12.105 empresas.<\/p>\n\n\n\n<p class=\"wp-block-paragraph\">O m\u00eas&nbsp;de agosto&nbsp;tamb\u00e9m registrou 12.929 admiss\u00f5es e 6.356 desligamentos na modalidade de trabalho intermitente, em que o empregado fica \u00e0 disposi\u00e7\u00e3o do empregador, mas s\u00f3 recebe quando \u00e9 convocado a trabalhar. Esse tipo de contrata\u00e7\u00e3o gerou, no m\u00eas passado, um saldo de 6.573 empregos, envolvendo 3.239 estabelecimentos e 2.830 empresas contratantes. Um total de 85 empregados celebrou mais de um contrato na condi\u00e7\u00e3o de trabalhador intermitente.<\/p>\n\n\n\n<p class=\"wp-block-paragraph\">Foram registradas em&nbsp;agosto 7.804 admiss\u00f5es em regime de tempo parcial e 5.154 desligamentos, gerando saldo de 2.650 empregos, envolvendo 4.211 estabelecimentos e 3.583 empresas contratantes. Um total de 44 empregados celebrou mais de um contrato em regime de tempo parcial.<\/p>\n\n\n\n<p class=\"wp-block-paragraph\">Pelas redes sociais, o presidente Jair Bolsonaro comentou os dados do Caged e disse que &#8220;o Brasil segue se recuperando&#8221;.\u00a0<\/p>\n\n\n\n<p class=\"has-text-color has-background has-very-light-gray-color has-very-dark-gray-background-color wp-block-paragraph\"><strong>VER PRIMEIRO: <\/strong>Receba as not\u00edcias do Aconteceu no Vale em primeira m\u00e3o. Clique em curtir no endere\u00e7o <a href=\"https:\/\/www.facebook.com\/aconteceunovale\" target=\"_blank\" rel=\"noreferrer noopener\">www.facebook.com\/aconteceunovale<\/a>.<\/p>\n","protected":false},"excerpt":{"rendered":"<p>Pelo quinto m\u00eas consecutivo, o Brasil teve um saldo positivo na gera\u00e7\u00e3o de emprego formal. Em agosto, o n\u00famero de vagas adicionais no mercado de trabalho foi 121.387, que \u00e9 o saldo positivo decorrente 1.382.407 admiss\u00f5es e de 1.261.020 desligamentos. As informa\u00e7\u00f5es s\u00e3o do Cadastro Geral de Empregados e Desempregados (Caged), divulgado nesta quarta-feira (25) [&hellip;]<\/p>\n","protected":false},"author":1,"featured_media":153080,"comment_status":"open","ping_status":"closed","sticky":false,"template":"","format":"standard","meta":{"amp_status":"","footnotes":""},"categories":[6,40236],"tags":[207795,19007,207796,207797,207798,207799],"class_list":["post-153104","post","type-post","status-publish","format-standard","has-post-thumbnail","hentry","category-br","category-empregos-2","tag-brasil-tem-5o-mes-consecutivo-com-saldo-positivo-de-emprego","tag-caged","tag-caged-agosto","tag-empregos-no-brasil","tag-geracao-de-empregos-no-brasil","tag-recuperacao-do-brasil"],"yoast_head":"<!-- This site is optimized with the Yoast SEO plugin v28.3 - https:\/\/yoast.com\/product\/yoast-seo-wordpress\/ -->\n<title>Brasil tem 5\u00ba m\u00eas consecutivo com saldo positivo de emprego - Aconteceu no Vale<\/title>\n<meta name=\"robots\" content=\"index, follow, max-snippet:-1, max-image-preview:large, max-video-preview:-1\" \/>\n<link rel=\"canonical\" href=\"https:\/\/aconteceunovale.com.br\/portal\/?p=153104\" \/>\n<meta property=\"og:locale\" content=\"pt_BR\" \/>\n<meta property=\"og:type\" content=\"article\" \/>\n<meta property=\"og:title\" content=\"Brasil tem 5\u00ba m\u00eas consecutivo com saldo positivo de emprego - Aconteceu no Vale\" \/>\n<meta property=\"og:description\" content=\"Pelo quinto m\u00eas consecutivo, o Brasil teve um saldo positivo na gera\u00e7\u00e3o de emprego formal. Em agosto, o n\u00famero de vagas adicionais no mercado de trabalho foi 121.387, que \u00e9 o saldo positivo decorrente 1.382.407 admiss\u00f5es e de 1.261.020 desligamentos. As informa\u00e7\u00f5es s\u00e3o do Cadastro Geral de Empregados e Desempregados (Caged), divulgado nesta quarta-feira (25) [&hellip;]\" \/>\n<meta property=\"og:url\" content=\"https:\/\/aconteceunovale.com.br\/portal\/?p=153104\" \/>\n<meta property=\"og:site_name\" content=\"Aconteceu no Vale\" \/>\n<meta property=\"article:publisher\" content=\"https:\/\/www.facebook.com\/aconteceunovale\/\" \/>\n<meta property=\"article:published_time\" content=\"2019-09-26T02:34:19+00:00\" \/>\n<meta property=\"article:modified_time\" content=\"2019-09-26T02:35:09+00:00\" \/>\n<meta property=\"og:image\" content=\"https:\/\/aconteceunovale.com.br\/portal\/wp-content\/uploads\/2019\/09\/ctps_digital_vigor.png\" \/>\n\t<meta property=\"og:image:width\" content=\"619\" \/>\n\t<meta property=\"og:image:height\" content=\"450\" \/>\n\t<meta property=\"og:image:type\" content=\"image\/png\" \/>\n<meta name=\"author\" content=\"Aconteceu no Vale\" \/>\n<meta name=\"twitter:card\" content=\"summary_large_image\" \/>\n<meta name=\"twitter:creator\" content=\"@noticiadosvales\" \/>\n<meta name=\"twitter:site\" content=\"@noticiadosvales\" \/>\n<meta name=\"twitter:label1\" content=\"Escrito por\" \/>\n\t<meta name=\"twitter:data1\" content=\"Aconteceu no Vale\" \/>\n\t<meta name=\"twitter:label2\" content=\"Est. tempo de leitura\" \/>\n\t<meta name=\"twitter:data2\" content=\"3 minutos\" \/>\n<script type=\"application\/ld+json\" class=\"yoast-schema-graph\">{\"@context\":\"https:\\\/\\\/schema.org\",\"@graph\":[{\"@type\":\"Article\",\"@id\":\"https:\\\/\\\/aconteceunovale.com.br\\\/portal\\\/?p=153104#article\",\"isPartOf\":{\"@id\":\"https:\\\/\\\/aconteceunovale.com.br\\\/portal\\\/?p=153104\"},\"author\":{\"name\":\"Aconteceu no Vale\",\"@id\":\"https:\\\/\\\/aconteceunovale.com.br\\\/portal\\\/#\\\/schema\\\/person\\\/633529146f2c94272bef50ac2953d589\"},\"headline\":\"Brasil tem 5\u00ba m\u00eas consecutivo com saldo positivo de emprego\",\"datePublished\":\"2019-09-26T02:34:19+00:00\",\"dateModified\":\"2019-09-26T02:35:09+00:00\",\"mainEntityOfPage\":{\"@id\":\"https:\\\/\\\/aconteceunovale.com.br\\\/portal\\\/?p=153104\"},\"wordCount\":537,\"commentCount\":0,\"image\":{\"@id\":\"https:\\\/\\\/aconteceunovale.com.br\\\/portal\\\/?p=153104#primaryimage\"},\"thumbnailUrl\":\"https:\\\/\\\/aconteceunovale.com.br\\\/portal\\\/wp-content\\\/uploads\\\/2019\\\/09\\\/ctps_digital_vigor.png\",\"keywords\":[\"Brasil tem 5\u00ba m\u00eas consecutivo com saldo positivo de emprego\",\"Caged\",\"Caged agosto\",\"Empregos no Brasil\",\"Gera\u00e7\u00e3o de empregos no Brasil\",\"Recupera\u00e7\u00e3o do Brasil\"],\"articleSection\":[\"Brasil\",\"Empregos\"],\"inLanguage\":\"pt-BR\",\"potentialAction\":[{\"@type\":\"CommentAction\",\"name\":\"Comment\",\"target\":[\"https:\\\/\\\/aconteceunovale.com.br\\\/portal\\\/?p=153104#respond\"]}]},{\"@type\":\"WebPage\",\"@id\":\"https:\\\/\\\/aconteceunovale.com.br\\\/portal\\\/?p=153104\",\"url\":\"https:\\\/\\\/aconteceunovale.com.br\\\/portal\\\/?p=153104\",\"name\":\"Brasil tem 5\u00ba m\u00eas consecutivo com saldo positivo de emprego - Aconteceu no Vale\",\"isPartOf\":{\"@id\":\"https:\\\/\\\/aconteceunovale.com.br\\\/portal\\\/#website\"},\"primaryImageOfPage\":{\"@id\":\"https:\\\/\\\/aconteceunovale.com.br\\\/portal\\\/?p=153104#primaryimage\"},\"image\":{\"@id\":\"https:\\\/\\\/aconteceunovale.com.br\\\/portal\\\/?p=153104#primaryimage\"},\"thumbnailUrl\":\"https:\\\/\\\/aconteceunovale.com.br\\\/portal\\\/wp-content\\\/uploads\\\/2019\\\/09\\\/ctps_digital_vigor.png\",\"datePublished\":\"2019-09-26T02:34:19+00:00\",\"dateModified\":\"2019-09-26T02:35:09+00:00\",\"author\":{\"@id\":\"https:\\\/\\\/aconteceunovale.com.br\\\/portal\\\/#\\\/schema\\\/person\\\/633529146f2c94272bef50ac2953d589\"},\"breadcrumb\":{\"@id\":\"https:\\\/\\\/aconteceunovale.com.br\\\/portal\\\/?p=153104#breadcrumb\"},\"inLanguage\":\"pt-BR\",\"potentialAction\":[{\"@type\":\"ReadAction\",\"target\":[\"https:\\\/\\\/aconteceunovale.com.br\\\/portal\\\/?p=153104\"]}]},{\"@type\":\"ImageObject\",\"inLanguage\":\"pt-BR\",\"@id\":\"https:\\\/\\\/aconteceunovale.com.br\\\/portal\\\/?p=153104#primaryimage\",\"url\":\"https:\\\/\\\/aconteceunovale.com.br\\\/portal\\\/wp-content\\\/uploads\\\/2019\\\/09\\\/ctps_digital_vigor.png\",\"contentUrl\":\"https:\\\/\\\/aconteceunovale.com.br\\\/portal\\\/wp-content\\\/uploads\\\/2019\\\/09\\\/ctps_digital_vigor.png\",\"width\":619,\"height\":450},{\"@type\":\"BreadcrumbList\",\"@id\":\"https:\\\/\\\/aconteceunovale.com.br\\\/portal\\\/?p=153104#breadcrumb\",\"itemListElement\":[{\"@type\":\"ListItem\",\"position\":1,\"name\":\"In\u00edcio\",\"item\":\"https:\\\/\\\/aconteceunovale.com.br\\\/portal\\\/\"},{\"@type\":\"ListItem\",\"position\":2,\"name\":\"Brasil tem 5\u00ba m\u00eas consecutivo com saldo positivo de emprego\"}]},{\"@type\":\"WebSite\",\"@id\":\"https:\\\/\\\/aconteceunovale.com.br\\\/portal\\\/#website\",\"url\":\"https:\\\/\\\/aconteceunovale.com.br\\\/portal\\\/\",\"name\":\"Aconteceu no Vale\",\"description\":\"Portal de Not\u00edcias\",\"potentialAction\":[{\"@type\":\"SearchAction\",\"target\":{\"@type\":\"EntryPoint\",\"urlTemplate\":\"https:\\\/\\\/aconteceunovale.com.br\\\/portal\\\/?s={search_term_string}\"},\"query-input\":{\"@type\":\"PropertyValueSpecification\",\"valueRequired\":true,\"valueName\":\"search_term_string\"}}],\"inLanguage\":\"pt-BR\"},{\"@type\":\"Person\",\"@id\":\"https:\\\/\\\/aconteceunovale.com.br\\\/portal\\\/#\\\/schema\\\/person\\\/633529146f2c94272bef50ac2953d589\",\"name\":\"Aconteceu no Vale\",\"description\":\"Equipe de reportagem do Aconteceu no Vale, portal de not\u00edcias do Vale do Jequitinhonha, em Minas Gerais. Cobrimos as 51 cidades do Vale desde 2013. Sugest\u00f5es de pauta e pedidos de corre\u00e7\u00e3o: contato@aconteceunovale.com.br\",\"sameAs\":[\"http:\\\/\\\/www.aconteceunovale.com.br\"],\"url\":\"https:\\\/\\\/aconteceunovale.com.br\\\/portal\\\/?author=1\"}]}<\/script>\n<!-- \/ Yoast SEO plugin. -->","yoast_head_json":{"title":"Brasil tem 5\u00ba m\u00eas consecutivo com saldo positivo de emprego - Aconteceu no Vale","robots":{"index":"index","follow":"follow","max-snippet":"max-snippet:-1","max-image-preview":"max-image-preview:large","max-video-preview":"max-video-preview:-1"},"canonical":"https:\/\/aconteceunovale.com.br\/portal\/?p=153104","og_locale":"pt_BR","og_type":"article","og_title":"Brasil tem 5\u00ba m\u00eas consecutivo com saldo positivo de emprego - Aconteceu no Vale","og_description":"Pelo quinto m\u00eas consecutivo, o Brasil teve um saldo positivo na gera\u00e7\u00e3o de emprego formal. Em agosto, o n\u00famero de vagas adicionais no mercado de trabalho foi 121.387, que \u00e9 o saldo positivo decorrente 1.382.407 admiss\u00f5es e de 1.261.020 desligamentos. As informa\u00e7\u00f5es s\u00e3o do Cadastro Geral de Empregados e Desempregados (Caged), divulgado nesta quarta-feira (25) [&hellip;]","og_url":"https:\/\/aconteceunovale.com.br\/portal\/?p=153104","og_site_name":"Aconteceu no Vale","article_publisher":"https:\/\/www.facebook.com\/aconteceunovale\/","article_published_time":"2019-09-26T02:34:19+00:00","article_modified_time":"2019-09-26T02:35:09+00:00","og_image":[{"width":619,"height":450,"url":"https:\/\/aconteceunovale.com.br\/portal\/wp-content\/uploads\/2019\/09\/ctps_digital_vigor.png","type":"image\/png"}],"author":"Aconteceu no Vale","twitter_card":"summary_large_image","twitter_creator":"@noticiadosvales","twitter_site":"@noticiadosvales","twitter_misc":{"Escrito por":"Aconteceu no Vale","Est. tempo de leitura":"3 minutos"},"schema":{"@context":"https:\/\/schema.org","@graph":[{"@type":"Article","@id":"https:\/\/aconteceunovale.com.br\/portal\/?p=153104#article","isPartOf":{"@id":"https:\/\/aconteceunovale.com.br\/portal\/?p=153104"},"author":{"name":"Aconteceu no Vale","@id":"https:\/\/aconteceunovale.com.br\/portal\/#\/schema\/person\/633529146f2c94272bef50ac2953d589"},"headline":"Brasil tem 5\u00ba m\u00eas consecutivo com saldo positivo de emprego","datePublished":"2019-09-26T02:34:19+00:00","dateModified":"2019-09-26T02:35:09+00:00","mainEntityOfPage":{"@id":"https:\/\/aconteceunovale.com.br\/portal\/?p=153104"},"wordCount":537,"commentCount":0,"image":{"@id":"https:\/\/aconteceunovale.com.br\/portal\/?p=153104#primaryimage"},"thumbnailUrl":"https:\/\/aconteceunovale.com.br\/portal\/wp-content\/uploads\/2019\/09\/ctps_digital_vigor.png","keywords":["Brasil tem 5\u00ba m\u00eas consecutivo com saldo positivo de emprego","Caged","Caged agosto","Empregos no Brasil","Gera\u00e7\u00e3o de empregos no Brasil","Recupera\u00e7\u00e3o do Brasil"],"articleSection":["Brasil","Empregos"],"inLanguage":"pt-BR","potentialAction":[{"@type":"CommentAction","name":"Comment","target":["https:\/\/aconteceunovale.com.br\/portal\/?p=153104#respond"]}]},{"@type":"WebPage","@id":"https:\/\/aconteceunovale.com.br\/portal\/?p=153104","url":"https:\/\/aconteceunovale.com.br\/portal\/?p=153104","name":"Brasil tem 5\u00ba m\u00eas consecutivo com saldo positivo de emprego - Aconteceu no Vale","isPartOf":{"@id":"https:\/\/aconteceunovale.com.br\/portal\/#website"},"primaryImageOfPage":{"@id":"https:\/\/aconteceunovale.com.br\/portal\/?p=153104#primaryimage"},"image":{"@id":"https:\/\/aconteceunovale.com.br\/portal\/?p=153104#primaryimage"},"thumbnailUrl":"https:\/\/aconteceunovale.com.br\/portal\/wp-content\/uploads\/2019\/09\/ctps_digital_vigor.png","datePublished":"2019-09-26T02:34:19+00:00","dateModified":"2019-09-26T02:35:09+00:00","author":{"@id":"https:\/\/aconteceunovale.com.br\/portal\/#\/schema\/person\/633529146f2c94272bef50ac2953d589"},"breadcrumb":{"@id":"https:\/\/aconteceunovale.com.br\/portal\/?p=153104#breadcrumb"},"inLanguage":"pt-BR","potentialAction":[{"@type":"ReadAction","target":["https:\/\/aconteceunovale.com.br\/portal\/?p=153104"]}]},{"@type":"ImageObject","inLanguage":"pt-BR","@id":"https:\/\/aconteceunovale.com.br\/portal\/?p=153104#primaryimage","url":"https:\/\/aconteceunovale.com.br\/portal\/wp-content\/uploads\/2019\/09\/ctps_digital_vigor.png","contentUrl":"https:\/\/aconteceunovale.com.br\/portal\/wp-content\/uploads\/2019\/09\/ctps_digital_vigor.png","width":619,"height":450},{"@type":"BreadcrumbList","@id":"https:\/\/aconteceunovale.com.br\/portal\/?p=153104#breadcrumb","itemListElement":[{"@type":"ListItem","position":1,"name":"In\u00edcio","item":"https:\/\/aconteceunovale.com.br\/portal\/"},{"@type":"ListItem","position":2,"name":"Brasil tem 5\u00ba m\u00eas consecutivo com saldo positivo de emprego"}]},{"@type":"WebSite","@id":"https:\/\/aconteceunovale.com.br\/portal\/#website","url":"https:\/\/aconteceunovale.com.br\/portal\/","name":"Aconteceu no Vale","description":"Portal de Not\u00edcias","potentialAction":[{"@type":"SearchAction","target":{"@type":"EntryPoint","urlTemplate":"https:\/\/aconteceunovale.com.br\/portal\/?s={search_term_string}"},"query-input":{"@type":"PropertyValueSpecification","valueRequired":true,"valueName":"search_term_string"}}],"inLanguage":"pt-BR"},{"@type":"Person","@id":"https:\/\/aconteceunovale.com.br\/portal\/#\/schema\/person\/633529146f2c94272bef50ac2953d589","name":"Aconteceu no Vale","description":"Equipe de reportagem do Aconteceu no Vale, portal de not\u00edcias do Vale do Jequitinhonha, em Minas Gerais. Cobrimos as 51 cidades do Vale desde 2013. Sugest\u00f5es de pauta e pedidos de corre\u00e7\u00e3o: contato@aconteceunovale.com.br","sameAs":["http:\/\/www.aconteceunovale.com.br"],"url":"https:\/\/aconteceunovale.com.br\/portal\/?author=1"}]}},"_links":{"self":[{"href":"https:\/\/aconteceunovale.com.br\/portal\/index.php?rest_route=\/wp\/v2\/posts\/153104","targetHints":{"allow":["GET"]}}],"collection":[{"href":"https:\/\/aconteceunovale.com.br\/portal\/index.php?rest_route=\/wp\/v2\/posts"}],"about":[{"href":"https:\/\/aconteceunovale.com.br\/portal\/index.php?rest_route=\/wp\/v2\/types\/post"}],"author":[{"embeddable":true,"href":"https:\/\/aconteceunovale.com.br\/portal\/index.php?rest_route=\/wp\/v2\/users\/1"}],"replies":[{"embeddable":true,"href":"https:\/\/aconteceunovale.com.br\/portal\/index.php?rest_route=%2Fwp%2Fv2%2Fcomments&post=153104"}],"version-history":[{"count":1,"href":"https:\/\/aconteceunovale.com.br\/portal\/index.php?rest_route=\/wp\/v2\/posts\/153104\/revisions"}],"predecessor-version":[{"id":153105,"href":"https:\/\/aconteceunovale.com.br\/portal\/index.php?rest_route=\/wp\/v2\/posts\/153104\/revisions\/153105"}],"wp:featuredmedia":[{"embeddable":true,"href":"https:\/\/aconteceunovale.com.br\/portal\/index.php?rest_route=\/wp\/v2\/media\/153080"}],"wp:attachment":[{"href":"https:\/\/aconteceunovale.com.br\/portal\/index.php?rest_route=%2Fwp%2Fv2%2Fmedia&parent=153104"}],"wp:term":[{"taxonomy":"category","embeddable":true,"href":"https:\/\/aconteceunovale.com.br\/portal\/index.php?rest_route=%2Fwp%2Fv2%2Fcategories&post=153104"},{"taxonomy":"post_tag","embeddable":true,"href":"https:\/\/aconteceunovale.com.br\/portal\/index.php?rest_route=%2Fwp%2Fv2%2Ftags&post=153104"}],"curies":[{"name":"wp","href":"https:\/\/api.w.org\/{rel}","templated":true}]}}