{"id":153100,"date":"2019-09-25T23:18:29","date_gmt":"2019-09-26T02:18:29","guid":{"rendered":"http:\/\/aconteceunovale.com.br\/portal\/?p=153100"},"modified":"2019-09-25T23:20:58","modified_gmt":"2019-09-26T02:20:58","slug":"decisao-judicial-obriga-inss-a-regularizar-tramite-de-processos-administrativos-no-norte-de-minas","status":"publish","type":"post","link":"https:\/\/aconteceunovale.com.br\/portal\/?p=153100","title":{"rendered":"Decis\u00e3o judicial obriga INSS a regularizar tr\u00e2mite de processos administrativos no Norte de Minas"},"content":{"rendered":"\n<p class=\"wp-block-paragraph\">O Minist\u00e9rio P\u00fablico Federal (MPF) obteve decis\u00e3o judicial que obriga o Instituto Nacional do Seguro Social (INSS) a regularizar processos pendentes de cumprimento de dilig\u00eancias e an\u00e1lise de pedidos de revis\u00e3o de benef\u00edcios que se encontrem paralisados por mais de 30 e 45 dias, respectivamente, nas ag\u00eancias vinculadas \u00e0 Ger\u00eancia Executiva da Previd\u00eancia Social em Montes Claros.<\/p>\n\n\n\n<p class=\"wp-block-paragraph\">A decis\u00e3o alcan\u00e7a ag\u00eancias em 11 munic\u00edpios do norte de Minas Gerais: Montes Claros, Manga, Bocai\u00fava, Bras\u00edlia de Minas, Jana\u00faba, Janu\u00e1ria, Pirapora, Rio Pardo de Minas, Salinas, V\u00e1rzea da Palma e Espinosa, nas quais, de acordo com a\u00e7\u00e3o ajuizada pelo MPF no final do ano passado, verifica-se demora injustificada no cumprimento de dilig\u00eancias solicitadas pelas Juntas de Recursos da Previd\u00eancia Social ou em casos de revis\u00e3o de benef\u00edcio.<\/p>\n\n\n\n<p class=\"wp-block-paragraph\">Durante a investiga\u00e7\u00e3o, apurou-se que alguns processos ficaram represados na APS de Montes Claros e ag\u00eancias vinculadas por prazo superior a 5 mil dias (13 anos!), havendo registro de processos baixados \u00e0 APS no ano de 2002 ainda sem solu\u00e7\u00e3o em 2011.<\/p>\n\n\n\n<p class=\"wp-block-paragraph\">Verificou-se tamb\u00e9m que a situa\u00e7\u00e3o s\u00f3 vem piorando. Enquanto em 2012 havia 116 processos com algum tipo de pend\u00eancia, em 2016 j\u00e1 eram 450, e, em 2017, 575 processos aguardavam o cumprimento de dilig\u00eancias na GEX-MCL por per\u00edodo superior a 45 dias. Na ag\u00eancia de Montes Claros n\u00e3o foi dado andamento em nenhum dos 300 casos listados como pendentes desde 2012.<\/p>\n\n\n\n<p class=\"wp-block-paragraph\">A Portaria 323\/200714, do Minist\u00e9rio da Previd\u00eancia Social, estabelece prazos de at\u00e9 30 dias para cumprimento de dilig\u00eancias e de 45 dias para a conclus\u00e3o dos pedidos de revis\u00e3o de benef\u00edcio, e considerando que o tempo m\u00e9dio de espera para atendimento naquelas ag\u00eancias &#8220;destoa por completo dos padr\u00f5es m\u00ednimos de razoabilidade&#8221;, o MPF ingressou com a a\u00e7\u00e3o para obrigar o INSS a promover as adequa\u00e7\u00f5es necess\u00e1rias \u00e0 regulariza\u00e7\u00e3o do estoque de processos paralisados injustificadamente.<\/p>\n\n\n\n<p class=\"wp-block-paragraph\">Segundo o Minist\u00e9rio P\u00fablico Federal, &#8220;as falhas na presta\u00e7\u00e3o do servi\u00e7o p\u00fablico ocorrem de forma generalizada, permanente e grave, afetando os benefici\u00e1rios da regi\u00e3o (dependentes do cumprimento das dilig\u00eancias solicitadas pela inst\u00e2ncia recursal e tamb\u00e9m nos casos de revis\u00e3o de benef\u00edcio), os quais v\u00eam sendo submetidos a longos anos de espera incompat\u00edvel com a natureza alimentar do benef\u00edcio pleiteado&#8221;.<\/p>\n\n\n\n<p class=\"wp-block-paragraph\">Isso porque &#8220;o pretenso benefici\u00e1rio\/assistido, salvo caridade alheia, permanecer\u00e1 desamparado e sem qualquer fonte de renda que lhe garanta a subsist\u00eancia. Essa \u00e9, por exemplo, a situa\u00e7\u00e3o daqueles que fazem jus \u00e0 aposentadoria por invalidez, cuja situa\u00e7\u00e3o de presumida necessidade se manifesta justamente na incapacidade laboral e, consequentemente, na inaptid\u00e3o para prover o pr\u00f3prio sustento. Ora, sonegar por anos a fio o pagamento de benef\u00edcios previdenci\u00e1rios e assistenciais, mediante injustificadas e desarrazoadas demoras no cumprimento das dilig\u00eancias necess\u00e1rias, representa verdadeiro massacre \u00e0 dignidade dos benefici\u00e1rios e ofensa aos seus mais elementares direitos fundamentais, inclusive o pr\u00f3prio direito \u00e0 vida e \u00e0 sa\u00fade&#8221;.<\/p>\n\n\n\n<p class=\"wp-block-paragraph\"><strong>Servi\u00e7o p\u00fablico deficiente \u2013<\/strong>&nbsp;Ao determinar a regulariza\u00e7\u00e3o dos procedimentos em atraso, o Ju\u00edzo da 3\u00aa Vara Federal de Montes Claros considerou que, &#8220;embora o INSS alegue que o lapso de cerca de dez anos de tramita\u00e7\u00e3o dos inqu\u00e9ritos gera uma percep\u00e7\u00e3o equivocada da realidade, o que se extrai dos inqu\u00e9ritos que embasam o pedido \u00e9 que, ao longo dos anos, a autarquia previdenci\u00e1ria apresenta presta\u00e7\u00e3o de servi\u00e7o p\u00fablico deficiente e cronicamente intempestiva&#8221;.<\/p>\n\n\n\n<p class=\"wp-block-paragraph\">Ainda segundo o magistrado, &#8220;tal situa\u00e7\u00e3o contrasta com o dever da administra\u00e7\u00e3o p\u00fablica de dar cumprimento aos princ\u00edpios da legalidade e efici\u00eancia. As normas constitucionais exigem que as necessidades do administrado sejam atendidas de forma \u00e1gil e satisfat\u00f3ria, devendo, portanto, ser observado um prazo razo\u00e1vel para que o requerente obtenha uma resposta&#8221;. Al\u00e9m disso, &#8220;n\u00e3o bastante os princ\u00edpios reitores do agir administrativo, h\u00e1 ainda norma expressa prevista no art. 5\u00b0, inciso LXXVIII, da CR\/88, que disp\u00f5e que a todos, no \u00e2mbito judicial e administrativo, s\u00e3o assegurados a razo\u00e1vel dura\u00e7\u00e3o do processo e os meios que garantam a celeridade de sua tramita\u00e7\u00e3o&#8221;.<\/p>\n\n\n\n<p class=\"wp-block-paragraph\"><strong>Planilhas \u2013<\/strong>\u00a0Al\u00e9m de fixar prazo de 180 dias para conclus\u00e3o de todas as dilig\u00eancias pendentes, a decis\u00e3o judicial tamb\u00e9m determinou que o INSS apresente planilhas atualizadas contendo a rela\u00e7\u00e3o de todos os processos que aguardam o cumprimento de dilig\u00eancias de revis\u00e3o de benef\u00edcio e as determinadas pelas Juntas Recursais.<\/p>\n\n\n\n<p class=\"has-text-color has-background has-very-light-gray-color has-very-dark-gray-background-color wp-block-paragraph\"><strong>VER PRIMEIRO: <\/strong>Receba as not\u00edcias do Aconteceu no Vale em primeira m\u00e3o. Clique em curtir no endere\u00e7o <a href=\"https:\/\/www.facebook.com\/aconteceunovale\" target=\"_blank\" rel=\"noreferrer noopener\">www.facebook.com\/aconteceunovale<\/a>.<\/p>\n","protected":false},"excerpt":{"rendered":"<p>O Minist\u00e9rio P\u00fablico Federal (MPF) obteve decis\u00e3o judicial que obriga o Instituto Nacional do Seguro Social (INSS) a regularizar processos pendentes de cumprimento de dilig\u00eancias e an\u00e1lise de pedidos de revis\u00e3o de benef\u00edcios que se encontrem paralisados por mais de 30 e 45 dias, respectivamente, nas ag\u00eancias vinculadas \u00e0 Ger\u00eancia Executiva da Previd\u00eancia Social em [&hellip;]<\/p>\n","protected":false},"author":1,"featured_media":153101,"comment_status":"open","ping_status":"closed","sticky":false,"template":"","format":"standard","meta":{"amp_status":"","footnotes":""},"categories":[1236],"tags":[645,195,207790,207791,1278,207794,6528,152986,51098,204,205,1356,5667,210,18887,254,207793,207792,421,190,1340],"class_list":["post-153100","post","type-post","status-publish","format-standard","has-post-thumbnail","hentry","category-norte_de_minas","tag-bocaiuva","tag-brasilia-de-minas","tag-decisao-judicial-obriga-inss-a-regularizar-tramite-de-processos-administrativos-em-montes-claros","tag-decisao-judicial-obriga-inss-a-regularizar-tramite-de-processos-administrativos-no-norte-de-minas","tag-espinosa","tag-gerencia-executiva-da-previdencia-social-em-montes-claros","tag-inss","tag-inss-em-montes-claros","tag-instituto-nacional-do-seguro-social","tag-janauba","tag-januaria","tag-manga","tag-ministerio-publico-federal","tag-montes-claros","tag-mpf","tag-pirapora","tag-previdencia-em-montes-claros","tag-previdencia-social-em-montes-claros","tag-rio-pardo-de-minas","tag-salinas","tag-varzea-da-palma"],"yoast_head":"<!-- This site is optimized with the Yoast SEO plugin v28.3 - https:\/\/yoast.com\/product\/yoast-seo-wordpress\/ -->\n<title>Decis\u00e3o judicial obriga INSS a regularizar tr\u00e2mite de processos administrativos no Norte de Minas - Aconteceu no Vale<\/title>\n<meta name=\"robots\" content=\"index, follow, max-snippet:-1, max-image-preview:large, max-video-preview:-1\" \/>\n<link rel=\"canonical\" href=\"https:\/\/aconteceunovale.com.br\/portal\/?p=153100\" \/>\n<meta property=\"og:locale\" content=\"pt_BR\" \/>\n<meta property=\"og:type\" content=\"article\" \/>\n<meta property=\"og:title\" content=\"Decis\u00e3o judicial obriga INSS a regularizar tr\u00e2mite de processos administrativos no Norte de Minas - Aconteceu no Vale\" \/>\n<meta property=\"og:description\" content=\"O Minist\u00e9rio P\u00fablico Federal (MPF) obteve decis\u00e3o judicial que obriga o Instituto Nacional do Seguro Social (INSS) a regularizar processos pendentes de cumprimento de dilig\u00eancias e an\u00e1lise de pedidos de revis\u00e3o de benef\u00edcios que se encontrem paralisados por mais de 30 e 45 dias, respectivamente, nas ag\u00eancias vinculadas \u00e0 Ger\u00eancia Executiva da Previd\u00eancia Social em [&hellip;]\" \/>\n<meta property=\"og:url\" content=\"https:\/\/aconteceunovale.com.br\/portal\/?p=153100\" \/>\n<meta property=\"og:site_name\" content=\"Aconteceu no Vale\" \/>\n<meta property=\"article:publisher\" content=\"https:\/\/www.facebook.com\/aconteceunovale\/\" \/>\n<meta property=\"article:published_time\" content=\"2019-09-26T02:18:29+00:00\" \/>\n<meta property=\"article:modified_time\" content=\"2019-09-26T02:20:58+00:00\" \/>\n<meta property=\"og:image\" content=\"https:\/\/aconteceunovale.com.br\/portal\/wp-content\/uploads\/2019\/09\/inss.jpg\" \/>\n\t<meta property=\"og:image:width\" content=\"600\" \/>\n\t<meta property=\"og:image:height\" content=\"412\" \/>\n\t<meta property=\"og:image:type\" content=\"image\/jpeg\" \/>\n<meta name=\"author\" content=\"Aconteceu no Vale\" \/>\n<meta name=\"twitter:card\" content=\"summary_large_image\" \/>\n<meta name=\"twitter:creator\" content=\"@noticiadosvales\" \/>\n<meta name=\"twitter:site\" content=\"@noticiadosvales\" \/>\n<meta name=\"twitter:label1\" content=\"Escrito por\" \/>\n\t<meta name=\"twitter:data1\" content=\"Aconteceu no Vale\" \/>\n\t<meta name=\"twitter:label2\" content=\"Est. tempo de leitura\" \/>\n\t<meta name=\"twitter:data2\" content=\"4 minutos\" \/>\n<script type=\"application\/ld+json\" class=\"yoast-schema-graph\">{\"@context\":\"https:\\\/\\\/schema.org\",\"@graph\":[{\"@type\":\"Article\",\"@id\":\"https:\\\/\\\/aconteceunovale.com.br\\\/portal\\\/?p=153100#article\",\"isPartOf\":{\"@id\":\"https:\\\/\\\/aconteceunovale.com.br\\\/portal\\\/?p=153100\"},\"author\":{\"name\":\"Aconteceu no Vale\",\"@id\":\"https:\\\/\\\/aconteceunovale.com.br\\\/portal\\\/#\\\/schema\\\/person\\\/633529146f2c94272bef50ac2953d589\"},\"headline\":\"Decis\u00e3o judicial obriga INSS a regularizar tr\u00e2mite de processos administrativos no Norte de Minas\",\"datePublished\":\"2019-09-26T02:18:29+00:00\",\"dateModified\":\"2019-09-26T02:20:58+00:00\",\"mainEntityOfPage\":{\"@id\":\"https:\\\/\\\/aconteceunovale.com.br\\\/portal\\\/?p=153100\"},\"wordCount\":808,\"commentCount\":0,\"image\":{\"@id\":\"https:\\\/\\\/aconteceunovale.com.br\\\/portal\\\/?p=153100#primaryimage\"},\"thumbnailUrl\":\"https:\\\/\\\/aconteceunovale.com.br\\\/portal\\\/wp-content\\\/uploads\\\/2019\\\/09\\\/inss.jpg\",\"keywords\":[\"Bocai\u00fava\",\"Bras\u00edlia de Minas\",\"Decis\u00e3o judicial obriga INSS a regularizar tr\u00e2mite de processos administrativos em Montes Claros\",\"Decis\u00e3o judicial obriga INSS a regularizar tr\u00e2mite de processos administrativos no Norte de Minas\",\"espinosa\",\"Ger\u00eancia Executiva da Previd\u00eancia Social em Montes Claros\",\"INSS\",\"INSS em Montes Claros\",\"Instituto Nacional do Seguro Social\",\"Jana\u00faba\",\"Janu\u00e1ria\",\"manga\",\"Minist\u00e9rio P\u00fablico Federal\",\"Montes Claros\",\"MPF\",\"Pirapora\",\"Previd\u00eancia em Montes Claros\",\"Previd\u00eancia Social em Montes Claros\",\"Rio Pardo de Minas\",\"Salinas\",\"v\u00e1rzea da palma\"],\"articleSection\":[\"Norte de Minas\"],\"inLanguage\":\"pt-BR\",\"potentialAction\":[{\"@type\":\"CommentAction\",\"name\":\"Comment\",\"target\":[\"https:\\\/\\\/aconteceunovale.com.br\\\/portal\\\/?p=153100#respond\"]}]},{\"@type\":\"WebPage\",\"@id\":\"https:\\\/\\\/aconteceunovale.com.br\\\/portal\\\/?p=153100\",\"url\":\"https:\\\/\\\/aconteceunovale.com.br\\\/portal\\\/?p=153100\",\"name\":\"Decis\u00e3o judicial obriga INSS a regularizar tr\u00e2mite de processos administrativos no Norte de Minas - Aconteceu no Vale\",\"isPartOf\":{\"@id\":\"https:\\\/\\\/aconteceunovale.com.br\\\/portal\\\/#website\"},\"primaryImageOfPage\":{\"@id\":\"https:\\\/\\\/aconteceunovale.com.br\\\/portal\\\/?p=153100#primaryimage\"},\"image\":{\"@id\":\"https:\\\/\\\/aconteceunovale.com.br\\\/portal\\\/?p=153100#primaryimage\"},\"thumbnailUrl\":\"https:\\\/\\\/aconteceunovale.com.br\\\/portal\\\/wp-content\\\/uploads\\\/2019\\\/09\\\/inss.jpg\",\"datePublished\":\"2019-09-26T02:18:29+00:00\",\"dateModified\":\"2019-09-26T02:20:58+00:00\",\"author\":{\"@id\":\"https:\\\/\\\/aconteceunovale.com.br\\\/portal\\\/#\\\/schema\\\/person\\\/633529146f2c94272bef50ac2953d589\"},\"breadcrumb\":{\"@id\":\"https:\\\/\\\/aconteceunovale.com.br\\\/portal\\\/?p=153100#breadcrumb\"},\"inLanguage\":\"pt-BR\",\"potentialAction\":[{\"@type\":\"ReadAction\",\"target\":[\"https:\\\/\\\/aconteceunovale.com.br\\\/portal\\\/?p=153100\"]}]},{\"@type\":\"ImageObject\",\"inLanguage\":\"pt-BR\",\"@id\":\"https:\\\/\\\/aconteceunovale.com.br\\\/portal\\\/?p=153100#primaryimage\",\"url\":\"https:\\\/\\\/aconteceunovale.com.br\\\/portal\\\/wp-content\\\/uploads\\\/2019\\\/09\\\/inss.jpg\",\"contentUrl\":\"https:\\\/\\\/aconteceunovale.com.br\\\/portal\\\/wp-content\\\/uploads\\\/2019\\\/09\\\/inss.jpg\",\"width\":600,\"height\":412},{\"@type\":\"BreadcrumbList\",\"@id\":\"https:\\\/\\\/aconteceunovale.com.br\\\/portal\\\/?p=153100#breadcrumb\",\"itemListElement\":[{\"@type\":\"ListItem\",\"position\":1,\"name\":\"In\u00edcio\",\"item\":\"https:\\\/\\\/aconteceunovale.com.br\\\/portal\\\/\"},{\"@type\":\"ListItem\",\"position\":2,\"name\":\"Decis\u00e3o judicial obriga INSS a regularizar tr\u00e2mite de processos administrativos no Norte de Minas\"}]},{\"@type\":\"WebSite\",\"@id\":\"https:\\\/\\\/aconteceunovale.com.br\\\/portal\\\/#website\",\"url\":\"https:\\\/\\\/aconteceunovale.com.br\\\/portal\\\/\",\"name\":\"Aconteceu no Vale\",\"description\":\"Portal de Not\u00edcias\",\"potentialAction\":[{\"@type\":\"SearchAction\",\"target\":{\"@type\":\"EntryPoint\",\"urlTemplate\":\"https:\\\/\\\/aconteceunovale.com.br\\\/portal\\\/?s={search_term_string}\"},\"query-input\":{\"@type\":\"PropertyValueSpecification\",\"valueRequired\":true,\"valueName\":\"search_term_string\"}}],\"inLanguage\":\"pt-BR\"},{\"@type\":\"Person\",\"@id\":\"https:\\\/\\\/aconteceunovale.com.br\\\/portal\\\/#\\\/schema\\\/person\\\/633529146f2c94272bef50ac2953d589\",\"name\":\"Aconteceu no Vale\",\"description\":\"Equipe de reportagem do Aconteceu no Vale, portal de not\u00edcias do Vale do Jequitinhonha, em Minas Gerais. Cobrimos as 51 cidades do Vale desde 2013. Sugest\u00f5es de pauta e pedidos de corre\u00e7\u00e3o: contato@aconteceunovale.com.br\",\"sameAs\":[\"http:\\\/\\\/www.aconteceunovale.com.br\"],\"url\":\"https:\\\/\\\/aconteceunovale.com.br\\\/portal\\\/?author=1\"}]}<\/script>\n<!-- \/ Yoast SEO plugin. -->","yoast_head_json":{"title":"Decis\u00e3o judicial obriga INSS a regularizar tr\u00e2mite de processos administrativos no Norte de Minas - Aconteceu no Vale","robots":{"index":"index","follow":"follow","max-snippet":"max-snippet:-1","max-image-preview":"max-image-preview:large","max-video-preview":"max-video-preview:-1"},"canonical":"https:\/\/aconteceunovale.com.br\/portal\/?p=153100","og_locale":"pt_BR","og_type":"article","og_title":"Decis\u00e3o judicial obriga INSS a regularizar tr\u00e2mite de processos administrativos no Norte de Minas - Aconteceu no Vale","og_description":"O Minist\u00e9rio P\u00fablico Federal (MPF) obteve decis\u00e3o judicial que obriga o Instituto Nacional do Seguro Social (INSS) a regularizar processos pendentes de cumprimento de dilig\u00eancias e an\u00e1lise de pedidos de revis\u00e3o de benef\u00edcios que se encontrem paralisados por mais de 30 e 45 dias, respectivamente, nas ag\u00eancias vinculadas \u00e0 Ger\u00eancia Executiva da Previd\u00eancia Social em [&hellip;]","og_url":"https:\/\/aconteceunovale.com.br\/portal\/?p=153100","og_site_name":"Aconteceu no Vale","article_publisher":"https:\/\/www.facebook.com\/aconteceunovale\/","article_published_time":"2019-09-26T02:18:29+00:00","article_modified_time":"2019-09-26T02:20:58+00:00","og_image":[{"width":600,"height":412,"url":"https:\/\/aconteceunovale.com.br\/portal\/wp-content\/uploads\/2019\/09\/inss.jpg","type":"image\/jpeg"}],"author":"Aconteceu no Vale","twitter_card":"summary_large_image","twitter_creator":"@noticiadosvales","twitter_site":"@noticiadosvales","twitter_misc":{"Escrito por":"Aconteceu no Vale","Est. tempo de leitura":"4 minutos"},"schema":{"@context":"https:\/\/schema.org","@graph":[{"@type":"Article","@id":"https:\/\/aconteceunovale.com.br\/portal\/?p=153100#article","isPartOf":{"@id":"https:\/\/aconteceunovale.com.br\/portal\/?p=153100"},"author":{"name":"Aconteceu no Vale","@id":"https:\/\/aconteceunovale.com.br\/portal\/#\/schema\/person\/633529146f2c94272bef50ac2953d589"},"headline":"Decis\u00e3o judicial obriga INSS a regularizar tr\u00e2mite de processos administrativos no Norte de Minas","datePublished":"2019-09-26T02:18:29+00:00","dateModified":"2019-09-26T02:20:58+00:00","mainEntityOfPage":{"@id":"https:\/\/aconteceunovale.com.br\/portal\/?p=153100"},"wordCount":808,"commentCount":0,"image":{"@id":"https:\/\/aconteceunovale.com.br\/portal\/?p=153100#primaryimage"},"thumbnailUrl":"https:\/\/aconteceunovale.com.br\/portal\/wp-content\/uploads\/2019\/09\/inss.jpg","keywords":["Bocai\u00fava","Bras\u00edlia de Minas","Decis\u00e3o judicial obriga INSS a regularizar tr\u00e2mite de processos administrativos em Montes Claros","Decis\u00e3o judicial obriga INSS a regularizar tr\u00e2mite de processos administrativos no Norte de Minas","espinosa","Ger\u00eancia Executiva da Previd\u00eancia Social em Montes Claros","INSS","INSS em Montes Claros","Instituto Nacional do Seguro Social","Jana\u00faba","Janu\u00e1ria","manga","Minist\u00e9rio P\u00fablico Federal","Montes Claros","MPF","Pirapora","Previd\u00eancia em Montes Claros","Previd\u00eancia Social em Montes Claros","Rio Pardo de Minas","Salinas","v\u00e1rzea da palma"],"articleSection":["Norte de Minas"],"inLanguage":"pt-BR","potentialAction":[{"@type":"CommentAction","name":"Comment","target":["https:\/\/aconteceunovale.com.br\/portal\/?p=153100#respond"]}]},{"@type":"WebPage","@id":"https:\/\/aconteceunovale.com.br\/portal\/?p=153100","url":"https:\/\/aconteceunovale.com.br\/portal\/?p=153100","name":"Decis\u00e3o judicial obriga INSS a regularizar tr\u00e2mite de processos administrativos no Norte de Minas - Aconteceu no Vale","isPartOf":{"@id":"https:\/\/aconteceunovale.com.br\/portal\/#website"},"primaryImageOfPage":{"@id":"https:\/\/aconteceunovale.com.br\/portal\/?p=153100#primaryimage"},"image":{"@id":"https:\/\/aconteceunovale.com.br\/portal\/?p=153100#primaryimage"},"thumbnailUrl":"https:\/\/aconteceunovale.com.br\/portal\/wp-content\/uploads\/2019\/09\/inss.jpg","datePublished":"2019-09-26T02:18:29+00:00","dateModified":"2019-09-26T02:20:58+00:00","author":{"@id":"https:\/\/aconteceunovale.com.br\/portal\/#\/schema\/person\/633529146f2c94272bef50ac2953d589"},"breadcrumb":{"@id":"https:\/\/aconteceunovale.com.br\/portal\/?p=153100#breadcrumb"},"inLanguage":"pt-BR","potentialAction":[{"@type":"ReadAction","target":["https:\/\/aconteceunovale.com.br\/portal\/?p=153100"]}]},{"@type":"ImageObject","inLanguage":"pt-BR","@id":"https:\/\/aconteceunovale.com.br\/portal\/?p=153100#primaryimage","url":"https:\/\/aconteceunovale.com.br\/portal\/wp-content\/uploads\/2019\/09\/inss.jpg","contentUrl":"https:\/\/aconteceunovale.com.br\/portal\/wp-content\/uploads\/2019\/09\/inss.jpg","width":600,"height":412},{"@type":"BreadcrumbList","@id":"https:\/\/aconteceunovale.com.br\/portal\/?p=153100#breadcrumb","itemListElement":[{"@type":"ListItem","position":1,"name":"In\u00edcio","item":"https:\/\/aconteceunovale.com.br\/portal\/"},{"@type":"ListItem","position":2,"name":"Decis\u00e3o judicial obriga INSS a regularizar tr\u00e2mite de processos administrativos no Norte de Minas"}]},{"@type":"WebSite","@id":"https:\/\/aconteceunovale.com.br\/portal\/#website","url":"https:\/\/aconteceunovale.com.br\/portal\/","name":"Aconteceu no Vale","description":"Portal de Not\u00edcias","potentialAction":[{"@type":"SearchAction","target":{"@type":"EntryPoint","urlTemplate":"https:\/\/aconteceunovale.com.br\/portal\/?s={search_term_string}"},"query-input":{"@type":"PropertyValueSpecification","valueRequired":true,"valueName":"search_term_string"}}],"inLanguage":"pt-BR"},{"@type":"Person","@id":"https:\/\/aconteceunovale.com.br\/portal\/#\/schema\/person\/633529146f2c94272bef50ac2953d589","name":"Aconteceu no Vale","description":"Equipe de reportagem do Aconteceu no Vale, portal de not\u00edcias do Vale do Jequitinhonha, em Minas Gerais. Cobrimos as 51 cidades do Vale desde 2013. Sugest\u00f5es de pauta e pedidos de corre\u00e7\u00e3o: contato@aconteceunovale.com.br","sameAs":["http:\/\/www.aconteceunovale.com.br"],"url":"https:\/\/aconteceunovale.com.br\/portal\/?author=1"}]}},"_links":{"self":[{"href":"https:\/\/aconteceunovale.com.br\/portal\/index.php?rest_route=\/wp\/v2\/posts\/153100","targetHints":{"allow":["GET"]}}],"collection":[{"href":"https:\/\/aconteceunovale.com.br\/portal\/index.php?rest_route=\/wp\/v2\/posts"}],"about":[{"href":"https:\/\/aconteceunovale.com.br\/portal\/index.php?rest_route=\/wp\/v2\/types\/post"}],"author":[{"embeddable":true,"href":"https:\/\/aconteceunovale.com.br\/portal\/index.php?rest_route=\/wp\/v2\/users\/1"}],"replies":[{"embeddable":true,"href":"https:\/\/aconteceunovale.com.br\/portal\/index.php?rest_route=%2Fwp%2Fv2%2Fcomments&post=153100"}],"version-history":[{"count":1,"href":"https:\/\/aconteceunovale.com.br\/portal\/index.php?rest_route=\/wp\/v2\/posts\/153100\/revisions"}],"predecessor-version":[{"id":153102,"href":"https:\/\/aconteceunovale.com.br\/portal\/index.php?rest_route=\/wp\/v2\/posts\/153100\/revisions\/153102"}],"wp:featuredmedia":[{"embeddable":true,"href":"https:\/\/aconteceunovale.com.br\/portal\/index.php?rest_route=\/wp\/v2\/media\/153101"}],"wp:attachment":[{"href":"https:\/\/aconteceunovale.com.br\/portal\/index.php?rest_route=%2Fwp%2Fv2%2Fmedia&parent=153100"}],"wp:term":[{"taxonomy":"category","embeddable":true,"href":"https:\/\/aconteceunovale.com.br\/portal\/index.php?rest_route=%2Fwp%2Fv2%2Fcategories&post=153100"},{"taxonomy":"post_tag","embeddable":true,"href":"https:\/\/aconteceunovale.com.br\/portal\/index.php?rest_route=%2Fwp%2Fv2%2Ftags&post=153100"}],"curies":[{"name":"wp","href":"https:\/\/api.w.org\/{rel}","templated":true}]}}