{"id":153090,"date":"2019-09-25T22:24:06","date_gmt":"2019-09-26T01:24:06","guid":{"rendered":"http:\/\/aconteceunovale.com.br\/portal\/?p=153090"},"modified":"2019-09-25T22:24:53","modified_gmt":"2019-09-26T01:24:53","slug":"honoris-causa-ao-ambientalista-montes-clarense-braulino-caetano-dos-santos","status":"publish","type":"post","link":"https:\/\/aconteceunovale.com.br\/portal\/?p=153090","title":{"rendered":"Honoris Causa ao ambientalista montes-clarense Braulino Caetano dos Santos"},"content":{"rendered":"\n<p class=\"wp-block-paragraph\">Homem simples do meio rural, do munic\u00edpio de Montes Claros, o agricultor Braulino Caetano dos Santos ganhou notoriedade como ambientalista e defensor do Cerrado e das comunidades tradicionais. Assim, tornou-se objeto de estudos, disserta\u00e7\u00f5es e teses em diversas universidades. Agora, por conta da sua destacada atua\u00e7\u00e3o em prol do desenvolvimento sustent\u00e1vel, Braulino tem no curr\u00edculo o t\u00edtulo de&nbsp;<em>Doutor Honoris Causa<\/em>, concedido pela Universidade Estadual de Montes Claros (Unimontes), por meio de proposta aprovada pelo Conselho Universit\u00e1rio.<\/p>\n\n\n\n<p class=\"wp-block-paragraph\">A entrega do t\u00edtulo foi realizada na noite dessa ter\u00e7a-feira (24\/9),\u00a0na abertura do VI Col\u00f3quio Internacional dos Povos e Comunidades Tradicionais, na quadra 1 do Centro Esportivo Universit\u00e1rio (CEU), no campus-sede da Unimontes, com centenas de participantes ind\u00edgenas, quilombolas, geraizeiros, barranqueiros, pescadores e catadores, al\u00e9m de lideran\u00e7as pol\u00edticas e representantes do Minist\u00e9rio P\u00fablico, pesquisadores e acad\u00eamicos dos cursos de gradua\u00e7\u00e3o, de mestrado e doutorado.<\/p>\n\n\n\n<p class=\"wp-block-paragraph\">O evento tamb\u00e9m integrou as comemora\u00e7\u00f5es pelos 30 anos da estadualiza\u00e7\u00e3o da institui\u00e7\u00e3o. Ao presidir a cerim\u00f4nia, o reitor da Unimontes, professor Antonio Alvimar Souza, enfatizou que a institui\u00e7\u00e3o vive um momento impar por \u201creconhecer o trabalho das pessoas simples\u201d.<\/p>\n\n\n\n<p class=\"wp-block-paragraph\">Antes da cerim\u00f4nia, Braulino Caetano dos Santos foi saudado pelos \u00edndios das etnias Xacriab\u00e1 (MG), Tux\u00e1 (BA), Xavante (MT) e Xerente (MT) no ritual chamado \u201ctor\u00e9\u201d. Em seguida, a vice-reitora Ilva Ruas Abreu fez um relato da trajet\u00f3ria do homenageado. \u201cDe trabalhador rural a agricultor familiar, contribuiu para o desenvolvimento territorial do Norte de Minas e do Brasil\u201d, destacou. Ela citou a atua\u00e7\u00e3o de Braulino na cria\u00e7\u00e3o e manuten\u00e7\u00e3o de diversas entidades voltadas para a conserva\u00e7\u00e3o ambiental e para a defesa das popula\u00e7\u00f5es tradicionais e para a melhoria de vida no semi\u00e1rido, entre elas o Centro de Agricultura Alternativa (CAA) do Norte de Minas, a Articula\u00e7\u00e3o Nacional de Agroecologia (ANA), a Articula\u00e7\u00e3o do Semi\u00e1rido (ASA) e a Rede Cerrado.<\/p>\n\n\n\n<figure class=\"wp-block-image is-resized\"><img loading=\"lazy\" decoding=\"async\" src=\"http:\/\/aconteceunovale.com.br\/portal\/wp-content\/uploads\/2019\/09\/honoris_braulino_1.jpg\" alt=\"\" class=\"wp-image-153091\" width=\"684\" height=\"398\" srcset=\"https:\/\/aconteceunovale.com.br\/portal\/wp-content\/uploads\/2019\/09\/honoris_braulino_1.jpg 600w, https:\/\/aconteceunovale.com.br\/portal\/wp-content\/uploads\/2019\/09\/honoris_braulino_1-300x175.jpg 300w\" sizes=\"auto, (max-width: 684px) 100vw, 684px\" \/><figcaption><em>Braulino Caetano dos Santos \u00e9 o novo Doutor Honoris Causa da Unimontes &#8211; Foto: Christiano Jilvan \u2013 Ascom Unimontes<\/em><\/figcaption><\/figure>\n\n\n\n<p class=\"wp-block-paragraph\"><strong>CIDAD\u00c3O SOCIAL \u2013<\/strong>&nbsp;\u201cA pr\u00e1tica social de Braulino Caetano tornou-se objeto de estudo e pesquisa acad\u00eamica em diversas universidades, pelo seu engajamento junto a outros atores, pela sua contribui\u00e7\u00e3o e protagonismo. Existem, assim, mais de uma dezena de teses de doutorado, disserta\u00e7\u00f5es de mestrado e monografias sobre sua trajet\u00f3ria e das comunidades acompanhadas pela entidade com os seus conhecimentos, saberes e contribui\u00e7\u00e3o para o desenvolvimento local\u201d, relatou vice-reitora.<\/p>\n\n\n\n<p class=\"wp-block-paragraph\"><strong>APELO PELA DEFESA DO CERRADO E DAS \u00c1GUAS<\/strong><\/p>\n\n\n\n<p class=\"wp-block-paragraph\">Braulino Caetano dos Santos compartilhou a distin\u00e7\u00e3o com as comunidades tradicionais. \u201cEsse t\u00edtulo n\u00e3o \u00e9 meu, mas de todos os povos tradicionais\u201d. Ele aproveitou a oportunidade para chamar aten\u00e7\u00e3o para a defesa do meio ambiente. \u201cTemos que lutar para defender o Cerrado que ainda est\u00e1 de p\u00e9\u201d.<\/p>\n\n\n\n<p class=\"wp-block-paragraph\">O agricultor e ambientalista tamb\u00e9m ressaltou a necessidade da conserva\u00e7\u00e3o dos recursos h\u00eddricos, a fim de garantir o futuro. \u201cA coisa mais importante que temos \u00e9 a vida. E o que \u00e9 a vida? A vida \u00e9 \u00e1gua. Tivemos guerras, v\u00e1rias guerras por causa de terra; morreu gente por causa (da defesa) do seu territ\u00f3rio. Hoje, temos a guerra pela \u00e1gua. Ent\u00e3o, pe\u00e7o a todos: vamos fazer alguma coisa pelos nossos recursos h\u00eddricos, que est\u00e3o acabando\u201d, conclamou.<\/p>\n\n\n\n<figure class=\"wp-block-image is-resized\"><img loading=\"lazy\" decoding=\"async\" src=\"http:\/\/aconteceunovale.com.br\/portal\/wp-content\/uploads\/2019\/09\/honoris_braulino_2.jpg\" alt=\"\" class=\"wp-image-153092\" width=\"683\" height=\"383\" srcset=\"https:\/\/aconteceunovale.com.br\/portal\/wp-content\/uploads\/2019\/09\/honoris_braulino_2.jpg 600w, https:\/\/aconteceunovale.com.br\/portal\/wp-content\/uploads\/2019\/09\/honoris_braulino_2-300x169.jpg 300w\" sizes=\"auto, (max-width: 683px) 100vw, 683px\" \/><figcaption><em>Homenagem foi entregue durante o Col\u00f3quio dos Povos e Comunidades Tradicionais, Braulino dos Santos foi saudado pelos ind\u00edgenas no ritual conhecido como \u201cTor\u00e9\u201d &#8211; Foto: Christiano Jilvan \u2013 Ascom Unimontes<\/em><\/figcaption><\/figure>\n\n\n\n<p class=\"wp-block-paragraph\"><strong>RECONHECIMENTO DA SIMPLICIDADE<\/strong><\/p>\n\n\n\n<p class=\"wp-block-paragraph\">O reitor Antonio Alvimar assinalou que a entrega do t\u00edtulo de<em>&nbsp;Doutor Honoris Causa<\/em>&nbsp;ao agricultor e ambientalista Braulino Caetano dos Santos representa um momento marcante para a Unimontes. \u201cEste \u00e9 um momento \u00edmpar para a Universidade porque a Unimontes deixa o seu pedestal para se aproximar de um homem simples da terra. N\u00e3o existe tarefa mais importante do esta, exatamente porque esta \u00e9 nossa primeira voca\u00e7\u00e3o, a voca\u00e7\u00e3o de estarmos ligados \u00e0 m\u00e3e terra\u201d, disse o reitor.<\/p>\n\n\n\n<p class=\"wp-block-paragraph\">Ele completou: \u201ceste \u00e9 um momento \u00edmpar porque a universidade procura reconhecer o valor de uma pessoa que contribui de maneira muito significativa para a forma\u00e7\u00e3o de outras pessoas\u201d.<\/p>\n\n\n\n<p class=\"wp-block-paragraph\">O reitor ressaltou tamb\u00e9m que o titulo de Doutor Honoris Causa a Braulino \u201crepresenta a homenagem a todos do entorno da universidade que lutam diuturnamente na busca de uma consci\u00eancia ecol\u00f3gica mais saud\u00e1vel. E n\u00f3s sabemos que esta consci\u00eancia ecol\u00f3gica mais saud\u00e1vel n\u00e3o passa s\u00f3 pela academia. N\u00e3o adianta ser ambientalista (s\u00f3) de carteirinha. \u00c9 preciso, de fato, mudan\u00e7as das nossas atividades; mudar a nossa maneira de vermos o planeta. O planeta exige de n\u00f3s simplicidade, capacidade de conviver com as diversas express\u00f5es da vida que est\u00e3o colocadas ao nosso redor\u201d, comentou.<\/p>\n\n\n\n<p class=\"wp-block-paragraph\">Ele ainda chamou aten\u00e7\u00e3o para a import\u00e2ncia da biodiversidade. \u201cQue nossas refer\u00eancias sejam de respeito \u00e0 vida da m\u00e3e terra, ao ar que respiramos, \u00e0s pessoas humanas e a todos os seres que est\u00e3o ao nosso redor. Que a nossa vida seja pautada pela postura \u00e9tica de respeito \u00e0 biodiversidade\u201d, ponderou.<\/p>\n\n\n\n<p class=\"wp-block-paragraph\">O professor Antonio Alvimar Souza lembrou que a Universidade \u00e9 um \u201cbra\u00e7o do Estado\u201d no Norte de Minas. \u201cE como um bra\u00e7o do estado na regi\u00e3o, a Universidade precisa, de fato, atuar de uma maneira contundente no processo de inclus\u00e3o das pessoas\u201d, concluiu.<\/p>\n\n\n\n<p class=\"has-text-color has-background has-very-light-gray-color has-very-dark-gray-background-color wp-block-paragraph\"><strong>VER PRIMEIRO: <\/strong>Receba as not\u00edcias do Aconteceu no Vale em primeira m\u00e3o. Clique em curtir no endere\u00e7o <a href=\"https:\/\/www.facebook.com\/aconteceunovale\" target=\"_blank\" rel=\"noreferrer noopener\">www.facebook.com\/aconteceunovale<\/a>.<\/p>\n","protected":false},"excerpt":{"rendered":"<p>Homem simples do meio rural, do munic\u00edpio de Montes Claros, o agricultor Braulino Caetano dos Santos ganhou notoriedade como ambientalista e defensor do Cerrado e das comunidades tradicionais. Assim, tornou-se objeto de estudos, disserta\u00e7\u00f5es e teses em diversas universidades. Agora, por conta da sua destacada atua\u00e7\u00e3o em prol do desenvolvimento sustent\u00e1vel, Braulino tem no curr\u00edculo [&hellip;]<\/p>\n","protected":false},"author":1,"featured_media":153093,"comment_status":"open","ping_status":"closed","sticky":false,"template":"","format":"standard","meta":{"amp_status":"","footnotes":""},"categories":[40238,1236],"tags":[207777,25598,207779,207778,207781,207784,207782,210,763,207780,18174],"class_list":["post-153090","post","type-post","status-publish","format-standard","has-post-thumbnail","hentry","category-educacao-2","category-norte_de_minas","tag-ambientalista-braulino-caetano-dos-santos","tag-antonio-alvimar-souza","tag-braulino-caetano-dos-santos","tag-braulino-caetano-dos-santos-e-o-novo-doutor-honoris-causa-da-unimontes","tag-doutor-honoris-causa-braulino-caetano-dos-santos","tag-honoris-causa-ao-ambientalista-montes-clarense-braulino-caetano-dos-santos","tag-ilva-ruas-abreu","tag-montes-claros","tag-unimontes","tag-unimontes-concede-doutor-honoris-causa-ao-ambientalista-braulino-caetano","tag-universidade-estadual-de-montes-claros"],"yoast_head":"<!-- This site is optimized with the Yoast SEO plugin v28.3 - https:\/\/yoast.com\/product\/yoast-seo-wordpress\/ -->\n<title>Honoris Causa ao ambientalista montes-clarense Braulino Caetano dos Santos - Aconteceu no Vale<\/title>\n<meta name=\"robots\" content=\"index, follow, max-snippet:-1, max-image-preview:large, max-video-preview:-1\" \/>\n<link rel=\"canonical\" href=\"https:\/\/aconteceunovale.com.br\/portal\/?p=153090\" \/>\n<meta property=\"og:locale\" content=\"pt_BR\" \/>\n<meta property=\"og:type\" content=\"article\" \/>\n<meta property=\"og:title\" content=\"Honoris Causa ao ambientalista montes-clarense Braulino Caetano dos Santos - Aconteceu no Vale\" \/>\n<meta property=\"og:description\" content=\"Homem simples do meio rural, do munic\u00edpio de Montes Claros, o agricultor Braulino Caetano dos Santos ganhou notoriedade como ambientalista e defensor do Cerrado e das comunidades tradicionais. Assim, tornou-se objeto de estudos, disserta\u00e7\u00f5es e teses em diversas universidades. Agora, por conta da sua destacada atua\u00e7\u00e3o em prol do desenvolvimento sustent\u00e1vel, Braulino tem no curr\u00edculo [&hellip;]\" \/>\n<meta property=\"og:url\" content=\"https:\/\/aconteceunovale.com.br\/portal\/?p=153090\" \/>\n<meta property=\"og:site_name\" content=\"Aconteceu no Vale\" \/>\n<meta property=\"article:publisher\" content=\"https:\/\/www.facebook.com\/aconteceunovale\/\" \/>\n<meta property=\"article:published_time\" content=\"2019-09-26T01:24:06+00:00\" \/>\n<meta property=\"article:modified_time\" content=\"2019-09-26T01:24:53+00:00\" \/>\n<meta property=\"og:image\" content=\"https:\/\/aconteceunovale.com.br\/portal\/wp-content\/uploads\/2019\/09\/honoris_braulino_3.jpg\" \/>\n\t<meta property=\"og:image:width\" content=\"678\" \/>\n\t<meta property=\"og:image:height\" content=\"414\" \/>\n\t<meta property=\"og:image:type\" content=\"image\/jpeg\" \/>\n<meta name=\"author\" content=\"Aconteceu no Vale\" \/>\n<meta name=\"twitter:card\" content=\"summary_large_image\" \/>\n<meta name=\"twitter:creator\" content=\"@noticiadosvales\" \/>\n<meta name=\"twitter:site\" content=\"@noticiadosvales\" \/>\n<meta name=\"twitter:label1\" content=\"Escrito por\" \/>\n\t<meta name=\"twitter:data1\" content=\"Aconteceu no Vale\" \/>\n\t<meta name=\"twitter:label2\" content=\"Est. tempo de leitura\" \/>\n\t<meta name=\"twitter:data2\" content=\"5 minutos\" \/>\n<script type=\"application\/ld+json\" class=\"yoast-schema-graph\">{\"@context\":\"https:\\\/\\\/schema.org\",\"@graph\":[{\"@type\":\"Article\",\"@id\":\"https:\\\/\\\/aconteceunovale.com.br\\\/portal\\\/?p=153090#article\",\"isPartOf\":{\"@id\":\"https:\\\/\\\/aconteceunovale.com.br\\\/portal\\\/?p=153090\"},\"author\":{\"name\":\"Aconteceu no Vale\",\"@id\":\"https:\\\/\\\/aconteceunovale.com.br\\\/portal\\\/#\\\/schema\\\/person\\\/633529146f2c94272bef50ac2953d589\"},\"headline\":\"Honoris Causa ao ambientalista montes-clarense Braulino Caetano dos Santos\",\"datePublished\":\"2019-09-26T01:24:06+00:00\",\"dateModified\":\"2019-09-26T01:24:53+00:00\",\"mainEntityOfPage\":{\"@id\":\"https:\\\/\\\/aconteceunovale.com.br\\\/portal\\\/?p=153090\"},\"wordCount\":951,\"commentCount\":0,\"image\":{\"@id\":\"https:\\\/\\\/aconteceunovale.com.br\\\/portal\\\/?p=153090#primaryimage\"},\"thumbnailUrl\":\"https:\\\/\\\/aconteceunovale.com.br\\\/portal\\\/wp-content\\\/uploads\\\/2019\\\/09\\\/honoris_braulino_3.jpg\",\"keywords\":[\"Ambientalista Braulino Caetano dos Santos\",\"Ant\u00f4nio Alvimar Souza\",\"Braulino Caetano dos Santos\",\"Braulino Caetano dos Santos \u00e9 o novo Doutor Honoris Causa da Unimontes\",\"Doutor Honoris Causa Braulino Caetano dos Santos\",\"Honoris Causa ao ambientalista montes-clarense Braulino Caetano dos Santos\",\"Ilva Ruas Abreu\",\"Montes Claros\",\"Unimontes\",\"Unimontes concede Doutor Honoris Causa ao Ambientalista Braulino Caetano\",\"Universidade Estadual de Montes Claros\"],\"articleSection\":[\"Educa\u00e7\u00e3o\",\"Norte de Minas\"],\"inLanguage\":\"pt-BR\",\"potentialAction\":[{\"@type\":\"CommentAction\",\"name\":\"Comment\",\"target\":[\"https:\\\/\\\/aconteceunovale.com.br\\\/portal\\\/?p=153090#respond\"]}]},{\"@type\":\"WebPage\",\"@id\":\"https:\\\/\\\/aconteceunovale.com.br\\\/portal\\\/?p=153090\",\"url\":\"https:\\\/\\\/aconteceunovale.com.br\\\/portal\\\/?p=153090\",\"name\":\"Honoris Causa ao ambientalista montes-clarense Braulino Caetano dos Santos - Aconteceu no Vale\",\"isPartOf\":{\"@id\":\"https:\\\/\\\/aconteceunovale.com.br\\\/portal\\\/#website\"},\"primaryImageOfPage\":{\"@id\":\"https:\\\/\\\/aconteceunovale.com.br\\\/portal\\\/?p=153090#primaryimage\"},\"image\":{\"@id\":\"https:\\\/\\\/aconteceunovale.com.br\\\/portal\\\/?p=153090#primaryimage\"},\"thumbnailUrl\":\"https:\\\/\\\/aconteceunovale.com.br\\\/portal\\\/wp-content\\\/uploads\\\/2019\\\/09\\\/honoris_braulino_3.jpg\",\"datePublished\":\"2019-09-26T01:24:06+00:00\",\"dateModified\":\"2019-09-26T01:24:53+00:00\",\"author\":{\"@id\":\"https:\\\/\\\/aconteceunovale.com.br\\\/portal\\\/#\\\/schema\\\/person\\\/633529146f2c94272bef50ac2953d589\"},\"breadcrumb\":{\"@id\":\"https:\\\/\\\/aconteceunovale.com.br\\\/portal\\\/?p=153090#breadcrumb\"},\"inLanguage\":\"pt-BR\",\"potentialAction\":[{\"@type\":\"ReadAction\",\"target\":[\"https:\\\/\\\/aconteceunovale.com.br\\\/portal\\\/?p=153090\"]}]},{\"@type\":\"ImageObject\",\"inLanguage\":\"pt-BR\",\"@id\":\"https:\\\/\\\/aconteceunovale.com.br\\\/portal\\\/?p=153090#primaryimage\",\"url\":\"https:\\\/\\\/aconteceunovale.com.br\\\/portal\\\/wp-content\\\/uploads\\\/2019\\\/09\\\/honoris_braulino_3.jpg\",\"contentUrl\":\"https:\\\/\\\/aconteceunovale.com.br\\\/portal\\\/wp-content\\\/uploads\\\/2019\\\/09\\\/honoris_braulino_3.jpg\",\"width\":678,\"height\":414},{\"@type\":\"BreadcrumbList\",\"@id\":\"https:\\\/\\\/aconteceunovale.com.br\\\/portal\\\/?p=153090#breadcrumb\",\"itemListElement\":[{\"@type\":\"ListItem\",\"position\":1,\"name\":\"In\u00edcio\",\"item\":\"https:\\\/\\\/aconteceunovale.com.br\\\/portal\\\/\"},{\"@type\":\"ListItem\",\"position\":2,\"name\":\"Honoris Causa ao ambientalista montes-clarense Braulino Caetano dos Santos\"}]},{\"@type\":\"WebSite\",\"@id\":\"https:\\\/\\\/aconteceunovale.com.br\\\/portal\\\/#website\",\"url\":\"https:\\\/\\\/aconteceunovale.com.br\\\/portal\\\/\",\"name\":\"Aconteceu no Vale\",\"description\":\"Portal de Not\u00edcias\",\"potentialAction\":[{\"@type\":\"SearchAction\",\"target\":{\"@type\":\"EntryPoint\",\"urlTemplate\":\"https:\\\/\\\/aconteceunovale.com.br\\\/portal\\\/?s={search_term_string}\"},\"query-input\":{\"@type\":\"PropertyValueSpecification\",\"valueRequired\":true,\"valueName\":\"search_term_string\"}}],\"inLanguage\":\"pt-BR\"},{\"@type\":\"Person\",\"@id\":\"https:\\\/\\\/aconteceunovale.com.br\\\/portal\\\/#\\\/schema\\\/person\\\/633529146f2c94272bef50ac2953d589\",\"name\":\"Aconteceu no Vale\",\"description\":\"Equipe de reportagem do Aconteceu no Vale, portal de not\u00edcias do Vale do Jequitinhonha, em Minas Gerais. Cobrimos as 51 cidades do Vale desde 2013. Sugest\u00f5es de pauta e pedidos de corre\u00e7\u00e3o: contato@aconteceunovale.com.br\",\"sameAs\":[\"http:\\\/\\\/www.aconteceunovale.com.br\"],\"url\":\"https:\\\/\\\/aconteceunovale.com.br\\\/portal\\\/?author=1\"}]}<\/script>\n<!-- \/ Yoast SEO plugin. -->","yoast_head_json":{"title":"Honoris Causa ao ambientalista montes-clarense Braulino Caetano dos Santos - Aconteceu no Vale","robots":{"index":"index","follow":"follow","max-snippet":"max-snippet:-1","max-image-preview":"max-image-preview:large","max-video-preview":"max-video-preview:-1"},"canonical":"https:\/\/aconteceunovale.com.br\/portal\/?p=153090","og_locale":"pt_BR","og_type":"article","og_title":"Honoris Causa ao ambientalista montes-clarense Braulino Caetano dos Santos - Aconteceu no Vale","og_description":"Homem simples do meio rural, do munic\u00edpio de Montes Claros, o agricultor Braulino Caetano dos Santos ganhou notoriedade como ambientalista e defensor do Cerrado e das comunidades tradicionais. Assim, tornou-se objeto de estudos, disserta\u00e7\u00f5es e teses em diversas universidades. Agora, por conta da sua destacada atua\u00e7\u00e3o em prol do desenvolvimento sustent\u00e1vel, Braulino tem no curr\u00edculo [&hellip;]","og_url":"https:\/\/aconteceunovale.com.br\/portal\/?p=153090","og_site_name":"Aconteceu no Vale","article_publisher":"https:\/\/www.facebook.com\/aconteceunovale\/","article_published_time":"2019-09-26T01:24:06+00:00","article_modified_time":"2019-09-26T01:24:53+00:00","og_image":[{"width":678,"height":414,"url":"https:\/\/aconteceunovale.com.br\/portal\/wp-content\/uploads\/2019\/09\/honoris_braulino_3.jpg","type":"image\/jpeg"}],"author":"Aconteceu no Vale","twitter_card":"summary_large_image","twitter_creator":"@noticiadosvales","twitter_site":"@noticiadosvales","twitter_misc":{"Escrito por":"Aconteceu no Vale","Est. tempo de leitura":"5 minutos"},"schema":{"@context":"https:\/\/schema.org","@graph":[{"@type":"Article","@id":"https:\/\/aconteceunovale.com.br\/portal\/?p=153090#article","isPartOf":{"@id":"https:\/\/aconteceunovale.com.br\/portal\/?p=153090"},"author":{"name":"Aconteceu no Vale","@id":"https:\/\/aconteceunovale.com.br\/portal\/#\/schema\/person\/633529146f2c94272bef50ac2953d589"},"headline":"Honoris Causa ao ambientalista montes-clarense Braulino Caetano dos Santos","datePublished":"2019-09-26T01:24:06+00:00","dateModified":"2019-09-26T01:24:53+00:00","mainEntityOfPage":{"@id":"https:\/\/aconteceunovale.com.br\/portal\/?p=153090"},"wordCount":951,"commentCount":0,"image":{"@id":"https:\/\/aconteceunovale.com.br\/portal\/?p=153090#primaryimage"},"thumbnailUrl":"https:\/\/aconteceunovale.com.br\/portal\/wp-content\/uploads\/2019\/09\/honoris_braulino_3.jpg","keywords":["Ambientalista Braulino Caetano dos Santos","Ant\u00f4nio Alvimar Souza","Braulino Caetano dos Santos","Braulino Caetano dos Santos \u00e9 o novo Doutor Honoris Causa da Unimontes","Doutor Honoris Causa Braulino Caetano dos Santos","Honoris Causa ao ambientalista montes-clarense Braulino Caetano dos Santos","Ilva Ruas Abreu","Montes Claros","Unimontes","Unimontes concede Doutor Honoris Causa ao Ambientalista Braulino Caetano","Universidade Estadual de Montes Claros"],"articleSection":["Educa\u00e7\u00e3o","Norte de Minas"],"inLanguage":"pt-BR","potentialAction":[{"@type":"CommentAction","name":"Comment","target":["https:\/\/aconteceunovale.com.br\/portal\/?p=153090#respond"]}]},{"@type":"WebPage","@id":"https:\/\/aconteceunovale.com.br\/portal\/?p=153090","url":"https:\/\/aconteceunovale.com.br\/portal\/?p=153090","name":"Honoris Causa ao ambientalista montes-clarense Braulino Caetano dos Santos - Aconteceu no Vale","isPartOf":{"@id":"https:\/\/aconteceunovale.com.br\/portal\/#website"},"primaryImageOfPage":{"@id":"https:\/\/aconteceunovale.com.br\/portal\/?p=153090#primaryimage"},"image":{"@id":"https:\/\/aconteceunovale.com.br\/portal\/?p=153090#primaryimage"},"thumbnailUrl":"https:\/\/aconteceunovale.com.br\/portal\/wp-content\/uploads\/2019\/09\/honoris_braulino_3.jpg","datePublished":"2019-09-26T01:24:06+00:00","dateModified":"2019-09-26T01:24:53+00:00","author":{"@id":"https:\/\/aconteceunovale.com.br\/portal\/#\/schema\/person\/633529146f2c94272bef50ac2953d589"},"breadcrumb":{"@id":"https:\/\/aconteceunovale.com.br\/portal\/?p=153090#breadcrumb"},"inLanguage":"pt-BR","potentialAction":[{"@type":"ReadAction","target":["https:\/\/aconteceunovale.com.br\/portal\/?p=153090"]}]},{"@type":"ImageObject","inLanguage":"pt-BR","@id":"https:\/\/aconteceunovale.com.br\/portal\/?p=153090#primaryimage","url":"https:\/\/aconteceunovale.com.br\/portal\/wp-content\/uploads\/2019\/09\/honoris_braulino_3.jpg","contentUrl":"https:\/\/aconteceunovale.com.br\/portal\/wp-content\/uploads\/2019\/09\/honoris_braulino_3.jpg","width":678,"height":414},{"@type":"BreadcrumbList","@id":"https:\/\/aconteceunovale.com.br\/portal\/?p=153090#breadcrumb","itemListElement":[{"@type":"ListItem","position":1,"name":"In\u00edcio","item":"https:\/\/aconteceunovale.com.br\/portal\/"},{"@type":"ListItem","position":2,"name":"Honoris Causa ao ambientalista montes-clarense Braulino Caetano dos Santos"}]},{"@type":"WebSite","@id":"https:\/\/aconteceunovale.com.br\/portal\/#website","url":"https:\/\/aconteceunovale.com.br\/portal\/","name":"Aconteceu no Vale","description":"Portal de Not\u00edcias","potentialAction":[{"@type":"SearchAction","target":{"@type":"EntryPoint","urlTemplate":"https:\/\/aconteceunovale.com.br\/portal\/?s={search_term_string}"},"query-input":{"@type":"PropertyValueSpecification","valueRequired":true,"valueName":"search_term_string"}}],"inLanguage":"pt-BR"},{"@type":"Person","@id":"https:\/\/aconteceunovale.com.br\/portal\/#\/schema\/person\/633529146f2c94272bef50ac2953d589","name":"Aconteceu no Vale","description":"Equipe de reportagem do Aconteceu no Vale, portal de not\u00edcias do Vale do Jequitinhonha, em Minas Gerais. Cobrimos as 51 cidades do Vale desde 2013. Sugest\u00f5es de pauta e pedidos de corre\u00e7\u00e3o: contato@aconteceunovale.com.br","sameAs":["http:\/\/www.aconteceunovale.com.br"],"url":"https:\/\/aconteceunovale.com.br\/portal\/?author=1"}]}},"_links":{"self":[{"href":"https:\/\/aconteceunovale.com.br\/portal\/index.php?rest_route=\/wp\/v2\/posts\/153090","targetHints":{"allow":["GET"]}}],"collection":[{"href":"https:\/\/aconteceunovale.com.br\/portal\/index.php?rest_route=\/wp\/v2\/posts"}],"about":[{"href":"https:\/\/aconteceunovale.com.br\/portal\/index.php?rest_route=\/wp\/v2\/types\/post"}],"author":[{"embeddable":true,"href":"https:\/\/aconteceunovale.com.br\/portal\/index.php?rest_route=\/wp\/v2\/users\/1"}],"replies":[{"embeddable":true,"href":"https:\/\/aconteceunovale.com.br\/portal\/index.php?rest_route=%2Fwp%2Fv2%2Fcomments&post=153090"}],"version-history":[{"count":1,"href":"https:\/\/aconteceunovale.com.br\/portal\/index.php?rest_route=\/wp\/v2\/posts\/153090\/revisions"}],"predecessor-version":[{"id":153094,"href":"https:\/\/aconteceunovale.com.br\/portal\/index.php?rest_route=\/wp\/v2\/posts\/153090\/revisions\/153094"}],"wp:featuredmedia":[{"embeddable":true,"href":"https:\/\/aconteceunovale.com.br\/portal\/index.php?rest_route=\/wp\/v2\/media\/153093"}],"wp:attachment":[{"href":"https:\/\/aconteceunovale.com.br\/portal\/index.php?rest_route=%2Fwp%2Fv2%2Fmedia&parent=153090"}],"wp:term":[{"taxonomy":"category","embeddable":true,"href":"https:\/\/aconteceunovale.com.br\/portal\/index.php?rest_route=%2Fwp%2Fv2%2Fcategories&post=153090"},{"taxonomy":"post_tag","embeddable":true,"href":"https:\/\/aconteceunovale.com.br\/portal\/index.php?rest_route=%2Fwp%2Fv2%2Ftags&post=153090"}],"curies":[{"name":"wp","href":"https:\/\/api.w.org\/{rel}","templated":true}]}}