{"id":153082,"date":"2019-09-25T21:12:48","date_gmt":"2019-09-26T00:12:48","guid":{"rendered":"http:\/\/aconteceunovale.com.br\/portal\/?p=153082"},"modified":"2019-09-25T21:22:59","modified_gmt":"2019-09-26T00:22:59","slug":"usiminas-e-ufv-conquistam-premio-de-boas-praticas-ambientais-do-sisema","status":"publish","type":"post","link":"https:\/\/aconteceunovale.com.br\/portal\/?p=153082","title":{"rendered":"Usiminas e UFV conquistam Pr\u00eamio de Boas Pr\u00e1ticas Ambientais do Sisema"},"content":{"rendered":"\n<p class=\"wp-block-paragraph\">Minas Gerais conheceu na segunda-feira, 23 de setembro, os dois primeiros vencedores do 3\u00ba Pr\u00eamio de Boas Pr\u00e1ticas Ambientais. Projetos da Usiminas e da Universidade Federal de Vi\u00e7osa (UFV) conquistaram, respectivamente, as categorias Institui\u00e7\u00e3o Privada e \u00d3rg\u00e3o P\u00fablico da premia\u00e7\u00e3o oferecida pelo Governo de Minas que, em 2019, teve como tema os res\u00edduos e formas de reuso de rejeitos. O objetivo \u00e9 divulgar modelos de reutiliza\u00e7\u00e3o que vem sendo empregados nas esferas p\u00fablica e privada.<\/p>\n\n\n\n<p class=\"wp-block-paragraph\">A entrega dos pr\u00eamios na Categoria Ind\u00fastria aconteceu na 33\u00aa Reuni\u00e3o Ordin\u00e1ria da C\u00e2mara de Atividades Industriais (CID) do Conselho Estadual de Pol\u00edtica Ambiental (Copam). O pr\u00eamio \u00e9 oferecido pela Secretaria de Estado e Meio Ambiente e Desenvolvimento Sustent\u00e1vel (Semad) e homenageia projetos em andamento ou j\u00e1 executados.<br>\u00a0<br>Autor do projeto vencedor na categoria \u00d3rg\u00e3o P\u00fablico, Gabriel Henrique Soares Almeida \u00e9 aluno da UFV e criou um modelo para reaproveitamento dos rejeitos de madeira provenientes das atividades de carpintaria e marcenaria da universidade. \u201cA ind\u00fastria moveleira, tradicionalmente, tem alta gera\u00e7\u00e3o de res\u00edduos\u201d, observou.<br>\u00a0<br>O trabalho de Almeida utiliza rejeitos como cavacos, serragem e maravalha em diversas aplica\u00e7\u00f5es dentro da pr\u00f3pria UFV. \u201cOs usos poss\u00edveis s\u00e3o em compostagem, artesanato e fertilizantes, em \u00e1reas como bovinocultura e caprinocultura\u201d, afirma. O trabalho, segundo Gabriel Almeida, teve in\u00edcio com o levantamento das formas de gera\u00e7\u00e3o dos res\u00edduos e incluiu a sensibiliza\u00e7\u00e3o dos funcion\u00e1rios. \u201cNo futuro, queremos incluir o reaproveitamento energ\u00e9tico, calculando emiss\u00f5es atmosf\u00e9ricas e de cinzas\u201d, explicou.<\/p>\n\n\n\n<figure class=\"wp-block-image\"><img loading=\"lazy\" decoding=\"async\" width=\"600\" height=\"400\" src=\"http:\/\/aconteceunovale.com.br\/portal\/wp-content\/uploads\/2019\/09\/premiados_boas_praticas.jpg\" alt=\"\" class=\"wp-image-153083\" srcset=\"https:\/\/aconteceunovale.com.br\/portal\/wp-content\/uploads\/2019\/09\/premiados_boas_praticas.jpg 600w, https:\/\/aconteceunovale.com.br\/portal\/wp-content\/uploads\/2019\/09\/premiados_boas_praticas-300x200.jpg 300w\" sizes=\"auto, (max-width: 600px) 100vw, 600px\" \/><figcaption><em>Foto: Emerson Gomes \/ Sisema<\/em><\/figcaption><\/figure>\n\n\n\n<p class=\"wp-block-paragraph\"><strong>\u00c1gua<\/strong><br>\u00a0<br>J\u00e1 o programa da Usiminas foi o vencedor na categoria Iniciativa Privada, com um trabalho que fornece res\u00edduos da ind\u00fastria para pavimenta\u00e7\u00e3o de estradas rurais e distribui mour\u00f5es para cercamento de nascentes. O programa tem um link direto com a produ\u00e7\u00e3o de \u00e1gua e j\u00e1 tem a participa\u00e7\u00e3o de 54 munic\u00edpios do Vale do A\u00e7o, tendo recuperado cerca de 4 mil nascentes. Para isso, foram distribu\u00eddos 259 mil mour\u00f5es e 250 mil mudas aos participantes.<br>\u00a0<br>Um dos resultados mais importantes do Programa reflete-se na quantidade de \u00e1gua captada pela empresa. A capacidade outorgada \u00e9 de 14 mil litros por segundo e as nascentes recuperadas j\u00e1 t\u00eam uma vaz\u00e3o de 19 mil litros por segundo.<br>\u00a0<br>Em 2020, o programa ser\u00e1 ampliado para 80 munic\u00edpios. O diretor de Engenharia Industrial da Usiminas, Girleno Antonio de Oliveira, disse que os projetos sustent\u00e1veis fazem parte do DNA da empresa e que \u00e9 uma honra receber a premia\u00e7\u00e3o. \u201cA produ\u00e7\u00e3o de \u00e1gua \u00e9 uma forma de redu\u00e7\u00e3o de custos\u201d, explicou.<br>\u00a0<br><strong>Pr\u00eamio<\/strong><br>\u00a0<br>Al\u00e9m das iniciativas de sucesso na ind\u00fastria, a Semad tamb\u00e9m homenagear\u00e1 as Boas Pr\u00e1ticas Ambientais de projetos de res\u00edduos s\u00f3lidos agropecu\u00e1rios, e miner\u00e1rios no Estado de Minas Gerais. As premia\u00e7\u00f5es acontecem nos dias 26 e 27 de setembro, respectivamente nas reuni\u00f5es das C\u00e2maras de Atividades Agrossilvipastoris e de Atividades Miner\u00e1rias do Copam.<br>\u00a0<br>A iniciativa visa reconhecer, incentivar e divulgar boas pr\u00e1ticas ou projetos de gest\u00e3o ambientalmente adequada dos res\u00edduos s\u00f3lidos agropecu\u00e1rios, industriais e miner\u00e1rios no Estado de Minas Gerais. Neste ano, o tema \u00e9 \u201cMenos Res\u00edduo, Mais Sustentabilidade\u201d.<br>\u00a0<br>Os vencedores receber\u00e3o o carimbo das Boas Pr\u00e1ticas Ambientais que a Semad concede e poder\u00e1 ser aplicado nas publica\u00e7\u00f5es e produtos relacionados ao desenvolvimento das a\u00e7\u00f5es de boas pr\u00e1ticas ambientais. Tamb\u00e9m ser\u00e3o oferecidas viagens a Parques Estaduais como o Itacolomi, em Ouro Preto, o Ibitipoca, em Lima Duarte, na Zona da Mata, e Rio Preto, em S\u00e3o Gon\u00e7alo do Rio Preto.<\/p>\n\n\n\n<p class=\"has-text-color has-background has-very-light-gray-color has-very-dark-gray-background-color wp-block-paragraph\"><strong>VER PRIMEIRO: <\/strong>Receba as not\u00edcias do Aconteceu no Vale em primeira m\u00e3o. Clique em curtir no endere\u00e7o <a href=\"https:\/\/www.facebook.com\/aconteceunovale\" target=\"_blank\" rel=\"noreferrer noopener\">www.facebook.com\/aconteceunovale<\/a>.<\/p>\n","protected":false},"excerpt":{"rendered":"<p>Minas Gerais conheceu na segunda-feira, 23 de setembro, os dois primeiros vencedores do 3\u00ba Pr\u00eamio de Boas Pr\u00e1ticas Ambientais. Projetos da Usiminas e da Universidade Federal de Vi\u00e7osa (UFV) conquistaram, respectivamente, as categorias Institui\u00e7\u00e3o Privada e \u00d3rg\u00e3o P\u00fablico da premia\u00e7\u00e3o oferecida pelo Governo de Minas que, em 2019, teve como tema os res\u00edduos e formas [&hellip;]<\/p>\n","protected":false},"author":1,"featured_media":153083,"comment_status":"open","ping_status":"closed","sticky":false,"template":"","format":"standard","meta":{"amp_status":"","footnotes":""},"categories":[40238,121,123],"tags":[207772,35397,37378,6808,207771],"class_list":["post-153082","post","type-post","status-publish","format-standard","has-post-thumbnail","hentry","category-educacao-2","category-leste","category-gerais","tag-premio-de-boas-praticas-ambientais-do-sisema","tag-sisema","tag-ufv","tag-usiminas","tag-usiminas-e-ufv-conquistam-premio-de-boas-praticas-ambientais-do-sisema"],"yoast_head":"<!-- This site is optimized with the Yoast SEO plugin v28.3 - https:\/\/yoast.com\/product\/yoast-seo-wordpress\/ -->\n<title>Usiminas e UFV conquistam Pr\u00eamio de Boas Pr\u00e1ticas Ambientais do Sisema - Aconteceu no Vale<\/title>\n<meta name=\"robots\" content=\"index, follow, max-snippet:-1, max-image-preview:large, max-video-preview:-1\" \/>\n<link rel=\"canonical\" href=\"https:\/\/aconteceunovale.com.br\/portal\/?p=153082\" \/>\n<meta property=\"og:locale\" content=\"pt_BR\" \/>\n<meta property=\"og:type\" content=\"article\" \/>\n<meta property=\"og:title\" content=\"Usiminas e UFV conquistam Pr\u00eamio de Boas Pr\u00e1ticas Ambientais do Sisema - Aconteceu no Vale\" \/>\n<meta property=\"og:description\" content=\"Minas Gerais conheceu na segunda-feira, 23 de setembro, os dois primeiros vencedores do 3\u00ba Pr\u00eamio de Boas Pr\u00e1ticas Ambientais. Projetos da Usiminas e da Universidade Federal de Vi\u00e7osa (UFV) conquistaram, respectivamente, as categorias Institui\u00e7\u00e3o Privada e \u00d3rg\u00e3o P\u00fablico da premia\u00e7\u00e3o oferecida pelo Governo de Minas que, em 2019, teve como tema os res\u00edduos e formas [&hellip;]\" \/>\n<meta property=\"og:url\" content=\"https:\/\/aconteceunovale.com.br\/portal\/?p=153082\" \/>\n<meta property=\"og:site_name\" content=\"Aconteceu no Vale\" \/>\n<meta property=\"article:publisher\" content=\"https:\/\/www.facebook.com\/aconteceunovale\/\" \/>\n<meta property=\"article:published_time\" content=\"2019-09-26T00:12:48+00:00\" \/>\n<meta property=\"article:modified_time\" content=\"2019-09-26T00:22:59+00:00\" \/>\n<meta property=\"og:image\" content=\"https:\/\/aconteceunovale.com.br\/portal\/wp-content\/uploads\/2019\/09\/premiados_boas_praticas.jpg\" \/>\n\t<meta property=\"og:image:width\" content=\"600\" \/>\n\t<meta property=\"og:image:height\" content=\"400\" \/>\n\t<meta property=\"og:image:type\" content=\"image\/jpeg\" \/>\n<meta name=\"author\" content=\"Aconteceu no Vale\" \/>\n<meta name=\"twitter:card\" content=\"summary_large_image\" \/>\n<meta name=\"twitter:creator\" content=\"@noticiadosvales\" \/>\n<meta name=\"twitter:site\" content=\"@noticiadosvales\" \/>\n<meta name=\"twitter:label1\" content=\"Escrito por\" \/>\n\t<meta name=\"twitter:data1\" content=\"Aconteceu no Vale\" \/>\n\t<meta name=\"twitter:label2\" content=\"Est. tempo de leitura\" \/>\n\t<meta name=\"twitter:data2\" content=\"3 minutos\" \/>\n<script type=\"application\/ld+json\" class=\"yoast-schema-graph\">{\"@context\":\"https:\\\/\\\/schema.org\",\"@graph\":[{\"@type\":\"Article\",\"@id\":\"https:\\\/\\\/aconteceunovale.com.br\\\/portal\\\/?p=153082#article\",\"isPartOf\":{\"@id\":\"https:\\\/\\\/aconteceunovale.com.br\\\/portal\\\/?p=153082\"},\"author\":{\"name\":\"Aconteceu no Vale\",\"@id\":\"https:\\\/\\\/aconteceunovale.com.br\\\/portal\\\/#\\\/schema\\\/person\\\/633529146f2c94272bef50ac2953d589\"},\"headline\":\"Usiminas e UFV conquistam Pr\u00eamio de Boas Pr\u00e1ticas Ambientais do Sisema\",\"datePublished\":\"2019-09-26T00:12:48+00:00\",\"dateModified\":\"2019-09-26T00:22:59+00:00\",\"mainEntityOfPage\":{\"@id\":\"https:\\\/\\\/aconteceunovale.com.br\\\/portal\\\/?p=153082\"},\"wordCount\":655,\"commentCount\":0,\"image\":{\"@id\":\"https:\\\/\\\/aconteceunovale.com.br\\\/portal\\\/?p=153082#primaryimage\"},\"thumbnailUrl\":\"https:\\\/\\\/aconteceunovale.com.br\\\/portal\\\/wp-content\\\/uploads\\\/2019\\\/09\\\/premiados_boas_praticas.jpg\",\"keywords\":[\"Pr\u00eamio de Boas Pr\u00e1ticas Ambientais do Sisema\",\"Sisema\",\"UFV\",\"Usiminas\",\"Usiminas e UFV conquistam Pr\u00eamio de Boas Pr\u00e1ticas Ambientais do Sisema\"],\"articleSection\":[\"Educa\u00e7\u00e3o\",\"Leste de Minas\",\"Minas Gerais\"],\"inLanguage\":\"pt-BR\",\"potentialAction\":[{\"@type\":\"CommentAction\",\"name\":\"Comment\",\"target\":[\"https:\\\/\\\/aconteceunovale.com.br\\\/portal\\\/?p=153082#respond\"]}]},{\"@type\":\"WebPage\",\"@id\":\"https:\\\/\\\/aconteceunovale.com.br\\\/portal\\\/?p=153082\",\"url\":\"https:\\\/\\\/aconteceunovale.com.br\\\/portal\\\/?p=153082\",\"name\":\"Usiminas e UFV conquistam Pr\u00eamio de Boas Pr\u00e1ticas Ambientais do Sisema - Aconteceu no Vale\",\"isPartOf\":{\"@id\":\"https:\\\/\\\/aconteceunovale.com.br\\\/portal\\\/#website\"},\"primaryImageOfPage\":{\"@id\":\"https:\\\/\\\/aconteceunovale.com.br\\\/portal\\\/?p=153082#primaryimage\"},\"image\":{\"@id\":\"https:\\\/\\\/aconteceunovale.com.br\\\/portal\\\/?p=153082#primaryimage\"},\"thumbnailUrl\":\"https:\\\/\\\/aconteceunovale.com.br\\\/portal\\\/wp-content\\\/uploads\\\/2019\\\/09\\\/premiados_boas_praticas.jpg\",\"datePublished\":\"2019-09-26T00:12:48+00:00\",\"dateModified\":\"2019-09-26T00:22:59+00:00\",\"author\":{\"@id\":\"https:\\\/\\\/aconteceunovale.com.br\\\/portal\\\/#\\\/schema\\\/person\\\/633529146f2c94272bef50ac2953d589\"},\"breadcrumb\":{\"@id\":\"https:\\\/\\\/aconteceunovale.com.br\\\/portal\\\/?p=153082#breadcrumb\"},\"inLanguage\":\"pt-BR\",\"potentialAction\":[{\"@type\":\"ReadAction\",\"target\":[\"https:\\\/\\\/aconteceunovale.com.br\\\/portal\\\/?p=153082\"]}]},{\"@type\":\"ImageObject\",\"inLanguage\":\"pt-BR\",\"@id\":\"https:\\\/\\\/aconteceunovale.com.br\\\/portal\\\/?p=153082#primaryimage\",\"url\":\"https:\\\/\\\/aconteceunovale.com.br\\\/portal\\\/wp-content\\\/uploads\\\/2019\\\/09\\\/premiados_boas_praticas.jpg\",\"contentUrl\":\"https:\\\/\\\/aconteceunovale.com.br\\\/portal\\\/wp-content\\\/uploads\\\/2019\\\/09\\\/premiados_boas_praticas.jpg\",\"width\":600,\"height\":400},{\"@type\":\"BreadcrumbList\",\"@id\":\"https:\\\/\\\/aconteceunovale.com.br\\\/portal\\\/?p=153082#breadcrumb\",\"itemListElement\":[{\"@type\":\"ListItem\",\"position\":1,\"name\":\"In\u00edcio\",\"item\":\"https:\\\/\\\/aconteceunovale.com.br\\\/portal\\\/\"},{\"@type\":\"ListItem\",\"position\":2,\"name\":\"Usiminas e UFV conquistam Pr\u00eamio de Boas Pr\u00e1ticas Ambientais do Sisema\"}]},{\"@type\":\"WebSite\",\"@id\":\"https:\\\/\\\/aconteceunovale.com.br\\\/portal\\\/#website\",\"url\":\"https:\\\/\\\/aconteceunovale.com.br\\\/portal\\\/\",\"name\":\"Aconteceu no Vale\",\"description\":\"Portal de Not\u00edcias\",\"potentialAction\":[{\"@type\":\"SearchAction\",\"target\":{\"@type\":\"EntryPoint\",\"urlTemplate\":\"https:\\\/\\\/aconteceunovale.com.br\\\/portal\\\/?s={search_term_string}\"},\"query-input\":{\"@type\":\"PropertyValueSpecification\",\"valueRequired\":true,\"valueName\":\"search_term_string\"}}],\"inLanguage\":\"pt-BR\"},{\"@type\":\"Person\",\"@id\":\"https:\\\/\\\/aconteceunovale.com.br\\\/portal\\\/#\\\/schema\\\/person\\\/633529146f2c94272bef50ac2953d589\",\"name\":\"Aconteceu no Vale\",\"description\":\"Equipe de reportagem do Aconteceu no Vale, portal de not\u00edcias do Vale do Jequitinhonha, em Minas Gerais. Cobrimos as 51 cidades do Vale desde 2013. Sugest\u00f5es de pauta e pedidos de corre\u00e7\u00e3o: contato@aconteceunovale.com.br\",\"sameAs\":[\"http:\\\/\\\/www.aconteceunovale.com.br\"],\"url\":\"https:\\\/\\\/aconteceunovale.com.br\\\/portal\\\/?author=1\"}]}<\/script>\n<!-- \/ Yoast SEO plugin. -->","yoast_head_json":{"title":"Usiminas e UFV conquistam Pr\u00eamio de Boas Pr\u00e1ticas Ambientais do Sisema - Aconteceu no Vale","robots":{"index":"index","follow":"follow","max-snippet":"max-snippet:-1","max-image-preview":"max-image-preview:large","max-video-preview":"max-video-preview:-1"},"canonical":"https:\/\/aconteceunovale.com.br\/portal\/?p=153082","og_locale":"pt_BR","og_type":"article","og_title":"Usiminas e UFV conquistam Pr\u00eamio de Boas Pr\u00e1ticas Ambientais do Sisema - Aconteceu no Vale","og_description":"Minas Gerais conheceu na segunda-feira, 23 de setembro, os dois primeiros vencedores do 3\u00ba Pr\u00eamio de Boas Pr\u00e1ticas Ambientais. Projetos da Usiminas e da Universidade Federal de Vi\u00e7osa (UFV) conquistaram, respectivamente, as categorias Institui\u00e7\u00e3o Privada e \u00d3rg\u00e3o P\u00fablico da premia\u00e7\u00e3o oferecida pelo Governo de Minas que, em 2019, teve como tema os res\u00edduos e formas [&hellip;]","og_url":"https:\/\/aconteceunovale.com.br\/portal\/?p=153082","og_site_name":"Aconteceu no Vale","article_publisher":"https:\/\/www.facebook.com\/aconteceunovale\/","article_published_time":"2019-09-26T00:12:48+00:00","article_modified_time":"2019-09-26T00:22:59+00:00","og_image":[{"width":600,"height":400,"url":"https:\/\/aconteceunovale.com.br\/portal\/wp-content\/uploads\/2019\/09\/premiados_boas_praticas.jpg","type":"image\/jpeg"}],"author":"Aconteceu no Vale","twitter_card":"summary_large_image","twitter_creator":"@noticiadosvales","twitter_site":"@noticiadosvales","twitter_misc":{"Escrito por":"Aconteceu no Vale","Est. tempo de leitura":"3 minutos"},"schema":{"@context":"https:\/\/schema.org","@graph":[{"@type":"Article","@id":"https:\/\/aconteceunovale.com.br\/portal\/?p=153082#article","isPartOf":{"@id":"https:\/\/aconteceunovale.com.br\/portal\/?p=153082"},"author":{"name":"Aconteceu no Vale","@id":"https:\/\/aconteceunovale.com.br\/portal\/#\/schema\/person\/633529146f2c94272bef50ac2953d589"},"headline":"Usiminas e UFV conquistam Pr\u00eamio de Boas Pr\u00e1ticas Ambientais do Sisema","datePublished":"2019-09-26T00:12:48+00:00","dateModified":"2019-09-26T00:22:59+00:00","mainEntityOfPage":{"@id":"https:\/\/aconteceunovale.com.br\/portal\/?p=153082"},"wordCount":655,"commentCount":0,"image":{"@id":"https:\/\/aconteceunovale.com.br\/portal\/?p=153082#primaryimage"},"thumbnailUrl":"https:\/\/aconteceunovale.com.br\/portal\/wp-content\/uploads\/2019\/09\/premiados_boas_praticas.jpg","keywords":["Pr\u00eamio de Boas Pr\u00e1ticas Ambientais do Sisema","Sisema","UFV","Usiminas","Usiminas e UFV conquistam Pr\u00eamio de Boas Pr\u00e1ticas Ambientais do Sisema"],"articleSection":["Educa\u00e7\u00e3o","Leste de Minas","Minas Gerais"],"inLanguage":"pt-BR","potentialAction":[{"@type":"CommentAction","name":"Comment","target":["https:\/\/aconteceunovale.com.br\/portal\/?p=153082#respond"]}]},{"@type":"WebPage","@id":"https:\/\/aconteceunovale.com.br\/portal\/?p=153082","url":"https:\/\/aconteceunovale.com.br\/portal\/?p=153082","name":"Usiminas e UFV conquistam Pr\u00eamio de Boas Pr\u00e1ticas Ambientais do Sisema - Aconteceu no Vale","isPartOf":{"@id":"https:\/\/aconteceunovale.com.br\/portal\/#website"},"primaryImageOfPage":{"@id":"https:\/\/aconteceunovale.com.br\/portal\/?p=153082#primaryimage"},"image":{"@id":"https:\/\/aconteceunovale.com.br\/portal\/?p=153082#primaryimage"},"thumbnailUrl":"https:\/\/aconteceunovale.com.br\/portal\/wp-content\/uploads\/2019\/09\/premiados_boas_praticas.jpg","datePublished":"2019-09-26T00:12:48+00:00","dateModified":"2019-09-26T00:22:59+00:00","author":{"@id":"https:\/\/aconteceunovale.com.br\/portal\/#\/schema\/person\/633529146f2c94272bef50ac2953d589"},"breadcrumb":{"@id":"https:\/\/aconteceunovale.com.br\/portal\/?p=153082#breadcrumb"},"inLanguage":"pt-BR","potentialAction":[{"@type":"ReadAction","target":["https:\/\/aconteceunovale.com.br\/portal\/?p=153082"]}]},{"@type":"ImageObject","inLanguage":"pt-BR","@id":"https:\/\/aconteceunovale.com.br\/portal\/?p=153082#primaryimage","url":"https:\/\/aconteceunovale.com.br\/portal\/wp-content\/uploads\/2019\/09\/premiados_boas_praticas.jpg","contentUrl":"https:\/\/aconteceunovale.com.br\/portal\/wp-content\/uploads\/2019\/09\/premiados_boas_praticas.jpg","width":600,"height":400},{"@type":"BreadcrumbList","@id":"https:\/\/aconteceunovale.com.br\/portal\/?p=153082#breadcrumb","itemListElement":[{"@type":"ListItem","position":1,"name":"In\u00edcio","item":"https:\/\/aconteceunovale.com.br\/portal\/"},{"@type":"ListItem","position":2,"name":"Usiminas e UFV conquistam Pr\u00eamio de Boas Pr\u00e1ticas Ambientais do Sisema"}]},{"@type":"WebSite","@id":"https:\/\/aconteceunovale.com.br\/portal\/#website","url":"https:\/\/aconteceunovale.com.br\/portal\/","name":"Aconteceu no Vale","description":"Portal de Not\u00edcias","potentialAction":[{"@type":"SearchAction","target":{"@type":"EntryPoint","urlTemplate":"https:\/\/aconteceunovale.com.br\/portal\/?s={search_term_string}"},"query-input":{"@type":"PropertyValueSpecification","valueRequired":true,"valueName":"search_term_string"}}],"inLanguage":"pt-BR"},{"@type":"Person","@id":"https:\/\/aconteceunovale.com.br\/portal\/#\/schema\/person\/633529146f2c94272bef50ac2953d589","name":"Aconteceu no Vale","description":"Equipe de reportagem do Aconteceu no Vale, portal de not\u00edcias do Vale do Jequitinhonha, em Minas Gerais. Cobrimos as 51 cidades do Vale desde 2013. Sugest\u00f5es de pauta e pedidos de corre\u00e7\u00e3o: contato@aconteceunovale.com.br","sameAs":["http:\/\/www.aconteceunovale.com.br"],"url":"https:\/\/aconteceunovale.com.br\/portal\/?author=1"}]}},"_links":{"self":[{"href":"https:\/\/aconteceunovale.com.br\/portal\/index.php?rest_route=\/wp\/v2\/posts\/153082","targetHints":{"allow":["GET"]}}],"collection":[{"href":"https:\/\/aconteceunovale.com.br\/portal\/index.php?rest_route=\/wp\/v2\/posts"}],"about":[{"href":"https:\/\/aconteceunovale.com.br\/portal\/index.php?rest_route=\/wp\/v2\/types\/post"}],"author":[{"embeddable":true,"href":"https:\/\/aconteceunovale.com.br\/portal\/index.php?rest_route=\/wp\/v2\/users\/1"}],"replies":[{"embeddable":true,"href":"https:\/\/aconteceunovale.com.br\/portal\/index.php?rest_route=%2Fwp%2Fv2%2Fcomments&post=153082"}],"version-history":[{"count":2,"href":"https:\/\/aconteceunovale.com.br\/portal\/index.php?rest_route=\/wp\/v2\/posts\/153082\/revisions"}],"predecessor-version":[{"id":153085,"href":"https:\/\/aconteceunovale.com.br\/portal\/index.php?rest_route=\/wp\/v2\/posts\/153082\/revisions\/153085"}],"wp:featuredmedia":[{"embeddable":true,"href":"https:\/\/aconteceunovale.com.br\/portal\/index.php?rest_route=\/wp\/v2\/media\/153083"}],"wp:attachment":[{"href":"https:\/\/aconteceunovale.com.br\/portal\/index.php?rest_route=%2Fwp%2Fv2%2Fmedia&parent=153082"}],"wp:term":[{"taxonomy":"category","embeddable":true,"href":"https:\/\/aconteceunovale.com.br\/portal\/index.php?rest_route=%2Fwp%2Fv2%2Fcategories&post=153082"},{"taxonomy":"post_tag","embeddable":true,"href":"https:\/\/aconteceunovale.com.br\/portal\/index.php?rest_route=%2Fwp%2Fv2%2Ftags&post=153082"}],"curies":[{"name":"wp","href":"https:\/\/api.w.org\/{rel}","templated":true}]}}