{"id":15308,"date":"2013-12-13T20:19:48","date_gmt":"2013-12-13T22:19:48","guid":{"rendered":"http:\/\/aconteceunovale.com.br\/portal\/?p=15308"},"modified":"2013-12-13T20:19:48","modified_gmt":"2013-12-13T22:19:48","slug":"mae-e-filho-de-3-anos-ficam-feridos-em-acidente-no-norte-de-minas","status":"publish","type":"post","link":"https:\/\/aconteceunovale.com.br\/portal\/?p=15308","title":{"rendered":"M\u00e3e e filho de 3 anos ficam feridos em acidente no Norte de Minas"},"content":{"rendered":"<p><em><strong>Batida aconteceu na BR-251 e envolveu duas carretas; V\u00edtimas tiveram ferimentos leves e foram encaminhadas para Montes Claros<\/strong><\/em><\/p>\n<p>Um grave acidente envolvendo duas carretas na BR-251, no Norte de Minas, deixou uma jovem e o filho dela de 3 anos feridos nesta sexta-feira (13). Eles n\u00e3o correm risco de morte.<\/p>\n<p>De acordo com o Corpo de Bombeiros, a batida aconteceu na zona rural de Francisco S\u00e1 depois que uma carreta carregada de mangas desviou de um carro que estava estacionado na via, e colidiu contra uma outra carreta carregada de pedras.<\/p>\n<p>J\u00e9ssica Lima de Jesus, de 22, e o menino C.F.L, que estavam no ve\u00edculo com mangas, ficaram presos \u00e0s ferragens e foram socorridos pelo Servi\u00e7o de Atendimento M\u00f3vel de Urg\u00eancia (Samu) e encaminhados \u00e0 Santa Casa de Montes Claros, na mesma regi\u00e3o.<\/p>\n<p>Ainda segundo os bombeiros, J\u00e9ssica apresentava suspeita de fratura na perna direita e tinha v\u00e1rias escoria\u00e7\u00f5es pelo corpo. A crian\u00e7a teve ferimentos leves. Os motoristas das carretas n\u00e3o ficaram feridos.<\/p>\n<p>Devido o acidente, as pistas do trecho conhecido como \u201cSerra de Francisco S\u00e1\u201d ficaram fechadas por quatro horas. O congestionamento passou de cinco quil\u00f4metros nos dois sentidos da rodovia.<\/p>\n<p><img decoding=\"async\" src=\"http:\/\/aconteceunovale.com.br\/portal\/wp-content\/uploads\/2013\/12\/acidente_francisco_sa_2.jpg\" alt=\"\" \/><br \/>\n<em>Frente do ve\u00edculo ficou destru\u00edda<\/em><\/p>\n<p><img decoding=\"async\" src=\"http:\/\/aconteceunovale.com.br\/portal\/wp-content\/uploads\/2013\/12\/acidente_francisco_sa_1.jpg\" alt=\"\" \/><br \/>\n<em>Havia muita neblina do trecho no momento do acidente<\/em><\/p>\n<p>Via O Tempo<\/p>\n","protected":false},"excerpt":{"rendered":"<p>Batida aconteceu na BR-251 e envolveu duas carretas; V\u00edtimas tiveram ferimentos leves e foram encaminhadas para Montes Claros Um grave acidente envolvendo duas carretas na BR-251, no Norte de Minas, deixou uma jovem e o filho dela de 3 anos feridos nesta sexta-feira (13). Eles n\u00e3o correm risco de morte. De acordo com o Corpo [&hellip;]<\/p>\n","protected":false},"author":1,"featured_media":15310,"comment_status":"open","ping_status":"closed","sticky":false,"template":"","format":"standard","meta":{"amp_status":"","footnotes":""},"categories":[1236],"tags":[1396,1395,145],"class_list":["post-15308","post","type-post","status-publish","format-standard","has-post-thumbnail","hentry","category-norte_de_minas","tag-acidente-na-br-251","tag-francisco-sa","tag-norte-de-minas"],"_links":{"self":[{"href":"https:\/\/aconteceunovale.com.br\/portal\/index.php?rest_route=\/wp\/v2\/posts\/15308","targetHints":{"allow":["GET"]}}],"collection":[{"href":"https:\/\/aconteceunovale.com.br\/portal\/index.php?rest_route=\/wp\/v2\/posts"}],"about":[{"href":"https:\/\/aconteceunovale.com.br\/portal\/index.php?rest_route=\/wp\/v2\/types\/post"}],"author":[{"embeddable":true,"href":"https:\/\/aconteceunovale.com.br\/portal\/index.php?rest_route=\/wp\/v2\/users\/1"}],"replies":[{"embeddable":true,"href":"https:\/\/aconteceunovale.com.br\/portal\/index.php?rest_route=%2Fwp%2Fv2%2Fcomments&post=15308"}],"version-history":[{"count":0,"href":"https:\/\/aconteceunovale.com.br\/portal\/index.php?rest_route=\/wp\/v2\/posts\/15308\/revisions"}],"wp:featuredmedia":[{"embeddable":true,"href":"https:\/\/aconteceunovale.com.br\/portal\/index.php?rest_route=\/wp\/v2\/media\/15310"}],"wp:attachment":[{"href":"https:\/\/aconteceunovale.com.br\/portal\/index.php?rest_route=%2Fwp%2Fv2%2Fmedia&parent=15308"}],"wp:term":[{"taxonomy":"category","embeddable":true,"href":"https:\/\/aconteceunovale.com.br\/portal\/index.php?rest_route=%2Fwp%2Fv2%2Fcategories&post=15308"},{"taxonomy":"post_tag","embeddable":true,"href":"https:\/\/aconteceunovale.com.br\/portal\/index.php?rest_route=%2Fwp%2Fv2%2Ftags&post=15308"}],"curies":[{"name":"wp","href":"https:\/\/api.w.org\/{rel}","templated":true}]}}