{"id":153031,"date":"2019-09-24T17:06:43","date_gmt":"2019-09-24T20:06:43","guid":{"rendered":"http:\/\/aconteceunovale.com.br\/portal\/?p=153031"},"modified":"2019-09-24T17:08:49","modified_gmt":"2019-09-24T20:08:49","slug":"workshop-apresenta-sistema-de-destinacao-de-residuos-no-leste-de-minas","status":"publish","type":"post","link":"https:\/\/aconteceunovale.com.br\/portal\/?p=153031","title":{"rendered":"Workshop apresenta sistema de destina\u00e7\u00e3o de res\u00edduos no Leste de Minas"},"content":{"rendered":"\n<p class=\"wp-block-paragraph\">\n\nO Sistema Estadual de Manifesto de Transporte de Res\u00edduos (MTR), sistema on-line que permite a rastreabilidade dos res\u00edduos gerados e\/ou destinados no estado de Minas Gerais, ser\u00e1 apresentado nesta semana na Regi\u00e3o Leste de Minas Gerais. Na quarta-feira (25\/9), o workshop chega a Governador Valadares e, na quinta-feira (26\/9), a Ipatinga, ambos de 8h30 \u00e0s 12h.<\/p>\n\n\n\n<p class=\"wp-block-paragraph\">A atividade \u00e9 uma parceria da Feam com o Sindicato das Empresas de Coleta, Limpeza e Industrializa\u00e7\u00e3o do Lixo de Minas Gerais (Sindilurb) e a Federa\u00e7\u00e3o das Ind\u00fastrias do Estado de Minas Gerais (Fiemg) e est\u00e1 aberta a todos os geradores de Res\u00edduos de Servi\u00e7os de Sa\u00fade (RSS) da regi\u00e3o.<\/p>\n\n\n\n<p class=\"wp-block-paragraph\">O Sistema Estadual de Manifesto de Transporte de Res\u00edduos (MTR) foi institu\u00eddo em Minas pela Delibera\u00e7\u00e3o Normativa do Conselho Estadual de Pol\u00edtica Ambiental (Copam) 232, de 2019, e \u00e9 operado pela Feam. O acesso ao sistema \u00e9 feito exclusivamente pela internet, utilizando a Plataforma Digital do Sistema, dispon\u00edvel na internet\u00a0<a href=\"http:\/\/feam.br\/sistema-mtr-mg\" target=\"_blank\" rel=\"noreferrer noopener\" aria-label=\" (abre numa nova aba)\">neste link<\/a>.<\/p>\n\n\n\n<p class=\"wp-block-paragraph\">O sistema permite a emiss\u00e3o do MTR, documento que acompanha as cargas de res\u00edduos do seu ponto de origem ao destinat\u00e1rio, com o controle sendo feito de forma eletr\u00f4nica. Entre os res\u00edduos que ser\u00e3o abrangidos pelo sistema est\u00e3o os industriais, da minera\u00e7\u00e3o, de servi\u00e7os de sa\u00fade e da constru\u00e7\u00e3o civil. O uso do Sistema Estadual de Manifesto de Transporte de Res\u00edduos ser\u00e1 obrigat\u00f3rio a partir de outubro pr\u00f3ximo.<\/p>\n\n\n\n<p class=\"wp-block-paragraph\">Para garantir vaga nos workshops, basta preencher&nbsp;<a href=\"https:\/\/docs.google.com\/forms\/d\/e\/1FAIpQLSdR5jX8mjzd7o71K5vwFq2CIeBIJ066lHczfiHTGVMiKtgVig\/viewform\" target=\"_blank\" rel=\"noreferrer noopener\">este formul\u00e1rio<\/a>. Mais informa\u00e7\u00f5es sobre o MTR est\u00e3o&nbsp;<a href=\"http:\/\/feam.br\/sistema-mtr-mg\" target=\"_blank\" rel=\"noreferrer noopener\">na p\u00e1gina do sistema<\/a>.<\/p>\n\n\n\n<p class=\"wp-block-paragraph\"><strong>Servi\u00e7o:<\/strong><\/p>\n\n\n\n<p class=\"wp-block-paragraph\">Workshop sobre Sistema Estadual de Manifesto de Transporte de Res\u00edduos (MTR)<\/p>\n\n\n\n<p class=\"wp-block-paragraph\"><strong>Data<\/strong>: 25 de setembro de 2019 (quarta-feira)<br><strong>Local:<\/strong>&nbsp;Senai Governador Valadares &#8211; Rua Leda Maria Mota, 120 &#8211; Nova JK<\/p>\n\n\n\n<p class=\"wp-block-paragraph\"><strong>Dia:<\/strong>\u00a026 de setembro de 2019 (quinta-feira)<br><strong>Local<\/strong>: Fiemg Ipatinga &#8211; Av. Pedro Linhares Gomes, 5431- Horto <\/p>\n\n\n\n<p class=\"has-text-color has-background has-very-light-gray-color has-very-dark-gray-background-color wp-block-paragraph\"><strong>VER PRIMEIRO: <\/strong>Receba as not\u00edcias do Aconteceu no Vale em primeira m\u00e3o. Clique em curtir no endere\u00e7o <a href=\"https:\/\/www.facebook.com\/aconteceunovale\" target=\"_blank\" rel=\"noreferrer noopener\">www.facebook.com\/aconteceunovale<\/a>.<\/p>\n","protected":false},"excerpt":{"rendered":"<p>O Sistema Estadual de Manifesto de Transporte de Res\u00edduos (MTR), sistema on-line que permite a rastreabilidade dos res\u00edduos gerados e\/ou destinados no estado de Minas Gerais, ser\u00e1 apresentado nesta semana na Regi\u00e3o Leste de Minas Gerais. Na quarta-feira (25\/9), o workshop chega a Governador Valadares e, na quinta-feira (26\/9), a Ipatinga, ambos de 8h30 \u00e0s [&hellip;]<\/p>\n","protected":false},"author":1,"featured_media":152320,"comment_status":"open","ping_status":"closed","sticky":false,"template":"","format":"standard","meta":{"amp_status":"","footnotes":""},"categories":[125,121],"tags":[207694,207695,32279,48248,34963,247,201,206730,206731,207696,207697,207698],"class_list":["post-153031","post","type-post","status-publish","format-standard","has-post-thumbnail","hentry","category-noticias","category-leste","tag-destinacao-de-residuos-em-governador-valadares","tag-destinacao-de-residuos-em-ipatinga","tag-feam","tag-fiemg","tag-fundacao-estadual-de-meio-ambiente","tag-governador-valadares","tag-ipatinga","tag-mtr","tag-sistema-estadual-de-manifesto-de-transporte-de-residuos","tag-workshop-apresenta-sistema-de-destinacao-de-residuos-em-governador-valadares","tag-workshop-apresenta-sistema-de-destinacao-de-residuos-em-ipatinga","tag-workshop-apresenta-sistema-de-destinacao-de-residuos-no-leste-de-minas"],"yoast_head":"<!-- This site is optimized with the Yoast SEO plugin v28.3 - https:\/\/yoast.com\/product\/yoast-seo-wordpress\/ -->\n<title>Workshop apresenta sistema de destina\u00e7\u00e3o de res\u00edduos no Leste de Minas - Aconteceu no Vale<\/title>\n<meta name=\"robots\" content=\"index, follow, max-snippet:-1, max-image-preview:large, max-video-preview:-1\" \/>\n<link rel=\"canonical\" href=\"https:\/\/aconteceunovale.com.br\/portal\/?p=153031\" \/>\n<meta property=\"og:locale\" content=\"pt_BR\" \/>\n<meta property=\"og:type\" content=\"article\" \/>\n<meta property=\"og:title\" content=\"Workshop apresenta sistema de destina\u00e7\u00e3o de res\u00edduos no Leste de Minas - Aconteceu no Vale\" \/>\n<meta property=\"og:description\" content=\"O Sistema Estadual de Manifesto de Transporte de Res\u00edduos (MTR), sistema on-line que permite a rastreabilidade dos res\u00edduos gerados e\/ou destinados no estado de Minas Gerais, ser\u00e1 apresentado nesta semana na Regi\u00e3o Leste de Minas Gerais. Na quarta-feira (25\/9), o workshop chega a Governador Valadares e, na quinta-feira (26\/9), a Ipatinga, ambos de 8h30 \u00e0s [&hellip;]\" \/>\n<meta property=\"og:url\" content=\"https:\/\/aconteceunovale.com.br\/portal\/?p=153031\" \/>\n<meta property=\"og:site_name\" content=\"Aconteceu no Vale\" \/>\n<meta property=\"article:publisher\" content=\"https:\/\/www.facebook.com\/aconteceunovale\/\" \/>\n<meta property=\"article:published_time\" content=\"2019-09-24T20:06:43+00:00\" \/>\n<meta property=\"article:modified_time\" content=\"2019-09-24T20:08:49+00:00\" \/>\n<meta property=\"og:image\" content=\"https:\/\/aconteceunovale.com.br\/portal\/wp-content\/uploads\/2019\/09\/reciclagem.jpg\" \/>\n\t<meta property=\"og:image:width\" content=\"600\" \/>\n\t<meta property=\"og:image:height\" content=\"367\" \/>\n\t<meta property=\"og:image:type\" content=\"image\/jpeg\" \/>\n<meta name=\"author\" content=\"Aconteceu no Vale\" \/>\n<meta name=\"twitter:card\" content=\"summary_large_image\" \/>\n<meta name=\"twitter:creator\" content=\"@noticiadosvales\" \/>\n<meta name=\"twitter:site\" content=\"@noticiadosvales\" \/>\n<meta name=\"twitter:label1\" content=\"Escrito por\" \/>\n\t<meta name=\"twitter:data1\" content=\"Aconteceu no Vale\" \/>\n\t<meta name=\"twitter:label2\" content=\"Est. tempo de leitura\" \/>\n\t<meta name=\"twitter:data2\" content=\"2 minutos\" \/>\n<script type=\"application\/ld+json\" class=\"yoast-schema-graph\">{\"@context\":\"https:\\\/\\\/schema.org\",\"@graph\":[{\"@type\":\"Article\",\"@id\":\"https:\\\/\\\/aconteceunovale.com.br\\\/portal\\\/?p=153031#article\",\"isPartOf\":{\"@id\":\"https:\\\/\\\/aconteceunovale.com.br\\\/portal\\\/?p=153031\"},\"author\":{\"name\":\"Aconteceu no Vale\",\"@id\":\"https:\\\/\\\/aconteceunovale.com.br\\\/portal\\\/#\\\/schema\\\/person\\\/633529146f2c94272bef50ac2953d589\"},\"headline\":\"Workshop apresenta sistema de destina\u00e7\u00e3o de res\u00edduos no Leste de Minas\",\"datePublished\":\"2019-09-24T20:06:43+00:00\",\"dateModified\":\"2019-09-24T20:08:49+00:00\",\"mainEntityOfPage\":{\"@id\":\"https:\\\/\\\/aconteceunovale.com.br\\\/portal\\\/?p=153031\"},\"wordCount\":358,\"commentCount\":0,\"image\":{\"@id\":\"https:\\\/\\\/aconteceunovale.com.br\\\/portal\\\/?p=153031#primaryimage\"},\"thumbnailUrl\":\"https:\\\/\\\/aconteceunovale.com.br\\\/portal\\\/wp-content\\\/uploads\\\/2019\\\/09\\\/reciclagem.jpg\",\"keywords\":[\"Destina\u00e7\u00e3o de res\u00edduos em Governador Valadares\",\"Destina\u00e7\u00e3o de res\u00edduos em Ipatinga\",\"Feam\",\"FIEMG\",\"Funda\u00e7\u00e3o Estadual de Meio Ambiente\",\"Governador Valadares\",\"Ipatinga\",\"MTR\",\"Sistema Estadual de Manifesto de Transporte de Res\u00edduos\",\"Workshop apresenta sistema de destina\u00e7\u00e3o de res\u00edduos em Governador Valadares\",\"Workshop apresenta sistema de destina\u00e7\u00e3o de res\u00edduos em Ipatinga\",\"Workshop apresenta sistema de destina\u00e7\u00e3o de res\u00edduos no Leste de Minas\"],\"articleSection\":[\"Eventos\",\"Leste de Minas\"],\"inLanguage\":\"pt-BR\",\"potentialAction\":[{\"@type\":\"CommentAction\",\"name\":\"Comment\",\"target\":[\"https:\\\/\\\/aconteceunovale.com.br\\\/portal\\\/?p=153031#respond\"]}]},{\"@type\":\"WebPage\",\"@id\":\"https:\\\/\\\/aconteceunovale.com.br\\\/portal\\\/?p=153031\",\"url\":\"https:\\\/\\\/aconteceunovale.com.br\\\/portal\\\/?p=153031\",\"name\":\"Workshop apresenta sistema de destina\u00e7\u00e3o de res\u00edduos no Leste de Minas - Aconteceu no Vale\",\"isPartOf\":{\"@id\":\"https:\\\/\\\/aconteceunovale.com.br\\\/portal\\\/#website\"},\"primaryImageOfPage\":{\"@id\":\"https:\\\/\\\/aconteceunovale.com.br\\\/portal\\\/?p=153031#primaryimage\"},\"image\":{\"@id\":\"https:\\\/\\\/aconteceunovale.com.br\\\/portal\\\/?p=153031#primaryimage\"},\"thumbnailUrl\":\"https:\\\/\\\/aconteceunovale.com.br\\\/portal\\\/wp-content\\\/uploads\\\/2019\\\/09\\\/reciclagem.jpg\",\"datePublished\":\"2019-09-24T20:06:43+00:00\",\"dateModified\":\"2019-09-24T20:08:49+00:00\",\"author\":{\"@id\":\"https:\\\/\\\/aconteceunovale.com.br\\\/portal\\\/#\\\/schema\\\/person\\\/633529146f2c94272bef50ac2953d589\"},\"breadcrumb\":{\"@id\":\"https:\\\/\\\/aconteceunovale.com.br\\\/portal\\\/?p=153031#breadcrumb\"},\"inLanguage\":\"pt-BR\",\"potentialAction\":[{\"@type\":\"ReadAction\",\"target\":[\"https:\\\/\\\/aconteceunovale.com.br\\\/portal\\\/?p=153031\"]}]},{\"@type\":\"ImageObject\",\"inLanguage\":\"pt-BR\",\"@id\":\"https:\\\/\\\/aconteceunovale.com.br\\\/portal\\\/?p=153031#primaryimage\",\"url\":\"https:\\\/\\\/aconteceunovale.com.br\\\/portal\\\/wp-content\\\/uploads\\\/2019\\\/09\\\/reciclagem.jpg\",\"contentUrl\":\"https:\\\/\\\/aconteceunovale.com.br\\\/portal\\\/wp-content\\\/uploads\\\/2019\\\/09\\\/reciclagem.jpg\",\"width\":600,\"height\":367},{\"@type\":\"BreadcrumbList\",\"@id\":\"https:\\\/\\\/aconteceunovale.com.br\\\/portal\\\/?p=153031#breadcrumb\",\"itemListElement\":[{\"@type\":\"ListItem\",\"position\":1,\"name\":\"In\u00edcio\",\"item\":\"https:\\\/\\\/aconteceunovale.com.br\\\/portal\\\/\"},{\"@type\":\"ListItem\",\"position\":2,\"name\":\"Workshop apresenta sistema de destina\u00e7\u00e3o de res\u00edduos no Leste de Minas\"}]},{\"@type\":\"WebSite\",\"@id\":\"https:\\\/\\\/aconteceunovale.com.br\\\/portal\\\/#website\",\"url\":\"https:\\\/\\\/aconteceunovale.com.br\\\/portal\\\/\",\"name\":\"Aconteceu no Vale\",\"description\":\"Portal de Not\u00edcias\",\"potentialAction\":[{\"@type\":\"SearchAction\",\"target\":{\"@type\":\"EntryPoint\",\"urlTemplate\":\"https:\\\/\\\/aconteceunovale.com.br\\\/portal\\\/?s={search_term_string}\"},\"query-input\":{\"@type\":\"PropertyValueSpecification\",\"valueRequired\":true,\"valueName\":\"search_term_string\"}}],\"inLanguage\":\"pt-BR\"},{\"@type\":\"Person\",\"@id\":\"https:\\\/\\\/aconteceunovale.com.br\\\/portal\\\/#\\\/schema\\\/person\\\/633529146f2c94272bef50ac2953d589\",\"name\":\"Aconteceu no Vale\",\"description\":\"Equipe de reportagem do Aconteceu no Vale, portal de not\u00edcias do Vale do Jequitinhonha, em Minas Gerais. Cobrimos as 51 cidades do Vale desde 2013. Sugest\u00f5es de pauta e pedidos de corre\u00e7\u00e3o: contato@aconteceunovale.com.br\",\"sameAs\":[\"http:\\\/\\\/www.aconteceunovale.com.br\"],\"url\":\"https:\\\/\\\/aconteceunovale.com.br\\\/portal\\\/?author=1\"}]}<\/script>\n<!-- \/ Yoast SEO plugin. -->","yoast_head_json":{"title":"Workshop apresenta sistema de destina\u00e7\u00e3o de res\u00edduos no Leste de Minas - Aconteceu no Vale","robots":{"index":"index","follow":"follow","max-snippet":"max-snippet:-1","max-image-preview":"max-image-preview:large","max-video-preview":"max-video-preview:-1"},"canonical":"https:\/\/aconteceunovale.com.br\/portal\/?p=153031","og_locale":"pt_BR","og_type":"article","og_title":"Workshop apresenta sistema de destina\u00e7\u00e3o de res\u00edduos no Leste de Minas - Aconteceu no Vale","og_description":"O Sistema Estadual de Manifesto de Transporte de Res\u00edduos (MTR), sistema on-line que permite a rastreabilidade dos res\u00edduos gerados e\/ou destinados no estado de Minas Gerais, ser\u00e1 apresentado nesta semana na Regi\u00e3o Leste de Minas Gerais. Na quarta-feira (25\/9), o workshop chega a Governador Valadares e, na quinta-feira (26\/9), a Ipatinga, ambos de 8h30 \u00e0s [&hellip;]","og_url":"https:\/\/aconteceunovale.com.br\/portal\/?p=153031","og_site_name":"Aconteceu no Vale","article_publisher":"https:\/\/www.facebook.com\/aconteceunovale\/","article_published_time":"2019-09-24T20:06:43+00:00","article_modified_time":"2019-09-24T20:08:49+00:00","og_image":[{"width":600,"height":367,"url":"https:\/\/aconteceunovale.com.br\/portal\/wp-content\/uploads\/2019\/09\/reciclagem.jpg","type":"image\/jpeg"}],"author":"Aconteceu no Vale","twitter_card":"summary_large_image","twitter_creator":"@noticiadosvales","twitter_site":"@noticiadosvales","twitter_misc":{"Escrito por":"Aconteceu no Vale","Est. tempo de leitura":"2 minutos"},"schema":{"@context":"https:\/\/schema.org","@graph":[{"@type":"Article","@id":"https:\/\/aconteceunovale.com.br\/portal\/?p=153031#article","isPartOf":{"@id":"https:\/\/aconteceunovale.com.br\/portal\/?p=153031"},"author":{"name":"Aconteceu no Vale","@id":"https:\/\/aconteceunovale.com.br\/portal\/#\/schema\/person\/633529146f2c94272bef50ac2953d589"},"headline":"Workshop apresenta sistema de destina\u00e7\u00e3o de res\u00edduos no Leste de Minas","datePublished":"2019-09-24T20:06:43+00:00","dateModified":"2019-09-24T20:08:49+00:00","mainEntityOfPage":{"@id":"https:\/\/aconteceunovale.com.br\/portal\/?p=153031"},"wordCount":358,"commentCount":0,"image":{"@id":"https:\/\/aconteceunovale.com.br\/portal\/?p=153031#primaryimage"},"thumbnailUrl":"https:\/\/aconteceunovale.com.br\/portal\/wp-content\/uploads\/2019\/09\/reciclagem.jpg","keywords":["Destina\u00e7\u00e3o de res\u00edduos em Governador Valadares","Destina\u00e7\u00e3o de res\u00edduos em Ipatinga","Feam","FIEMG","Funda\u00e7\u00e3o Estadual de Meio Ambiente","Governador Valadares","Ipatinga","MTR","Sistema Estadual de Manifesto de Transporte de Res\u00edduos","Workshop apresenta sistema de destina\u00e7\u00e3o de res\u00edduos em Governador Valadares","Workshop apresenta sistema de destina\u00e7\u00e3o de res\u00edduos em Ipatinga","Workshop apresenta sistema de destina\u00e7\u00e3o de res\u00edduos no Leste de Minas"],"articleSection":["Eventos","Leste de Minas"],"inLanguage":"pt-BR","potentialAction":[{"@type":"CommentAction","name":"Comment","target":["https:\/\/aconteceunovale.com.br\/portal\/?p=153031#respond"]}]},{"@type":"WebPage","@id":"https:\/\/aconteceunovale.com.br\/portal\/?p=153031","url":"https:\/\/aconteceunovale.com.br\/portal\/?p=153031","name":"Workshop apresenta sistema de destina\u00e7\u00e3o de res\u00edduos no Leste de Minas - Aconteceu no Vale","isPartOf":{"@id":"https:\/\/aconteceunovale.com.br\/portal\/#website"},"primaryImageOfPage":{"@id":"https:\/\/aconteceunovale.com.br\/portal\/?p=153031#primaryimage"},"image":{"@id":"https:\/\/aconteceunovale.com.br\/portal\/?p=153031#primaryimage"},"thumbnailUrl":"https:\/\/aconteceunovale.com.br\/portal\/wp-content\/uploads\/2019\/09\/reciclagem.jpg","datePublished":"2019-09-24T20:06:43+00:00","dateModified":"2019-09-24T20:08:49+00:00","author":{"@id":"https:\/\/aconteceunovale.com.br\/portal\/#\/schema\/person\/633529146f2c94272bef50ac2953d589"},"breadcrumb":{"@id":"https:\/\/aconteceunovale.com.br\/portal\/?p=153031#breadcrumb"},"inLanguage":"pt-BR","potentialAction":[{"@type":"ReadAction","target":["https:\/\/aconteceunovale.com.br\/portal\/?p=153031"]}]},{"@type":"ImageObject","inLanguage":"pt-BR","@id":"https:\/\/aconteceunovale.com.br\/portal\/?p=153031#primaryimage","url":"https:\/\/aconteceunovale.com.br\/portal\/wp-content\/uploads\/2019\/09\/reciclagem.jpg","contentUrl":"https:\/\/aconteceunovale.com.br\/portal\/wp-content\/uploads\/2019\/09\/reciclagem.jpg","width":600,"height":367},{"@type":"BreadcrumbList","@id":"https:\/\/aconteceunovale.com.br\/portal\/?p=153031#breadcrumb","itemListElement":[{"@type":"ListItem","position":1,"name":"In\u00edcio","item":"https:\/\/aconteceunovale.com.br\/portal\/"},{"@type":"ListItem","position":2,"name":"Workshop apresenta sistema de destina\u00e7\u00e3o de res\u00edduos no Leste de Minas"}]},{"@type":"WebSite","@id":"https:\/\/aconteceunovale.com.br\/portal\/#website","url":"https:\/\/aconteceunovale.com.br\/portal\/","name":"Aconteceu no Vale","description":"Portal de Not\u00edcias","potentialAction":[{"@type":"SearchAction","target":{"@type":"EntryPoint","urlTemplate":"https:\/\/aconteceunovale.com.br\/portal\/?s={search_term_string}"},"query-input":{"@type":"PropertyValueSpecification","valueRequired":true,"valueName":"search_term_string"}}],"inLanguage":"pt-BR"},{"@type":"Person","@id":"https:\/\/aconteceunovale.com.br\/portal\/#\/schema\/person\/633529146f2c94272bef50ac2953d589","name":"Aconteceu no Vale","description":"Equipe de reportagem do Aconteceu no Vale, portal de not\u00edcias do Vale do Jequitinhonha, em Minas Gerais. Cobrimos as 51 cidades do Vale desde 2013. Sugest\u00f5es de pauta e pedidos de corre\u00e7\u00e3o: contato@aconteceunovale.com.br","sameAs":["http:\/\/www.aconteceunovale.com.br"],"url":"https:\/\/aconteceunovale.com.br\/portal\/?author=1"}]}},"_links":{"self":[{"href":"https:\/\/aconteceunovale.com.br\/portal\/index.php?rest_route=\/wp\/v2\/posts\/153031","targetHints":{"allow":["GET"]}}],"collection":[{"href":"https:\/\/aconteceunovale.com.br\/portal\/index.php?rest_route=\/wp\/v2\/posts"}],"about":[{"href":"https:\/\/aconteceunovale.com.br\/portal\/index.php?rest_route=\/wp\/v2\/types\/post"}],"author":[{"embeddable":true,"href":"https:\/\/aconteceunovale.com.br\/portal\/index.php?rest_route=\/wp\/v2\/users\/1"}],"replies":[{"embeddable":true,"href":"https:\/\/aconteceunovale.com.br\/portal\/index.php?rest_route=%2Fwp%2Fv2%2Fcomments&post=153031"}],"version-history":[{"count":1,"href":"https:\/\/aconteceunovale.com.br\/portal\/index.php?rest_route=\/wp\/v2\/posts\/153031\/revisions"}],"predecessor-version":[{"id":153032,"href":"https:\/\/aconteceunovale.com.br\/portal\/index.php?rest_route=\/wp\/v2\/posts\/153031\/revisions\/153032"}],"wp:featuredmedia":[{"embeddable":true,"href":"https:\/\/aconteceunovale.com.br\/portal\/index.php?rest_route=\/wp\/v2\/media\/152320"}],"wp:attachment":[{"href":"https:\/\/aconteceunovale.com.br\/portal\/index.php?rest_route=%2Fwp%2Fv2%2Fmedia&parent=153031"}],"wp:term":[{"taxonomy":"category","embeddable":true,"href":"https:\/\/aconteceunovale.com.br\/portal\/index.php?rest_route=%2Fwp%2Fv2%2Fcategories&post=153031"},{"taxonomy":"post_tag","embeddable":true,"href":"https:\/\/aconteceunovale.com.br\/portal\/index.php?rest_route=%2Fwp%2Fv2%2Ftags&post=153031"}],"curies":[{"name":"wp","href":"https:\/\/api.w.org\/{rel}","templated":true}]}}