{"id":153021,"date":"2019-09-24T13:06:36","date_gmt":"2019-09-24T16:06:36","guid":{"rendered":"http:\/\/aconteceunovale.com.br\/portal\/?p=153021"},"modified":"2019-09-24T13:08:16","modified_gmt":"2019-09-24T16:08:16","slug":"operacao-sevilha-combate-roubo-de-cargas-dos-correios-em-minas-gerais","status":"publish","type":"post","link":"https:\/\/aconteceunovale.com.br\/portal\/?p=153021","title":{"rendered":"Opera\u00e7\u00e3o Sevilha combate roubo de cargas dos Correios em Minas Gerais"},"content":{"rendered":"\n<p class=\"wp-block-paragraph\">A Pol\u00edcia Federal realizou na\nmanh\u00e3 desta ter\u00e7a-feira (24\/09\/2019), em conjunto com a Pol\u00edcia Rodovi\u00e1ria\nFederal, Pol\u00edcia Militar de Ribeir\u00e3o das Neves\/MG e Pol\u00edcia Civil de Jo\u00e3o\nMonlevade\/MG, a Opera\u00e7\u00e3o Sevilha. O objetivo \u00e9 combater o roubo de carga dos\nCorreios.<br>\n<br>\nAp\u00f3s as investiga\u00e7\u00f5es, chegou-se a uma quadrilha suspeita de praticar os crimes\nde roubo qualificado e organiza\u00e7\u00e3o criminosa que atuava nas imedia\u00e7\u00f5es da BR-381,\npr\u00f3ximo a cidade de Jo\u00e3o Monlevade\/MG, cometendo o delito de roubo de cargas.\nEles sequestravam e mantinham os motoristas como ref\u00e9ns durante o deslocamento\ndos ve\u00edculos at\u00e9 a regi\u00e3o metropolitana de Belo Horizonte\/MG, local onde eram\nlibertados ap\u00f3s a consuma\u00e7\u00e3o do crime.<\/p>\n\n\n\n<p class=\"wp-block-paragraph\">Foram cumpridos sete mandados de busca e apreens\u00e3o e quatro\nmandados de pris\u00e3o preventiva. Al\u00e9m disso, oito suspeitos foram intimados a\nprestarem esclarecimentos na Pol\u00edcia Federal.<\/p>\n\n\n\n<p class=\"wp-block-paragraph\">H\u00e1 tamb\u00e9m ve\u00edculos sendo apreendidos por terem sido utilizados para a pr\u00e1tica dos crimes citados.<br> <br> O nome da opera\u00e7\u00e3o faz refer\u00eancia a regi\u00e3o em que a maioria dos alvos mora na cidade de Ribeir\u00e3o das Neves\/MG.<\/p>\n\n\n\n<figure class=\"wp-block-image\"><img loading=\"lazy\" decoding=\"async\" width=\"600\" height=\"450\" src=\"http:\/\/aconteceunovale.com.br\/portal\/wp-content\/uploads\/2019\/09\/operacao_sevilha.jpeg\" alt=\"\" class=\"wp-image-153022\" srcset=\"https:\/\/aconteceunovale.com.br\/portal\/wp-content\/uploads\/2019\/09\/operacao_sevilha.jpeg 600w, https:\/\/aconteceunovale.com.br\/portal\/wp-content\/uploads\/2019\/09\/operacao_sevilha-300x225.jpeg 300w, https:\/\/aconteceunovale.com.br\/portal\/wp-content\/uploads\/2019\/09\/operacao_sevilha-80x60.jpeg 80w, https:\/\/aconteceunovale.com.br\/portal\/wp-content\/uploads\/2019\/09\/operacao_sevilha-265x198.jpeg 265w, https:\/\/aconteceunovale.com.br\/portal\/wp-content\/uploads\/2019\/09\/operacao_sevilha-560x420.jpeg 560w\" sizes=\"auto, (max-width: 600px) 100vw, 600px\" \/><figcaption>Foto: Divulga\u00e7\u00e3o \/ PF<\/figcaption><\/figure>\n\n\n\n<p class=\"has-text-color has-background has-very-light-gray-color has-very-dark-gray-background-color wp-block-paragraph\"><strong>VER PRIMEIRO: <\/strong>Receba as not\u00edcias do Aconteceu no Vale em primeira m\u00e3o. Clique em curtir no endere\u00e7o <a href=\"https:\/\/www.facebook.com\/aconteceunovale\" target=\"_blank\" rel=\"noreferrer noopener\">www.facebook.com\/aconteceunovale<\/a>.<\/p>\n","protected":false},"excerpt":{"rendered":"<p>A Pol\u00edcia Federal realizou na manh\u00e3 desta ter\u00e7a-feira (24\/09\/2019), em conjunto com a Pol\u00edcia Rodovi\u00e1ria Federal, Pol\u00edcia Militar de Ribeir\u00e3o das Neves\/MG e Pol\u00edcia Civil de Jo\u00e3o Monlevade\/MG, a Opera\u00e7\u00e3o Sevilha. O objetivo \u00e9 combater o roubo de carga dos Correios. Ap\u00f3s as investiga\u00e7\u00f5es, chegou-se a uma quadrilha suspeita de praticar os crimes de roubo [&hellip;]<\/p>\n","protected":false},"author":1,"featured_media":153022,"comment_status":"open","ping_status":"closed","sticky":false,"template":"","format":"standard","meta":{"amp_status":"","footnotes":""},"categories":[123],"tags":[194,1017,1102,207683,207685,20966,772,239,3674,207684,50291],"class_list":["post-153021","post","type-post","status-publish","format-standard","has-post-thumbnail","hentry","category-gerais","tag-belo-horizonte","tag-bh","tag-joao-monlevade","tag-operacao-sevilha","tag-operacao-sevilha-combate-roubo-de-cargas-dos-correios-em-minas-gerais","tag-pf","tag-policia-federal","tag-prf","tag-ribeirao-das-neves","tag-roubo-de-carga-dos-correios","tag-roubo-de-cargas-na-br-381"],"yoast_head":"<!-- This site is optimized with the Yoast SEO plugin v28.3 - https:\/\/yoast.com\/product\/yoast-seo-wordpress\/ -->\n<title>Opera\u00e7\u00e3o Sevilha combate roubo de cargas dos Correios em Minas Gerais - Aconteceu no Vale<\/title>\n<meta name=\"robots\" content=\"index, follow, max-snippet:-1, max-image-preview:large, max-video-preview:-1\" \/>\n<link rel=\"canonical\" href=\"https:\/\/aconteceunovale.com.br\/portal\/?p=153021\" \/>\n<meta property=\"og:locale\" content=\"pt_BR\" \/>\n<meta property=\"og:type\" content=\"article\" \/>\n<meta property=\"og:title\" content=\"Opera\u00e7\u00e3o Sevilha combate roubo de cargas dos Correios em Minas Gerais - Aconteceu no Vale\" \/>\n<meta property=\"og:description\" content=\"A Pol\u00edcia Federal realizou na manh\u00e3 desta ter\u00e7a-feira (24\/09\/2019), em conjunto com a Pol\u00edcia Rodovi\u00e1ria Federal, Pol\u00edcia Militar de Ribeir\u00e3o das Neves\/MG e Pol\u00edcia Civil de Jo\u00e3o Monlevade\/MG, a Opera\u00e7\u00e3o Sevilha. O objetivo \u00e9 combater o roubo de carga dos Correios. Ap\u00f3s as investiga\u00e7\u00f5es, chegou-se a uma quadrilha suspeita de praticar os crimes de roubo [&hellip;]\" \/>\n<meta property=\"og:url\" content=\"https:\/\/aconteceunovale.com.br\/portal\/?p=153021\" \/>\n<meta property=\"og:site_name\" content=\"Aconteceu no Vale\" \/>\n<meta property=\"article:publisher\" content=\"https:\/\/www.facebook.com\/aconteceunovale\/\" \/>\n<meta property=\"article:published_time\" content=\"2019-09-24T16:06:36+00:00\" \/>\n<meta property=\"article:modified_time\" content=\"2019-09-24T16:08:16+00:00\" \/>\n<meta property=\"og:image\" content=\"https:\/\/aconteceunovale.com.br\/portal\/wp-content\/uploads\/2019\/09\/operacao_sevilha.jpeg\" \/>\n\t<meta property=\"og:image:width\" content=\"600\" \/>\n\t<meta property=\"og:image:height\" content=\"450\" \/>\n\t<meta property=\"og:image:type\" content=\"image\/jpeg\" \/>\n<meta name=\"author\" content=\"Aconteceu no Vale\" \/>\n<meta name=\"twitter:card\" content=\"summary_large_image\" \/>\n<meta name=\"twitter:creator\" content=\"@noticiadosvales\" \/>\n<meta name=\"twitter:site\" content=\"@noticiadosvales\" \/>\n<meta name=\"twitter:label1\" content=\"Escrito por\" \/>\n\t<meta name=\"twitter:data1\" content=\"Aconteceu no Vale\" \/>\n\t<meta name=\"twitter:label2\" content=\"Est. tempo de leitura\" \/>\n\t<meta name=\"twitter:data2\" content=\"1 minuto\" \/>\n<script type=\"application\/ld+json\" class=\"yoast-schema-graph\">{\"@context\":\"https:\\\/\\\/schema.org\",\"@graph\":[{\"@type\":\"Article\",\"@id\":\"https:\\\/\\\/aconteceunovale.com.br\\\/portal\\\/?p=153021#article\",\"isPartOf\":{\"@id\":\"https:\\\/\\\/aconteceunovale.com.br\\\/portal\\\/?p=153021\"},\"author\":{\"name\":\"Aconteceu no Vale\",\"@id\":\"https:\\\/\\\/aconteceunovale.com.br\\\/portal\\\/#\\\/schema\\\/person\\\/633529146f2c94272bef50ac2953d589\"},\"headline\":\"Opera\u00e7\u00e3o Sevilha combate roubo de cargas dos Correios em Minas Gerais\",\"datePublished\":\"2019-09-24T16:06:36+00:00\",\"dateModified\":\"2019-09-24T16:08:16+00:00\",\"mainEntityOfPage\":{\"@id\":\"https:\\\/\\\/aconteceunovale.com.br\\\/portal\\\/?p=153021\"},\"wordCount\":243,\"commentCount\":0,\"image\":{\"@id\":\"https:\\\/\\\/aconteceunovale.com.br\\\/portal\\\/?p=153021#primaryimage\"},\"thumbnailUrl\":\"https:\\\/\\\/aconteceunovale.com.br\\\/portal\\\/wp-content\\\/uploads\\\/2019\\\/09\\\/operacao_sevilha.jpeg\",\"keywords\":[\"Belo Horizonte\",\"bh\",\"Jo\u00e3o Monlevade\",\"Opera\u00e7\u00e3o Sevilha\",\"Opera\u00e7\u00e3o Sevilha combate roubo de cargas dos Correios em Minas Gerais\",\"PF\",\"pol\u00edcia federal\",\"PRF\",\"Ribeir\u00e3o das Neves\",\"Roubo de carga dos Correios\",\"roubo de cargas na BR-381\"],\"articleSection\":[\"Minas Gerais\"],\"inLanguage\":\"pt-BR\",\"potentialAction\":[{\"@type\":\"CommentAction\",\"name\":\"Comment\",\"target\":[\"https:\\\/\\\/aconteceunovale.com.br\\\/portal\\\/?p=153021#respond\"]}]},{\"@type\":\"WebPage\",\"@id\":\"https:\\\/\\\/aconteceunovale.com.br\\\/portal\\\/?p=153021\",\"url\":\"https:\\\/\\\/aconteceunovale.com.br\\\/portal\\\/?p=153021\",\"name\":\"Opera\u00e7\u00e3o Sevilha combate roubo de cargas dos Correios em Minas Gerais - Aconteceu no Vale\",\"isPartOf\":{\"@id\":\"https:\\\/\\\/aconteceunovale.com.br\\\/portal\\\/#website\"},\"primaryImageOfPage\":{\"@id\":\"https:\\\/\\\/aconteceunovale.com.br\\\/portal\\\/?p=153021#primaryimage\"},\"image\":{\"@id\":\"https:\\\/\\\/aconteceunovale.com.br\\\/portal\\\/?p=153021#primaryimage\"},\"thumbnailUrl\":\"https:\\\/\\\/aconteceunovale.com.br\\\/portal\\\/wp-content\\\/uploads\\\/2019\\\/09\\\/operacao_sevilha.jpeg\",\"datePublished\":\"2019-09-24T16:06:36+00:00\",\"dateModified\":\"2019-09-24T16:08:16+00:00\",\"author\":{\"@id\":\"https:\\\/\\\/aconteceunovale.com.br\\\/portal\\\/#\\\/schema\\\/person\\\/633529146f2c94272bef50ac2953d589\"},\"breadcrumb\":{\"@id\":\"https:\\\/\\\/aconteceunovale.com.br\\\/portal\\\/?p=153021#breadcrumb\"},\"inLanguage\":\"pt-BR\",\"potentialAction\":[{\"@type\":\"ReadAction\",\"target\":[\"https:\\\/\\\/aconteceunovale.com.br\\\/portal\\\/?p=153021\"]}]},{\"@type\":\"ImageObject\",\"inLanguage\":\"pt-BR\",\"@id\":\"https:\\\/\\\/aconteceunovale.com.br\\\/portal\\\/?p=153021#primaryimage\",\"url\":\"https:\\\/\\\/aconteceunovale.com.br\\\/portal\\\/wp-content\\\/uploads\\\/2019\\\/09\\\/operacao_sevilha.jpeg\",\"contentUrl\":\"https:\\\/\\\/aconteceunovale.com.br\\\/portal\\\/wp-content\\\/uploads\\\/2019\\\/09\\\/operacao_sevilha.jpeg\",\"width\":600,\"height\":450},{\"@type\":\"BreadcrumbList\",\"@id\":\"https:\\\/\\\/aconteceunovale.com.br\\\/portal\\\/?p=153021#breadcrumb\",\"itemListElement\":[{\"@type\":\"ListItem\",\"position\":1,\"name\":\"In\u00edcio\",\"item\":\"https:\\\/\\\/aconteceunovale.com.br\\\/portal\\\/\"},{\"@type\":\"ListItem\",\"position\":2,\"name\":\"Opera\u00e7\u00e3o Sevilha combate roubo de cargas dos Correios em Minas Gerais\"}]},{\"@type\":\"WebSite\",\"@id\":\"https:\\\/\\\/aconteceunovale.com.br\\\/portal\\\/#website\",\"url\":\"https:\\\/\\\/aconteceunovale.com.br\\\/portal\\\/\",\"name\":\"Aconteceu no Vale\",\"description\":\"Portal de Not\u00edcias\",\"potentialAction\":[{\"@type\":\"SearchAction\",\"target\":{\"@type\":\"EntryPoint\",\"urlTemplate\":\"https:\\\/\\\/aconteceunovale.com.br\\\/portal\\\/?s={search_term_string}\"},\"query-input\":{\"@type\":\"PropertyValueSpecification\",\"valueRequired\":true,\"valueName\":\"search_term_string\"}}],\"inLanguage\":\"pt-BR\"},{\"@type\":\"Person\",\"@id\":\"https:\\\/\\\/aconteceunovale.com.br\\\/portal\\\/#\\\/schema\\\/person\\\/633529146f2c94272bef50ac2953d589\",\"name\":\"Aconteceu no Vale\",\"description\":\"Equipe de reportagem do Aconteceu no Vale, portal de not\u00edcias do Vale do Jequitinhonha, em Minas Gerais. Cobrimos as 51 cidades do Vale desde 2013. Sugest\u00f5es de pauta e pedidos de corre\u00e7\u00e3o: contato@aconteceunovale.com.br\",\"sameAs\":[\"http:\\\/\\\/www.aconteceunovale.com.br\"],\"url\":\"https:\\\/\\\/aconteceunovale.com.br\\\/portal\\\/?author=1\"}]}<\/script>\n<!-- \/ Yoast SEO plugin. -->","yoast_head_json":{"title":"Opera\u00e7\u00e3o Sevilha combate roubo de cargas dos Correios em Minas Gerais - Aconteceu no Vale","robots":{"index":"index","follow":"follow","max-snippet":"max-snippet:-1","max-image-preview":"max-image-preview:large","max-video-preview":"max-video-preview:-1"},"canonical":"https:\/\/aconteceunovale.com.br\/portal\/?p=153021","og_locale":"pt_BR","og_type":"article","og_title":"Opera\u00e7\u00e3o Sevilha combate roubo de cargas dos Correios em Minas Gerais - Aconteceu no Vale","og_description":"A Pol\u00edcia Federal realizou na manh\u00e3 desta ter\u00e7a-feira (24\/09\/2019), em conjunto com a Pol\u00edcia Rodovi\u00e1ria Federal, Pol\u00edcia Militar de Ribeir\u00e3o das Neves\/MG e Pol\u00edcia Civil de Jo\u00e3o Monlevade\/MG, a Opera\u00e7\u00e3o Sevilha. O objetivo \u00e9 combater o roubo de carga dos Correios. Ap\u00f3s as investiga\u00e7\u00f5es, chegou-se a uma quadrilha suspeita de praticar os crimes de roubo [&hellip;]","og_url":"https:\/\/aconteceunovale.com.br\/portal\/?p=153021","og_site_name":"Aconteceu no Vale","article_publisher":"https:\/\/www.facebook.com\/aconteceunovale\/","article_published_time":"2019-09-24T16:06:36+00:00","article_modified_time":"2019-09-24T16:08:16+00:00","og_image":[{"width":600,"height":450,"url":"https:\/\/aconteceunovale.com.br\/portal\/wp-content\/uploads\/2019\/09\/operacao_sevilha.jpeg","type":"image\/jpeg"}],"author":"Aconteceu no Vale","twitter_card":"summary_large_image","twitter_creator":"@noticiadosvales","twitter_site":"@noticiadosvales","twitter_misc":{"Escrito por":"Aconteceu no Vale","Est. tempo de leitura":"1 minuto"},"schema":{"@context":"https:\/\/schema.org","@graph":[{"@type":"Article","@id":"https:\/\/aconteceunovale.com.br\/portal\/?p=153021#article","isPartOf":{"@id":"https:\/\/aconteceunovale.com.br\/portal\/?p=153021"},"author":{"name":"Aconteceu no Vale","@id":"https:\/\/aconteceunovale.com.br\/portal\/#\/schema\/person\/633529146f2c94272bef50ac2953d589"},"headline":"Opera\u00e7\u00e3o Sevilha combate roubo de cargas dos Correios em Minas Gerais","datePublished":"2019-09-24T16:06:36+00:00","dateModified":"2019-09-24T16:08:16+00:00","mainEntityOfPage":{"@id":"https:\/\/aconteceunovale.com.br\/portal\/?p=153021"},"wordCount":243,"commentCount":0,"image":{"@id":"https:\/\/aconteceunovale.com.br\/portal\/?p=153021#primaryimage"},"thumbnailUrl":"https:\/\/aconteceunovale.com.br\/portal\/wp-content\/uploads\/2019\/09\/operacao_sevilha.jpeg","keywords":["Belo Horizonte","bh","Jo\u00e3o Monlevade","Opera\u00e7\u00e3o Sevilha","Opera\u00e7\u00e3o Sevilha combate roubo de cargas dos Correios em Minas Gerais","PF","pol\u00edcia federal","PRF","Ribeir\u00e3o das Neves","Roubo de carga dos Correios","roubo de cargas na BR-381"],"articleSection":["Minas Gerais"],"inLanguage":"pt-BR","potentialAction":[{"@type":"CommentAction","name":"Comment","target":["https:\/\/aconteceunovale.com.br\/portal\/?p=153021#respond"]}]},{"@type":"WebPage","@id":"https:\/\/aconteceunovale.com.br\/portal\/?p=153021","url":"https:\/\/aconteceunovale.com.br\/portal\/?p=153021","name":"Opera\u00e7\u00e3o Sevilha combate roubo de cargas dos Correios em Minas Gerais - Aconteceu no Vale","isPartOf":{"@id":"https:\/\/aconteceunovale.com.br\/portal\/#website"},"primaryImageOfPage":{"@id":"https:\/\/aconteceunovale.com.br\/portal\/?p=153021#primaryimage"},"image":{"@id":"https:\/\/aconteceunovale.com.br\/portal\/?p=153021#primaryimage"},"thumbnailUrl":"https:\/\/aconteceunovale.com.br\/portal\/wp-content\/uploads\/2019\/09\/operacao_sevilha.jpeg","datePublished":"2019-09-24T16:06:36+00:00","dateModified":"2019-09-24T16:08:16+00:00","author":{"@id":"https:\/\/aconteceunovale.com.br\/portal\/#\/schema\/person\/633529146f2c94272bef50ac2953d589"},"breadcrumb":{"@id":"https:\/\/aconteceunovale.com.br\/portal\/?p=153021#breadcrumb"},"inLanguage":"pt-BR","potentialAction":[{"@type":"ReadAction","target":["https:\/\/aconteceunovale.com.br\/portal\/?p=153021"]}]},{"@type":"ImageObject","inLanguage":"pt-BR","@id":"https:\/\/aconteceunovale.com.br\/portal\/?p=153021#primaryimage","url":"https:\/\/aconteceunovale.com.br\/portal\/wp-content\/uploads\/2019\/09\/operacao_sevilha.jpeg","contentUrl":"https:\/\/aconteceunovale.com.br\/portal\/wp-content\/uploads\/2019\/09\/operacao_sevilha.jpeg","width":600,"height":450},{"@type":"BreadcrumbList","@id":"https:\/\/aconteceunovale.com.br\/portal\/?p=153021#breadcrumb","itemListElement":[{"@type":"ListItem","position":1,"name":"In\u00edcio","item":"https:\/\/aconteceunovale.com.br\/portal\/"},{"@type":"ListItem","position":2,"name":"Opera\u00e7\u00e3o Sevilha combate roubo de cargas dos Correios em Minas Gerais"}]},{"@type":"WebSite","@id":"https:\/\/aconteceunovale.com.br\/portal\/#website","url":"https:\/\/aconteceunovale.com.br\/portal\/","name":"Aconteceu no Vale","description":"Portal de Not\u00edcias","potentialAction":[{"@type":"SearchAction","target":{"@type":"EntryPoint","urlTemplate":"https:\/\/aconteceunovale.com.br\/portal\/?s={search_term_string}"},"query-input":{"@type":"PropertyValueSpecification","valueRequired":true,"valueName":"search_term_string"}}],"inLanguage":"pt-BR"},{"@type":"Person","@id":"https:\/\/aconteceunovale.com.br\/portal\/#\/schema\/person\/633529146f2c94272bef50ac2953d589","name":"Aconteceu no Vale","description":"Equipe de reportagem do Aconteceu no Vale, portal de not\u00edcias do Vale do Jequitinhonha, em Minas Gerais. Cobrimos as 51 cidades do Vale desde 2013. Sugest\u00f5es de pauta e pedidos de corre\u00e7\u00e3o: contato@aconteceunovale.com.br","sameAs":["http:\/\/www.aconteceunovale.com.br"],"url":"https:\/\/aconteceunovale.com.br\/portal\/?author=1"}]}},"_links":{"self":[{"href":"https:\/\/aconteceunovale.com.br\/portal\/index.php?rest_route=\/wp\/v2\/posts\/153021","targetHints":{"allow":["GET"]}}],"collection":[{"href":"https:\/\/aconteceunovale.com.br\/portal\/index.php?rest_route=\/wp\/v2\/posts"}],"about":[{"href":"https:\/\/aconteceunovale.com.br\/portal\/index.php?rest_route=\/wp\/v2\/types\/post"}],"author":[{"embeddable":true,"href":"https:\/\/aconteceunovale.com.br\/portal\/index.php?rest_route=\/wp\/v2\/users\/1"}],"replies":[{"embeddable":true,"href":"https:\/\/aconteceunovale.com.br\/portal\/index.php?rest_route=%2Fwp%2Fv2%2Fcomments&post=153021"}],"version-history":[{"count":1,"href":"https:\/\/aconteceunovale.com.br\/portal\/index.php?rest_route=\/wp\/v2\/posts\/153021\/revisions"}],"predecessor-version":[{"id":153023,"href":"https:\/\/aconteceunovale.com.br\/portal\/index.php?rest_route=\/wp\/v2\/posts\/153021\/revisions\/153023"}],"wp:featuredmedia":[{"embeddable":true,"href":"https:\/\/aconteceunovale.com.br\/portal\/index.php?rest_route=\/wp\/v2\/media\/153022"}],"wp:attachment":[{"href":"https:\/\/aconteceunovale.com.br\/portal\/index.php?rest_route=%2Fwp%2Fv2%2Fmedia&parent=153021"}],"wp:term":[{"taxonomy":"category","embeddable":true,"href":"https:\/\/aconteceunovale.com.br\/portal\/index.php?rest_route=%2Fwp%2Fv2%2Fcategories&post=153021"},{"taxonomy":"post_tag","embeddable":true,"href":"https:\/\/aconteceunovale.com.br\/portal\/index.php?rest_route=%2Fwp%2Fv2%2Ftags&post=153021"}],"curies":[{"name":"wp","href":"https:\/\/api.w.org\/{rel}","templated":true}]}}