{"id":153015,"date":"2019-09-24T12:48:23","date_gmt":"2019-09-24T15:48:23","guid":{"rendered":"http:\/\/aconteceunovale.com.br\/portal\/?p=153015"},"modified":"2019-09-24T12:49:18","modified_gmt":"2019-09-24T15:49:18","slug":"construcao-civil-da-sinal-de-recuperacao","status":"publish","type":"post","link":"https:\/\/aconteceunovale.com.br\/portal\/?p=153015","title":{"rendered":"Constru\u00e7\u00e3o civil d\u00e1 sinal de recupera\u00e7\u00e3o"},"content":{"rendered":"\n<p class=\"wp-block-paragraph\">A constru\u00e7\u00e3o civil continua a dar sinais de que est\u00e1 recuperando o vigor do per\u00edodo pr\u00e9-crise econ\u00f4mica, informou hoje (24) a Confedera\u00e7\u00e3o Nacional da Ind\u00fastria (CNI). Em agosto, o \u00edndice de evolu\u00e7\u00e3o da atividade do setor cresceu 0,8 ponto, alcan\u00e7ado 49,2 pontos.<\/p>\n\n\n\n<p class=\"wp-block-paragraph\">O \u00edndice de evolu\u00e7\u00e3o do n\u00famero de empregados subiu 0,6, em compara\u00e7\u00e3o a julho, para 49,9 pontos. Embora ainda abaixo dos 50 pontos \u2013 patamar que indica que o setor ainda encolhe \u2013 os indicadores mostram melhora em todos os meses de 2019, acompanhado de otimismo dos empres\u00e1rios com o futuro pr\u00f3ximo.<\/p>\n\n\n\n<p class=\"wp-block-paragraph\">Os indicativos da recupera\u00e7\u00e3o gradual do setor est\u00e3o na Sondagem Ind\u00fastria da Constru\u00e7\u00e3o, divulgada nesta ter\u00e7a-feira pela entidade.<\/p>\n\n\n\n<p class=\"wp-block-paragraph\">Apesar da evolu\u00e7\u00e3o dos indicadores, as empresas da constru\u00e7\u00e3o civil permanecem com ociosidade elevada.<\/p>\n\n\n\n<p class=\"wp-block-paragraph\">Em agosto, a utiliza\u00e7\u00e3o da capacidade operacional (UCO) ficou em 58%, acr\u00e9scimo de 1 ponto percentual frente ao m\u00eas anterior e 2 pontos percentuais em rela\u00e7\u00e3o ao n\u00edvel de 12 meses atr\u00e1s.<\/p>\n\n\n\n<h2 class=\"wp-block-heading\">Investimento<\/h2>\n\n\n\n<p class=\"wp-block-paragraph\">Segundo a CNI, apesar dos sinais de recupera\u00e7\u00e3o, a inten\u00e7\u00e3o do investimento do empres\u00e1rio da constru\u00e7\u00e3o civil mant\u00e9m-se vol\u00e1til. Em agosto, o indicador subiu para 37,2 pontos, segunda marca mais elevada de 2019 e acima da m\u00e9dia hist\u00f3rica de 33,7 pontos. O indicador vai de 0 a 100 pontos e, quanto maior o valor, maior a disposi\u00e7\u00e3o em fazer investimentos.<\/p>\n\n\n\n<p class=\"wp-block-paragraph\">De acordo com a confedera\u00e7\u00e3o, a pesquisa mostra que h\u00e1 otimismo em rela\u00e7\u00e3o ao futuro pr\u00f3ximo.<\/p>\n\n\n\n<p class=\"wp-block-paragraph\">A sondagem apresenta expectativas positivas no setor em rela\u00e7\u00e3o ao n\u00edvel de atividade e \u00e0 compra de insumos e mat\u00e9rias-primas, indicadores que chegaram a 54,8 pontos e 53,7 pontos, respectivamente, o que sinaliza expectativa de aumento de demanda nos pr\u00f3ximos seis meses. Por outro lado, os indicadores de novos empreendimentos e servi\u00e7os apresentaram leve recuo, de 0,6 ponto e de 0,2 ponto, respectivamente.<\/p>\n\n\n\n<h2 class=\"wp-block-heading\">\u00cdndice de Confian\u00e7a<\/h2>\n\n\n\n<p class=\"wp-block-paragraph\">Em setembro, o \u00cdndice de Confian\u00e7a do Empres\u00e1rio da Ind\u00fastria da Constru\u00e7\u00e3o (ICEI-Constru\u00e7\u00e3o) revela otimismo do setor com a conjuntura, sobretudo com o presente.<\/p>\n\n\n\n<p class=\"wp-block-paragraph\">Com alta de 1,3 ponto frente a agosto, o \u00cdndice de Condi\u00e7\u00f5es Atuais puxou o aumento de 0,4 ponto no ICEI-Constru\u00e7\u00e3o, no comparativo. Na contram\u00e3o, o \u00cdndice de Expectativas \u2013 que mensura o que o empres\u00e1rio espera para os pr\u00f3ximos seis meses \u2013 caiu pelo segundo m\u00eas consecutivo, desta vez em 0,3 ponto, principalmente devido \u00e0 piora nas expectativas em rela\u00e7\u00e3o \u00e0 economia.<\/p>\n\n\n\n<p class=\"wp-block-paragraph\">A Sondagem Ind\u00fastria da Constru\u00e7\u00e3o ouviu 523 empresas do setor (181 de pequeno porte, 228 de m\u00e9dio porte e 114 de grande porte) entre 2 e 12 de setembro.<\/p>\n\n\n\n<p class=\"has-text-color has-background has-very-light-gray-color has-very-dark-gray-background-color wp-block-paragraph\"><strong>VER PRIMEIRO: <\/strong>Receba as not\u00edcias do Aconteceu no Vale em primeira m\u00e3o. Clique em curtir no endere\u00e7o <a href=\"https:\/\/www.facebook.com\/aconteceunovale\" target=\"_blank\" rel=\"noreferrer noopener\">www.facebook.com\/aconteceunovale<\/a>.<\/p>\n","protected":false},"excerpt":{"rendered":"<p>A constru\u00e7\u00e3o civil continua a dar sinais de que est\u00e1 recuperando o vigor do per\u00edodo pr\u00e9-crise econ\u00f4mica, informou hoje (24) a Confedera\u00e7\u00e3o Nacional da Ind\u00fastria (CNI). Em agosto, o \u00edndice de evolu\u00e7\u00e3o da atividade do setor cresceu 0,8 ponto, alcan\u00e7ado 49,2 pontos. O \u00edndice de evolu\u00e7\u00e3o do n\u00famero de empregados subiu 0,6, em compara\u00e7\u00e3o a [&hellip;]<\/p>\n","protected":false},"author":1,"featured_media":153016,"comment_status":"open","ping_status":"closed","sticky":false,"template":"","format":"standard","meta":{"amp_status":"","footnotes":""},"categories":[6],"tags":[35608,24108,207675,207676,187092,207677],"class_list":["post-153015","post","type-post","status-publish","format-standard","has-post-thumbnail","hentry","category-br","tag-cni","tag-construcao-civil","tag-construcao-civil-da-sinal-de-recuperacao","tag-construcao-civil-recuperacao-da-construcao-civil","tag-icei","tag-recuperacao-da-construcao-civil"],"yoast_head":"<!-- This site is optimized with the Yoast SEO plugin v28.3 - https:\/\/yoast.com\/product\/yoast-seo-wordpress\/ -->\n<title>Constru\u00e7\u00e3o civil d\u00e1 sinal de recupera\u00e7\u00e3o - Aconteceu no Vale<\/title>\n<meta name=\"robots\" content=\"index, follow, max-snippet:-1, max-image-preview:large, max-video-preview:-1\" \/>\n<link rel=\"canonical\" href=\"https:\/\/aconteceunovale.com.br\/portal\/?p=153015\" \/>\n<meta property=\"og:locale\" content=\"pt_BR\" \/>\n<meta property=\"og:type\" content=\"article\" \/>\n<meta property=\"og:title\" content=\"Constru\u00e7\u00e3o civil d\u00e1 sinal de recupera\u00e7\u00e3o - Aconteceu no Vale\" \/>\n<meta property=\"og:description\" content=\"A constru\u00e7\u00e3o civil continua a dar sinais de que est\u00e1 recuperando o vigor do per\u00edodo pr\u00e9-crise econ\u00f4mica, informou hoje (24) a Confedera\u00e7\u00e3o Nacional da Ind\u00fastria (CNI). Em agosto, o \u00edndice de evolu\u00e7\u00e3o da atividade do setor cresceu 0,8 ponto, alcan\u00e7ado 49,2 pontos. O \u00edndice de evolu\u00e7\u00e3o do n\u00famero de empregados subiu 0,6, em compara\u00e7\u00e3o a [&hellip;]\" \/>\n<meta property=\"og:url\" content=\"https:\/\/aconteceunovale.com.br\/portal\/?p=153015\" \/>\n<meta property=\"og:site_name\" content=\"Aconteceu no Vale\" \/>\n<meta property=\"article:publisher\" content=\"https:\/\/www.facebook.com\/aconteceunovale\/\" \/>\n<meta property=\"article:published_time\" content=\"2019-09-24T15:48:23+00:00\" \/>\n<meta property=\"article:modified_time\" content=\"2019-09-24T15:49:18+00:00\" \/>\n<meta property=\"og:image\" content=\"https:\/\/aconteceunovale.com.br\/portal\/wp-content\/uploads\/2019\/09\/construcao.jpg\" \/>\n\t<meta property=\"og:image:width\" content=\"675\" \/>\n\t<meta property=\"og:image:height\" content=\"450\" \/>\n\t<meta property=\"og:image:type\" content=\"image\/jpeg\" \/>\n<meta name=\"author\" content=\"Aconteceu no Vale\" \/>\n<meta name=\"twitter:card\" content=\"summary_large_image\" \/>\n<meta name=\"twitter:creator\" content=\"@noticiadosvales\" \/>\n<meta name=\"twitter:site\" content=\"@noticiadosvales\" \/>\n<meta name=\"twitter:label1\" content=\"Escrito por\" \/>\n\t<meta name=\"twitter:data1\" content=\"Aconteceu no Vale\" \/>\n\t<meta name=\"twitter:label2\" content=\"Est. tempo de leitura\" \/>\n\t<meta name=\"twitter:data2\" content=\"2 minutos\" \/>\n<script type=\"application\/ld+json\" class=\"yoast-schema-graph\">{\"@context\":\"https:\\\/\\\/schema.org\",\"@graph\":[{\"@type\":\"Article\",\"@id\":\"https:\\\/\\\/aconteceunovale.com.br\\\/portal\\\/?p=153015#article\",\"isPartOf\":{\"@id\":\"https:\\\/\\\/aconteceunovale.com.br\\\/portal\\\/?p=153015\"},\"author\":{\"name\":\"Aconteceu no Vale\",\"@id\":\"https:\\\/\\\/aconteceunovale.com.br\\\/portal\\\/#\\\/schema\\\/person\\\/633529146f2c94272bef50ac2953d589\"},\"headline\":\"Constru\u00e7\u00e3o civil d\u00e1 sinal de recupera\u00e7\u00e3o\",\"datePublished\":\"2019-09-24T15:48:23+00:00\",\"dateModified\":\"2019-09-24T15:49:18+00:00\",\"mainEntityOfPage\":{\"@id\":\"https:\\\/\\\/aconteceunovale.com.br\\\/portal\\\/?p=153015\"},\"wordCount\":472,\"commentCount\":0,\"image\":{\"@id\":\"https:\\\/\\\/aconteceunovale.com.br\\\/portal\\\/?p=153015#primaryimage\"},\"thumbnailUrl\":\"https:\\\/\\\/aconteceunovale.com.br\\\/portal\\\/wp-content\\\/uploads\\\/2019\\\/09\\\/construcao.jpg\",\"keywords\":[\"CNI\",\"constru\u00e7\u00e3o civil\",\"Constru\u00e7\u00e3o civil d\u00e1 sinal de recupera\u00e7\u00e3o\",\"Constru\u00e7\u00e3o civil Recupera\u00e7\u00e3o da Constru\u00e7\u00e3o civil\",\"ICEI\",\"Recupera\u00e7\u00e3o da Constru\u00e7\u00e3o civil\"],\"articleSection\":[\"Brasil\"],\"inLanguage\":\"pt-BR\",\"potentialAction\":[{\"@type\":\"CommentAction\",\"name\":\"Comment\",\"target\":[\"https:\\\/\\\/aconteceunovale.com.br\\\/portal\\\/?p=153015#respond\"]}]},{\"@type\":\"WebPage\",\"@id\":\"https:\\\/\\\/aconteceunovale.com.br\\\/portal\\\/?p=153015\",\"url\":\"https:\\\/\\\/aconteceunovale.com.br\\\/portal\\\/?p=153015\",\"name\":\"Constru\u00e7\u00e3o civil d\u00e1 sinal de recupera\u00e7\u00e3o - Aconteceu no Vale\",\"isPartOf\":{\"@id\":\"https:\\\/\\\/aconteceunovale.com.br\\\/portal\\\/#website\"},\"primaryImageOfPage\":{\"@id\":\"https:\\\/\\\/aconteceunovale.com.br\\\/portal\\\/?p=153015#primaryimage\"},\"image\":{\"@id\":\"https:\\\/\\\/aconteceunovale.com.br\\\/portal\\\/?p=153015#primaryimage\"},\"thumbnailUrl\":\"https:\\\/\\\/aconteceunovale.com.br\\\/portal\\\/wp-content\\\/uploads\\\/2019\\\/09\\\/construcao.jpg\",\"datePublished\":\"2019-09-24T15:48:23+00:00\",\"dateModified\":\"2019-09-24T15:49:18+00:00\",\"author\":{\"@id\":\"https:\\\/\\\/aconteceunovale.com.br\\\/portal\\\/#\\\/schema\\\/person\\\/633529146f2c94272bef50ac2953d589\"},\"breadcrumb\":{\"@id\":\"https:\\\/\\\/aconteceunovale.com.br\\\/portal\\\/?p=153015#breadcrumb\"},\"inLanguage\":\"pt-BR\",\"potentialAction\":[{\"@type\":\"ReadAction\",\"target\":[\"https:\\\/\\\/aconteceunovale.com.br\\\/portal\\\/?p=153015\"]}]},{\"@type\":\"ImageObject\",\"inLanguage\":\"pt-BR\",\"@id\":\"https:\\\/\\\/aconteceunovale.com.br\\\/portal\\\/?p=153015#primaryimage\",\"url\":\"https:\\\/\\\/aconteceunovale.com.br\\\/portal\\\/wp-content\\\/uploads\\\/2019\\\/09\\\/construcao.jpg\",\"contentUrl\":\"https:\\\/\\\/aconteceunovale.com.br\\\/portal\\\/wp-content\\\/uploads\\\/2019\\\/09\\\/construcao.jpg\",\"width\":675,\"height\":450},{\"@type\":\"BreadcrumbList\",\"@id\":\"https:\\\/\\\/aconteceunovale.com.br\\\/portal\\\/?p=153015#breadcrumb\",\"itemListElement\":[{\"@type\":\"ListItem\",\"position\":1,\"name\":\"In\u00edcio\",\"item\":\"https:\\\/\\\/aconteceunovale.com.br\\\/portal\\\/\"},{\"@type\":\"ListItem\",\"position\":2,\"name\":\"Constru\u00e7\u00e3o civil d\u00e1 sinal de recupera\u00e7\u00e3o\"}]},{\"@type\":\"WebSite\",\"@id\":\"https:\\\/\\\/aconteceunovale.com.br\\\/portal\\\/#website\",\"url\":\"https:\\\/\\\/aconteceunovale.com.br\\\/portal\\\/\",\"name\":\"Aconteceu no Vale\",\"description\":\"Portal de Not\u00edcias\",\"potentialAction\":[{\"@type\":\"SearchAction\",\"target\":{\"@type\":\"EntryPoint\",\"urlTemplate\":\"https:\\\/\\\/aconteceunovale.com.br\\\/portal\\\/?s={search_term_string}\"},\"query-input\":{\"@type\":\"PropertyValueSpecification\",\"valueRequired\":true,\"valueName\":\"search_term_string\"}}],\"inLanguage\":\"pt-BR\"},{\"@type\":\"Person\",\"@id\":\"https:\\\/\\\/aconteceunovale.com.br\\\/portal\\\/#\\\/schema\\\/person\\\/633529146f2c94272bef50ac2953d589\",\"name\":\"Aconteceu no Vale\",\"description\":\"Equipe de reportagem do Aconteceu no Vale, portal de not\u00edcias do Vale do Jequitinhonha, em Minas Gerais. Cobrimos as 51 cidades do Vale desde 2013. Sugest\u00f5es de pauta e pedidos de corre\u00e7\u00e3o: contato@aconteceunovale.com.br\",\"sameAs\":[\"http:\\\/\\\/www.aconteceunovale.com.br\"],\"url\":\"https:\\\/\\\/aconteceunovale.com.br\\\/portal\\\/?author=1\"}]}<\/script>\n<!-- \/ Yoast SEO plugin. -->","yoast_head_json":{"title":"Constru\u00e7\u00e3o civil d\u00e1 sinal de recupera\u00e7\u00e3o - Aconteceu no Vale","robots":{"index":"index","follow":"follow","max-snippet":"max-snippet:-1","max-image-preview":"max-image-preview:large","max-video-preview":"max-video-preview:-1"},"canonical":"https:\/\/aconteceunovale.com.br\/portal\/?p=153015","og_locale":"pt_BR","og_type":"article","og_title":"Constru\u00e7\u00e3o civil d\u00e1 sinal de recupera\u00e7\u00e3o - Aconteceu no Vale","og_description":"A constru\u00e7\u00e3o civil continua a dar sinais de que est\u00e1 recuperando o vigor do per\u00edodo pr\u00e9-crise econ\u00f4mica, informou hoje (24) a Confedera\u00e7\u00e3o Nacional da Ind\u00fastria (CNI). Em agosto, o \u00edndice de evolu\u00e7\u00e3o da atividade do setor cresceu 0,8 ponto, alcan\u00e7ado 49,2 pontos. O \u00edndice de evolu\u00e7\u00e3o do n\u00famero de empregados subiu 0,6, em compara\u00e7\u00e3o a [&hellip;]","og_url":"https:\/\/aconteceunovale.com.br\/portal\/?p=153015","og_site_name":"Aconteceu no Vale","article_publisher":"https:\/\/www.facebook.com\/aconteceunovale\/","article_published_time":"2019-09-24T15:48:23+00:00","article_modified_time":"2019-09-24T15:49:18+00:00","og_image":[{"width":675,"height":450,"url":"https:\/\/aconteceunovale.com.br\/portal\/wp-content\/uploads\/2019\/09\/construcao.jpg","type":"image\/jpeg"}],"author":"Aconteceu no Vale","twitter_card":"summary_large_image","twitter_creator":"@noticiadosvales","twitter_site":"@noticiadosvales","twitter_misc":{"Escrito por":"Aconteceu no Vale","Est. tempo de leitura":"2 minutos"},"schema":{"@context":"https:\/\/schema.org","@graph":[{"@type":"Article","@id":"https:\/\/aconteceunovale.com.br\/portal\/?p=153015#article","isPartOf":{"@id":"https:\/\/aconteceunovale.com.br\/portal\/?p=153015"},"author":{"name":"Aconteceu no Vale","@id":"https:\/\/aconteceunovale.com.br\/portal\/#\/schema\/person\/633529146f2c94272bef50ac2953d589"},"headline":"Constru\u00e7\u00e3o civil d\u00e1 sinal de recupera\u00e7\u00e3o","datePublished":"2019-09-24T15:48:23+00:00","dateModified":"2019-09-24T15:49:18+00:00","mainEntityOfPage":{"@id":"https:\/\/aconteceunovale.com.br\/portal\/?p=153015"},"wordCount":472,"commentCount":0,"image":{"@id":"https:\/\/aconteceunovale.com.br\/portal\/?p=153015#primaryimage"},"thumbnailUrl":"https:\/\/aconteceunovale.com.br\/portal\/wp-content\/uploads\/2019\/09\/construcao.jpg","keywords":["CNI","constru\u00e7\u00e3o civil","Constru\u00e7\u00e3o civil d\u00e1 sinal de recupera\u00e7\u00e3o","Constru\u00e7\u00e3o civil Recupera\u00e7\u00e3o da Constru\u00e7\u00e3o civil","ICEI","Recupera\u00e7\u00e3o da Constru\u00e7\u00e3o civil"],"articleSection":["Brasil"],"inLanguage":"pt-BR","potentialAction":[{"@type":"CommentAction","name":"Comment","target":["https:\/\/aconteceunovale.com.br\/portal\/?p=153015#respond"]}]},{"@type":"WebPage","@id":"https:\/\/aconteceunovale.com.br\/portal\/?p=153015","url":"https:\/\/aconteceunovale.com.br\/portal\/?p=153015","name":"Constru\u00e7\u00e3o civil d\u00e1 sinal de recupera\u00e7\u00e3o - Aconteceu no Vale","isPartOf":{"@id":"https:\/\/aconteceunovale.com.br\/portal\/#website"},"primaryImageOfPage":{"@id":"https:\/\/aconteceunovale.com.br\/portal\/?p=153015#primaryimage"},"image":{"@id":"https:\/\/aconteceunovale.com.br\/portal\/?p=153015#primaryimage"},"thumbnailUrl":"https:\/\/aconteceunovale.com.br\/portal\/wp-content\/uploads\/2019\/09\/construcao.jpg","datePublished":"2019-09-24T15:48:23+00:00","dateModified":"2019-09-24T15:49:18+00:00","author":{"@id":"https:\/\/aconteceunovale.com.br\/portal\/#\/schema\/person\/633529146f2c94272bef50ac2953d589"},"breadcrumb":{"@id":"https:\/\/aconteceunovale.com.br\/portal\/?p=153015#breadcrumb"},"inLanguage":"pt-BR","potentialAction":[{"@type":"ReadAction","target":["https:\/\/aconteceunovale.com.br\/portal\/?p=153015"]}]},{"@type":"ImageObject","inLanguage":"pt-BR","@id":"https:\/\/aconteceunovale.com.br\/portal\/?p=153015#primaryimage","url":"https:\/\/aconteceunovale.com.br\/portal\/wp-content\/uploads\/2019\/09\/construcao.jpg","contentUrl":"https:\/\/aconteceunovale.com.br\/portal\/wp-content\/uploads\/2019\/09\/construcao.jpg","width":675,"height":450},{"@type":"BreadcrumbList","@id":"https:\/\/aconteceunovale.com.br\/portal\/?p=153015#breadcrumb","itemListElement":[{"@type":"ListItem","position":1,"name":"In\u00edcio","item":"https:\/\/aconteceunovale.com.br\/portal\/"},{"@type":"ListItem","position":2,"name":"Constru\u00e7\u00e3o civil d\u00e1 sinal de recupera\u00e7\u00e3o"}]},{"@type":"WebSite","@id":"https:\/\/aconteceunovale.com.br\/portal\/#website","url":"https:\/\/aconteceunovale.com.br\/portal\/","name":"Aconteceu no Vale","description":"Portal de Not\u00edcias","potentialAction":[{"@type":"SearchAction","target":{"@type":"EntryPoint","urlTemplate":"https:\/\/aconteceunovale.com.br\/portal\/?s={search_term_string}"},"query-input":{"@type":"PropertyValueSpecification","valueRequired":true,"valueName":"search_term_string"}}],"inLanguage":"pt-BR"},{"@type":"Person","@id":"https:\/\/aconteceunovale.com.br\/portal\/#\/schema\/person\/633529146f2c94272bef50ac2953d589","name":"Aconteceu no Vale","description":"Equipe de reportagem do Aconteceu no Vale, portal de not\u00edcias do Vale do Jequitinhonha, em Minas Gerais. Cobrimos as 51 cidades do Vale desde 2013. Sugest\u00f5es de pauta e pedidos de corre\u00e7\u00e3o: contato@aconteceunovale.com.br","sameAs":["http:\/\/www.aconteceunovale.com.br"],"url":"https:\/\/aconteceunovale.com.br\/portal\/?author=1"}]}},"_links":{"self":[{"href":"https:\/\/aconteceunovale.com.br\/portal\/index.php?rest_route=\/wp\/v2\/posts\/153015","targetHints":{"allow":["GET"]}}],"collection":[{"href":"https:\/\/aconteceunovale.com.br\/portal\/index.php?rest_route=\/wp\/v2\/posts"}],"about":[{"href":"https:\/\/aconteceunovale.com.br\/portal\/index.php?rest_route=\/wp\/v2\/types\/post"}],"author":[{"embeddable":true,"href":"https:\/\/aconteceunovale.com.br\/portal\/index.php?rest_route=\/wp\/v2\/users\/1"}],"replies":[{"embeddable":true,"href":"https:\/\/aconteceunovale.com.br\/portal\/index.php?rest_route=%2Fwp%2Fv2%2Fcomments&post=153015"}],"version-history":[{"count":1,"href":"https:\/\/aconteceunovale.com.br\/portal\/index.php?rest_route=\/wp\/v2\/posts\/153015\/revisions"}],"predecessor-version":[{"id":153017,"href":"https:\/\/aconteceunovale.com.br\/portal\/index.php?rest_route=\/wp\/v2\/posts\/153015\/revisions\/153017"}],"wp:featuredmedia":[{"embeddable":true,"href":"https:\/\/aconteceunovale.com.br\/portal\/index.php?rest_route=\/wp\/v2\/media\/153016"}],"wp:attachment":[{"href":"https:\/\/aconteceunovale.com.br\/portal\/index.php?rest_route=%2Fwp%2Fv2%2Fmedia&parent=153015"}],"wp:term":[{"taxonomy":"category","embeddable":true,"href":"https:\/\/aconteceunovale.com.br\/portal\/index.php?rest_route=%2Fwp%2Fv2%2Fcategories&post=153015"},{"taxonomy":"post_tag","embeddable":true,"href":"https:\/\/aconteceunovale.com.br\/portal\/index.php?rest_route=%2Fwp%2Fv2%2Ftags&post=153015"}],"curies":[{"name":"wp","href":"https:\/\/api.w.org\/{rel}","templated":true}]}}