{"id":153012,"date":"2019-09-24T12:38:19","date_gmt":"2019-09-24T15:38:19","guid":{"rendered":"http:\/\/aconteceunovale.com.br\/portal\/?p=153012"},"modified":"2019-09-24T12:38:37","modified_gmt":"2019-09-24T15:38:37","slug":"minas-vai-receber-fabrica-da-maior-empresa-de-celulose-do-mundo","status":"publish","type":"post","link":"https:\/\/aconteceunovale.com.br\/portal\/?p=153012","title":{"rendered":"Minas vai receber f\u00e1brica da maior empresa de celulose do mundo"},"content":{"rendered":"\n<p class=\"wp-block-paragraph\">Os munic\u00edpios de Araguari e Indian\u00f3polis, no Tri\u00e2ngulo Mineiro, ser\u00e3o beneficiados com mais de 6 mil empregos diretos e indiretos at\u00e9 2022, gerados a partir da instala\u00e7\u00e3o da maior f\u00e1brica de celulose sol\u00favel do mundo. O projeto controlado pela Joint Venture LD Celulose S.A., formada pela brasileira Duratex e pela austr\u00edaca Lenzig,\u00a0obteve licen\u00e7a de instala\u00e7\u00e3o (LI) na C\u00e2mara T\u00e9cnica Especializada de Atividades Industriais, do Conselho Estadual de Pol\u00edtica Ambiental (Copam), nessa segunda-feira (23\/9). Com isso, as obras da f\u00e1brica de mat\u00e9ria-prima para produ\u00e7\u00e3o de tecidos j\u00e1 est\u00e3o autorizadas.<\/p>\n\n\n\n<p class=\"wp-block-paragraph\">O empreendimento contar\u00e1 com investimentos de mais de R$ 4,5 bilh\u00f5es e ser\u00e1 instalado na \u00e1rea florestal da Duratex. &nbsp;A expectativa \u00e9 de que as obras estejam terminadas at\u00e9 2022, quando a empresa espera iniciar a opera\u00e7\u00e3o, gerando nesta fase mais de mil empregos diretos.<\/p>\n\n\n\n<p class=\"wp-block-paragraph\">A f\u00e1brica instalada no Triangulo Mineiro produzir\u00e1 450 mil&nbsp;toneladas\/ano&nbsp;de celulose sol\u00favel, a ser adquirida pela Lenzig e exportada para o mercado asi\u00e1tico. Produzir\u00e1, em m\u00e9dia, 77 megawatts (MW) de energia el\u00e9trica renov\u00e1vel, a partir da biomassa de madeira resultante do processo. No lugar de se tornar res\u00edduo, o produto retornar\u00e1 como energia para o sistema el\u00e9trico.&nbsp;Segundo os investidores, ser\u00e1 a maior linha industrial de celulose sol\u00favel do mundo.<\/p>\n\n\n\n<p class=\"wp-block-paragraph\">O empreendimento obteve a licen\u00e7a pr\u00e9via (LP), que avalia a viabilidade ambiental, em junho de 2019, e agora a licen\u00e7a de instala\u00e7\u00e3o, permitindo o in\u00edcio das obras. Ambos os processos foram avaliados pela equipe t\u00e9cnica multidisciplinar da Superintend\u00eancia de Projetos Priorit\u00e1rios (Suppri), com a parceria t\u00e9cnica da Superintend\u00eancia Regional de Meio Ambiente (Supram) Triangulo Mineiro e Alto Parana\u00edba e da&nbsp;Unidade Regional de Gest\u00e3o das \u00c1guas Tri\u00e2ngulo Mineiro e Alto Parana\u00edba (Urga TMAP).<\/p>\n\n\n\n<p class=\"wp-block-paragraph\">De acordo com a equipe multidisciplinar da Suppri, os estudos e projetos apresentados pela consultoria P\u00f6yry Tecnologia Ltda. t\u00eam qualidade nas informa\u00e7\u00f5es, o que propiciou aos analistas t\u00e9cnicos do Sisema a seguran\u00e7a necess\u00e1ria \u00e0 elabora\u00e7\u00e3o do Parecer \u00danico que subsidiou a tomada de decis\u00f5es da C\u00e2mara de Atividades Industriais do Copam. &#8220;S\u00e3o detalhes que fazem a diferen\u00e7a em qualquer processo de regulariza\u00e7\u00e3o ambiental&#8221;, afirma Rodolfo Fernandes, gestor do Projeto pela Suppri.<\/p>\n\n\n\n<p class=\"wp-block-paragraph\">De acordo com a\u00a0Secretaria de Estado de Meio Ambiente e Desenvolvimento Sustent\u00e1vel (Semad), tais processos mostram o avan\u00e7o da desburocratiza\u00e7\u00e3o do licenciamento ambiental que o Estado vem buscando, em que um empreendimento deste porte teve dois processos de licenciamento analisados no prazo de um ano.<\/p>\n\n\n\n<p class=\"wp-block-paragraph\">A an\u00e1lise j\u00e1 contabiliza todas as fases necess\u00e1rias, como a realiza\u00e7\u00e3o de reuni\u00e3o p\u00fablica no munic\u00edpio de Indian\u00f3polis, bem como a altera\u00e7\u00e3o, ainda na fase de projeto, do sistema de capta\u00e7\u00e3o de \u00e1gua e emiss\u00e3o de efluentes l\u00edquidos, a partir do pleito do Departamento de \u00c1gua e Esgoto (Demae) e da Prefeitura Municipal de Uberl\u00e2ndia. Tudo feito com vistas \u00e0 garantia da qualidade da \u00e1gua a ser captada para abastecimento p\u00fablico.<\/p>\n\n\n\n<p class=\"wp-block-paragraph\">\u201cEste \u00e9 um processo de regulariza\u00e7\u00e3o ambiental que demonstra o compromisso do\u00a0Governo de Minas: atrair investimentos, desburocratizar processos e, ao mesmo tempo, aumentar a qualidade da an\u00e1lise dos aspectos ambientais\u201d, afirma o secret\u00e1rio de Meio Ambiente e Desenvolvimento Sustent\u00e1vel, Germano Vieira. <\/p>\n\n\n\n<figure class=\"wp-block-image\"><img loading=\"lazy\" decoding=\"async\" width=\"600\" height=\"450\" src=\"http:\/\/aconteceunovale.com.br\/portal\/wp-content\/uploads\/2019\/09\/eucalipto.jpg\" alt=\"\" class=\"wp-image-153013\" srcset=\"https:\/\/aconteceunovale.com.br\/portal\/wp-content\/uploads\/2019\/09\/eucalipto.jpg 600w, https:\/\/aconteceunovale.com.br\/portal\/wp-content\/uploads\/2019\/09\/eucalipto-300x225.jpg 300w, https:\/\/aconteceunovale.com.br\/portal\/wp-content\/uploads\/2019\/09\/eucalipto-80x60.jpg 80w, https:\/\/aconteceunovale.com.br\/portal\/wp-content\/uploads\/2019\/09\/eucalipto-265x198.jpg 265w, https:\/\/aconteceunovale.com.br\/portal\/wp-content\/uploads\/2019\/09\/eucalipto-560x420.jpg 560w\" sizes=\"auto, (max-width: 600px) 100vw, 600px\" \/><figcaption><em>A f\u00e1brica estima a produ\u00e7\u00e3o de 450 mil toneladas de celulose sol\u00favel por ano &#8211; Foto: Divulga\u00e7\u00e3o \/ Semad<\/em><\/figcaption><\/figure>\n\n\n\n<p class=\"has-text-color has-background has-very-light-gray-color has-very-dark-gray-background-color wp-block-paragraph\"><strong>VER PRIMEIRO: <\/strong>Receba as not\u00edcias do Aconteceu no Vale em primeira m\u00e3o. Clique em curtir no endere\u00e7o <a href=\"https:\/\/www.facebook.com\/aconteceunovale\" target=\"_blank\" rel=\"noreferrer noopener\">www.facebook.com\/aconteceunovale<\/a>.<\/p>\n","protected":false},"excerpt":{"rendered":"<p>Os munic\u00edpios de Araguari e Indian\u00f3polis, no Tri\u00e2ngulo Mineiro, ser\u00e3o beneficiados com mais de 6 mil empregos diretos e indiretos at\u00e9 2022, gerados a partir da instala\u00e7\u00e3o da maior f\u00e1brica de celulose sol\u00favel do mundo. O projeto controlado pela Joint Venture LD Celulose S.A., formada pela brasileira Duratex e pela austr\u00edaca Lenzig,\u00a0obteve licen\u00e7a de instala\u00e7\u00e3o [&hellip;]<\/p>\n","protected":false},"author":1,"featured_media":153013,"comment_status":"open","ping_status":"closed","sticky":false,"template":"","format":"standard","meta":{"amp_status":"","footnotes":""},"categories":[123,28848],"tags":[1490,44825,207671,207672,1678,207670,207673,207674],"class_list":["post-153012","post","type-post","status-publish","format-standard","has-post-thumbnail","hentry","category-gerais","category-mundo","tag-araguari","tag-copam","tag-duratex","tag-fabrica-de-celulose-no-triangulo-mineiro","tag-indianopolis","tag-joint-venture-ld-celulose-s-a","tag-lenzig","tag-minas-vai-receber-fabrica-da-maior-empresa-de-celulose-do-mundo"],"yoast_head":"<!-- This site is optimized with the Yoast SEO plugin v28.3 - https:\/\/yoast.com\/product\/yoast-seo-wordpress\/ -->\n<title>Minas vai receber f\u00e1brica da maior empresa de celulose do mundo - Aconteceu no Vale<\/title>\n<meta name=\"robots\" content=\"index, follow, max-snippet:-1, max-image-preview:large, max-video-preview:-1\" \/>\n<link rel=\"canonical\" href=\"https:\/\/aconteceunovale.com.br\/portal\/?p=153012\" \/>\n<meta property=\"og:locale\" content=\"pt_BR\" \/>\n<meta property=\"og:type\" content=\"article\" \/>\n<meta property=\"og:title\" content=\"Minas vai receber f\u00e1brica da maior empresa de celulose do mundo - Aconteceu no Vale\" \/>\n<meta property=\"og:description\" content=\"Os munic\u00edpios de Araguari e Indian\u00f3polis, no Tri\u00e2ngulo Mineiro, ser\u00e3o beneficiados com mais de 6 mil empregos diretos e indiretos at\u00e9 2022, gerados a partir da instala\u00e7\u00e3o da maior f\u00e1brica de celulose sol\u00favel do mundo. O projeto controlado pela Joint Venture LD Celulose S.A., formada pela brasileira Duratex e pela austr\u00edaca Lenzig,\u00a0obteve licen\u00e7a de instala\u00e7\u00e3o [&hellip;]\" \/>\n<meta property=\"og:url\" content=\"https:\/\/aconteceunovale.com.br\/portal\/?p=153012\" \/>\n<meta property=\"og:site_name\" content=\"Aconteceu no Vale\" \/>\n<meta property=\"article:publisher\" content=\"https:\/\/www.facebook.com\/aconteceunovale\/\" \/>\n<meta property=\"article:published_time\" content=\"2019-09-24T15:38:19+00:00\" \/>\n<meta property=\"article:modified_time\" content=\"2019-09-24T15:38:37+00:00\" \/>\n<meta property=\"og:image\" content=\"https:\/\/aconteceunovale.com.br\/portal\/wp-content\/uploads\/2019\/09\/eucalipto.jpg\" \/>\n\t<meta property=\"og:image:width\" content=\"600\" \/>\n\t<meta property=\"og:image:height\" content=\"450\" \/>\n\t<meta property=\"og:image:type\" content=\"image\/jpeg\" \/>\n<meta name=\"author\" content=\"Aconteceu no Vale\" \/>\n<meta name=\"twitter:card\" content=\"summary_large_image\" \/>\n<meta name=\"twitter:creator\" content=\"@noticiadosvales\" \/>\n<meta name=\"twitter:site\" content=\"@noticiadosvales\" \/>\n<meta name=\"twitter:label1\" content=\"Escrito por\" \/>\n\t<meta name=\"twitter:data1\" content=\"Aconteceu no Vale\" \/>\n\t<meta name=\"twitter:label2\" content=\"Est. tempo de leitura\" \/>\n\t<meta name=\"twitter:data2\" content=\"3 minutos\" \/>\n<script type=\"application\/ld+json\" class=\"yoast-schema-graph\">{\"@context\":\"https:\\\/\\\/schema.org\",\"@graph\":[{\"@type\":\"Article\",\"@id\":\"https:\\\/\\\/aconteceunovale.com.br\\\/portal\\\/?p=153012#article\",\"isPartOf\":{\"@id\":\"https:\\\/\\\/aconteceunovale.com.br\\\/portal\\\/?p=153012\"},\"author\":{\"name\":\"Aconteceu no Vale\",\"@id\":\"https:\\\/\\\/aconteceunovale.com.br\\\/portal\\\/#\\\/schema\\\/person\\\/633529146f2c94272bef50ac2953d589\"},\"headline\":\"Minas vai receber f\u00e1brica da maior empresa de celulose do mundo\",\"datePublished\":\"2019-09-24T15:38:19+00:00\",\"dateModified\":\"2019-09-24T15:38:37+00:00\",\"mainEntityOfPage\":{\"@id\":\"https:\\\/\\\/aconteceunovale.com.br\\\/portal\\\/?p=153012\"},\"wordCount\":634,\"commentCount\":0,\"image\":{\"@id\":\"https:\\\/\\\/aconteceunovale.com.br\\\/portal\\\/?p=153012#primaryimage\"},\"thumbnailUrl\":\"https:\\\/\\\/aconteceunovale.com.br\\\/portal\\\/wp-content\\\/uploads\\\/2019\\\/09\\\/eucalipto.jpg\",\"keywords\":[\"Araguari\",\"Copam\",\"Duratex\",\"F\u00e1brica de celulose no Tri\u00e2ngulo Mineiro\",\"Indian\u00f3polis\",\"Joint Venture LD Celulose S.A.\",\"Lenzig\",\"Minas vai receber f\u00e1brica da maior empresa de celulose do mundo\"],\"articleSection\":[\"Minas Gerais\",\"Mundo\"],\"inLanguage\":\"pt-BR\",\"potentialAction\":[{\"@type\":\"CommentAction\",\"name\":\"Comment\",\"target\":[\"https:\\\/\\\/aconteceunovale.com.br\\\/portal\\\/?p=153012#respond\"]}]},{\"@type\":\"WebPage\",\"@id\":\"https:\\\/\\\/aconteceunovale.com.br\\\/portal\\\/?p=153012\",\"url\":\"https:\\\/\\\/aconteceunovale.com.br\\\/portal\\\/?p=153012\",\"name\":\"Minas vai receber f\u00e1brica da maior empresa de celulose do mundo - Aconteceu no Vale\",\"isPartOf\":{\"@id\":\"https:\\\/\\\/aconteceunovale.com.br\\\/portal\\\/#website\"},\"primaryImageOfPage\":{\"@id\":\"https:\\\/\\\/aconteceunovale.com.br\\\/portal\\\/?p=153012#primaryimage\"},\"image\":{\"@id\":\"https:\\\/\\\/aconteceunovale.com.br\\\/portal\\\/?p=153012#primaryimage\"},\"thumbnailUrl\":\"https:\\\/\\\/aconteceunovale.com.br\\\/portal\\\/wp-content\\\/uploads\\\/2019\\\/09\\\/eucalipto.jpg\",\"datePublished\":\"2019-09-24T15:38:19+00:00\",\"dateModified\":\"2019-09-24T15:38:37+00:00\",\"author\":{\"@id\":\"https:\\\/\\\/aconteceunovale.com.br\\\/portal\\\/#\\\/schema\\\/person\\\/633529146f2c94272bef50ac2953d589\"},\"breadcrumb\":{\"@id\":\"https:\\\/\\\/aconteceunovale.com.br\\\/portal\\\/?p=153012#breadcrumb\"},\"inLanguage\":\"pt-BR\",\"potentialAction\":[{\"@type\":\"ReadAction\",\"target\":[\"https:\\\/\\\/aconteceunovale.com.br\\\/portal\\\/?p=153012\"]}]},{\"@type\":\"ImageObject\",\"inLanguage\":\"pt-BR\",\"@id\":\"https:\\\/\\\/aconteceunovale.com.br\\\/portal\\\/?p=153012#primaryimage\",\"url\":\"https:\\\/\\\/aconteceunovale.com.br\\\/portal\\\/wp-content\\\/uploads\\\/2019\\\/09\\\/eucalipto.jpg\",\"contentUrl\":\"https:\\\/\\\/aconteceunovale.com.br\\\/portal\\\/wp-content\\\/uploads\\\/2019\\\/09\\\/eucalipto.jpg\",\"width\":600,\"height\":450},{\"@type\":\"BreadcrumbList\",\"@id\":\"https:\\\/\\\/aconteceunovale.com.br\\\/portal\\\/?p=153012#breadcrumb\",\"itemListElement\":[{\"@type\":\"ListItem\",\"position\":1,\"name\":\"In\u00edcio\",\"item\":\"https:\\\/\\\/aconteceunovale.com.br\\\/portal\\\/\"},{\"@type\":\"ListItem\",\"position\":2,\"name\":\"Minas vai receber f\u00e1brica da maior empresa de celulose do mundo\"}]},{\"@type\":\"WebSite\",\"@id\":\"https:\\\/\\\/aconteceunovale.com.br\\\/portal\\\/#website\",\"url\":\"https:\\\/\\\/aconteceunovale.com.br\\\/portal\\\/\",\"name\":\"Aconteceu no Vale\",\"description\":\"Portal de Not\u00edcias\",\"potentialAction\":[{\"@type\":\"SearchAction\",\"target\":{\"@type\":\"EntryPoint\",\"urlTemplate\":\"https:\\\/\\\/aconteceunovale.com.br\\\/portal\\\/?s={search_term_string}\"},\"query-input\":{\"@type\":\"PropertyValueSpecification\",\"valueRequired\":true,\"valueName\":\"search_term_string\"}}],\"inLanguage\":\"pt-BR\"},{\"@type\":\"Person\",\"@id\":\"https:\\\/\\\/aconteceunovale.com.br\\\/portal\\\/#\\\/schema\\\/person\\\/633529146f2c94272bef50ac2953d589\",\"name\":\"Aconteceu no Vale\",\"description\":\"Equipe de reportagem do Aconteceu no Vale, portal de not\u00edcias do Vale do Jequitinhonha, em Minas Gerais. Cobrimos as 51 cidades do Vale desde 2013. Sugest\u00f5es de pauta e pedidos de corre\u00e7\u00e3o: contato@aconteceunovale.com.br\",\"sameAs\":[\"http:\\\/\\\/www.aconteceunovale.com.br\"],\"url\":\"https:\\\/\\\/aconteceunovale.com.br\\\/portal\\\/?author=1\"}]}<\/script>\n<!-- \/ Yoast SEO plugin. -->","yoast_head_json":{"title":"Minas vai receber f\u00e1brica da maior empresa de celulose do mundo - Aconteceu no Vale","robots":{"index":"index","follow":"follow","max-snippet":"max-snippet:-1","max-image-preview":"max-image-preview:large","max-video-preview":"max-video-preview:-1"},"canonical":"https:\/\/aconteceunovale.com.br\/portal\/?p=153012","og_locale":"pt_BR","og_type":"article","og_title":"Minas vai receber f\u00e1brica da maior empresa de celulose do mundo - Aconteceu no Vale","og_description":"Os munic\u00edpios de Araguari e Indian\u00f3polis, no Tri\u00e2ngulo Mineiro, ser\u00e3o beneficiados com mais de 6 mil empregos diretos e indiretos at\u00e9 2022, gerados a partir da instala\u00e7\u00e3o da maior f\u00e1brica de celulose sol\u00favel do mundo. O projeto controlado pela Joint Venture LD Celulose S.A., formada pela brasileira Duratex e pela austr\u00edaca Lenzig,\u00a0obteve licen\u00e7a de instala\u00e7\u00e3o [&hellip;]","og_url":"https:\/\/aconteceunovale.com.br\/portal\/?p=153012","og_site_name":"Aconteceu no Vale","article_publisher":"https:\/\/www.facebook.com\/aconteceunovale\/","article_published_time":"2019-09-24T15:38:19+00:00","article_modified_time":"2019-09-24T15:38:37+00:00","og_image":[{"width":600,"height":450,"url":"https:\/\/aconteceunovale.com.br\/portal\/wp-content\/uploads\/2019\/09\/eucalipto.jpg","type":"image\/jpeg"}],"author":"Aconteceu no Vale","twitter_card":"summary_large_image","twitter_creator":"@noticiadosvales","twitter_site":"@noticiadosvales","twitter_misc":{"Escrito por":"Aconteceu no Vale","Est. tempo de leitura":"3 minutos"},"schema":{"@context":"https:\/\/schema.org","@graph":[{"@type":"Article","@id":"https:\/\/aconteceunovale.com.br\/portal\/?p=153012#article","isPartOf":{"@id":"https:\/\/aconteceunovale.com.br\/portal\/?p=153012"},"author":{"name":"Aconteceu no Vale","@id":"https:\/\/aconteceunovale.com.br\/portal\/#\/schema\/person\/633529146f2c94272bef50ac2953d589"},"headline":"Minas vai receber f\u00e1brica da maior empresa de celulose do mundo","datePublished":"2019-09-24T15:38:19+00:00","dateModified":"2019-09-24T15:38:37+00:00","mainEntityOfPage":{"@id":"https:\/\/aconteceunovale.com.br\/portal\/?p=153012"},"wordCount":634,"commentCount":0,"image":{"@id":"https:\/\/aconteceunovale.com.br\/portal\/?p=153012#primaryimage"},"thumbnailUrl":"https:\/\/aconteceunovale.com.br\/portal\/wp-content\/uploads\/2019\/09\/eucalipto.jpg","keywords":["Araguari","Copam","Duratex","F\u00e1brica de celulose no Tri\u00e2ngulo Mineiro","Indian\u00f3polis","Joint Venture LD Celulose S.A.","Lenzig","Minas vai receber f\u00e1brica da maior empresa de celulose do mundo"],"articleSection":["Minas Gerais","Mundo"],"inLanguage":"pt-BR","potentialAction":[{"@type":"CommentAction","name":"Comment","target":["https:\/\/aconteceunovale.com.br\/portal\/?p=153012#respond"]}]},{"@type":"WebPage","@id":"https:\/\/aconteceunovale.com.br\/portal\/?p=153012","url":"https:\/\/aconteceunovale.com.br\/portal\/?p=153012","name":"Minas vai receber f\u00e1brica da maior empresa de celulose do mundo - Aconteceu no Vale","isPartOf":{"@id":"https:\/\/aconteceunovale.com.br\/portal\/#website"},"primaryImageOfPage":{"@id":"https:\/\/aconteceunovale.com.br\/portal\/?p=153012#primaryimage"},"image":{"@id":"https:\/\/aconteceunovale.com.br\/portal\/?p=153012#primaryimage"},"thumbnailUrl":"https:\/\/aconteceunovale.com.br\/portal\/wp-content\/uploads\/2019\/09\/eucalipto.jpg","datePublished":"2019-09-24T15:38:19+00:00","dateModified":"2019-09-24T15:38:37+00:00","author":{"@id":"https:\/\/aconteceunovale.com.br\/portal\/#\/schema\/person\/633529146f2c94272bef50ac2953d589"},"breadcrumb":{"@id":"https:\/\/aconteceunovale.com.br\/portal\/?p=153012#breadcrumb"},"inLanguage":"pt-BR","potentialAction":[{"@type":"ReadAction","target":["https:\/\/aconteceunovale.com.br\/portal\/?p=153012"]}]},{"@type":"ImageObject","inLanguage":"pt-BR","@id":"https:\/\/aconteceunovale.com.br\/portal\/?p=153012#primaryimage","url":"https:\/\/aconteceunovale.com.br\/portal\/wp-content\/uploads\/2019\/09\/eucalipto.jpg","contentUrl":"https:\/\/aconteceunovale.com.br\/portal\/wp-content\/uploads\/2019\/09\/eucalipto.jpg","width":600,"height":450},{"@type":"BreadcrumbList","@id":"https:\/\/aconteceunovale.com.br\/portal\/?p=153012#breadcrumb","itemListElement":[{"@type":"ListItem","position":1,"name":"In\u00edcio","item":"https:\/\/aconteceunovale.com.br\/portal\/"},{"@type":"ListItem","position":2,"name":"Minas vai receber f\u00e1brica da maior empresa de celulose do mundo"}]},{"@type":"WebSite","@id":"https:\/\/aconteceunovale.com.br\/portal\/#website","url":"https:\/\/aconteceunovale.com.br\/portal\/","name":"Aconteceu no Vale","description":"Portal de Not\u00edcias","potentialAction":[{"@type":"SearchAction","target":{"@type":"EntryPoint","urlTemplate":"https:\/\/aconteceunovale.com.br\/portal\/?s={search_term_string}"},"query-input":{"@type":"PropertyValueSpecification","valueRequired":true,"valueName":"search_term_string"}}],"inLanguage":"pt-BR"},{"@type":"Person","@id":"https:\/\/aconteceunovale.com.br\/portal\/#\/schema\/person\/633529146f2c94272bef50ac2953d589","name":"Aconteceu no Vale","description":"Equipe de reportagem do Aconteceu no Vale, portal de not\u00edcias do Vale do Jequitinhonha, em Minas Gerais. Cobrimos as 51 cidades do Vale desde 2013. Sugest\u00f5es de pauta e pedidos de corre\u00e7\u00e3o: contato@aconteceunovale.com.br","sameAs":["http:\/\/www.aconteceunovale.com.br"],"url":"https:\/\/aconteceunovale.com.br\/portal\/?author=1"}]}},"_links":{"self":[{"href":"https:\/\/aconteceunovale.com.br\/portal\/index.php?rest_route=\/wp\/v2\/posts\/153012","targetHints":{"allow":["GET"]}}],"collection":[{"href":"https:\/\/aconteceunovale.com.br\/portal\/index.php?rest_route=\/wp\/v2\/posts"}],"about":[{"href":"https:\/\/aconteceunovale.com.br\/portal\/index.php?rest_route=\/wp\/v2\/types\/post"}],"author":[{"embeddable":true,"href":"https:\/\/aconteceunovale.com.br\/portal\/index.php?rest_route=\/wp\/v2\/users\/1"}],"replies":[{"embeddable":true,"href":"https:\/\/aconteceunovale.com.br\/portal\/index.php?rest_route=%2Fwp%2Fv2%2Fcomments&post=153012"}],"version-history":[{"count":1,"href":"https:\/\/aconteceunovale.com.br\/portal\/index.php?rest_route=\/wp\/v2\/posts\/153012\/revisions"}],"predecessor-version":[{"id":153014,"href":"https:\/\/aconteceunovale.com.br\/portal\/index.php?rest_route=\/wp\/v2\/posts\/153012\/revisions\/153014"}],"wp:featuredmedia":[{"embeddable":true,"href":"https:\/\/aconteceunovale.com.br\/portal\/index.php?rest_route=\/wp\/v2\/media\/153013"}],"wp:attachment":[{"href":"https:\/\/aconteceunovale.com.br\/portal\/index.php?rest_route=%2Fwp%2Fv2%2Fmedia&parent=153012"}],"wp:term":[{"taxonomy":"category","embeddable":true,"href":"https:\/\/aconteceunovale.com.br\/portal\/index.php?rest_route=%2Fwp%2Fv2%2Fcategories&post=153012"},{"taxonomy":"post_tag","embeddable":true,"href":"https:\/\/aconteceunovale.com.br\/portal\/index.php?rest_route=%2Fwp%2Fv2%2Ftags&post=153012"}],"curies":[{"name":"wp","href":"https:\/\/api.w.org\/{rel}","templated":true}]}}