{"id":152980,"date":"2019-09-23T20:03:15","date_gmt":"2019-09-23T23:03:15","guid":{"rendered":"http:\/\/aconteceunovale.com.br\/portal\/?p=152980"},"modified":"2019-09-23T20:26:18","modified_gmt":"2019-09-23T23:26:18","slug":"maes-e-tres-filhos-morrem-em-acidente-entre-carro-e-carreta-em-rodovia-mineira","status":"publish","type":"post","link":"https:\/\/aconteceunovale.com.br\/portal\/?p=152980","title":{"rendered":"M\u00e3es e tr\u00eas filhos morrem em acidente entre carro e carreta em rodovia mineira"},"content":{"rendered":"\n<p class=\"wp-block-paragraph\">Uma m\u00e3e e seus tr\u00eas filhos morreram em um grave acidente no quil\u00f4metro\n350 da BR-354, em S\u00e3o Gotardo (MG), na noite deste domingo (22\/09\/2019). O\nmarido da mulher bateu o carro da fam\u00edlia, um Fiat P\u00e1lio, de frente com uma\ncarreta bi-trem. <\/p>\n\n\n\n<p class=\"wp-block-paragraph\">O homem e mais dois filhos\nda mulher ficaram feridos e foram socorridos para o Hospital Regional Ant\u00f4nio\nDias (HRAD), em Patos de Minas, na mesma regi\u00e3o.<\/p>\n\n\n\n<p class=\"wp-block-paragraph\">De acordo com a Pol\u00edcia\nMilitar Rodovi\u00e1ria (PMRv), no carro estavam sete pessoas, o marido, a mulher,\numa filha do casal e outros quatro filhos da mulher. O n\u00famero \u00e9 acima do\npermitido pela lei.&nbsp;<\/p>\n\n\n\n<p class=\"wp-block-paragraph\">Ainda segundo a PMRv, o motorista da bi-trem contou que o Fiat\nP\u00e1lio rodou na pista e invadiu a contram\u00e3o. O motorista da carreta n\u00e3o\nconseguiu frear e atingiu o carro em cheio. Garoava no momento do acidente e a\nrodovia passava por obras. A suspeita \u00e9 que o motorista tenha perdido o\ncontrole do ve\u00edculo.<\/p>\n\n\n\n<p class=\"wp-block-paragraph\">O homem de 39 anos estava com rev\u00f3lver calibre 22 e por causa disso ele est\u00e1 escoltado pela Pol\u00edcia Militar no hospital. Quando tiver alta ser\u00e1 preso.<\/p>\n\n\n\n<figure class=\"wp-block-image\"><img loading=\"lazy\" decoding=\"async\" width=\"820\" height=\"492\" src=\"http:\/\/aconteceunovale.com.br\/portal\/wp-content\/uploads\/2019\/09\/acidente_sao_gotardo_1.jpg\" alt=\"\" class=\"wp-image-152981\" srcset=\"https:\/\/aconteceunovale.com.br\/portal\/wp-content\/uploads\/2019\/09\/acidente_sao_gotardo_1.jpg 820w, https:\/\/aconteceunovale.com.br\/portal\/wp-content\/uploads\/2019\/09\/acidente_sao_gotardo_1-300x180.jpg 300w, https:\/\/aconteceunovale.com.br\/portal\/wp-content\/uploads\/2019\/09\/acidente_sao_gotardo_1-768x461.jpg 768w, https:\/\/aconteceunovale.com.br\/portal\/wp-content\/uploads\/2019\/09\/acidente_sao_gotardo_1-696x418.jpg 696w, https:\/\/aconteceunovale.com.br\/portal\/wp-content\/uploads\/2019\/09\/acidente_sao_gotardo_1-700x420.jpg 700w\" sizes=\"auto, (max-width: 820px) 100vw, 820px\" \/><figcaption><em>Foto: Pol\u00edcia Militar Rodovi\u00e1ria \/ Divulga\u00e7\u00e3o<\/em><\/figcaption><\/figure>\n\n\n\n<p class=\"wp-block-paragraph\"><strong>As v\u00edtimas&nbsp;&nbsp;<\/strong><\/p>\n\n\n\n<p class=\"wp-block-paragraph\">No acidente morreram Viviana\nFernanda dos Santos, de 36 anos, que \u00e9 mulher do motorista e a filha do casal\nLavinia Emanuela dos Santos, de 5 anos. Tamb\u00e9m morreram no local os filhos de\nViviane, Lucas Augusto Santos de Castro, de 19 anos e Alef Vin\u00edcius dos Santos\nAlmeida, de 17 anos.<\/p>\n\n\n\n<p class=\"wp-block-paragraph\">Outros dois filhos da mulher, de 14 e 11 anos est\u00e3o internados no hospital regional. A per\u00edcia da Pol\u00edcia Civil esteve no local do acidente. Os corpos foram encaminhados para o Instituto M\u00e9dico-Legal (IML) de Patos de Minas.\u00a0<\/p>\n\n\n\n<figure class=\"wp-block-image\"><img loading=\"lazy\" decoding=\"async\" width=\"820\" height=\"492\" src=\"http:\/\/aconteceunovale.com.br\/portal\/wp-content\/uploads\/2019\/09\/acidente_sao_gotardo_2.jpg\" alt=\"\" class=\"wp-image-152982\" srcset=\"https:\/\/aconteceunovale.com.br\/portal\/wp-content\/uploads\/2019\/09\/acidente_sao_gotardo_2.jpg 820w, https:\/\/aconteceunovale.com.br\/portal\/wp-content\/uploads\/2019\/09\/acidente_sao_gotardo_2-300x180.jpg 300w, https:\/\/aconteceunovale.com.br\/portal\/wp-content\/uploads\/2019\/09\/acidente_sao_gotardo_2-768x461.jpg 768w, https:\/\/aconteceunovale.com.br\/portal\/wp-content\/uploads\/2019\/09\/acidente_sao_gotardo_2-696x418.jpg 696w, https:\/\/aconteceunovale.com.br\/portal\/wp-content\/uploads\/2019\/09\/acidente_sao_gotardo_2-700x420.jpg 700w\" sizes=\"auto, (max-width: 820px) 100vw, 820px\" \/><figcaption><em>Foto: Pol\u00edcia Militar Rodovi\u00e1ria \/ Divulga\u00e7\u00e3o<\/em><\/figcaption><\/figure>\n\n\n\n<p class=\"has-text-color has-background has-very-light-gray-color has-very-dark-gray-background-color wp-block-paragraph\"><strong>VER PRIMEIRO: <\/strong>Receba as not\u00edcias do Aconteceu no Vale em primeira m\u00e3o. Clique em curtir no endere\u00e7o <a href=\"https:\/\/www.facebook.com\/aconteceunovale\" target=\"_blank\" rel=\"noreferrer noopener\">www.facebook.com\/aconteceunovale<\/a>.<\/p>\n","protected":false},"excerpt":{"rendered":"<p>Uma m\u00e3e e seus tr\u00eas filhos morreram em um grave acidente no quil\u00f4metro 350 da BR-354, em S\u00e3o Gotardo (MG), na noite deste domingo (22\/09\/2019). O marido da mulher bateu o carro da fam\u00edlia, um Fiat P\u00e1lio, de frente com uma carreta bi-trem. O homem e mais dois filhos da mulher ficaram feridos e foram [&hellip;]<\/p>\n","protected":false},"author":1,"featured_media":152981,"comment_status":"open","ping_status":"closed","sticky":false,"template":"","format":"standard","meta":{"amp_status":"","footnotes":""},"categories":[123],"tags":[207629,207626,207630,207633,207632,207634,207625,207627,207628,214,963,207631],"class_list":["post-152980","post","type-post","status-publish","format-standard","has-post-thumbnail","hentry","category-gerais","tag-acidente-com-familia-em-sao-gotardo","tag-acidente-em-sao-gotardo","tag-acidente-entre-carro-e-carreta-em-sao-gotardo","tag-alef-vinicius-dos-santos-almeida","tag-lavinia-emanuela-dos-santos","tag-lucas-augusto-santos-de-castro","tag-maes-e-tres-filhos-morrem-em-acidente-entre-carro-e-carreta-em-rodovia-mineira","tag-maes-e-tres-filhos-morrem-em-acidente-entre-carro-e-carreta-em-sao-gotardo","tag-maes-e-tres-filhos-morrem-em-acidente-entre-carro-e-carreta-na-br-354","tag-patos-de-minas","tag-sao-gotardo","tag-viviana-fernanda-dos-santos"],"yoast_head":"<!-- This site is optimized with the Yoast SEO plugin v28.3 - https:\/\/yoast.com\/product\/yoast-seo-wordpress\/ -->\n<title>M\u00e3es e tr\u00eas filhos morrem em acidente entre carro e carreta em rodovia mineira - Aconteceu no Vale<\/title>\n<meta name=\"robots\" content=\"index, follow, max-snippet:-1, max-image-preview:large, max-video-preview:-1\" \/>\n<link rel=\"canonical\" href=\"https:\/\/aconteceunovale.com.br\/portal\/?p=152980\" \/>\n<meta property=\"og:locale\" content=\"pt_BR\" \/>\n<meta property=\"og:type\" content=\"article\" \/>\n<meta property=\"og:title\" content=\"M\u00e3es e tr\u00eas filhos morrem em acidente entre carro e carreta em rodovia mineira - Aconteceu no Vale\" \/>\n<meta property=\"og:description\" content=\"Uma m\u00e3e e seus tr\u00eas filhos morreram em um grave acidente no quil\u00f4metro 350 da BR-354, em S\u00e3o Gotardo (MG), na noite deste domingo (22\/09\/2019). O marido da mulher bateu o carro da fam\u00edlia, um Fiat P\u00e1lio, de frente com uma carreta bi-trem. O homem e mais dois filhos da mulher ficaram feridos e foram [&hellip;]\" \/>\n<meta property=\"og:url\" content=\"https:\/\/aconteceunovale.com.br\/portal\/?p=152980\" \/>\n<meta property=\"og:site_name\" content=\"Aconteceu no Vale\" \/>\n<meta property=\"article:publisher\" content=\"https:\/\/www.facebook.com\/aconteceunovale\/\" \/>\n<meta property=\"article:published_time\" content=\"2019-09-23T23:03:15+00:00\" \/>\n<meta property=\"article:modified_time\" content=\"2019-09-23T23:26:18+00:00\" \/>\n<meta property=\"og:image\" content=\"https:\/\/aconteceunovale.com.br\/portal\/wp-content\/uploads\/2019\/09\/acidente_sao_gotardo_1.jpg\" \/>\n\t<meta property=\"og:image:width\" content=\"820\" \/>\n\t<meta property=\"og:image:height\" content=\"492\" \/>\n\t<meta property=\"og:image:type\" content=\"image\/jpeg\" \/>\n<meta name=\"author\" content=\"Aconteceu no Vale\" \/>\n<meta name=\"twitter:card\" content=\"summary_large_image\" \/>\n<meta name=\"twitter:creator\" content=\"@noticiadosvales\" \/>\n<meta name=\"twitter:site\" content=\"@noticiadosvales\" \/>\n<meta name=\"twitter:label1\" content=\"Escrito por\" \/>\n\t<meta name=\"twitter:data1\" content=\"Aconteceu no Vale\" \/>\n\t<meta name=\"twitter:label2\" content=\"Est. tempo de leitura\" \/>\n\t<meta name=\"twitter:data2\" content=\"2 minutos\" \/>\n<script type=\"application\/ld+json\" class=\"yoast-schema-graph\">{\"@context\":\"https:\\\/\\\/schema.org\",\"@graph\":[{\"@type\":\"Article\",\"@id\":\"https:\\\/\\\/aconteceunovale.com.br\\\/portal\\\/?p=152980#article\",\"isPartOf\":{\"@id\":\"https:\\\/\\\/aconteceunovale.com.br\\\/portal\\\/?p=152980\"},\"author\":{\"name\":\"Aconteceu no Vale\",\"@id\":\"https:\\\/\\\/aconteceunovale.com.br\\\/portal\\\/#\\\/schema\\\/person\\\/633529146f2c94272bef50ac2953d589\"},\"headline\":\"M\u00e3es e tr\u00eas filhos morrem em acidente entre carro e carreta em rodovia mineira\",\"datePublished\":\"2019-09-23T23:03:15+00:00\",\"dateModified\":\"2019-09-23T23:26:18+00:00\",\"mainEntityOfPage\":{\"@id\":\"https:\\\/\\\/aconteceunovale.com.br\\\/portal\\\/?p=152980\"},\"wordCount\":350,\"commentCount\":0,\"image\":{\"@id\":\"https:\\\/\\\/aconteceunovale.com.br\\\/portal\\\/?p=152980#primaryimage\"},\"thumbnailUrl\":\"https:\\\/\\\/aconteceunovale.com.br\\\/portal\\\/wp-content\\\/uploads\\\/2019\\\/09\\\/acidente_sao_gotardo_1.jpg\",\"keywords\":[\"Acidente com fam\u00edlia em S\u00e3o Gotardo\",\"Acidente em S\u00e3o Gotardo\",\"Acidente entre carro e carreta em S\u00e3o Gotardo\",\"Alef Vin\u00edcius dos Santos Almeida\",\"Lavinia Emanuela dos Santos\",\"Lucas Augusto Santos de Castro\",\"M\u00e3es e tr\u00eas filhos morrem em acidente entre carro e carreta em rodovia mineira\",\"M\u00e3es e tr\u00eas filhos morrem em acidente entre carro e carreta em S\u00e3o Gotardo\",\"M\u00e3es e tr\u00eas filhos morrem em acidente entre carro e carreta na BR-354\",\"Patos de Minas\",\"S\u00e3o Gotardo\",\"Viviana Fernanda dos Santos\"],\"articleSection\":[\"Minas Gerais\"],\"inLanguage\":\"pt-BR\",\"potentialAction\":[{\"@type\":\"CommentAction\",\"name\":\"Comment\",\"target\":[\"https:\\\/\\\/aconteceunovale.com.br\\\/portal\\\/?p=152980#respond\"]}]},{\"@type\":\"WebPage\",\"@id\":\"https:\\\/\\\/aconteceunovale.com.br\\\/portal\\\/?p=152980\",\"url\":\"https:\\\/\\\/aconteceunovale.com.br\\\/portal\\\/?p=152980\",\"name\":\"M\u00e3es e tr\u00eas filhos morrem em acidente entre carro e carreta em rodovia mineira - Aconteceu no Vale\",\"isPartOf\":{\"@id\":\"https:\\\/\\\/aconteceunovale.com.br\\\/portal\\\/#website\"},\"primaryImageOfPage\":{\"@id\":\"https:\\\/\\\/aconteceunovale.com.br\\\/portal\\\/?p=152980#primaryimage\"},\"image\":{\"@id\":\"https:\\\/\\\/aconteceunovale.com.br\\\/portal\\\/?p=152980#primaryimage\"},\"thumbnailUrl\":\"https:\\\/\\\/aconteceunovale.com.br\\\/portal\\\/wp-content\\\/uploads\\\/2019\\\/09\\\/acidente_sao_gotardo_1.jpg\",\"datePublished\":\"2019-09-23T23:03:15+00:00\",\"dateModified\":\"2019-09-23T23:26:18+00:00\",\"author\":{\"@id\":\"https:\\\/\\\/aconteceunovale.com.br\\\/portal\\\/#\\\/schema\\\/person\\\/633529146f2c94272bef50ac2953d589\"},\"breadcrumb\":{\"@id\":\"https:\\\/\\\/aconteceunovale.com.br\\\/portal\\\/?p=152980#breadcrumb\"},\"inLanguage\":\"pt-BR\",\"potentialAction\":[{\"@type\":\"ReadAction\",\"target\":[\"https:\\\/\\\/aconteceunovale.com.br\\\/portal\\\/?p=152980\"]}]},{\"@type\":\"ImageObject\",\"inLanguage\":\"pt-BR\",\"@id\":\"https:\\\/\\\/aconteceunovale.com.br\\\/portal\\\/?p=152980#primaryimage\",\"url\":\"https:\\\/\\\/aconteceunovale.com.br\\\/portal\\\/wp-content\\\/uploads\\\/2019\\\/09\\\/acidente_sao_gotardo_1.jpg\",\"contentUrl\":\"https:\\\/\\\/aconteceunovale.com.br\\\/portal\\\/wp-content\\\/uploads\\\/2019\\\/09\\\/acidente_sao_gotardo_1.jpg\",\"width\":820,\"height\":492},{\"@type\":\"BreadcrumbList\",\"@id\":\"https:\\\/\\\/aconteceunovale.com.br\\\/portal\\\/?p=152980#breadcrumb\",\"itemListElement\":[{\"@type\":\"ListItem\",\"position\":1,\"name\":\"In\u00edcio\",\"item\":\"https:\\\/\\\/aconteceunovale.com.br\\\/portal\\\/\"},{\"@type\":\"ListItem\",\"position\":2,\"name\":\"M\u00e3es e tr\u00eas filhos morrem em acidente entre carro e carreta em rodovia mineira\"}]},{\"@type\":\"WebSite\",\"@id\":\"https:\\\/\\\/aconteceunovale.com.br\\\/portal\\\/#website\",\"url\":\"https:\\\/\\\/aconteceunovale.com.br\\\/portal\\\/\",\"name\":\"Aconteceu no Vale\",\"description\":\"Portal de Not\u00edcias\",\"potentialAction\":[{\"@type\":\"SearchAction\",\"target\":{\"@type\":\"EntryPoint\",\"urlTemplate\":\"https:\\\/\\\/aconteceunovale.com.br\\\/portal\\\/?s={search_term_string}\"},\"query-input\":{\"@type\":\"PropertyValueSpecification\",\"valueRequired\":true,\"valueName\":\"search_term_string\"}}],\"inLanguage\":\"pt-BR\"},{\"@type\":\"Person\",\"@id\":\"https:\\\/\\\/aconteceunovale.com.br\\\/portal\\\/#\\\/schema\\\/person\\\/633529146f2c94272bef50ac2953d589\",\"name\":\"Aconteceu no Vale\",\"description\":\"Equipe de reportagem do Aconteceu no Vale, portal de not\u00edcias do Vale do Jequitinhonha, em Minas Gerais. Cobrimos as 51 cidades do Vale desde 2013. Sugest\u00f5es de pauta e pedidos de corre\u00e7\u00e3o: contato@aconteceunovale.com.br\",\"sameAs\":[\"http:\\\/\\\/www.aconteceunovale.com.br\"],\"url\":\"https:\\\/\\\/aconteceunovale.com.br\\\/portal\\\/?author=1\"}]}<\/script>\n<!-- \/ Yoast SEO plugin. -->","yoast_head_json":{"title":"M\u00e3es e tr\u00eas filhos morrem em acidente entre carro e carreta em rodovia mineira - Aconteceu no Vale","robots":{"index":"index","follow":"follow","max-snippet":"max-snippet:-1","max-image-preview":"max-image-preview:large","max-video-preview":"max-video-preview:-1"},"canonical":"https:\/\/aconteceunovale.com.br\/portal\/?p=152980","og_locale":"pt_BR","og_type":"article","og_title":"M\u00e3es e tr\u00eas filhos morrem em acidente entre carro e carreta em rodovia mineira - Aconteceu no Vale","og_description":"Uma m\u00e3e e seus tr\u00eas filhos morreram em um grave acidente no quil\u00f4metro 350 da BR-354, em S\u00e3o Gotardo (MG), na noite deste domingo (22\/09\/2019). O marido da mulher bateu o carro da fam\u00edlia, um Fiat P\u00e1lio, de frente com uma carreta bi-trem. O homem e mais dois filhos da mulher ficaram feridos e foram [&hellip;]","og_url":"https:\/\/aconteceunovale.com.br\/portal\/?p=152980","og_site_name":"Aconteceu no Vale","article_publisher":"https:\/\/www.facebook.com\/aconteceunovale\/","article_published_time":"2019-09-23T23:03:15+00:00","article_modified_time":"2019-09-23T23:26:18+00:00","og_image":[{"width":820,"height":492,"url":"https:\/\/aconteceunovale.com.br\/portal\/wp-content\/uploads\/2019\/09\/acidente_sao_gotardo_1.jpg","type":"image\/jpeg"}],"author":"Aconteceu no Vale","twitter_card":"summary_large_image","twitter_creator":"@noticiadosvales","twitter_site":"@noticiadosvales","twitter_misc":{"Escrito por":"Aconteceu no Vale","Est. tempo de leitura":"2 minutos"},"schema":{"@context":"https:\/\/schema.org","@graph":[{"@type":"Article","@id":"https:\/\/aconteceunovale.com.br\/portal\/?p=152980#article","isPartOf":{"@id":"https:\/\/aconteceunovale.com.br\/portal\/?p=152980"},"author":{"name":"Aconteceu no Vale","@id":"https:\/\/aconteceunovale.com.br\/portal\/#\/schema\/person\/633529146f2c94272bef50ac2953d589"},"headline":"M\u00e3es e tr\u00eas filhos morrem em acidente entre carro e carreta em rodovia mineira","datePublished":"2019-09-23T23:03:15+00:00","dateModified":"2019-09-23T23:26:18+00:00","mainEntityOfPage":{"@id":"https:\/\/aconteceunovale.com.br\/portal\/?p=152980"},"wordCount":350,"commentCount":0,"image":{"@id":"https:\/\/aconteceunovale.com.br\/portal\/?p=152980#primaryimage"},"thumbnailUrl":"https:\/\/aconteceunovale.com.br\/portal\/wp-content\/uploads\/2019\/09\/acidente_sao_gotardo_1.jpg","keywords":["Acidente com fam\u00edlia em S\u00e3o Gotardo","Acidente em S\u00e3o Gotardo","Acidente entre carro e carreta em S\u00e3o Gotardo","Alef Vin\u00edcius dos Santos Almeida","Lavinia Emanuela dos Santos","Lucas Augusto Santos de Castro","M\u00e3es e tr\u00eas filhos morrem em acidente entre carro e carreta em rodovia mineira","M\u00e3es e tr\u00eas filhos morrem em acidente entre carro e carreta em S\u00e3o Gotardo","M\u00e3es e tr\u00eas filhos morrem em acidente entre carro e carreta na BR-354","Patos de Minas","S\u00e3o Gotardo","Viviana Fernanda dos Santos"],"articleSection":["Minas Gerais"],"inLanguage":"pt-BR","potentialAction":[{"@type":"CommentAction","name":"Comment","target":["https:\/\/aconteceunovale.com.br\/portal\/?p=152980#respond"]}]},{"@type":"WebPage","@id":"https:\/\/aconteceunovale.com.br\/portal\/?p=152980","url":"https:\/\/aconteceunovale.com.br\/portal\/?p=152980","name":"M\u00e3es e tr\u00eas filhos morrem em acidente entre carro e carreta em rodovia mineira - Aconteceu no Vale","isPartOf":{"@id":"https:\/\/aconteceunovale.com.br\/portal\/#website"},"primaryImageOfPage":{"@id":"https:\/\/aconteceunovale.com.br\/portal\/?p=152980#primaryimage"},"image":{"@id":"https:\/\/aconteceunovale.com.br\/portal\/?p=152980#primaryimage"},"thumbnailUrl":"https:\/\/aconteceunovale.com.br\/portal\/wp-content\/uploads\/2019\/09\/acidente_sao_gotardo_1.jpg","datePublished":"2019-09-23T23:03:15+00:00","dateModified":"2019-09-23T23:26:18+00:00","author":{"@id":"https:\/\/aconteceunovale.com.br\/portal\/#\/schema\/person\/633529146f2c94272bef50ac2953d589"},"breadcrumb":{"@id":"https:\/\/aconteceunovale.com.br\/portal\/?p=152980#breadcrumb"},"inLanguage":"pt-BR","potentialAction":[{"@type":"ReadAction","target":["https:\/\/aconteceunovale.com.br\/portal\/?p=152980"]}]},{"@type":"ImageObject","inLanguage":"pt-BR","@id":"https:\/\/aconteceunovale.com.br\/portal\/?p=152980#primaryimage","url":"https:\/\/aconteceunovale.com.br\/portal\/wp-content\/uploads\/2019\/09\/acidente_sao_gotardo_1.jpg","contentUrl":"https:\/\/aconteceunovale.com.br\/portal\/wp-content\/uploads\/2019\/09\/acidente_sao_gotardo_1.jpg","width":820,"height":492},{"@type":"BreadcrumbList","@id":"https:\/\/aconteceunovale.com.br\/portal\/?p=152980#breadcrumb","itemListElement":[{"@type":"ListItem","position":1,"name":"In\u00edcio","item":"https:\/\/aconteceunovale.com.br\/portal\/"},{"@type":"ListItem","position":2,"name":"M\u00e3es e tr\u00eas filhos morrem em acidente entre carro e carreta em rodovia mineira"}]},{"@type":"WebSite","@id":"https:\/\/aconteceunovale.com.br\/portal\/#website","url":"https:\/\/aconteceunovale.com.br\/portal\/","name":"Aconteceu no Vale","description":"Portal de Not\u00edcias","potentialAction":[{"@type":"SearchAction","target":{"@type":"EntryPoint","urlTemplate":"https:\/\/aconteceunovale.com.br\/portal\/?s={search_term_string}"},"query-input":{"@type":"PropertyValueSpecification","valueRequired":true,"valueName":"search_term_string"}}],"inLanguage":"pt-BR"},{"@type":"Person","@id":"https:\/\/aconteceunovale.com.br\/portal\/#\/schema\/person\/633529146f2c94272bef50ac2953d589","name":"Aconteceu no Vale","description":"Equipe de reportagem do Aconteceu no Vale, portal de not\u00edcias do Vale do Jequitinhonha, em Minas Gerais. Cobrimos as 51 cidades do Vale desde 2013. Sugest\u00f5es de pauta e pedidos de corre\u00e7\u00e3o: contato@aconteceunovale.com.br","sameAs":["http:\/\/www.aconteceunovale.com.br"],"url":"https:\/\/aconteceunovale.com.br\/portal\/?author=1"}]}},"_links":{"self":[{"href":"https:\/\/aconteceunovale.com.br\/portal\/index.php?rest_route=\/wp\/v2\/posts\/152980","targetHints":{"allow":["GET"]}}],"collection":[{"href":"https:\/\/aconteceunovale.com.br\/portal\/index.php?rest_route=\/wp\/v2\/posts"}],"about":[{"href":"https:\/\/aconteceunovale.com.br\/portal\/index.php?rest_route=\/wp\/v2\/types\/post"}],"author":[{"embeddable":true,"href":"https:\/\/aconteceunovale.com.br\/portal\/index.php?rest_route=\/wp\/v2\/users\/1"}],"replies":[{"embeddable":true,"href":"https:\/\/aconteceunovale.com.br\/portal\/index.php?rest_route=%2Fwp%2Fv2%2Fcomments&post=152980"}],"version-history":[{"count":1,"href":"https:\/\/aconteceunovale.com.br\/portal\/index.php?rest_route=\/wp\/v2\/posts\/152980\/revisions"}],"predecessor-version":[{"id":152983,"href":"https:\/\/aconteceunovale.com.br\/portal\/index.php?rest_route=\/wp\/v2\/posts\/152980\/revisions\/152983"}],"wp:featuredmedia":[{"embeddable":true,"href":"https:\/\/aconteceunovale.com.br\/portal\/index.php?rest_route=\/wp\/v2\/media\/152981"}],"wp:attachment":[{"href":"https:\/\/aconteceunovale.com.br\/portal\/index.php?rest_route=%2Fwp%2Fv2%2Fmedia&parent=152980"}],"wp:term":[{"taxonomy":"category","embeddable":true,"href":"https:\/\/aconteceunovale.com.br\/portal\/index.php?rest_route=%2Fwp%2Fv2%2Fcategories&post=152980"},{"taxonomy":"post_tag","embeddable":true,"href":"https:\/\/aconteceunovale.com.br\/portal\/index.php?rest_route=%2Fwp%2Fv2%2Ftags&post=152980"}],"curies":[{"name":"wp","href":"https:\/\/api.w.org\/{rel}","templated":true}]}}