{"id":152976,"date":"2019-09-23T19:34:13","date_gmt":"2019-09-23T22:34:13","guid":{"rendered":"http:\/\/aconteceunovale.com.br\/portal\/?p=152976"},"modified":"2019-09-23T19:57:45","modified_gmt":"2019-09-23T22:57:45","slug":"motociclista-morre-em-acidente-no-municipio-de-sao-pedro-do-suacui-no-leste-de-minas","status":"publish","type":"post","link":"https:\/\/aconteceunovale.com.br\/portal\/?p=152976","title":{"rendered":"Motociclista morre em acidente no munic\u00edpio de S\u00e3o Pedro do Sua\u00e7u\u00ed, no Leste de Minas"},"content":{"rendered":"\n<p class=\"wp-block-paragraph\">Uma pessoa morreu e outra ficou ferida em um acidente no km\n223 da MGC-120, munic\u00edpio de S\u00e3o Pedro do Sua\u00e7u\u00ed (MG), na madrugada de domingo\n(22\/09\/2019). Segundo informa\u00e7\u00f5es da Pol\u00edcia Militar (PM), o motorista de uma ambul\u00e2ncia\nque retornava de uma transfer\u00eancia hospitalar encontrou as v\u00edtimas em uma ribanceira\n\u00e0s margens da rodovia.<\/p>\n\n\n\n<p class=\"wp-block-paragraph\">Get\u00falio Ferreira de Souza, de 46 anos, foi encontrado sem\nsinais vitais ao lado da motocicleta que conduzia. O corpo foi encaminhado ao\nInstituto M\u00e9dico Legal (IML) de Guanh\u00e3es e, ap\u00f3s exames, liberado aos\nfamiliares.<\/p>\n\n\n\n<p class=\"wp-block-paragraph\">O passageiro foi socorrido com ferimentos e encaminhado para\no hospital. O estado de sa\u00fade dele n\u00e3o foi divulgado.<\/p>\n\n\n\n<p class=\"wp-block-paragraph\">A motocicleta foi apreendida e encaminhada ao p\u00e1tio credenciado em Guanh\u00e3es. As causas do acidente ser\u00e3o apuradas pelas autoridades locais. <\/p>\n\n\n\n<figure class=\"wp-block-image\"><img loading=\"lazy\" decoding=\"async\" width=\"652\" height=\"450\" src=\"http:\/\/aconteceunovale.com.br\/portal\/wp-content\/uploads\/2019\/09\/acidente_sao_pedro_suacui.jpg\" alt=\"\" class=\"wp-image-152977\" srcset=\"https:\/\/aconteceunovale.com.br\/portal\/wp-content\/uploads\/2019\/09\/acidente_sao_pedro_suacui.jpg 652w, https:\/\/aconteceunovale.com.br\/portal\/wp-content\/uploads\/2019\/09\/acidente_sao_pedro_suacui-300x207.jpg 300w, https:\/\/aconteceunovale.com.br\/portal\/wp-content\/uploads\/2019\/09\/acidente_sao_pedro_suacui-100x70.jpg 100w, https:\/\/aconteceunovale.com.br\/portal\/wp-content\/uploads\/2019\/09\/acidente_sao_pedro_suacui-218x150.jpg 218w, https:\/\/aconteceunovale.com.br\/portal\/wp-content\/uploads\/2019\/09\/acidente_sao_pedro_suacui-609x420.jpg 609w\" sizes=\"auto, (max-width: 652px) 100vw, 652px\" \/><figcaption><em>Foto: Reprodu\u00e7\u00e3o \/ WhatsApp<\/em><\/figcaption><\/figure>\n\n\n\n<p class=\"has-text-color has-background has-very-light-gray-color has-very-dark-gray-background-color wp-block-paragraph\"><strong>VER PRIMEIRO: <\/strong>Receba as not\u00edcias do Aconteceu no Vale em primeira m\u00e3o. Clique em curtir no endere\u00e7o <a href=\"https:\/\/www.facebook.com\/aconteceunovale\" target=\"_blank\" rel=\"noreferrer noopener\">www.facebook.com\/aconteceunovale<\/a>.<\/p>\n","protected":false},"excerpt":{"rendered":"<p>Uma pessoa morreu e outra ficou ferida em um acidente no km 223 da MGC-120, munic\u00edpio de S\u00e3o Pedro do Sua\u00e7u\u00ed (MG), na madrugada de domingo (22\/09\/2019). Segundo informa\u00e7\u00f5es da Pol\u00edcia Militar (PM), o motorista de uma ambul\u00e2ncia que retornava de uma transfer\u00eancia hospitalar encontrou as v\u00edtimas em uma ribanceira \u00e0s margens da rodovia. Get\u00falio [&hellip;]<\/p>\n","protected":false},"author":4,"featured_media":152977,"comment_status":"open","ping_status":"closed","sticky":false,"template":"","format":"standard","meta":{"amp_status":"","footnotes":""},"categories":[121],"tags":[207622,207623,64079,207624,155,207621,322],"class_list":["post-152976","post","type-post","status-publish","format-standard","has-post-thumbnail","hentry","category-leste","tag-acidente-com-moto-em-sao-pedro-do-suacui","tag-acidente-com-motociclista-em-sao-pedro-do-suacui","tag-acidente-em-sao-pedro-do-suacui","tag-getulio-ferreira-de-souza","tag-guanhaes","tag-motociclista-morre-em-acidente-no-municipio-de-sao-pedro-do-suacui","tag-sao-pedro-do-suacui"],"yoast_head":"<!-- This site is optimized with the Yoast SEO plugin v28.3 - https:\/\/yoast.com\/product\/yoast-seo-wordpress\/ -->\n<title>Motociclista morre em acidente no munic\u00edpio de S\u00e3o Pedro do Sua\u00e7u\u00ed, no Leste de Minas - Aconteceu no Vale<\/title>\n<meta name=\"robots\" content=\"index, follow, max-snippet:-1, max-image-preview:large, max-video-preview:-1\" \/>\n<link rel=\"canonical\" href=\"https:\/\/aconteceunovale.com.br\/portal\/?p=152976\" \/>\n<meta property=\"og:locale\" content=\"pt_BR\" \/>\n<meta property=\"og:type\" content=\"article\" \/>\n<meta property=\"og:title\" content=\"Motociclista morre em acidente no munic\u00edpio de S\u00e3o Pedro do Sua\u00e7u\u00ed, no Leste de Minas - Aconteceu no Vale\" \/>\n<meta property=\"og:description\" content=\"Uma pessoa morreu e outra ficou ferida em um acidente no km 223 da MGC-120, munic\u00edpio de S\u00e3o Pedro do Sua\u00e7u\u00ed (MG), na madrugada de domingo (22\/09\/2019). Segundo informa\u00e7\u00f5es da Pol\u00edcia Militar (PM), o motorista de uma ambul\u00e2ncia que retornava de uma transfer\u00eancia hospitalar encontrou as v\u00edtimas em uma ribanceira \u00e0s margens da rodovia. Get\u00falio [&hellip;]\" \/>\n<meta property=\"og:url\" content=\"https:\/\/aconteceunovale.com.br\/portal\/?p=152976\" \/>\n<meta property=\"og:site_name\" content=\"Aconteceu no Vale\" \/>\n<meta property=\"article:publisher\" content=\"https:\/\/www.facebook.com\/aconteceunovale\/\" \/>\n<meta property=\"article:published_time\" content=\"2019-09-23T22:34:13+00:00\" \/>\n<meta property=\"article:modified_time\" content=\"2019-09-23T22:57:45+00:00\" \/>\n<meta property=\"og:image\" content=\"https:\/\/aconteceunovale.com.br\/portal\/wp-content\/uploads\/2019\/09\/acidente_sao_pedro_suacui.jpg\" \/>\n\t<meta property=\"og:image:width\" content=\"652\" \/>\n\t<meta property=\"og:image:height\" content=\"450\" \/>\n\t<meta property=\"og:image:type\" content=\"image\/jpeg\" \/>\n<meta name=\"author\" content=\"Reda\u00e7\u00e3o Aconteceu no Vale\" \/>\n<meta name=\"twitter:card\" content=\"summary_large_image\" \/>\n<meta name=\"twitter:creator\" content=\"@noticiadosvales\" \/>\n<meta name=\"twitter:site\" content=\"@noticiadosvales\" \/>\n<meta name=\"twitter:label1\" content=\"Escrito por\" \/>\n\t<meta name=\"twitter:data1\" content=\"Reda\u00e7\u00e3o Aconteceu no Vale\" \/>\n\t<meta name=\"twitter:label2\" content=\"Est. tempo de leitura\" \/>\n\t<meta name=\"twitter:data2\" content=\"1 minuto\" \/>\n<script type=\"application\/ld+json\" class=\"yoast-schema-graph\">{\"@context\":\"https:\\\/\\\/schema.org\",\"@graph\":[{\"@type\":\"Article\",\"@id\":\"https:\\\/\\\/aconteceunovale.com.br\\\/portal\\\/?p=152976#article\",\"isPartOf\":{\"@id\":\"https:\\\/\\\/aconteceunovale.com.br\\\/portal\\\/?p=152976\"},\"author\":{\"name\":\"Reda\u00e7\u00e3o Aconteceu no Vale\",\"@id\":\"https:\\\/\\\/aconteceunovale.com.br\\\/portal\\\/#\\\/schema\\\/person\\\/7d2f26d1483f8a63de73da1ee0754d35\"},\"headline\":\"Motociclista morre em acidente no munic\u00edpio de S\u00e3o Pedro do Sua\u00e7u\u00ed, no Leste de Minas\",\"datePublished\":\"2019-09-23T22:34:13+00:00\",\"dateModified\":\"2019-09-23T22:57:45+00:00\",\"mainEntityOfPage\":{\"@id\":\"https:\\\/\\\/aconteceunovale.com.br\\\/portal\\\/?p=152976\"},\"wordCount\":188,\"commentCount\":0,\"image\":{\"@id\":\"https:\\\/\\\/aconteceunovale.com.br\\\/portal\\\/?p=152976#primaryimage\"},\"thumbnailUrl\":\"https:\\\/\\\/aconteceunovale.com.br\\\/portal\\\/wp-content\\\/uploads\\\/2019\\\/09\\\/acidente_sao_pedro_suacui.jpg\",\"keywords\":[\"Acidente com moto em S\u00e3o Pedro do Sua\u00e7u\u00ed\",\"Acidente com motociclista em S\u00e3o Pedro do Sua\u00e7u\u00ed\",\"acidente em s\u00e3o pedro do sua\u00e7u\u00ed\",\"Get\u00falio Ferreira de Souza\",\"Guanh\u00e3es\",\"Motociclista morre em acidente no munic\u00edpio de S\u00e3o Pedro do Sua\u00e7u\u00ed\",\"S\u00e3o Pedro do Sua\u00e7u\u00ed\"],\"articleSection\":[\"Leste de Minas\"],\"inLanguage\":\"pt-BR\",\"potentialAction\":[{\"@type\":\"CommentAction\",\"name\":\"Comment\",\"target\":[\"https:\\\/\\\/aconteceunovale.com.br\\\/portal\\\/?p=152976#respond\"]}]},{\"@type\":\"WebPage\",\"@id\":\"https:\\\/\\\/aconteceunovale.com.br\\\/portal\\\/?p=152976\",\"url\":\"https:\\\/\\\/aconteceunovale.com.br\\\/portal\\\/?p=152976\",\"name\":\"Motociclista morre em acidente no munic\u00edpio de S\u00e3o Pedro do Sua\u00e7u\u00ed, no Leste de Minas - Aconteceu no Vale\",\"isPartOf\":{\"@id\":\"https:\\\/\\\/aconteceunovale.com.br\\\/portal\\\/#website\"},\"primaryImageOfPage\":{\"@id\":\"https:\\\/\\\/aconteceunovale.com.br\\\/portal\\\/?p=152976#primaryimage\"},\"image\":{\"@id\":\"https:\\\/\\\/aconteceunovale.com.br\\\/portal\\\/?p=152976#primaryimage\"},\"thumbnailUrl\":\"https:\\\/\\\/aconteceunovale.com.br\\\/portal\\\/wp-content\\\/uploads\\\/2019\\\/09\\\/acidente_sao_pedro_suacui.jpg\",\"datePublished\":\"2019-09-23T22:34:13+00:00\",\"dateModified\":\"2019-09-23T22:57:45+00:00\",\"author\":{\"@id\":\"https:\\\/\\\/aconteceunovale.com.br\\\/portal\\\/#\\\/schema\\\/person\\\/7d2f26d1483f8a63de73da1ee0754d35\"},\"breadcrumb\":{\"@id\":\"https:\\\/\\\/aconteceunovale.com.br\\\/portal\\\/?p=152976#breadcrumb\"},\"inLanguage\":\"pt-BR\",\"potentialAction\":[{\"@type\":\"ReadAction\",\"target\":[\"https:\\\/\\\/aconteceunovale.com.br\\\/portal\\\/?p=152976\"]}]},{\"@type\":\"ImageObject\",\"inLanguage\":\"pt-BR\",\"@id\":\"https:\\\/\\\/aconteceunovale.com.br\\\/portal\\\/?p=152976#primaryimage\",\"url\":\"https:\\\/\\\/aconteceunovale.com.br\\\/portal\\\/wp-content\\\/uploads\\\/2019\\\/09\\\/acidente_sao_pedro_suacui.jpg\",\"contentUrl\":\"https:\\\/\\\/aconteceunovale.com.br\\\/portal\\\/wp-content\\\/uploads\\\/2019\\\/09\\\/acidente_sao_pedro_suacui.jpg\",\"width\":652,\"height\":450},{\"@type\":\"BreadcrumbList\",\"@id\":\"https:\\\/\\\/aconteceunovale.com.br\\\/portal\\\/?p=152976#breadcrumb\",\"itemListElement\":[{\"@type\":\"ListItem\",\"position\":1,\"name\":\"In\u00edcio\",\"item\":\"https:\\\/\\\/aconteceunovale.com.br\\\/portal\\\/\"},{\"@type\":\"ListItem\",\"position\":2,\"name\":\"Motociclista morre em acidente no munic\u00edpio de S\u00e3o Pedro do Sua\u00e7u\u00ed, no Leste de Minas\"}]},{\"@type\":\"WebSite\",\"@id\":\"https:\\\/\\\/aconteceunovale.com.br\\\/portal\\\/#website\",\"url\":\"https:\\\/\\\/aconteceunovale.com.br\\\/portal\\\/\",\"name\":\"Aconteceu no Vale\",\"description\":\"Portal de Not\u00edcias\",\"potentialAction\":[{\"@type\":\"SearchAction\",\"target\":{\"@type\":\"EntryPoint\",\"urlTemplate\":\"https:\\\/\\\/aconteceunovale.com.br\\\/portal\\\/?s={search_term_string}\"},\"query-input\":{\"@type\":\"PropertyValueSpecification\",\"valueRequired\":true,\"valueName\":\"search_term_string\"}}],\"inLanguage\":\"pt-BR\"},{\"@type\":\"Person\",\"@id\":\"https:\\\/\\\/aconteceunovale.com.br\\\/portal\\\/#\\\/schema\\\/person\\\/7d2f26d1483f8a63de73da1ee0754d35\",\"name\":\"Reda\u00e7\u00e3o Aconteceu no Vale\",\"description\":\"Equipe de reportagem do Aconteceu no Vale, portal de not\u00edcias do Vale do Jequitinhonha, em Minas Gerais. Cobrimos as 51 cidades do Vale desde 2013. Sugest\u00f5es de pauta e pedidos de corre\u00e7\u00e3o: contato@aconteceunovale.com.br\",\"url\":\"https:\\\/\\\/aconteceunovale.com.br\\\/portal\\\/?author=4\"}]}<\/script>\n<!-- \/ Yoast SEO plugin. -->","yoast_head_json":{"title":"Motociclista morre em acidente no munic\u00edpio de S\u00e3o Pedro do Sua\u00e7u\u00ed, no Leste de Minas - Aconteceu no Vale","robots":{"index":"index","follow":"follow","max-snippet":"max-snippet:-1","max-image-preview":"max-image-preview:large","max-video-preview":"max-video-preview:-1"},"canonical":"https:\/\/aconteceunovale.com.br\/portal\/?p=152976","og_locale":"pt_BR","og_type":"article","og_title":"Motociclista morre em acidente no munic\u00edpio de S\u00e3o Pedro do Sua\u00e7u\u00ed, no Leste de Minas - Aconteceu no Vale","og_description":"Uma pessoa morreu e outra ficou ferida em um acidente no km 223 da MGC-120, munic\u00edpio de S\u00e3o Pedro do Sua\u00e7u\u00ed (MG), na madrugada de domingo (22\/09\/2019). Segundo informa\u00e7\u00f5es da Pol\u00edcia Militar (PM), o motorista de uma ambul\u00e2ncia que retornava de uma transfer\u00eancia hospitalar encontrou as v\u00edtimas em uma ribanceira \u00e0s margens da rodovia. Get\u00falio [&hellip;]","og_url":"https:\/\/aconteceunovale.com.br\/portal\/?p=152976","og_site_name":"Aconteceu no Vale","article_publisher":"https:\/\/www.facebook.com\/aconteceunovale\/","article_published_time":"2019-09-23T22:34:13+00:00","article_modified_time":"2019-09-23T22:57:45+00:00","og_image":[{"width":652,"height":450,"url":"https:\/\/aconteceunovale.com.br\/portal\/wp-content\/uploads\/2019\/09\/acidente_sao_pedro_suacui.jpg","type":"image\/jpeg"}],"author":"Reda\u00e7\u00e3o Aconteceu no Vale","twitter_card":"summary_large_image","twitter_creator":"@noticiadosvales","twitter_site":"@noticiadosvales","twitter_misc":{"Escrito por":"Reda\u00e7\u00e3o Aconteceu no Vale","Est. tempo de leitura":"1 minuto"},"schema":{"@context":"https:\/\/schema.org","@graph":[{"@type":"Article","@id":"https:\/\/aconteceunovale.com.br\/portal\/?p=152976#article","isPartOf":{"@id":"https:\/\/aconteceunovale.com.br\/portal\/?p=152976"},"author":{"name":"Reda\u00e7\u00e3o Aconteceu no Vale","@id":"https:\/\/aconteceunovale.com.br\/portal\/#\/schema\/person\/7d2f26d1483f8a63de73da1ee0754d35"},"headline":"Motociclista morre em acidente no munic\u00edpio de S\u00e3o Pedro do Sua\u00e7u\u00ed, no Leste de Minas","datePublished":"2019-09-23T22:34:13+00:00","dateModified":"2019-09-23T22:57:45+00:00","mainEntityOfPage":{"@id":"https:\/\/aconteceunovale.com.br\/portal\/?p=152976"},"wordCount":188,"commentCount":0,"image":{"@id":"https:\/\/aconteceunovale.com.br\/portal\/?p=152976#primaryimage"},"thumbnailUrl":"https:\/\/aconteceunovale.com.br\/portal\/wp-content\/uploads\/2019\/09\/acidente_sao_pedro_suacui.jpg","keywords":["Acidente com moto em S\u00e3o Pedro do Sua\u00e7u\u00ed","Acidente com motociclista em S\u00e3o Pedro do Sua\u00e7u\u00ed","acidente em s\u00e3o pedro do sua\u00e7u\u00ed","Get\u00falio Ferreira de Souza","Guanh\u00e3es","Motociclista morre em acidente no munic\u00edpio de S\u00e3o Pedro do Sua\u00e7u\u00ed","S\u00e3o Pedro do Sua\u00e7u\u00ed"],"articleSection":["Leste de Minas"],"inLanguage":"pt-BR","potentialAction":[{"@type":"CommentAction","name":"Comment","target":["https:\/\/aconteceunovale.com.br\/portal\/?p=152976#respond"]}]},{"@type":"WebPage","@id":"https:\/\/aconteceunovale.com.br\/portal\/?p=152976","url":"https:\/\/aconteceunovale.com.br\/portal\/?p=152976","name":"Motociclista morre em acidente no munic\u00edpio de S\u00e3o Pedro do Sua\u00e7u\u00ed, no Leste de Minas - Aconteceu no Vale","isPartOf":{"@id":"https:\/\/aconteceunovale.com.br\/portal\/#website"},"primaryImageOfPage":{"@id":"https:\/\/aconteceunovale.com.br\/portal\/?p=152976#primaryimage"},"image":{"@id":"https:\/\/aconteceunovale.com.br\/portal\/?p=152976#primaryimage"},"thumbnailUrl":"https:\/\/aconteceunovale.com.br\/portal\/wp-content\/uploads\/2019\/09\/acidente_sao_pedro_suacui.jpg","datePublished":"2019-09-23T22:34:13+00:00","dateModified":"2019-09-23T22:57:45+00:00","author":{"@id":"https:\/\/aconteceunovale.com.br\/portal\/#\/schema\/person\/7d2f26d1483f8a63de73da1ee0754d35"},"breadcrumb":{"@id":"https:\/\/aconteceunovale.com.br\/portal\/?p=152976#breadcrumb"},"inLanguage":"pt-BR","potentialAction":[{"@type":"ReadAction","target":["https:\/\/aconteceunovale.com.br\/portal\/?p=152976"]}]},{"@type":"ImageObject","inLanguage":"pt-BR","@id":"https:\/\/aconteceunovale.com.br\/portal\/?p=152976#primaryimage","url":"https:\/\/aconteceunovale.com.br\/portal\/wp-content\/uploads\/2019\/09\/acidente_sao_pedro_suacui.jpg","contentUrl":"https:\/\/aconteceunovale.com.br\/portal\/wp-content\/uploads\/2019\/09\/acidente_sao_pedro_suacui.jpg","width":652,"height":450},{"@type":"BreadcrumbList","@id":"https:\/\/aconteceunovale.com.br\/portal\/?p=152976#breadcrumb","itemListElement":[{"@type":"ListItem","position":1,"name":"In\u00edcio","item":"https:\/\/aconteceunovale.com.br\/portal\/"},{"@type":"ListItem","position":2,"name":"Motociclista morre em acidente no munic\u00edpio de S\u00e3o Pedro do Sua\u00e7u\u00ed, no Leste de Minas"}]},{"@type":"WebSite","@id":"https:\/\/aconteceunovale.com.br\/portal\/#website","url":"https:\/\/aconteceunovale.com.br\/portal\/","name":"Aconteceu no Vale","description":"Portal de Not\u00edcias","potentialAction":[{"@type":"SearchAction","target":{"@type":"EntryPoint","urlTemplate":"https:\/\/aconteceunovale.com.br\/portal\/?s={search_term_string}"},"query-input":{"@type":"PropertyValueSpecification","valueRequired":true,"valueName":"search_term_string"}}],"inLanguage":"pt-BR"},{"@type":"Person","@id":"https:\/\/aconteceunovale.com.br\/portal\/#\/schema\/person\/7d2f26d1483f8a63de73da1ee0754d35","name":"Reda\u00e7\u00e3o Aconteceu no Vale","description":"Equipe de reportagem do Aconteceu no Vale, portal de not\u00edcias do Vale do Jequitinhonha, em Minas Gerais. Cobrimos as 51 cidades do Vale desde 2013. Sugest\u00f5es de pauta e pedidos de corre\u00e7\u00e3o: contato@aconteceunovale.com.br","url":"https:\/\/aconteceunovale.com.br\/portal\/?author=4"}]}},"_links":{"self":[{"href":"https:\/\/aconteceunovale.com.br\/portal\/index.php?rest_route=\/wp\/v2\/posts\/152976","targetHints":{"allow":["GET"]}}],"collection":[{"href":"https:\/\/aconteceunovale.com.br\/portal\/index.php?rest_route=\/wp\/v2\/posts"}],"about":[{"href":"https:\/\/aconteceunovale.com.br\/portal\/index.php?rest_route=\/wp\/v2\/types\/post"}],"author":[{"embeddable":true,"href":"https:\/\/aconteceunovale.com.br\/portal\/index.php?rest_route=\/wp\/v2\/users\/4"}],"replies":[{"embeddable":true,"href":"https:\/\/aconteceunovale.com.br\/portal\/index.php?rest_route=%2Fwp%2Fv2%2Fcomments&post=152976"}],"version-history":[{"count":1,"href":"https:\/\/aconteceunovale.com.br\/portal\/index.php?rest_route=\/wp\/v2\/posts\/152976\/revisions"}],"predecessor-version":[{"id":152978,"href":"https:\/\/aconteceunovale.com.br\/portal\/index.php?rest_route=\/wp\/v2\/posts\/152976\/revisions\/152978"}],"wp:featuredmedia":[{"embeddable":true,"href":"https:\/\/aconteceunovale.com.br\/portal\/index.php?rest_route=\/wp\/v2\/media\/152977"}],"wp:attachment":[{"href":"https:\/\/aconteceunovale.com.br\/portal\/index.php?rest_route=%2Fwp%2Fv2%2Fmedia&parent=152976"}],"wp:term":[{"taxonomy":"category","embeddable":true,"href":"https:\/\/aconteceunovale.com.br\/portal\/index.php?rest_route=%2Fwp%2Fv2%2Fcategories&post=152976"},{"taxonomy":"post_tag","embeddable":true,"href":"https:\/\/aconteceunovale.com.br\/portal\/index.php?rest_route=%2Fwp%2Fv2%2Ftags&post=152976"}],"curies":[{"name":"wp","href":"https:\/\/api.w.org\/{rel}","templated":true}]}}