{"id":152972,"date":"2019-09-23T19:14:19","date_gmt":"2019-09-23T22:14:19","guid":{"rendered":"http:\/\/aconteceunovale.com.br\/portal\/?p=152972"},"modified":"2019-09-23T19:17:19","modified_gmt":"2019-09-23T22:17:19","slug":"empresa-de-telefonia-tera-que-indenizar-cliente-do-norte-de-minas-por-danos-morais","status":"publish","type":"post","link":"https:\/\/aconteceunovale.com.br\/portal\/?p=152972","title":{"rendered":"Empresa de telefonia ter\u00e1 que indenizar cliente do Norte de Minas por danos morais"},"content":{"rendered":"\n<p class=\"wp-block-paragraph\">A empresa de telefonia Claro ter\u00e1 que indenizar uma consumidora por danos morais. Ela conseguiu demonstrar que sua d\u00edvida em contas de telefone, de mais de R$ 3 mil, se devia a uma fraude, pois envolvia empresas com as quais ela nunca lidou. A decis\u00e3o foi da 2\u00aa C\u00e2mara C\u00edvel do Tribunal de Justi\u00e7a de Minas Gerais (TJMG).<\/p>\n\n\n\n<p class=\"wp-block-paragraph\">A consumidora alega que&nbsp;teve seu nome e dados pessoais utilizados por estelionat\u00e1rios. Inicialmente,&nbsp;sua a\u00e7\u00e3o na Justi\u00e7a foi contra a Embratel. Contudo, ao longo do processo, a empresa demonstrou&nbsp;que a responsabilidade deveria ser da Claro, que repassou&nbsp;as informa\u00e7\u00f5es de cadastro da mulher.<\/p>\n\n\n\n<p class=\"wp-block-paragraph\">De acordo com a cliente, a Claro, apesar de ter em seus registros todos os seus dados pessoais,&nbsp;podendo,&nbsp;atrav\u00e9s de um simples telefonema,&nbsp;confirmar&nbsp;a verdadeira identidade da cliente,&nbsp;isso n\u00e3o foi feito e ela foi inscrita no rol dos devedores.<\/p>\n\n\n\n<p class=\"wp-block-paragraph\">Na comarca de Montes Claros, a decis\u00e3o foi parcialmente favor\u00e1vel \u00e0 cliente.&nbsp;O juiz Jo\u00e3o Adilson Nunes Oliveira determinou a retirada do nome dela dos cadastros restritivos e o cancelamento dos d\u00e9bitos. A autora recorreu, argumentando que tinha direito a indeniza\u00e7\u00e3o por danos morais.&nbsp;<\/p>\n\n\n\n<p class=\"wp-block-paragraph\">A decis\u00e3o quanto a esse pedido ficou para a\u00a0desembargadora Juliana Campos Horta, que concedeu \u00e0 consumidora indeniza\u00e7\u00e3o de R$ 6 mil\u00a0para a cliente. Os\u00a0desembargadores Oct\u00e1vio de Almeida Neves e\u00a0Domingos Coelho acompanharam o voto da relatora.<\/p>\n\n\n\n<p class=\"has-text-color has-background has-very-light-gray-color has-very-dark-gray-background-color wp-block-paragraph\"><strong>VER PRIMEIRO: <\/strong>Receba as not\u00edcias do Aconteceu no Vale em primeira m\u00e3o. Clique em curtir no endere\u00e7o <a href=\"https:\/\/www.facebook.com\/aconteceunovale\" target=\"_blank\" rel=\"noreferrer noopener\">www.facebook.com\/aconteceunovale<\/a>.<\/p>\n","protected":false},"excerpt":{"rendered":"<p>A empresa de telefonia Claro ter\u00e1 que indenizar uma consumidora por danos morais. Ela conseguiu demonstrar que sua d\u00edvida em contas de telefone, de mais de R$ 3 mil, se devia a uma fraude, pois envolvia empresas com as quais ela nunca lidou. A decis\u00e3o foi da 2\u00aa C\u00e2mara C\u00edvel do Tribunal de Justi\u00e7a de [&hellip;]<\/p>\n","protected":false},"author":1,"featured_media":152973,"comment_status":"open","ping_status":"closed","sticky":false,"template":"","format":"standard","meta":{"amp_status":"","footnotes":""},"categories":[1236],"tags":[23612,207619,207618,210,207617,207620,270],"class_list":["post-152972","post","type-post","status-publish","format-standard","has-post-thumbnail","hentry","category-norte_de_minas","tag-claro","tag-claro-de-montes-claros","tag-empresa-de-telefonia-tera-que-indenizar-cliente-do-norte-de-minas-por-danos-morais","tag-montes-claros","tag-processo-contra-claro-em-montes-claros","tag-processo-contra-claro-no-norte-de-minas","tag-tjmg"],"yoast_head":"<!-- This site is optimized with the Yoast SEO plugin v28.3 - https:\/\/yoast.com\/product\/yoast-seo-wordpress\/ -->\n<title>Empresa de telefonia ter\u00e1 que indenizar cliente do Norte de Minas por danos morais - Aconteceu no Vale<\/title>\n<meta name=\"robots\" content=\"index, follow, max-snippet:-1, max-image-preview:large, max-video-preview:-1\" \/>\n<link rel=\"canonical\" href=\"https:\/\/aconteceunovale.com.br\/portal\/?p=152972\" \/>\n<meta property=\"og:locale\" content=\"pt_BR\" \/>\n<meta property=\"og:type\" content=\"article\" \/>\n<meta property=\"og:title\" content=\"Empresa de telefonia ter\u00e1 que indenizar cliente do Norte de Minas por danos morais - Aconteceu no Vale\" \/>\n<meta property=\"og:description\" content=\"A empresa de telefonia Claro ter\u00e1 que indenizar uma consumidora por danos morais. Ela conseguiu demonstrar que sua d\u00edvida em contas de telefone, de mais de R$ 3 mil, se devia a uma fraude, pois envolvia empresas com as quais ela nunca lidou. A decis\u00e3o foi da 2\u00aa C\u00e2mara C\u00edvel do Tribunal de Justi\u00e7a de [&hellip;]\" \/>\n<meta property=\"og:url\" content=\"https:\/\/aconteceunovale.com.br\/portal\/?p=152972\" \/>\n<meta property=\"og:site_name\" content=\"Aconteceu no Vale\" \/>\n<meta property=\"article:publisher\" content=\"https:\/\/www.facebook.com\/aconteceunovale\/\" \/>\n<meta property=\"article:published_time\" content=\"2019-09-23T22:14:19+00:00\" \/>\n<meta property=\"article:modified_time\" content=\"2019-09-23T22:17:19+00:00\" \/>\n<meta property=\"og:image\" content=\"https:\/\/aconteceunovale.com.br\/portal\/wp-content\/uploads\/2019\/09\/telefone_noticia.jpg\" \/>\n\t<meta property=\"og:image:width\" content=\"607\" \/>\n\t<meta property=\"og:image:height\" content=\"450\" \/>\n\t<meta property=\"og:image:type\" content=\"image\/jpeg\" \/>\n<meta name=\"author\" content=\"Aconteceu no Vale\" \/>\n<meta name=\"twitter:card\" content=\"summary_large_image\" \/>\n<meta name=\"twitter:creator\" content=\"@noticiadosvales\" \/>\n<meta name=\"twitter:site\" content=\"@noticiadosvales\" \/>\n<meta name=\"twitter:label1\" content=\"Escrito por\" \/>\n\t<meta name=\"twitter:data1\" content=\"Aconteceu no Vale\" \/>\n\t<meta name=\"twitter:label2\" content=\"Est. tempo de leitura\" \/>\n\t<meta name=\"twitter:data2\" content=\"1 minuto\" \/>\n<script type=\"application\/ld+json\" class=\"yoast-schema-graph\">{\"@context\":\"https:\\\/\\\/schema.org\",\"@graph\":[{\"@type\":\"Article\",\"@id\":\"https:\\\/\\\/aconteceunovale.com.br\\\/portal\\\/?p=152972#article\",\"isPartOf\":{\"@id\":\"https:\\\/\\\/aconteceunovale.com.br\\\/portal\\\/?p=152972\"},\"author\":{\"name\":\"Aconteceu no Vale\",\"@id\":\"https:\\\/\\\/aconteceunovale.com.br\\\/portal\\\/#\\\/schema\\\/person\\\/633529146f2c94272bef50ac2953d589\"},\"headline\":\"Empresa de telefonia ter\u00e1 que indenizar cliente do Norte de Minas por danos morais\",\"datePublished\":\"2019-09-23T22:14:19+00:00\",\"dateModified\":\"2019-09-23T22:17:19+00:00\",\"mainEntityOfPage\":{\"@id\":\"https:\\\/\\\/aconteceunovale.com.br\\\/portal\\\/?p=152972\"},\"wordCount\":291,\"commentCount\":0,\"image\":{\"@id\":\"https:\\\/\\\/aconteceunovale.com.br\\\/portal\\\/?p=152972#primaryimage\"},\"thumbnailUrl\":\"https:\\\/\\\/aconteceunovale.com.br\\\/portal\\\/wp-content\\\/uploads\\\/2019\\\/09\\\/telefone_noticia.jpg\",\"keywords\":[\"Claro\",\"Claro de Montes Claros\",\"Empresa de telefonia ter\u00e1 que indenizar cliente do Norte de Minas por danos morais\",\"Montes Claros\",\"Processo contra Claro em Montes Claros\",\"Processo contra Claro no Norte de Minas\",\"TJMG\"],\"articleSection\":[\"Norte de Minas\"],\"inLanguage\":\"pt-BR\",\"potentialAction\":[{\"@type\":\"CommentAction\",\"name\":\"Comment\",\"target\":[\"https:\\\/\\\/aconteceunovale.com.br\\\/portal\\\/?p=152972#respond\"]}]},{\"@type\":\"WebPage\",\"@id\":\"https:\\\/\\\/aconteceunovale.com.br\\\/portal\\\/?p=152972\",\"url\":\"https:\\\/\\\/aconteceunovale.com.br\\\/portal\\\/?p=152972\",\"name\":\"Empresa de telefonia ter\u00e1 que indenizar cliente do Norte de Minas por danos morais - Aconteceu no Vale\",\"isPartOf\":{\"@id\":\"https:\\\/\\\/aconteceunovale.com.br\\\/portal\\\/#website\"},\"primaryImageOfPage\":{\"@id\":\"https:\\\/\\\/aconteceunovale.com.br\\\/portal\\\/?p=152972#primaryimage\"},\"image\":{\"@id\":\"https:\\\/\\\/aconteceunovale.com.br\\\/portal\\\/?p=152972#primaryimage\"},\"thumbnailUrl\":\"https:\\\/\\\/aconteceunovale.com.br\\\/portal\\\/wp-content\\\/uploads\\\/2019\\\/09\\\/telefone_noticia.jpg\",\"datePublished\":\"2019-09-23T22:14:19+00:00\",\"dateModified\":\"2019-09-23T22:17:19+00:00\",\"author\":{\"@id\":\"https:\\\/\\\/aconteceunovale.com.br\\\/portal\\\/#\\\/schema\\\/person\\\/633529146f2c94272bef50ac2953d589\"},\"breadcrumb\":{\"@id\":\"https:\\\/\\\/aconteceunovale.com.br\\\/portal\\\/?p=152972#breadcrumb\"},\"inLanguage\":\"pt-BR\",\"potentialAction\":[{\"@type\":\"ReadAction\",\"target\":[\"https:\\\/\\\/aconteceunovale.com.br\\\/portal\\\/?p=152972\"]}]},{\"@type\":\"ImageObject\",\"inLanguage\":\"pt-BR\",\"@id\":\"https:\\\/\\\/aconteceunovale.com.br\\\/portal\\\/?p=152972#primaryimage\",\"url\":\"https:\\\/\\\/aconteceunovale.com.br\\\/portal\\\/wp-content\\\/uploads\\\/2019\\\/09\\\/telefone_noticia.jpg\",\"contentUrl\":\"https:\\\/\\\/aconteceunovale.com.br\\\/portal\\\/wp-content\\\/uploads\\\/2019\\\/09\\\/telefone_noticia.jpg\",\"width\":607,\"height\":450},{\"@type\":\"BreadcrumbList\",\"@id\":\"https:\\\/\\\/aconteceunovale.com.br\\\/portal\\\/?p=152972#breadcrumb\",\"itemListElement\":[{\"@type\":\"ListItem\",\"position\":1,\"name\":\"In\u00edcio\",\"item\":\"https:\\\/\\\/aconteceunovale.com.br\\\/portal\\\/\"},{\"@type\":\"ListItem\",\"position\":2,\"name\":\"Empresa de telefonia ter\u00e1 que indenizar cliente do Norte de Minas por danos morais\"}]},{\"@type\":\"WebSite\",\"@id\":\"https:\\\/\\\/aconteceunovale.com.br\\\/portal\\\/#website\",\"url\":\"https:\\\/\\\/aconteceunovale.com.br\\\/portal\\\/\",\"name\":\"Aconteceu no Vale\",\"description\":\"Portal de Not\u00edcias\",\"potentialAction\":[{\"@type\":\"SearchAction\",\"target\":{\"@type\":\"EntryPoint\",\"urlTemplate\":\"https:\\\/\\\/aconteceunovale.com.br\\\/portal\\\/?s={search_term_string}\"},\"query-input\":{\"@type\":\"PropertyValueSpecification\",\"valueRequired\":true,\"valueName\":\"search_term_string\"}}],\"inLanguage\":\"pt-BR\"},{\"@type\":\"Person\",\"@id\":\"https:\\\/\\\/aconteceunovale.com.br\\\/portal\\\/#\\\/schema\\\/person\\\/633529146f2c94272bef50ac2953d589\",\"name\":\"Aconteceu no Vale\",\"description\":\"Equipe de reportagem do Aconteceu no Vale, portal de not\u00edcias do Vale do Jequitinhonha, em Minas Gerais. Cobrimos as 51 cidades do Vale desde 2013. Sugest\u00f5es de pauta e pedidos de corre\u00e7\u00e3o: contato@aconteceunovale.com.br\",\"sameAs\":[\"http:\\\/\\\/www.aconteceunovale.com.br\"],\"url\":\"https:\\\/\\\/aconteceunovale.com.br\\\/portal\\\/?author=1\"}]}<\/script>\n<!-- \/ Yoast SEO plugin. -->","yoast_head_json":{"title":"Empresa de telefonia ter\u00e1 que indenizar cliente do Norte de Minas por danos morais - Aconteceu no Vale","robots":{"index":"index","follow":"follow","max-snippet":"max-snippet:-1","max-image-preview":"max-image-preview:large","max-video-preview":"max-video-preview:-1"},"canonical":"https:\/\/aconteceunovale.com.br\/portal\/?p=152972","og_locale":"pt_BR","og_type":"article","og_title":"Empresa de telefonia ter\u00e1 que indenizar cliente do Norte de Minas por danos morais - Aconteceu no Vale","og_description":"A empresa de telefonia Claro ter\u00e1 que indenizar uma consumidora por danos morais. Ela conseguiu demonstrar que sua d\u00edvida em contas de telefone, de mais de R$ 3 mil, se devia a uma fraude, pois envolvia empresas com as quais ela nunca lidou. A decis\u00e3o foi da 2\u00aa C\u00e2mara C\u00edvel do Tribunal de Justi\u00e7a de [&hellip;]","og_url":"https:\/\/aconteceunovale.com.br\/portal\/?p=152972","og_site_name":"Aconteceu no Vale","article_publisher":"https:\/\/www.facebook.com\/aconteceunovale\/","article_published_time":"2019-09-23T22:14:19+00:00","article_modified_time":"2019-09-23T22:17:19+00:00","og_image":[{"width":607,"height":450,"url":"https:\/\/aconteceunovale.com.br\/portal\/wp-content\/uploads\/2019\/09\/telefone_noticia.jpg","type":"image\/jpeg"}],"author":"Aconteceu no Vale","twitter_card":"summary_large_image","twitter_creator":"@noticiadosvales","twitter_site":"@noticiadosvales","twitter_misc":{"Escrito por":"Aconteceu no Vale","Est. tempo de leitura":"1 minuto"},"schema":{"@context":"https:\/\/schema.org","@graph":[{"@type":"Article","@id":"https:\/\/aconteceunovale.com.br\/portal\/?p=152972#article","isPartOf":{"@id":"https:\/\/aconteceunovale.com.br\/portal\/?p=152972"},"author":{"name":"Aconteceu no Vale","@id":"https:\/\/aconteceunovale.com.br\/portal\/#\/schema\/person\/633529146f2c94272bef50ac2953d589"},"headline":"Empresa de telefonia ter\u00e1 que indenizar cliente do Norte de Minas por danos morais","datePublished":"2019-09-23T22:14:19+00:00","dateModified":"2019-09-23T22:17:19+00:00","mainEntityOfPage":{"@id":"https:\/\/aconteceunovale.com.br\/portal\/?p=152972"},"wordCount":291,"commentCount":0,"image":{"@id":"https:\/\/aconteceunovale.com.br\/portal\/?p=152972#primaryimage"},"thumbnailUrl":"https:\/\/aconteceunovale.com.br\/portal\/wp-content\/uploads\/2019\/09\/telefone_noticia.jpg","keywords":["Claro","Claro de Montes Claros","Empresa de telefonia ter\u00e1 que indenizar cliente do Norte de Minas por danos morais","Montes Claros","Processo contra Claro em Montes Claros","Processo contra Claro no Norte de Minas","TJMG"],"articleSection":["Norte de Minas"],"inLanguage":"pt-BR","potentialAction":[{"@type":"CommentAction","name":"Comment","target":["https:\/\/aconteceunovale.com.br\/portal\/?p=152972#respond"]}]},{"@type":"WebPage","@id":"https:\/\/aconteceunovale.com.br\/portal\/?p=152972","url":"https:\/\/aconteceunovale.com.br\/portal\/?p=152972","name":"Empresa de telefonia ter\u00e1 que indenizar cliente do Norte de Minas por danos morais - Aconteceu no Vale","isPartOf":{"@id":"https:\/\/aconteceunovale.com.br\/portal\/#website"},"primaryImageOfPage":{"@id":"https:\/\/aconteceunovale.com.br\/portal\/?p=152972#primaryimage"},"image":{"@id":"https:\/\/aconteceunovale.com.br\/portal\/?p=152972#primaryimage"},"thumbnailUrl":"https:\/\/aconteceunovale.com.br\/portal\/wp-content\/uploads\/2019\/09\/telefone_noticia.jpg","datePublished":"2019-09-23T22:14:19+00:00","dateModified":"2019-09-23T22:17:19+00:00","author":{"@id":"https:\/\/aconteceunovale.com.br\/portal\/#\/schema\/person\/633529146f2c94272bef50ac2953d589"},"breadcrumb":{"@id":"https:\/\/aconteceunovale.com.br\/portal\/?p=152972#breadcrumb"},"inLanguage":"pt-BR","potentialAction":[{"@type":"ReadAction","target":["https:\/\/aconteceunovale.com.br\/portal\/?p=152972"]}]},{"@type":"ImageObject","inLanguage":"pt-BR","@id":"https:\/\/aconteceunovale.com.br\/portal\/?p=152972#primaryimage","url":"https:\/\/aconteceunovale.com.br\/portal\/wp-content\/uploads\/2019\/09\/telefone_noticia.jpg","contentUrl":"https:\/\/aconteceunovale.com.br\/portal\/wp-content\/uploads\/2019\/09\/telefone_noticia.jpg","width":607,"height":450},{"@type":"BreadcrumbList","@id":"https:\/\/aconteceunovale.com.br\/portal\/?p=152972#breadcrumb","itemListElement":[{"@type":"ListItem","position":1,"name":"In\u00edcio","item":"https:\/\/aconteceunovale.com.br\/portal\/"},{"@type":"ListItem","position":2,"name":"Empresa de telefonia ter\u00e1 que indenizar cliente do Norte de Minas por danos morais"}]},{"@type":"WebSite","@id":"https:\/\/aconteceunovale.com.br\/portal\/#website","url":"https:\/\/aconteceunovale.com.br\/portal\/","name":"Aconteceu no Vale","description":"Portal de Not\u00edcias","potentialAction":[{"@type":"SearchAction","target":{"@type":"EntryPoint","urlTemplate":"https:\/\/aconteceunovale.com.br\/portal\/?s={search_term_string}"},"query-input":{"@type":"PropertyValueSpecification","valueRequired":true,"valueName":"search_term_string"}}],"inLanguage":"pt-BR"},{"@type":"Person","@id":"https:\/\/aconteceunovale.com.br\/portal\/#\/schema\/person\/633529146f2c94272bef50ac2953d589","name":"Aconteceu no Vale","description":"Equipe de reportagem do Aconteceu no Vale, portal de not\u00edcias do Vale do Jequitinhonha, em Minas Gerais. Cobrimos as 51 cidades do Vale desde 2013. Sugest\u00f5es de pauta e pedidos de corre\u00e7\u00e3o: contato@aconteceunovale.com.br","sameAs":["http:\/\/www.aconteceunovale.com.br"],"url":"https:\/\/aconteceunovale.com.br\/portal\/?author=1"}]}},"_links":{"self":[{"href":"https:\/\/aconteceunovale.com.br\/portal\/index.php?rest_route=\/wp\/v2\/posts\/152972","targetHints":{"allow":["GET"]}}],"collection":[{"href":"https:\/\/aconteceunovale.com.br\/portal\/index.php?rest_route=\/wp\/v2\/posts"}],"about":[{"href":"https:\/\/aconteceunovale.com.br\/portal\/index.php?rest_route=\/wp\/v2\/types\/post"}],"author":[{"embeddable":true,"href":"https:\/\/aconteceunovale.com.br\/portal\/index.php?rest_route=\/wp\/v2\/users\/1"}],"replies":[{"embeddable":true,"href":"https:\/\/aconteceunovale.com.br\/portal\/index.php?rest_route=%2Fwp%2Fv2%2Fcomments&post=152972"}],"version-history":[{"count":1,"href":"https:\/\/aconteceunovale.com.br\/portal\/index.php?rest_route=\/wp\/v2\/posts\/152972\/revisions"}],"predecessor-version":[{"id":152974,"href":"https:\/\/aconteceunovale.com.br\/portal\/index.php?rest_route=\/wp\/v2\/posts\/152972\/revisions\/152974"}],"wp:featuredmedia":[{"embeddable":true,"href":"https:\/\/aconteceunovale.com.br\/portal\/index.php?rest_route=\/wp\/v2\/media\/152973"}],"wp:attachment":[{"href":"https:\/\/aconteceunovale.com.br\/portal\/index.php?rest_route=%2Fwp%2Fv2%2Fmedia&parent=152972"}],"wp:term":[{"taxonomy":"category","embeddable":true,"href":"https:\/\/aconteceunovale.com.br\/portal\/index.php?rest_route=%2Fwp%2Fv2%2Fcategories&post=152972"},{"taxonomy":"post_tag","embeddable":true,"href":"https:\/\/aconteceunovale.com.br\/portal\/index.php?rest_route=%2Fwp%2Fv2%2Ftags&post=152972"}],"curies":[{"name":"wp","href":"https:\/\/api.w.org\/{rel}","templated":true}]}}