{"id":152969,"date":"2019-09-23T19:02:50","date_gmt":"2019-09-23T22:02:50","guid":{"rendered":"http:\/\/aconteceunovale.com.br\/portal\/?p=152969"},"modified":"2019-09-23T19:03:53","modified_gmt":"2019-09-23T22:03:53","slug":"policia-civil-conclui-investigacao-de-sequestro-no-vale-do-aco","status":"publish","type":"post","link":"https:\/\/aconteceunovale.com.br\/portal\/?p=152969","title":{"rendered":"Pol\u00edcia Civil conclui investiga\u00e7\u00e3o de sequestro no Vale do A\u00e7o"},"content":{"rendered":"\n<p class=\"wp-block-paragraph\">A Pol\u00edcia Civil de Minas Gerais\n(PCMG), em Coronel Fabriciano, concluiu nesta segunda-feira (23\/09\/2019) a\ninvestiga\u00e7\u00e3o do crime de extors\u00e3o mediante sequestro de um funcion\u00e1rio de\nbanco, na modalidade conhecida como &#8220;golpe do sapatinho&#8221;, que teve\ncomo alvo o roubo a uma ag\u00eancia banc\u00e1ria em Ipatinga, na mesma regi\u00e3o, no dia\n21 de novembro de 2018.<\/p>\n\n\n\n<p class=\"wp-block-paragraph\">As investiga\u00e7\u00f5es, que duraram cerca de dez meses,\nidentificaram como respons\u00e1veis pelo crime Jherome T.A.C, de 21 anos, Lincoln T.S.O,\nde 21, Weverton L.S, de 23, Phillipe V.G, de 33, Arthur A.L.N, de 33, e Jonata O.S,\n33.<\/p>\n\n\n\n<p class=\"wp-block-paragraph\">De acordo com as investiga\u00e7\u00f5es, a a\u00e7\u00e3o foi\ncoordenada de dentro do Sistema Prisional, em Contagem, de onde Jonata\norganizou a execu\u00e7\u00e3o do sequestro. Em posse das informa\u00e7\u00f5es particulares da\nfuncion\u00e1ria do banco e do marido dela, ambos foram sequestrados em Coronel\nFabriciano e mantidos em c\u00e1rcere privado. Enquanto o marido era mantido ref\u00e9m,\nos suspeitos se dirigiram com a funcion\u00e1ria para a ag\u00eancia banc\u00e1ria no bairro\nHorto, em Ipatinga.<\/p>\n\n\n\n<p class=\"wp-block-paragraph\">&#8220;O que chamou a aten\u00e7\u00e3o da Pol\u00edcia Civil foi o\nfato da a\u00e7\u00e3o criminosa ter sido planejada a partir da coleta das informa\u00e7\u00f5es\npessoais de cada funcion\u00e1rio da ag\u00eancia, o que permitiu ao grupo amea\u00e7ar e\nconstranger as v\u00edtimas durante o c\u00e1rcere privado&#8221;, explicou o Delegado\nWashington Alves Moreira Izaias.<\/p>\n\n\n\n<p class=\"wp-block-paragraph\">O valor financeiro retirado da ag\u00eancia n\u00e3o foi\nrevelado por motivo de seguran\u00e7a. A Pol\u00edcia Civil orienta aos funcion\u00e1rios de\nag\u00eancias banc\u00e1rias que qualquer movimenta\u00e7\u00e3o estranha de pessoas nas\nproximidades de suas resid\u00eancias seja comunicada aos \u00f3rg\u00e3os de seguran\u00e7a, uma\nvez que \u00e9 comum os criminosos estudarem a rotina dos profissionais que\ntrabalham nas ag\u00eancias para usarem informa\u00e7\u00f5es no momento do sequestro.<\/p>\n\n\n\n<p class=\"wp-block-paragraph\">Todos os suspeitos est\u00e3o presos, \u00e0 disposi\u00e7\u00e3o da Justi\u00e7a.<\/p>\n\n\n\n<figure class=\"wp-block-image\"><img loading=\"lazy\" decoding=\"async\" width=\"581\" height=\"450\" src=\"http:\/\/aconteceunovale.com.br\/portal\/wp-content\/uploads\/2019\/09\/delegado_fabriciano.jpg\" alt=\"\" class=\"wp-image-152970\" srcset=\"https:\/\/aconteceunovale.com.br\/portal\/wp-content\/uploads\/2019\/09\/delegado_fabriciano.jpg 581w, https:\/\/aconteceunovale.com.br\/portal\/wp-content\/uploads\/2019\/09\/delegado_fabriciano-300x232.jpg 300w, https:\/\/aconteceunovale.com.br\/portal\/wp-content\/uploads\/2019\/09\/delegado_fabriciano-542x420.jpg 542w\" sizes=\"auto, (max-width: 581px) 100vw, 581px\" \/><figcaption><em> Delegado Washington Alves Moreira Izaias  &#8211; Foto:  Divulga\u00e7\u00e3o\/PCMG <\/em><\/figcaption><\/figure>\n\n\n\n<p class=\"has-text-color has-background has-very-light-gray-color has-very-dark-gray-background-color wp-block-paragraph\"><strong>VER PRIMEIRO: <\/strong>Receba as not\u00edcias do Aconteceu no Vale em primeira m\u00e3o. Clique em curtir no endere\u00e7o <a href=\"https:\/\/www.facebook.com\/aconteceunovale\" target=\"_blank\" rel=\"noreferrer noopener\">www.facebook.com\/aconteceunovale<\/a>.<\/p>\n","protected":false},"excerpt":{"rendered":"<p>A Pol\u00edcia Civil de Minas Gerais (PCMG), em Coronel Fabriciano, concluiu nesta segunda-feira (23\/09\/2019) a investiga\u00e7\u00e3o do crime de extors\u00e3o mediante sequestro de um funcion\u00e1rio de banco, na modalidade conhecida como &#8220;golpe do sapatinho&#8221;, que teve como alvo o roubo a uma ag\u00eancia banc\u00e1ria em Ipatinga, na mesma regi\u00e3o, no dia 21 de novembro de [&hellip;]<\/p>\n","protected":false},"author":1,"featured_media":152970,"comment_status":"open","ping_status":"closed","sticky":false,"template":"","format":"standard","meta":{"amp_status":"","footnotes":""},"categories":[121],"tags":[145545,956,1524,207615,207611,207610,201,604,207613,207614,207612,44644,145544,207609,207616],"class_list":["post-152969","post","type-post","status-publish","format-standard","has-post-thumbnail","hentry","category-leste","tag-assalto-em-banco-de-ipatinga","tag-contagem","tag-coronel-fabriciano","tag-delegado-washington-alves-moreira-izaias","tag-golpe-do-sapatinho-em-coronel-fabriciano","tag-golpe-do-sapatinho-em-ipatinga","tag-ipatinga","tag-pcmg","tag-policia-civil-conclui-investigacao-de-sequestro-em-coronel-fabriciano","tag-policia-civil-conclui-investigacao-de-sequestro-em-ipatinga","tag-policia-civil-conclui-investigacao-de-sequestro-no-vale-do-aco","tag-policia-civil-de-minas-gerais","tag-roubo-em-banco-de-ipatinga","tag-sequestro-de-bancaria-em-coronel-fabriciano","tag-washington-alves-moreira-izaias"],"yoast_head":"<!-- This site is optimized with the Yoast SEO plugin v28.3 - https:\/\/yoast.com\/product\/yoast-seo-wordpress\/ -->\n<title>Pol\u00edcia Civil conclui investiga\u00e7\u00e3o de sequestro no Vale do A\u00e7o - Aconteceu no Vale<\/title>\n<meta name=\"robots\" content=\"index, follow, max-snippet:-1, max-image-preview:large, max-video-preview:-1\" \/>\n<link rel=\"canonical\" href=\"https:\/\/aconteceunovale.com.br\/portal\/?p=152969\" \/>\n<meta property=\"og:locale\" content=\"pt_BR\" \/>\n<meta property=\"og:type\" content=\"article\" \/>\n<meta property=\"og:title\" content=\"Pol\u00edcia Civil conclui investiga\u00e7\u00e3o de sequestro no Vale do A\u00e7o - Aconteceu no Vale\" \/>\n<meta property=\"og:description\" content=\"A Pol\u00edcia Civil de Minas Gerais (PCMG), em Coronel Fabriciano, concluiu nesta segunda-feira (23\/09\/2019) a investiga\u00e7\u00e3o do crime de extors\u00e3o mediante sequestro de um funcion\u00e1rio de banco, na modalidade conhecida como &#8220;golpe do sapatinho&#8221;, que teve como alvo o roubo a uma ag\u00eancia banc\u00e1ria em Ipatinga, na mesma regi\u00e3o, no dia 21 de novembro de [&hellip;]\" \/>\n<meta property=\"og:url\" content=\"https:\/\/aconteceunovale.com.br\/portal\/?p=152969\" \/>\n<meta property=\"og:site_name\" content=\"Aconteceu no Vale\" \/>\n<meta property=\"article:publisher\" content=\"https:\/\/www.facebook.com\/aconteceunovale\/\" \/>\n<meta property=\"article:published_time\" content=\"2019-09-23T22:02:50+00:00\" \/>\n<meta property=\"article:modified_time\" content=\"2019-09-23T22:03:53+00:00\" \/>\n<meta property=\"og:image\" content=\"https:\/\/aconteceunovale.com.br\/portal\/wp-content\/uploads\/2019\/09\/delegado_fabriciano.jpg\" \/>\n\t<meta property=\"og:image:width\" content=\"581\" \/>\n\t<meta property=\"og:image:height\" content=\"450\" \/>\n\t<meta property=\"og:image:type\" content=\"image\/jpeg\" \/>\n<meta name=\"author\" content=\"Aconteceu no Vale\" \/>\n<meta name=\"twitter:card\" content=\"summary_large_image\" \/>\n<meta name=\"twitter:creator\" content=\"@noticiadosvales\" \/>\n<meta name=\"twitter:site\" content=\"@noticiadosvales\" \/>\n<meta name=\"twitter:label1\" content=\"Escrito por\" \/>\n\t<meta name=\"twitter:data1\" content=\"Aconteceu no Vale\" \/>\n\t<meta name=\"twitter:label2\" content=\"Est. tempo de leitura\" \/>\n\t<meta name=\"twitter:data2\" content=\"2 minutos\" \/>\n<script type=\"application\/ld+json\" class=\"yoast-schema-graph\">{\"@context\":\"https:\\\/\\\/schema.org\",\"@graph\":[{\"@type\":\"Article\",\"@id\":\"https:\\\/\\\/aconteceunovale.com.br\\\/portal\\\/?p=152969#article\",\"isPartOf\":{\"@id\":\"https:\\\/\\\/aconteceunovale.com.br\\\/portal\\\/?p=152969\"},\"author\":{\"name\":\"Aconteceu no Vale\",\"@id\":\"https:\\\/\\\/aconteceunovale.com.br\\\/portal\\\/#\\\/schema\\\/person\\\/633529146f2c94272bef50ac2953d589\"},\"headline\":\"Pol\u00edcia Civil conclui investiga\u00e7\u00e3o de sequestro no Vale do A\u00e7o\",\"datePublished\":\"2019-09-23T22:02:50+00:00\",\"dateModified\":\"2019-09-23T22:03:53+00:00\",\"mainEntityOfPage\":{\"@id\":\"https:\\\/\\\/aconteceunovale.com.br\\\/portal\\\/?p=152969\"},\"wordCount\":374,\"commentCount\":0,\"image\":{\"@id\":\"https:\\\/\\\/aconteceunovale.com.br\\\/portal\\\/?p=152969#primaryimage\"},\"thumbnailUrl\":\"https:\\\/\\\/aconteceunovale.com.br\\\/portal\\\/wp-content\\\/uploads\\\/2019\\\/09\\\/delegado_fabriciano.jpg\",\"keywords\":[\"Assalto em banco de Ipatinga\",\"Contagem\",\"Coronel Fabriciano\",\"Delegado Washington Alves Moreira Izaias\",\"Golpe do Sapatinho em Coronel Fabriciano\",\"Golpe do Sapatinho em Ipatinga\",\"Ipatinga\",\"PCMG\",\"Pol\u00edcia Civil conclui investiga\u00e7\u00e3o de sequestro em Coronel Fabriciano\",\"Pol\u00edcia Civil conclui investiga\u00e7\u00e3o de sequestro em Ipatinga\",\"Pol\u00edcia Civil conclui investiga\u00e7\u00e3o de sequestro no Vale do A\u00e7o\",\"Pol\u00edcia Civil de Minas Gerais\",\"Roubo em banco de Ipatinga\",\"Sequestro de banc\u00e1ria em Coronel Fabriciano\",\"Washington Alves Moreira Izaias\"],\"articleSection\":[\"Leste de Minas\"],\"inLanguage\":\"pt-BR\",\"potentialAction\":[{\"@type\":\"CommentAction\",\"name\":\"Comment\",\"target\":[\"https:\\\/\\\/aconteceunovale.com.br\\\/portal\\\/?p=152969#respond\"]}]},{\"@type\":\"WebPage\",\"@id\":\"https:\\\/\\\/aconteceunovale.com.br\\\/portal\\\/?p=152969\",\"url\":\"https:\\\/\\\/aconteceunovale.com.br\\\/portal\\\/?p=152969\",\"name\":\"Pol\u00edcia Civil conclui investiga\u00e7\u00e3o de sequestro no Vale do A\u00e7o - Aconteceu no Vale\",\"isPartOf\":{\"@id\":\"https:\\\/\\\/aconteceunovale.com.br\\\/portal\\\/#website\"},\"primaryImageOfPage\":{\"@id\":\"https:\\\/\\\/aconteceunovale.com.br\\\/portal\\\/?p=152969#primaryimage\"},\"image\":{\"@id\":\"https:\\\/\\\/aconteceunovale.com.br\\\/portal\\\/?p=152969#primaryimage\"},\"thumbnailUrl\":\"https:\\\/\\\/aconteceunovale.com.br\\\/portal\\\/wp-content\\\/uploads\\\/2019\\\/09\\\/delegado_fabriciano.jpg\",\"datePublished\":\"2019-09-23T22:02:50+00:00\",\"dateModified\":\"2019-09-23T22:03:53+00:00\",\"author\":{\"@id\":\"https:\\\/\\\/aconteceunovale.com.br\\\/portal\\\/#\\\/schema\\\/person\\\/633529146f2c94272bef50ac2953d589\"},\"breadcrumb\":{\"@id\":\"https:\\\/\\\/aconteceunovale.com.br\\\/portal\\\/?p=152969#breadcrumb\"},\"inLanguage\":\"pt-BR\",\"potentialAction\":[{\"@type\":\"ReadAction\",\"target\":[\"https:\\\/\\\/aconteceunovale.com.br\\\/portal\\\/?p=152969\"]}]},{\"@type\":\"ImageObject\",\"inLanguage\":\"pt-BR\",\"@id\":\"https:\\\/\\\/aconteceunovale.com.br\\\/portal\\\/?p=152969#primaryimage\",\"url\":\"https:\\\/\\\/aconteceunovale.com.br\\\/portal\\\/wp-content\\\/uploads\\\/2019\\\/09\\\/delegado_fabriciano.jpg\",\"contentUrl\":\"https:\\\/\\\/aconteceunovale.com.br\\\/portal\\\/wp-content\\\/uploads\\\/2019\\\/09\\\/delegado_fabriciano.jpg\",\"width\":581,\"height\":450},{\"@type\":\"BreadcrumbList\",\"@id\":\"https:\\\/\\\/aconteceunovale.com.br\\\/portal\\\/?p=152969#breadcrumb\",\"itemListElement\":[{\"@type\":\"ListItem\",\"position\":1,\"name\":\"In\u00edcio\",\"item\":\"https:\\\/\\\/aconteceunovale.com.br\\\/portal\\\/\"},{\"@type\":\"ListItem\",\"position\":2,\"name\":\"Pol\u00edcia Civil conclui investiga\u00e7\u00e3o de sequestro no Vale do A\u00e7o\"}]},{\"@type\":\"WebSite\",\"@id\":\"https:\\\/\\\/aconteceunovale.com.br\\\/portal\\\/#website\",\"url\":\"https:\\\/\\\/aconteceunovale.com.br\\\/portal\\\/\",\"name\":\"Aconteceu no Vale\",\"description\":\"Portal de Not\u00edcias\",\"potentialAction\":[{\"@type\":\"SearchAction\",\"target\":{\"@type\":\"EntryPoint\",\"urlTemplate\":\"https:\\\/\\\/aconteceunovale.com.br\\\/portal\\\/?s={search_term_string}\"},\"query-input\":{\"@type\":\"PropertyValueSpecification\",\"valueRequired\":true,\"valueName\":\"search_term_string\"}}],\"inLanguage\":\"pt-BR\"},{\"@type\":\"Person\",\"@id\":\"https:\\\/\\\/aconteceunovale.com.br\\\/portal\\\/#\\\/schema\\\/person\\\/633529146f2c94272bef50ac2953d589\",\"name\":\"Aconteceu no Vale\",\"description\":\"Equipe de reportagem do Aconteceu no Vale, portal de not\u00edcias do Vale do Jequitinhonha, em Minas Gerais. Cobrimos as 51 cidades do Vale desde 2013. Sugest\u00f5es de pauta e pedidos de corre\u00e7\u00e3o: contato@aconteceunovale.com.br\",\"sameAs\":[\"http:\\\/\\\/www.aconteceunovale.com.br\"],\"url\":\"https:\\\/\\\/aconteceunovale.com.br\\\/portal\\\/?author=1\"}]}<\/script>\n<!-- \/ Yoast SEO plugin. -->","yoast_head_json":{"title":"Pol\u00edcia Civil conclui investiga\u00e7\u00e3o de sequestro no Vale do A\u00e7o - Aconteceu no Vale","robots":{"index":"index","follow":"follow","max-snippet":"max-snippet:-1","max-image-preview":"max-image-preview:large","max-video-preview":"max-video-preview:-1"},"canonical":"https:\/\/aconteceunovale.com.br\/portal\/?p=152969","og_locale":"pt_BR","og_type":"article","og_title":"Pol\u00edcia Civil conclui investiga\u00e7\u00e3o de sequestro no Vale do A\u00e7o - Aconteceu no Vale","og_description":"A Pol\u00edcia Civil de Minas Gerais (PCMG), em Coronel Fabriciano, concluiu nesta segunda-feira (23\/09\/2019) a investiga\u00e7\u00e3o do crime de extors\u00e3o mediante sequestro de um funcion\u00e1rio de banco, na modalidade conhecida como &#8220;golpe do sapatinho&#8221;, que teve como alvo o roubo a uma ag\u00eancia banc\u00e1ria em Ipatinga, na mesma regi\u00e3o, no dia 21 de novembro de [&hellip;]","og_url":"https:\/\/aconteceunovale.com.br\/portal\/?p=152969","og_site_name":"Aconteceu no Vale","article_publisher":"https:\/\/www.facebook.com\/aconteceunovale\/","article_published_time":"2019-09-23T22:02:50+00:00","article_modified_time":"2019-09-23T22:03:53+00:00","og_image":[{"width":581,"height":450,"url":"https:\/\/aconteceunovale.com.br\/portal\/wp-content\/uploads\/2019\/09\/delegado_fabriciano.jpg","type":"image\/jpeg"}],"author":"Aconteceu no Vale","twitter_card":"summary_large_image","twitter_creator":"@noticiadosvales","twitter_site":"@noticiadosvales","twitter_misc":{"Escrito por":"Aconteceu no Vale","Est. tempo de leitura":"2 minutos"},"schema":{"@context":"https:\/\/schema.org","@graph":[{"@type":"Article","@id":"https:\/\/aconteceunovale.com.br\/portal\/?p=152969#article","isPartOf":{"@id":"https:\/\/aconteceunovale.com.br\/portal\/?p=152969"},"author":{"name":"Aconteceu no Vale","@id":"https:\/\/aconteceunovale.com.br\/portal\/#\/schema\/person\/633529146f2c94272bef50ac2953d589"},"headline":"Pol\u00edcia Civil conclui investiga\u00e7\u00e3o de sequestro no Vale do A\u00e7o","datePublished":"2019-09-23T22:02:50+00:00","dateModified":"2019-09-23T22:03:53+00:00","mainEntityOfPage":{"@id":"https:\/\/aconteceunovale.com.br\/portal\/?p=152969"},"wordCount":374,"commentCount":0,"image":{"@id":"https:\/\/aconteceunovale.com.br\/portal\/?p=152969#primaryimage"},"thumbnailUrl":"https:\/\/aconteceunovale.com.br\/portal\/wp-content\/uploads\/2019\/09\/delegado_fabriciano.jpg","keywords":["Assalto em banco de Ipatinga","Contagem","Coronel Fabriciano","Delegado Washington Alves Moreira Izaias","Golpe do Sapatinho em Coronel Fabriciano","Golpe do Sapatinho em Ipatinga","Ipatinga","PCMG","Pol\u00edcia Civil conclui investiga\u00e7\u00e3o de sequestro em Coronel Fabriciano","Pol\u00edcia Civil conclui investiga\u00e7\u00e3o de sequestro em Ipatinga","Pol\u00edcia Civil conclui investiga\u00e7\u00e3o de sequestro no Vale do A\u00e7o","Pol\u00edcia Civil de Minas Gerais","Roubo em banco de Ipatinga","Sequestro de banc\u00e1ria em Coronel Fabriciano","Washington Alves Moreira Izaias"],"articleSection":["Leste de Minas"],"inLanguage":"pt-BR","potentialAction":[{"@type":"CommentAction","name":"Comment","target":["https:\/\/aconteceunovale.com.br\/portal\/?p=152969#respond"]}]},{"@type":"WebPage","@id":"https:\/\/aconteceunovale.com.br\/portal\/?p=152969","url":"https:\/\/aconteceunovale.com.br\/portal\/?p=152969","name":"Pol\u00edcia Civil conclui investiga\u00e7\u00e3o de sequestro no Vale do A\u00e7o - Aconteceu no Vale","isPartOf":{"@id":"https:\/\/aconteceunovale.com.br\/portal\/#website"},"primaryImageOfPage":{"@id":"https:\/\/aconteceunovale.com.br\/portal\/?p=152969#primaryimage"},"image":{"@id":"https:\/\/aconteceunovale.com.br\/portal\/?p=152969#primaryimage"},"thumbnailUrl":"https:\/\/aconteceunovale.com.br\/portal\/wp-content\/uploads\/2019\/09\/delegado_fabriciano.jpg","datePublished":"2019-09-23T22:02:50+00:00","dateModified":"2019-09-23T22:03:53+00:00","author":{"@id":"https:\/\/aconteceunovale.com.br\/portal\/#\/schema\/person\/633529146f2c94272bef50ac2953d589"},"breadcrumb":{"@id":"https:\/\/aconteceunovale.com.br\/portal\/?p=152969#breadcrumb"},"inLanguage":"pt-BR","potentialAction":[{"@type":"ReadAction","target":["https:\/\/aconteceunovale.com.br\/portal\/?p=152969"]}]},{"@type":"ImageObject","inLanguage":"pt-BR","@id":"https:\/\/aconteceunovale.com.br\/portal\/?p=152969#primaryimage","url":"https:\/\/aconteceunovale.com.br\/portal\/wp-content\/uploads\/2019\/09\/delegado_fabriciano.jpg","contentUrl":"https:\/\/aconteceunovale.com.br\/portal\/wp-content\/uploads\/2019\/09\/delegado_fabriciano.jpg","width":581,"height":450},{"@type":"BreadcrumbList","@id":"https:\/\/aconteceunovale.com.br\/portal\/?p=152969#breadcrumb","itemListElement":[{"@type":"ListItem","position":1,"name":"In\u00edcio","item":"https:\/\/aconteceunovale.com.br\/portal\/"},{"@type":"ListItem","position":2,"name":"Pol\u00edcia Civil conclui investiga\u00e7\u00e3o de sequestro no Vale do A\u00e7o"}]},{"@type":"WebSite","@id":"https:\/\/aconteceunovale.com.br\/portal\/#website","url":"https:\/\/aconteceunovale.com.br\/portal\/","name":"Aconteceu no Vale","description":"Portal de Not\u00edcias","potentialAction":[{"@type":"SearchAction","target":{"@type":"EntryPoint","urlTemplate":"https:\/\/aconteceunovale.com.br\/portal\/?s={search_term_string}"},"query-input":{"@type":"PropertyValueSpecification","valueRequired":true,"valueName":"search_term_string"}}],"inLanguage":"pt-BR"},{"@type":"Person","@id":"https:\/\/aconteceunovale.com.br\/portal\/#\/schema\/person\/633529146f2c94272bef50ac2953d589","name":"Aconteceu no Vale","description":"Equipe de reportagem do Aconteceu no Vale, portal de not\u00edcias do Vale do Jequitinhonha, em Minas Gerais. Cobrimos as 51 cidades do Vale desde 2013. Sugest\u00f5es de pauta e pedidos de corre\u00e7\u00e3o: contato@aconteceunovale.com.br","sameAs":["http:\/\/www.aconteceunovale.com.br"],"url":"https:\/\/aconteceunovale.com.br\/portal\/?author=1"}]}},"_links":{"self":[{"href":"https:\/\/aconteceunovale.com.br\/portal\/index.php?rest_route=\/wp\/v2\/posts\/152969","targetHints":{"allow":["GET"]}}],"collection":[{"href":"https:\/\/aconteceunovale.com.br\/portal\/index.php?rest_route=\/wp\/v2\/posts"}],"about":[{"href":"https:\/\/aconteceunovale.com.br\/portal\/index.php?rest_route=\/wp\/v2\/types\/post"}],"author":[{"embeddable":true,"href":"https:\/\/aconteceunovale.com.br\/portal\/index.php?rest_route=\/wp\/v2\/users\/1"}],"replies":[{"embeddable":true,"href":"https:\/\/aconteceunovale.com.br\/portal\/index.php?rest_route=%2Fwp%2Fv2%2Fcomments&post=152969"}],"version-history":[{"count":1,"href":"https:\/\/aconteceunovale.com.br\/portal\/index.php?rest_route=\/wp\/v2\/posts\/152969\/revisions"}],"predecessor-version":[{"id":152971,"href":"https:\/\/aconteceunovale.com.br\/portal\/index.php?rest_route=\/wp\/v2\/posts\/152969\/revisions\/152971"}],"wp:featuredmedia":[{"embeddable":true,"href":"https:\/\/aconteceunovale.com.br\/portal\/index.php?rest_route=\/wp\/v2\/media\/152970"}],"wp:attachment":[{"href":"https:\/\/aconteceunovale.com.br\/portal\/index.php?rest_route=%2Fwp%2Fv2%2Fmedia&parent=152969"}],"wp:term":[{"taxonomy":"category","embeddable":true,"href":"https:\/\/aconteceunovale.com.br\/portal\/index.php?rest_route=%2Fwp%2Fv2%2Fcategories&post=152969"},{"taxonomy":"post_tag","embeddable":true,"href":"https:\/\/aconteceunovale.com.br\/portal\/index.php?rest_route=%2Fwp%2Fv2%2Ftags&post=152969"}],"curies":[{"name":"wp","href":"https:\/\/api.w.org\/{rel}","templated":true}]}}