{"id":152919,"date":"2019-09-22T11:40:50","date_gmt":"2019-09-22T14:40:50","guid":{"rendered":"http:\/\/aconteceunovale.com.br\/portal\/?p=152919"},"modified":"2019-09-22T11:42:04","modified_gmt":"2019-09-22T14:42:04","slug":"__trashed-8","status":"publish","type":"post","link":"https:\/\/aconteceunovale.com.br\/portal\/?p=152919","title":{"rendered":"Fam\u00edlia deve receber mais de R$ 124 mil por caminh\u00e3o que foi incinerado em Montes Claros"},"content":{"rendered":"\n<p>A Cemig&nbsp;ter\u00e1 que pagar mais de R$ 30 mil&nbsp;para uma fam\u00edlia que teve seu caminh\u00e3o-ba\u00fa incinerado na cidade de Montes Claros.&nbsp;Al\u00e9m disso, eles ser\u00e3o ressarcidos do preju\u00edzo material, correspondente a R$ 94.632.<\/p>\n\n\n\n<p>A decis\u00e3o \u00e9 da 1\u00aa C\u00e2mara C\u00edvel do Tribunal de Justi\u00e7a&nbsp;de Minas Gerais (TJMG), que determinou que a dona do ve\u00edculo seja indenizada n\u00e3o s\u00f3 por danos materiais, como inicialmente havia ficado definido, mas tamb\u00e9m por danos morais.&nbsp;<\/p>\n\n\n\n<p>De acordo com a autora da a\u00e7\u00e3o, o&nbsp;acidente ocorreu em 2016, no Bairro Delfino Magalh\u00e3es.&nbsp;O caminh\u00e3o, que se encontrava parado debaixo de uma rede el\u00e9trica, foi integralmente incendiado.<\/p>\n\n\n\n<p>Segundo a mulher,&nbsp;um especialista confirmou que um&nbsp;curto-circuito&nbsp;ocasionou o rompimento de&nbsp;metade da extens\u00e3o da rede. O fio desencapado atingiu o ba\u00fa do caminh\u00e3o, estacionado nas proximidades,&nbsp;derretendo&nbsp;o alum\u00ednio,&nbsp;que, em proximidade com pe\u00e7as de madeira e pl\u00e1stico,&nbsp;provavelmente causou&nbsp;o inc\u00eandio que destruiu o&nbsp;ve\u00edculo.<\/p>\n\n\n\n<p>Segundo a propriet\u00e1ria, o caminh\u00e3o-ba\u00fa era a principal fonte de renda de&nbsp;sua fam\u00edlia, e o acidente&nbsp;trouxe dificuldades financeiras e preju\u00edzos psicol\u00f3gicos. Diante disso, ela requereu o pagamento do valor do ve\u00edculo e indeniza\u00e7\u00e3o por danos morais e materiais.<\/p>\n\n\n\n<p>No recurso, a Cemig argumentou&nbsp;que o valor deferido para o reparo&nbsp;n\u00e3o era condizente com a realidade&nbsp;e pediu a reavalia\u00e7\u00e3o da quantia.<\/p>\n\n\n\n<p>Para o relator do pedido, desembargador Armando Freire, a senten\u00e7a deveria ser mantida quanto ao reconhecimento da responsabilidade civil objetiva da Cemig com a condena\u00e7\u00e3o por danos materiais.<\/p>\n\n\n\n<p>Acompanharam o relator os desembargadores Alberto Vilas Boas e Washington Ferreira.<\/p>\n\n\n\n<p class=\"has-text-color has-background has-very-light-gray-color has-very-dark-gray-background-color\"><strong>VER PRIMEIRO: <\/strong>Receba as not\u00edcias do Aconteceu no Vale em primeira m\u00e3o. Clique em curtir no endere\u00e7o <a href=\"https:\/\/www.facebook.com\/aconteceunovale\" target=\"_blank\" rel=\"noreferrer noopener\">www.facebook.com\/aconteceunovale<\/a>.<\/p>\n","protected":false},"excerpt":{"rendered":"<p>A Cemig&nbsp;ter\u00e1 que pagar mais de R$ 30 mil&nbsp;para uma fam\u00edlia que teve seu caminh\u00e3o-ba\u00fa incinerado na cidade de Montes Claros.&nbsp;Al\u00e9m disso, eles ser\u00e3o ressarcidos do preju\u00edzo material, correspondente a R$ 94.632. A decis\u00e3o \u00e9 da 1\u00aa C\u00e2mara C\u00edvel do Tribunal de Justi\u00e7a&nbsp;de Minas Gerais (TJMG), que determinou que a dona do ve\u00edculo seja indenizada [&hellip;]<\/p>\n","protected":false},"author":1,"featured_media":152920,"comment_status":"open","ping_status":"closed","sticky":false,"template":"","format":"standard","meta":{"amp_status":"","footnotes":""},"categories":[1236],"tags":[207524,207525,347,207527,1018,207523,79834,60747,210,207526,270],"class_list":["post-152919","post","type-post","status-publish","format-standard","has-post-thumbnail","hentry","category-norte_de_minas","tag-caminhao-incinerado-em-montes-claros","tag-caminhao-queimado-em-montes-claros","tag-cemig","tag-condenacao-da-cemig-em-montes-claros","tag-destaque","tag-familia-deve-receber-mais-de-r-124-mil-por-caminhao-que-foi-incinerado-em-montes-claros","tag-incendio-em-caminhao-em-montes-claros","tag-incendio-em-montes-claros","tag-montes-claros","tag-processo-contra-a-cemig-em-montes-claros","tag-tjmg"],"_links":{"self":[{"href":"https:\/\/aconteceunovale.com.br\/portal\/index.php?rest_route=\/wp\/v2\/posts\/152919","targetHints":{"allow":["GET"]}}],"collection":[{"href":"https:\/\/aconteceunovale.com.br\/portal\/index.php?rest_route=\/wp\/v2\/posts"}],"about":[{"href":"https:\/\/aconteceunovale.com.br\/portal\/index.php?rest_route=\/wp\/v2\/types\/post"}],"author":[{"embeddable":true,"href":"https:\/\/aconteceunovale.com.br\/portal\/index.php?rest_route=\/wp\/v2\/users\/1"}],"replies":[{"embeddable":true,"href":"https:\/\/aconteceunovale.com.br\/portal\/index.php?rest_route=%2Fwp%2Fv2%2Fcomments&post=152919"}],"version-history":[{"count":2,"href":"https:\/\/aconteceunovale.com.br\/portal\/index.php?rest_route=\/wp\/v2\/posts\/152919\/revisions"}],"predecessor-version":[{"id":152922,"href":"https:\/\/aconteceunovale.com.br\/portal\/index.php?rest_route=\/wp\/v2\/posts\/152919\/revisions\/152922"}],"wp:featuredmedia":[{"embeddable":true,"href":"https:\/\/aconteceunovale.com.br\/portal\/index.php?rest_route=\/wp\/v2\/media\/152920"}],"wp:attachment":[{"href":"https:\/\/aconteceunovale.com.br\/portal\/index.php?rest_route=%2Fwp%2Fv2%2Fmedia&parent=152919"}],"wp:term":[{"taxonomy":"category","embeddable":true,"href":"https:\/\/aconteceunovale.com.br\/portal\/index.php?rest_route=%2Fwp%2Fv2%2Fcategories&post=152919"},{"taxonomy":"post_tag","embeddable":true,"href":"https:\/\/aconteceunovale.com.br\/portal\/index.php?rest_route=%2Fwp%2Fv2%2Ftags&post=152919"}],"curies":[{"name":"wp","href":"https:\/\/api.w.org\/{rel}","templated":true}]}}