{"id":152916,"date":"2019-09-22T11:35:36","date_gmt":"2019-09-22T14:35:36","guid":{"rendered":"http:\/\/aconteceunovale.com.br\/portal\/?p=152916"},"modified":"2019-09-22T11:35:44","modified_gmt":"2019-09-22T14:35:44","slug":"mae-de-13-filhos-tem-pedido-de-alteracao-de-sobrenome-negado-pela-justica-mineira","status":"publish","type":"post","link":"https:\/\/aconteceunovale.com.br\/portal\/?p=152916","title":{"rendered":"M\u00e3e de 13 filhos tem pedido de altera\u00e7\u00e3o de sobrenome negado pela Justi\u00e7a Mineira"},"content":{"rendered":"\n<p>Uma mulher&nbsp;que recorreu contra decis\u00e3o da Comarca de Bonfin\u00f3polis de Minas para alterar seu sobrenome teve o pedido novamente negado pelo Tribunal de Justi\u00e7a de Minas Gerais (TJMG).<\/p>\n\n\n\n<p>Maria Est\u00e1cio de Rezende&nbsp;alega que seu sobrenome foi lan\u00e7ado erroneamente no registro civil de seus 13 filhos, como &#8220;Maria Rezende Figueiredo&#8221;. Por causa do inc\u00f4modo que a informa\u00e7\u00e3o errada lhe causava, ela requereu na a\u00e7\u00e3o&nbsp;que o sobrenome constante dos documentos dos filhos passasse a constar na certid\u00e3o dela.<\/p>\n\n\n\n<p>De acordo com a autora da a\u00e7\u00e3o, a motiva\u00e7\u00e3o do pedido era a constante necessidade dos filhos de retificar seu assento civil, ou seja, de confirmar&nbsp;que, apesar da diferen\u00e7a na grafia nos documentos, ela era de fato a m\u00e3e deles.<\/p>\n\n\n\n<p>A relatora do caso, desembargadora Yeda Athias, da 6\u00aa C\u00e2mara C\u00edvel do TJMG, apoiou seu voto no artigo 57 da Lei 6.015\/73, que s\u00f3 autoriza a mudan\u00e7a no nome excepcionalmente, por motivos de substitui\u00e7\u00e3o por apelido p\u00fablico not\u00f3rio, risco de amea\u00e7a ou coa\u00e7\u00e3o ao usu\u00e1rio e exposi\u00e7\u00e3o do portador ao rid\u00edculo.<\/p>\n\n\n\n<p>Dessa forma, de acordo com os preceitos da legisla\u00e7\u00e3o, a magistrada entendeu que os argumentos apresentados pela apelante n\u00e3o configuram raz\u00e3o plaus\u00edvel para modifica\u00e7\u00e3o do sobrenome.<\/p>\n\n\n\n<p>Al\u00e9m disso, a relatora ainda atentou para o fato de que o equ\u00edvoco, na realidade, encontrava-se no registro de nascimento dos filhos, e n\u00e3o no registro civil da m\u00e3e. Diante disso, ela negou provimento ao recurso.<\/p>\n\n\n\n<p>Votaram de acordo com a relatora os desembargadores Audebert Delage e Edilson Ol\u00edmpio Fernandes.<\/p>\n\n\n\n<p class=\"has-text-color has-background has-very-light-gray-color has-very-dark-gray-background-color\"><strong>VER PRIMEIRO: <\/strong>Receba as not\u00edcias do Aconteceu no Vale em primeira m\u00e3o. Clique em curtir no endere\u00e7o <a href=\"https:\/\/www.facebook.com\/aconteceunovale\" target=\"_blank\" rel=\"noreferrer noopener\">www.facebook.com\/aconteceunovale<\/a>.<\/p>\n","protected":false},"excerpt":{"rendered":"<p>Uma mulher&nbsp;que recorreu contra decis\u00e3o da Comarca de Bonfin\u00f3polis de Minas para alterar seu sobrenome teve o pedido novamente negado pelo Tribunal de Justi\u00e7a de Minas Gerais (TJMG). Maria Est\u00e1cio de Rezende&nbsp;alega que seu sobrenome foi lan\u00e7ado erroneamente no registro civil de seus 13 filhos, como &#8220;Maria Rezende Figueiredo&#8221;. Por causa do inc\u00f4modo que a [&hellip;]<\/p>\n","protected":false},"author":1,"featured_media":152917,"comment_status":"open","ping_status":"closed","sticky":false,"template":"","format":"standard","meta":{"amp_status":"","footnotes":""},"categories":[123],"tags":[1537,207519,207520,207521,207522],"class_list":["post-152916","post","type-post","status-publish","format-standard","has-post-thumbnail","hentry","category-gerais","tag-bonfinopolis-de-minas","tag-comarca-de-bonfinopolis-de-minas","tag-mae-de-13-filhos-tem-pedido-de-alteracao-de-sobrenome-negado-pela-justica-mineira","tag-maria-estacio-de-rezende","tag-maria-rezende-figueiredo"],"_links":{"self":[{"href":"https:\/\/aconteceunovale.com.br\/portal\/index.php?rest_route=\/wp\/v2\/posts\/152916","targetHints":{"allow":["GET"]}}],"collection":[{"href":"https:\/\/aconteceunovale.com.br\/portal\/index.php?rest_route=\/wp\/v2\/posts"}],"about":[{"href":"https:\/\/aconteceunovale.com.br\/portal\/index.php?rest_route=\/wp\/v2\/types\/post"}],"author":[{"embeddable":true,"href":"https:\/\/aconteceunovale.com.br\/portal\/index.php?rest_route=\/wp\/v2\/users\/1"}],"replies":[{"embeddable":true,"href":"https:\/\/aconteceunovale.com.br\/portal\/index.php?rest_route=%2Fwp%2Fv2%2Fcomments&post=152916"}],"version-history":[{"count":1,"href":"https:\/\/aconteceunovale.com.br\/portal\/index.php?rest_route=\/wp\/v2\/posts\/152916\/revisions"}],"predecessor-version":[{"id":152918,"href":"https:\/\/aconteceunovale.com.br\/portal\/index.php?rest_route=\/wp\/v2\/posts\/152916\/revisions\/152918"}],"wp:featuredmedia":[{"embeddable":true,"href":"https:\/\/aconteceunovale.com.br\/portal\/index.php?rest_route=\/wp\/v2\/media\/152917"}],"wp:attachment":[{"href":"https:\/\/aconteceunovale.com.br\/portal\/index.php?rest_route=%2Fwp%2Fv2%2Fmedia&parent=152916"}],"wp:term":[{"taxonomy":"category","embeddable":true,"href":"https:\/\/aconteceunovale.com.br\/portal\/index.php?rest_route=%2Fwp%2Fv2%2Fcategories&post=152916"},{"taxonomy":"post_tag","embeddable":true,"href":"https:\/\/aconteceunovale.com.br\/portal\/index.php?rest_route=%2Fwp%2Fv2%2Ftags&post=152916"}],"curies":[{"name":"wp","href":"https:\/\/api.w.org\/{rel}","templated":true}]}}