{"id":152912,"date":"2019-09-22T11:30:31","date_gmt":"2019-09-22T14:30:31","guid":{"rendered":"http:\/\/aconteceunovale.com.br\/portal\/?p=152912"},"modified":"2019-09-22T11:30:44","modified_gmt":"2019-09-22T14:30:44","slug":"virginopolis-se-mobiliza-em-apoio-ao-setembro-amarelo","status":"publish","type":"post","link":"https:\/\/aconteceunovale.com.br\/portal\/?p=152912","title":{"rendered":"Virgin\u00f3polis se mobiliza em apoio ao Setembro Amarelo"},"content":{"rendered":"\n<p>Na sexta feira, 20 de setembro, o Centro Judici\u00e1rio de Solu\u00e7\u00e3o de Conflitos e Cidadania (Cejusc) da Comarca de Virgin\u00f3polis se mobilizou em apoio \u00e0 campanha de preven\u00e7\u00e3o ao suic\u00eddio. Para chamar a aten\u00e7\u00e3o para o assunto, os profissionais que atuam na comarca se vestiram de amarelo e espalharam bal\u00f5es e cartazes com alertas sobre o tema. O lema da a\u00e7\u00e3o foi \u201cSetembro amarelo, comece espalhando amor!\u201d.\u00a0<\/p>\n\n\n\n<p>A decora\u00e7\u00e3o tem\u00e1tica foi colocada nas salas de atendimento e no \u00e1trio do F\u00f3rum Dr. Jos\u00e9 Rabello Campos. Al\u00e9m disso, foi feita uma recep\u00e7\u00e3o calorosa \u00e0s pessoas que estiveram no local.<\/p>\n\n\n\n<p>\u201cEsse movimento \u00e9 de suma import\u00e2ncia para que as pessoas saibam que t\u00eam apoio e que n\u00e3o est\u00e3o sozinhas\u201d, afirmou o juiz Herrmann Emmel Schwartz, da Comarca de Pe\u00e7anha, que substitui o magistrado Vin\u00edcius Pereira de Paula, um dos idealizadores da iniciativa.<\/p>\n\n\n\n<figure class=\"wp-block-image\"><img loading=\"lazy\" decoding=\"async\" width=\"675\" height=\"450\" src=\"http:\/\/aconteceunovale.com.br\/portal\/wp-content\/uploads\/2019\/09\/setembro_amarelo_vgp_1.jpg\" alt=\"\" class=\"wp-image-152913\" srcset=\"https:\/\/aconteceunovale.com.br\/portal\/wp-content\/uploads\/2019\/09\/setembro_amarelo_vgp_1.jpg 675w, https:\/\/aconteceunovale.com.br\/portal\/wp-content\/uploads\/2019\/09\/setembro_amarelo_vgp_1-300x200.jpg 300w, https:\/\/aconteceunovale.com.br\/portal\/wp-content\/uploads\/2019\/09\/setembro_amarelo_vgp_1-630x420.jpg 630w\" sizes=\"auto, (max-width: 675px) 100vw, 675px\" \/><figcaption><em> Vestidos de amarelo, profisisonais que atuam no f\u00f3rum chamaram a aten\u00e7\u00e3o para o tema &#8211; Foto: Divulga\u00e7\u00e3o \/ TJMG<\/em><\/figcaption><\/figure>\n\n\n\n<figure class=\"wp-block-image\"><img loading=\"lazy\" decoding=\"async\" width=\"675\" height=\"450\" src=\"http:\/\/aconteceunovale.com.br\/portal\/wp-content\/uploads\/2019\/09\/setembro_amarelo_vgp_2.jpg\" alt=\"\" class=\"wp-image-152914\" srcset=\"https:\/\/aconteceunovale.com.br\/portal\/wp-content\/uploads\/2019\/09\/setembro_amarelo_vgp_2.jpg 675w, https:\/\/aconteceunovale.com.br\/portal\/wp-content\/uploads\/2019\/09\/setembro_amarelo_vgp_2-300x200.jpg 300w, https:\/\/aconteceunovale.com.br\/portal\/wp-content\/uploads\/2019\/09\/setembro_amarelo_vgp_2-630x420.jpg 630w\" sizes=\"auto, (max-width: 675px) 100vw, 675px\" \/><figcaption><em> Cartazes e bal\u00f5es, com tem\u00e1tica voltada para o Setembro Amarelo, foram espalhados pelo f\u00f3rum &#8211; Foto: Divulga\u00e7\u00e3o \/ TJMG<\/em><\/figcaption><\/figure>\n\n\n\n<p class=\"has-text-color has-background has-very-light-gray-color has-very-dark-gray-background-color\"><strong>VER PRIMEIRO: <\/strong>Receba as not\u00edcias do Aconteceu no Vale em primeira m\u00e3o. Clique em curtir no endere\u00e7o <a href=\"https:\/\/www.facebook.com\/aconteceunovale\" target=\"_blank\" rel=\"noreferrer noopener\">www.facebook.com\/aconteceunovale<\/a>.<\/p>\n","protected":false},"excerpt":{"rendered":"<p>Na sexta feira, 20 de setembro, o Centro Judici\u00e1rio de Solu\u00e7\u00e3o de Conflitos e Cidadania (Cejusc) da Comarca de Virgin\u00f3polis se mobilizou em apoio \u00e0 campanha de preven\u00e7\u00e3o ao suic\u00eddio. Para chamar a aten\u00e7\u00e3o para o assunto, os profissionais que atuam na comarca se vestiram de amarelo e espalharam bal\u00f5es e cartazes com alertas sobre [&hellip;]<\/p>\n","protected":false},"author":1,"featured_media":152913,"comment_status":"open","ping_status":"closed","sticky":false,"template":"","format":"standard","meta":{"amp_status":"","footnotes":""},"categories":[121,40242],"tags":[207514,207515,207516,179792,207517,332,207518],"class_list":["post-152912","post","type-post","status-publish","format-standard","has-post-thumbnail","hentry","category-leste","category-saude-2","tag-cejusc-de-virginopolis","tag-cejusc-virginopolis","tag-prevencao-ao-suicidio-em-virginopolis","tag-setembro-amarelo","tag-setembro-amarelo-em-virginopolis","tag-virginopolis","tag-virginopolis-se-mobiliza-em-apoio-ao-setembro-amarelo"],"_links":{"self":[{"href":"https:\/\/aconteceunovale.com.br\/portal\/index.php?rest_route=\/wp\/v2\/posts\/152912","targetHints":{"allow":["GET"]}}],"collection":[{"href":"https:\/\/aconteceunovale.com.br\/portal\/index.php?rest_route=\/wp\/v2\/posts"}],"about":[{"href":"https:\/\/aconteceunovale.com.br\/portal\/index.php?rest_route=\/wp\/v2\/types\/post"}],"author":[{"embeddable":true,"href":"https:\/\/aconteceunovale.com.br\/portal\/index.php?rest_route=\/wp\/v2\/users\/1"}],"replies":[{"embeddable":true,"href":"https:\/\/aconteceunovale.com.br\/portal\/index.php?rest_route=%2Fwp%2Fv2%2Fcomments&post=152912"}],"version-history":[{"count":1,"href":"https:\/\/aconteceunovale.com.br\/portal\/index.php?rest_route=\/wp\/v2\/posts\/152912\/revisions"}],"predecessor-version":[{"id":152915,"href":"https:\/\/aconteceunovale.com.br\/portal\/index.php?rest_route=\/wp\/v2\/posts\/152912\/revisions\/152915"}],"wp:featuredmedia":[{"embeddable":true,"href":"https:\/\/aconteceunovale.com.br\/portal\/index.php?rest_route=\/wp\/v2\/media\/152913"}],"wp:attachment":[{"href":"https:\/\/aconteceunovale.com.br\/portal\/index.php?rest_route=%2Fwp%2Fv2%2Fmedia&parent=152912"}],"wp:term":[{"taxonomy":"category","embeddable":true,"href":"https:\/\/aconteceunovale.com.br\/portal\/index.php?rest_route=%2Fwp%2Fv2%2Fcategories&post=152912"},{"taxonomy":"post_tag","embeddable":true,"href":"https:\/\/aconteceunovale.com.br\/portal\/index.php?rest_route=%2Fwp%2Fv2%2Ftags&post=152912"}],"curies":[{"name":"wp","href":"https:\/\/api.w.org\/{rel}","templated":true}]}}