{"id":152417,"date":"2019-09-11T09:01:04","date_gmt":"2019-09-11T12:01:04","guid":{"rendered":"http:\/\/aconteceunovale.com.br\/portal\/?p=152417"},"modified":"2026-09-02T12:10:56","modified_gmt":"2026-09-02T15:10:56","slug":"homem-e-morto-a-marteladas-em-angelandia-no-vale-do-jequitinhonha","status":"publish","type":"post","link":"https:\/\/aconteceunovale.com.br\/portal\/?p=152417","title":{"rendered":"Homem \u00e9 morto a marteladas em Angel\u00e2ndia, no Vale do Jequitinhonha"},"content":{"rendered":"\n<p class=\"wp-block-paragraph\">Dois homens foram presos suspeitos de matar Orlando Torquato\nde Azevedo em Angel\u00e2ndia, no Vale do Jequitinhonha, na noite de ter\u00e7a-feira\n(10\/09\/2019). Policiais militares chegaram ao local do crime, na Rua Clemente\nCelestino, no Bairro Planalto, e encontraram o autor M.V.S.S., de 24 anos, portando\num rev\u00f3lver calibre 38 com uma muni\u00e7\u00e3o deflagrada, e o coautor V.S.S, 38. Durante\nabordagem aos criminosos, a pol\u00edcia tamb\u00e9m encontrou dinheiro, celulares e um\nsimulacro de arma de fogo.<\/p>\n\n\n\n<p class=\"wp-block-paragraph\">A prov\u00e1vel motiva\u00e7\u00e3o do crime seria uma d\u00edvida do coautor com a v\u00edtima. V.S.S fez amizade com M.V.S.S. atrav\u00e9s das redes sociais e o contratou para matar Orlando Torquato de Azevedo, de 35 anos, por R$ 4.000,00. O jovem saiu de Te\u00f3filo Otoni e foi at\u00e9 Angel\u00e2ndia para cometer o homic\u00eddio.<\/p>\n\n\n\n<p class=\"wp-block-paragraph\">A per\u00edcia esteve no local e constatou que Orlando foi morto com\ngolpes de martelo. Os dois criminosos foram conduzidos \u00e0 Delegacia de Pol\u00edcia\nCivil de Plant\u00e3o e, ap\u00f3s ratificada as pris\u00f5es, encaminhados ao Pres\u00eddio de\nCapelinha. <\/p>\n\n\n\n<p class=\"wp-block-paragraph\">O corpo de Orlando foi encaminhado ao Instituto M\u00e9dico Legal\n(IML) em Capelinha para exames. O caso ser\u00e1 investigado.<\/p>\n\n\n\n<figure class=\"wp-block-image\"><img loading=\"lazy\" decoding=\"async\" width=\"633\" height=\"450\" src=\"http:\/\/aconteceunovale.com.br\/portal\/wp-content\/uploads\/2019\/09\/homicidio_angelandia.jpg\" alt=\"\" class=\"wp-image-152418\" srcset=\"https:\/\/aconteceunovale.com.br\/portal\/wp-content\/uploads\/2019\/09\/homicidio_angelandia.jpg 633w, https:\/\/aconteceunovale.com.br\/portal\/wp-content\/uploads\/2019\/09\/homicidio_angelandia-300x213.jpg 300w, https:\/\/aconteceunovale.com.br\/portal\/wp-content\/uploads\/2019\/09\/homicidio_angelandia-100x70.jpg 100w, https:\/\/aconteceunovale.com.br\/portal\/wp-content\/uploads\/2019\/09\/homicidio_angelandia-591x420.jpg 591w\" sizes=\"auto, (max-width: 633px) 100vw, 633px\" \/><figcaption><em> Orlando Torquato de Azevedo &#8211; Foto: Reprodu\u00e7\u00e3o \/ WhatsApp<\/em><\/figcaption><\/figure>\n\n\n\n<p class=\"has-text-color has-background has-very-light-gray-color has-vivid-cyan-blue-background-color wp-block-paragraph\"><strong>VER PRIMEIRO: <\/strong>Receba as not\u00edcias do Aconteceu no Vale em primeira m\u00e3o. Clique em curtir no endere\u00e7o <a href=\"https:\/\/www.facebook.com\/aconteceunovale\" target=\"_blank\" rel=\"noreferrer noopener\">www.facebook.com\/aconteceunovale<\/a>.<\/p>\n","protected":false},"excerpt":{"rendered":"<p>Dois homens foram presos suspeitos de matar Orlando Torquato de Azevedo em Angel\u00e2ndia, no Vale do Jequitinhonha, na noite de ter\u00e7a-feira (10\/09\/2019). Policiais militares chegaram ao local do crime, na Rua Clemente Celestino, no Bairro Planalto, e encontraram o autor M.V.S.S., de 24 anos, portando um rev\u00f3lver calibre 38 com uma muni\u00e7\u00e3o deflagrada, e o [&hellip;]<\/p>\n","protected":false},"author":4,"featured_media":89961,"comment_status":"open","ping_status":"closed","sticky":false,"template":"","format":"standard","meta":{"amp_status":"","footnotes":""},"categories":[272529,120],"tags":[657,206862,131402,1018,206859,206858,206860,131401,206861,206863],"class_list":["post-152417","post","type-post","status-publish","format-standard","has-post-thumbnail","hentry","category-angelandia","category-jequi","tag-angelandia","tag-assassinado-em-angelandia","tag-assassinato-em-angelandia","tag-destaque","tag-homem-e-morto-a-marteladas-em-angelandia","tag-homem-e-morto-a-marteladas-em-angelandia-no-vale-do-jequitinhonha","tag-homem-morto-em-angelandia","tag-homicidio-em-angelandia","tag-morto-em-angelandia","tag-orlando-torquato-de-azevedo"],"yoast_head":"<!-- This site is optimized with the Yoast SEO plugin v28.3 - https:\/\/yoast.com\/product\/yoast-seo-wordpress\/ -->\n<title>Homem \u00e9 morto a marteladas em Angel\u00e2ndia, no Vale do Jequitinhonha - Aconteceu no Vale<\/title>\n<meta name=\"robots\" content=\"index, follow, max-snippet:-1, max-image-preview:large, max-video-preview:-1\" \/>\n<link rel=\"canonical\" href=\"https:\/\/aconteceunovale.com.br\/portal\/?p=152417\" \/>\n<meta property=\"og:locale\" content=\"pt_BR\" \/>\n<meta property=\"og:type\" content=\"article\" \/>\n<meta property=\"og:title\" content=\"Homem \u00e9 morto a marteladas em Angel\u00e2ndia, no Vale do Jequitinhonha - Aconteceu no Vale\" \/>\n<meta property=\"og:description\" content=\"Dois homens foram presos suspeitos de matar Orlando Torquato de Azevedo em Angel\u00e2ndia, no Vale do Jequitinhonha, na noite de ter\u00e7a-feira (10\/09\/2019). Policiais militares chegaram ao local do crime, na Rua Clemente Celestino, no Bairro Planalto, e encontraram o autor M.V.S.S., de 24 anos, portando um rev\u00f3lver calibre 38 com uma muni\u00e7\u00e3o deflagrada, e o [&hellip;]\" \/>\n<meta property=\"og:url\" content=\"https:\/\/aconteceunovale.com.br\/portal\/?p=152417\" \/>\n<meta property=\"og:site_name\" content=\"Aconteceu no Vale\" \/>\n<meta property=\"article:publisher\" content=\"https:\/\/www.facebook.com\/aconteceunovale\/\" \/>\n<meta property=\"article:published_time\" content=\"2019-09-11T12:01:04+00:00\" \/>\n<meta property=\"article:modified_time\" content=\"2026-09-02T15:10:56+00:00\" \/>\n<meta property=\"og:image\" content=\"https:\/\/aconteceunovale.com.br\/portal\/wp-content\/uploads\/2016\/06\/angelandia_mg.jpg\" \/>\n\t<meta property=\"og:image:width\" content=\"678\" \/>\n\t<meta property=\"og:image:height\" content=\"388\" \/>\n\t<meta property=\"og:image:type\" content=\"image\/jpeg\" \/>\n<meta name=\"author\" content=\"Reda\u00e7\u00e3o Aconteceu no Vale\" \/>\n<meta name=\"twitter:card\" content=\"summary_large_image\" \/>\n<meta name=\"twitter:creator\" content=\"@noticiadosvales\" \/>\n<meta name=\"twitter:site\" content=\"@noticiadosvales\" \/>\n<meta name=\"twitter:label1\" content=\"Escrito por\" \/>\n\t<meta name=\"twitter:data1\" content=\"Reda\u00e7\u00e3o Aconteceu no Vale\" \/>\n\t<meta name=\"twitter:label2\" content=\"Est. tempo de leitura\" \/>\n\t<meta name=\"twitter:data2\" content=\"1 minuto\" \/>\n<script type=\"application\/ld+json\" class=\"yoast-schema-graph\">{\"@context\":\"https:\\\/\\\/schema.org\",\"@graph\":[{\"@type\":\"Article\",\"@id\":\"https:\\\/\\\/aconteceunovale.com.br\\\/portal\\\/?p=152417#article\",\"isPartOf\":{\"@id\":\"https:\\\/\\\/aconteceunovale.com.br\\\/portal\\\/?p=152417\"},\"author\":{\"name\":\"Reda\u00e7\u00e3o Aconteceu no Vale\",\"@id\":\"https:\\\/\\\/aconteceunovale.com.br\\\/portal\\\/#\\\/schema\\\/person\\\/7d2f26d1483f8a63de73da1ee0754d35\"},\"headline\":\"Homem \u00e9 morto a marteladas em Angel\u00e2ndia, no Vale do Jequitinhonha\",\"datePublished\":\"2019-09-11T12:01:04+00:00\",\"dateModified\":\"2026-09-02T15:10:56+00:00\",\"mainEntityOfPage\":{\"@id\":\"https:\\\/\\\/aconteceunovale.com.br\\\/portal\\\/?p=152417\"},\"wordCount\":250,\"commentCount\":0,\"image\":{\"@id\":\"https:\\\/\\\/aconteceunovale.com.br\\\/portal\\\/?p=152417#primaryimage\"},\"thumbnailUrl\":\"https:\\\/\\\/aconteceunovale.com.br\\\/portal\\\/wp-content\\\/uploads\\\/2016\\\/06\\\/angelandia_mg.jpg\",\"keywords\":[\"Angel\u00e2ndia\",\"Assassinado em Angel\u00e2ndia\",\"Assassinato em Angel\u00e2ndia\",\"destaque\",\"Homem \u00e9 morto a marteladas em Angel\u00e2ndia\",\"Homem \u00e9 morto a marteladas em Angel\u00e2ndia no Vale do Jequitinhonha\",\"Homem morto em Angel\u00e2ndia\",\"Homic\u00eddio em Angel\u00e2ndia\",\"Morto em Angel\u00e2ndia\",\"Orlando Torquato de Azevedo\"],\"articleSection\":[\"Angel\u00e2ndia\",\"Vale do Jequitinhonha\"],\"inLanguage\":\"pt-BR\",\"potentialAction\":[{\"@type\":\"CommentAction\",\"name\":\"Comment\",\"target\":[\"https:\\\/\\\/aconteceunovale.com.br\\\/portal\\\/?p=152417#respond\"]}]},{\"@type\":\"WebPage\",\"@id\":\"https:\\\/\\\/aconteceunovale.com.br\\\/portal\\\/?p=152417\",\"url\":\"https:\\\/\\\/aconteceunovale.com.br\\\/portal\\\/?p=152417\",\"name\":\"Homem \u00e9 morto a marteladas em Angel\u00e2ndia, no Vale do Jequitinhonha - Aconteceu no Vale\",\"isPartOf\":{\"@id\":\"https:\\\/\\\/aconteceunovale.com.br\\\/portal\\\/#website\"},\"primaryImageOfPage\":{\"@id\":\"https:\\\/\\\/aconteceunovale.com.br\\\/portal\\\/?p=152417#primaryimage\"},\"image\":{\"@id\":\"https:\\\/\\\/aconteceunovale.com.br\\\/portal\\\/?p=152417#primaryimage\"},\"thumbnailUrl\":\"https:\\\/\\\/aconteceunovale.com.br\\\/portal\\\/wp-content\\\/uploads\\\/2016\\\/06\\\/angelandia_mg.jpg\",\"datePublished\":\"2019-09-11T12:01:04+00:00\",\"dateModified\":\"2026-09-02T15:10:56+00:00\",\"author\":{\"@id\":\"https:\\\/\\\/aconteceunovale.com.br\\\/portal\\\/#\\\/schema\\\/person\\\/7d2f26d1483f8a63de73da1ee0754d35\"},\"breadcrumb\":{\"@id\":\"https:\\\/\\\/aconteceunovale.com.br\\\/portal\\\/?p=152417#breadcrumb\"},\"inLanguage\":\"pt-BR\",\"potentialAction\":[{\"@type\":\"ReadAction\",\"target\":[\"https:\\\/\\\/aconteceunovale.com.br\\\/portal\\\/?p=152417\"]}]},{\"@type\":\"ImageObject\",\"inLanguage\":\"pt-BR\",\"@id\":\"https:\\\/\\\/aconteceunovale.com.br\\\/portal\\\/?p=152417#primaryimage\",\"url\":\"https:\\\/\\\/aconteceunovale.com.br\\\/portal\\\/wp-content\\\/uploads\\\/2016\\\/06\\\/angelandia_mg.jpg\",\"contentUrl\":\"https:\\\/\\\/aconteceunovale.com.br\\\/portal\\\/wp-content\\\/uploads\\\/2016\\\/06\\\/angelandia_mg.jpg\",\"width\":678,\"height\":388},{\"@type\":\"BreadcrumbList\",\"@id\":\"https:\\\/\\\/aconteceunovale.com.br\\\/portal\\\/?p=152417#breadcrumb\",\"itemListElement\":[{\"@type\":\"ListItem\",\"position\":1,\"name\":\"In\u00edcio\",\"item\":\"https:\\\/\\\/aconteceunovale.com.br\\\/portal\\\/\"},{\"@type\":\"ListItem\",\"position\":2,\"name\":\"Homem \u00e9 morto a marteladas em Angel\u00e2ndia, no Vale do Jequitinhonha\"}]},{\"@type\":\"WebSite\",\"@id\":\"https:\\\/\\\/aconteceunovale.com.br\\\/portal\\\/#website\",\"url\":\"https:\\\/\\\/aconteceunovale.com.br\\\/portal\\\/\",\"name\":\"Aconteceu no Vale\",\"description\":\"Portal de Not\u00edcias\",\"potentialAction\":[{\"@type\":\"SearchAction\",\"target\":{\"@type\":\"EntryPoint\",\"urlTemplate\":\"https:\\\/\\\/aconteceunovale.com.br\\\/portal\\\/?s={search_term_string}\"},\"query-input\":{\"@type\":\"PropertyValueSpecification\",\"valueRequired\":true,\"valueName\":\"search_term_string\"}}],\"inLanguage\":\"pt-BR\"},{\"@type\":\"Person\",\"@id\":\"https:\\\/\\\/aconteceunovale.com.br\\\/portal\\\/#\\\/schema\\\/person\\\/7d2f26d1483f8a63de73da1ee0754d35\",\"name\":\"Reda\u00e7\u00e3o Aconteceu no Vale\",\"description\":\"Equipe de reportagem do Aconteceu no Vale, portal de not\u00edcias do Vale do Jequitinhonha, em Minas Gerais. Cobrimos as 51 cidades do Vale desde 2013. Sugest\u00f5es de pauta e pedidos de corre\u00e7\u00e3o: contato@aconteceunovale.com.br\",\"url\":\"https:\\\/\\\/aconteceunovale.com.br\\\/portal\\\/?author=4\"}]}<\/script>\n<!-- \/ Yoast SEO plugin. -->","yoast_head_json":{"title":"Homem \u00e9 morto a marteladas em Angel\u00e2ndia, no Vale do Jequitinhonha - Aconteceu no Vale","robots":{"index":"index","follow":"follow","max-snippet":"max-snippet:-1","max-image-preview":"max-image-preview:large","max-video-preview":"max-video-preview:-1"},"canonical":"https:\/\/aconteceunovale.com.br\/portal\/?p=152417","og_locale":"pt_BR","og_type":"article","og_title":"Homem \u00e9 morto a marteladas em Angel\u00e2ndia, no Vale do Jequitinhonha - Aconteceu no Vale","og_description":"Dois homens foram presos suspeitos de matar Orlando Torquato de Azevedo em Angel\u00e2ndia, no Vale do Jequitinhonha, na noite de ter\u00e7a-feira (10\/09\/2019). Policiais militares chegaram ao local do crime, na Rua Clemente Celestino, no Bairro Planalto, e encontraram o autor M.V.S.S., de 24 anos, portando um rev\u00f3lver calibre 38 com uma muni\u00e7\u00e3o deflagrada, e o [&hellip;]","og_url":"https:\/\/aconteceunovale.com.br\/portal\/?p=152417","og_site_name":"Aconteceu no Vale","article_publisher":"https:\/\/www.facebook.com\/aconteceunovale\/","article_published_time":"2019-09-11T12:01:04+00:00","article_modified_time":"2026-09-02T15:10:56+00:00","og_image":[{"width":678,"height":388,"url":"https:\/\/aconteceunovale.com.br\/portal\/wp-content\/uploads\/2016\/06\/angelandia_mg.jpg","type":"image\/jpeg"}],"author":"Reda\u00e7\u00e3o Aconteceu no Vale","twitter_card":"summary_large_image","twitter_creator":"@noticiadosvales","twitter_site":"@noticiadosvales","twitter_misc":{"Escrito por":"Reda\u00e7\u00e3o Aconteceu no Vale","Est. tempo de leitura":"1 minuto"},"schema":{"@context":"https:\/\/schema.org","@graph":[{"@type":"Article","@id":"https:\/\/aconteceunovale.com.br\/portal\/?p=152417#article","isPartOf":{"@id":"https:\/\/aconteceunovale.com.br\/portal\/?p=152417"},"author":{"name":"Reda\u00e7\u00e3o Aconteceu no Vale","@id":"https:\/\/aconteceunovale.com.br\/portal\/#\/schema\/person\/7d2f26d1483f8a63de73da1ee0754d35"},"headline":"Homem \u00e9 morto a marteladas em Angel\u00e2ndia, no Vale do Jequitinhonha","datePublished":"2019-09-11T12:01:04+00:00","dateModified":"2026-09-02T15:10:56+00:00","mainEntityOfPage":{"@id":"https:\/\/aconteceunovale.com.br\/portal\/?p=152417"},"wordCount":250,"commentCount":0,"image":{"@id":"https:\/\/aconteceunovale.com.br\/portal\/?p=152417#primaryimage"},"thumbnailUrl":"https:\/\/aconteceunovale.com.br\/portal\/wp-content\/uploads\/2016\/06\/angelandia_mg.jpg","keywords":["Angel\u00e2ndia","Assassinado em Angel\u00e2ndia","Assassinato em Angel\u00e2ndia","destaque","Homem \u00e9 morto a marteladas em Angel\u00e2ndia","Homem \u00e9 morto a marteladas em Angel\u00e2ndia no Vale do Jequitinhonha","Homem morto em Angel\u00e2ndia","Homic\u00eddio em Angel\u00e2ndia","Morto em Angel\u00e2ndia","Orlando Torquato de Azevedo"],"articleSection":["Angel\u00e2ndia","Vale do Jequitinhonha"],"inLanguage":"pt-BR","potentialAction":[{"@type":"CommentAction","name":"Comment","target":["https:\/\/aconteceunovale.com.br\/portal\/?p=152417#respond"]}]},{"@type":"WebPage","@id":"https:\/\/aconteceunovale.com.br\/portal\/?p=152417","url":"https:\/\/aconteceunovale.com.br\/portal\/?p=152417","name":"Homem \u00e9 morto a marteladas em Angel\u00e2ndia, no Vale do Jequitinhonha - Aconteceu no Vale","isPartOf":{"@id":"https:\/\/aconteceunovale.com.br\/portal\/#website"},"primaryImageOfPage":{"@id":"https:\/\/aconteceunovale.com.br\/portal\/?p=152417#primaryimage"},"image":{"@id":"https:\/\/aconteceunovale.com.br\/portal\/?p=152417#primaryimage"},"thumbnailUrl":"https:\/\/aconteceunovale.com.br\/portal\/wp-content\/uploads\/2016\/06\/angelandia_mg.jpg","datePublished":"2019-09-11T12:01:04+00:00","dateModified":"2026-09-02T15:10:56+00:00","author":{"@id":"https:\/\/aconteceunovale.com.br\/portal\/#\/schema\/person\/7d2f26d1483f8a63de73da1ee0754d35"},"breadcrumb":{"@id":"https:\/\/aconteceunovale.com.br\/portal\/?p=152417#breadcrumb"},"inLanguage":"pt-BR","potentialAction":[{"@type":"ReadAction","target":["https:\/\/aconteceunovale.com.br\/portal\/?p=152417"]}]},{"@type":"ImageObject","inLanguage":"pt-BR","@id":"https:\/\/aconteceunovale.com.br\/portal\/?p=152417#primaryimage","url":"https:\/\/aconteceunovale.com.br\/portal\/wp-content\/uploads\/2016\/06\/angelandia_mg.jpg","contentUrl":"https:\/\/aconteceunovale.com.br\/portal\/wp-content\/uploads\/2016\/06\/angelandia_mg.jpg","width":678,"height":388},{"@type":"BreadcrumbList","@id":"https:\/\/aconteceunovale.com.br\/portal\/?p=152417#breadcrumb","itemListElement":[{"@type":"ListItem","position":1,"name":"In\u00edcio","item":"https:\/\/aconteceunovale.com.br\/portal\/"},{"@type":"ListItem","position":2,"name":"Homem \u00e9 morto a marteladas em Angel\u00e2ndia, no Vale do Jequitinhonha"}]},{"@type":"WebSite","@id":"https:\/\/aconteceunovale.com.br\/portal\/#website","url":"https:\/\/aconteceunovale.com.br\/portal\/","name":"Aconteceu no Vale","description":"Portal de Not\u00edcias","potentialAction":[{"@type":"SearchAction","target":{"@type":"EntryPoint","urlTemplate":"https:\/\/aconteceunovale.com.br\/portal\/?s={search_term_string}"},"query-input":{"@type":"PropertyValueSpecification","valueRequired":true,"valueName":"search_term_string"}}],"inLanguage":"pt-BR"},{"@type":"Person","@id":"https:\/\/aconteceunovale.com.br\/portal\/#\/schema\/person\/7d2f26d1483f8a63de73da1ee0754d35","name":"Reda\u00e7\u00e3o Aconteceu no Vale","description":"Equipe de reportagem do Aconteceu no Vale, portal de not\u00edcias do Vale do Jequitinhonha, em Minas Gerais. Cobrimos as 51 cidades do Vale desde 2013. Sugest\u00f5es de pauta e pedidos de corre\u00e7\u00e3o: contato@aconteceunovale.com.br","url":"https:\/\/aconteceunovale.com.br\/portal\/?author=4"}]}},"_links":{"self":[{"href":"https:\/\/aconteceunovale.com.br\/portal\/index.php?rest_route=\/wp\/v2\/posts\/152417","targetHints":{"allow":["GET"]}}],"collection":[{"href":"https:\/\/aconteceunovale.com.br\/portal\/index.php?rest_route=\/wp\/v2\/posts"}],"about":[{"href":"https:\/\/aconteceunovale.com.br\/portal\/index.php?rest_route=\/wp\/v2\/types\/post"}],"author":[{"embeddable":true,"href":"https:\/\/aconteceunovale.com.br\/portal\/index.php?rest_route=\/wp\/v2\/users\/4"}],"replies":[{"embeddable":true,"href":"https:\/\/aconteceunovale.com.br\/portal\/index.php?rest_route=%2Fwp%2Fv2%2Fcomments&post=152417"}],"version-history":[{"count":2,"href":"https:\/\/aconteceunovale.com.br\/portal\/index.php?rest_route=\/wp\/v2\/posts\/152417\/revisions"}],"predecessor-version":[{"id":152420,"href":"https:\/\/aconteceunovale.com.br\/portal\/index.php?rest_route=\/wp\/v2\/posts\/152417\/revisions\/152420"}],"wp:featuredmedia":[{"embeddable":true,"href":"https:\/\/aconteceunovale.com.br\/portal\/index.php?rest_route=\/wp\/v2\/media\/89961"}],"wp:attachment":[{"href":"https:\/\/aconteceunovale.com.br\/portal\/index.php?rest_route=%2Fwp%2Fv2%2Fmedia&parent=152417"}],"wp:term":[{"taxonomy":"category","embeddable":true,"href":"https:\/\/aconteceunovale.com.br\/portal\/index.php?rest_route=%2Fwp%2Fv2%2Fcategories&post=152417"},{"taxonomy":"post_tag","embeddable":true,"href":"https:\/\/aconteceunovale.com.br\/portal\/index.php?rest_route=%2Fwp%2Fv2%2Ftags&post=152417"}],"curies":[{"name":"wp","href":"https:\/\/api.w.org\/{rel}","templated":true}]}}