{"id":152395,"date":"2019-09-10T23:20:29","date_gmt":"2019-09-11T02:20:29","guid":{"rendered":"http:\/\/aconteceunovale.com.br\/portal\/?p=152395"},"modified":"2019-09-10T23:26:55","modified_gmt":"2019-09-11T02:26:55","slug":"policia-apreende-passaros-no-municipio-de-sao-pedro-do-suacui","status":"publish","type":"post","link":"https:\/\/aconteceunovale.com.br\/portal\/?p=152395","title":{"rendered":"Pol\u00edcia apreende p\u00e1ssaros no munic\u00edpio de S\u00e3o Pedro do Sua\u00e7u\u00ed"},"content":{"rendered":"\n<p class=\"wp-block-paragraph\">A Pol\u00edcia Militar de Meio Ambiente de S\u00e3o Jo\u00e3o Evangelista apreendeu\np\u00e1ssaros silvestres e materiais para a ca\u00e7a em uma propriedade rural no\nmunic\u00edpio de S\u00e3o Pedro do Sua\u00e7u\u00ed, no Vale do Rio Doce, na segunda-feira\n(09\/09\/2019). Den\u00fancias an\u00f4nimas indicaram a pr\u00e1tica de tr\u00e1fico de animais\nsilvestres no local alvo da a\u00e7\u00e3o policial.<\/p>\n\n\n\n<p class=\"wp-block-paragraph\">Um homem, que n\u00e3o teve nome nem idade divulgados, foi detido.\n15 p\u00e1ssaros, 12 gaiolas, 1 al\u00e7ap\u00e3o e 10 compartimentos de transporte de\np\u00e1ssaros foram apreendidos na casa do suspeito.<\/p>\n\n\n\n<p class=\"wp-block-paragraph\">O homem assinou um TCO (Termo Circunstanciado de Ocorr\u00eancia) e recebeu multa de R$ 167.083,80. Os animais, ap\u00f3s avaliados, foram soltou em habitat natural.<\/p>\n\n\n\n<figure class=\"wp-block-image\"><img loading=\"lazy\" decoding=\"async\" width=\"600\" height=\"450\" src=\"http:\/\/aconteceunovale.com.br\/portal\/wp-content\/uploads\/2019\/09\/passaros_sps_1.jpg\" alt=\"\" class=\"wp-image-152396\" srcset=\"https:\/\/aconteceunovale.com.br\/portal\/wp-content\/uploads\/2019\/09\/passaros_sps_1.jpg 600w, https:\/\/aconteceunovale.com.br\/portal\/wp-content\/uploads\/2019\/09\/passaros_sps_1-300x225.jpg 300w, https:\/\/aconteceunovale.com.br\/portal\/wp-content\/uploads\/2019\/09\/passaros_sps_1-80x60.jpg 80w, https:\/\/aconteceunovale.com.br\/portal\/wp-content\/uploads\/2019\/09\/passaros_sps_1-265x198.jpg 265w, https:\/\/aconteceunovale.com.br\/portal\/wp-content\/uploads\/2019\/09\/passaros_sps_1-560x420.jpg 560w\" sizes=\"auto, (max-width: 600px) 100vw, 600px\" \/><figcaption><em>Foto: Divulga\u00e7\u00e3o \/ Pol\u00edcia Militar<\/em><\/figcaption><\/figure>\n\n\n\n<figure class=\"wp-block-image is-resized\"><img loading=\"lazy\" decoding=\"async\" src=\"http:\/\/aconteceunovale.com.br\/portal\/wp-content\/uploads\/2019\/09\/passaros_sps_2.jpg\" alt=\"\" class=\"wp-image-152397\" width=\"580\" height=\"435\" srcset=\"https:\/\/aconteceunovale.com.br\/portal\/wp-content\/uploads\/2019\/09\/passaros_sps_2.jpg 600w, https:\/\/aconteceunovale.com.br\/portal\/wp-content\/uploads\/2019\/09\/passaros_sps_2-300x225.jpg 300w, https:\/\/aconteceunovale.com.br\/portal\/wp-content\/uploads\/2019\/09\/passaros_sps_2-80x60.jpg 80w, https:\/\/aconteceunovale.com.br\/portal\/wp-content\/uploads\/2019\/09\/passaros_sps_2-265x198.jpg 265w, https:\/\/aconteceunovale.com.br\/portal\/wp-content\/uploads\/2019\/09\/passaros_sps_2-560x420.jpg 560w\" sizes=\"auto, (max-width: 580px) 100vw, 580px\" \/><figcaption> <em>Foto: Divulga\u00e7\u00e3o \/ Pol\u00edcia Militar<\/em> <\/figcaption><\/figure>\n\n\n\n<figure class=\"wp-block-image\"><img loading=\"lazy\" decoding=\"async\" width=\"600\" height=\"450\" src=\"http:\/\/aconteceunovale.com.br\/portal\/wp-content\/uploads\/2019\/09\/passaros_sps_3.jpg\" alt=\"\" class=\"wp-image-152398\" srcset=\"https:\/\/aconteceunovale.com.br\/portal\/wp-content\/uploads\/2019\/09\/passaros_sps_3.jpg 600w, https:\/\/aconteceunovale.com.br\/portal\/wp-content\/uploads\/2019\/09\/passaros_sps_3-300x225.jpg 300w, https:\/\/aconteceunovale.com.br\/portal\/wp-content\/uploads\/2019\/09\/passaros_sps_3-80x60.jpg 80w, https:\/\/aconteceunovale.com.br\/portal\/wp-content\/uploads\/2019\/09\/passaros_sps_3-265x198.jpg 265w, https:\/\/aconteceunovale.com.br\/portal\/wp-content\/uploads\/2019\/09\/passaros_sps_3-560x420.jpg 560w\" sizes=\"auto, (max-width: 600px) 100vw, 600px\" \/><figcaption> <em>Foto: Divulga\u00e7\u00e3o \/ Pol\u00edcia Militar<\/em> <\/figcaption><\/figure>\n\n\n\n<p class=\"has-text-color has-background has-very-light-gray-color has-vivid-cyan-blue-background-color wp-block-paragraph\"><strong>VER PRIMEIRO: <\/strong>Receba as not\u00edcias do Aconteceu no Vale em primeira m\u00e3o. Clique em curtir no endere\u00e7o <a href=\"https:\/\/www.facebook.com\/aconteceunovale\" target=\"_blank\" rel=\"noreferrer noopener\">www.facebook.com\/aconteceunovale<\/a>.<\/p>\n","protected":false},"excerpt":{"rendered":"<p>A Pol\u00edcia Militar de Meio Ambiente de S\u00e3o Jo\u00e3o Evangelista apreendeu p\u00e1ssaros silvestres e materiais para a ca\u00e7a em uma propriedade rural no munic\u00edpio de S\u00e3o Pedro do Sua\u00e7u\u00ed, no Vale do Rio Doce, na segunda-feira (09\/09\/2019). Den\u00fancias an\u00f4nimas indicaram a pr\u00e1tica de tr\u00e1fico de animais silvestres no local alvo da a\u00e7\u00e3o policial. Um homem, [&hellip;]<\/p>\n","protected":false},"author":4,"featured_media":152396,"comment_status":"open","ping_status":"closed","sticky":false,"template":"","format":"standard","meta":{"amp_status":"","footnotes":""},"categories":[121],"tags":[206840,206839,206838,162,322],"class_list":["post-152395","post","type-post","status-publish","format-standard","has-post-thumbnail","hentry","category-leste","tag-apreensao-de-passaros-em-sao-pedro-do-suacui","tag-passaros-apreendidos-em-sao-pedro-do-suacui","tag-policia-apreende-passaros-no-municipio-de-sao-pedro-do-suacui","tag-sao-joao-evangelista","tag-sao-pedro-do-suacui"],"yoast_head":"<!-- This site is optimized with the Yoast SEO plugin v28.3 - https:\/\/yoast.com\/product\/yoast-seo-wordpress\/ -->\n<title>Pol\u00edcia apreende p\u00e1ssaros no munic\u00edpio de S\u00e3o Pedro do Sua\u00e7u\u00ed - Aconteceu no Vale<\/title>\n<meta name=\"robots\" content=\"index, follow, max-snippet:-1, max-image-preview:large, max-video-preview:-1\" \/>\n<link rel=\"canonical\" href=\"https:\/\/aconteceunovale.com.br\/portal\/?p=152395\" \/>\n<meta property=\"og:locale\" content=\"pt_BR\" \/>\n<meta property=\"og:type\" content=\"article\" \/>\n<meta property=\"og:title\" content=\"Pol\u00edcia apreende p\u00e1ssaros no munic\u00edpio de S\u00e3o Pedro do Sua\u00e7u\u00ed - Aconteceu no Vale\" \/>\n<meta property=\"og:description\" content=\"A Pol\u00edcia Militar de Meio Ambiente de S\u00e3o Jo\u00e3o Evangelista apreendeu p\u00e1ssaros silvestres e materiais para a ca\u00e7a em uma propriedade rural no munic\u00edpio de S\u00e3o Pedro do Sua\u00e7u\u00ed, no Vale do Rio Doce, na segunda-feira (09\/09\/2019). Den\u00fancias an\u00f4nimas indicaram a pr\u00e1tica de tr\u00e1fico de animais silvestres no local alvo da a\u00e7\u00e3o policial. Um homem, [&hellip;]\" \/>\n<meta property=\"og:url\" content=\"https:\/\/aconteceunovale.com.br\/portal\/?p=152395\" \/>\n<meta property=\"og:site_name\" content=\"Aconteceu no Vale\" \/>\n<meta property=\"article:publisher\" content=\"https:\/\/www.facebook.com\/aconteceunovale\/\" \/>\n<meta property=\"article:published_time\" content=\"2019-09-11T02:20:29+00:00\" \/>\n<meta property=\"article:modified_time\" content=\"2019-09-11T02:26:55+00:00\" \/>\n<meta property=\"og:image\" content=\"https:\/\/aconteceunovale.com.br\/portal\/wp-content\/uploads\/2019\/09\/passaros_sps_1.jpg\" \/>\n\t<meta property=\"og:image:width\" content=\"600\" \/>\n\t<meta property=\"og:image:height\" content=\"450\" \/>\n\t<meta property=\"og:image:type\" content=\"image\/jpeg\" \/>\n<meta name=\"author\" content=\"Reda\u00e7\u00e3o Aconteceu no Vale\" \/>\n<meta name=\"twitter:card\" content=\"summary_large_image\" \/>\n<meta name=\"twitter:creator\" content=\"@noticiadosvales\" \/>\n<meta name=\"twitter:site\" content=\"@noticiadosvales\" \/>\n<meta name=\"twitter:label1\" content=\"Escrito por\" \/>\n\t<meta name=\"twitter:data1\" content=\"Reda\u00e7\u00e3o Aconteceu no Vale\" \/>\n\t<meta name=\"twitter:label2\" content=\"Est. tempo de leitura\" \/>\n\t<meta name=\"twitter:data2\" content=\"1 minuto\" \/>\n<script type=\"application\/ld+json\" class=\"yoast-schema-graph\">{\"@context\":\"https:\\\/\\\/schema.org\",\"@graph\":[{\"@type\":\"Article\",\"@id\":\"https:\\\/\\\/aconteceunovale.com.br\\\/portal\\\/?p=152395#article\",\"isPartOf\":{\"@id\":\"https:\\\/\\\/aconteceunovale.com.br\\\/portal\\\/?p=152395\"},\"author\":{\"name\":\"Reda\u00e7\u00e3o Aconteceu no Vale\",\"@id\":\"https:\\\/\\\/aconteceunovale.com.br\\\/portal\\\/#\\\/schema\\\/person\\\/7d2f26d1483f8a63de73da1ee0754d35\"},\"headline\":\"Pol\u00edcia apreende p\u00e1ssaros no munic\u00edpio de S\u00e3o Pedro do Sua\u00e7u\u00ed\",\"datePublished\":\"2019-09-11T02:20:29+00:00\",\"dateModified\":\"2019-09-11T02:26:55+00:00\",\"mainEntityOfPage\":{\"@id\":\"https:\\\/\\\/aconteceunovale.com.br\\\/portal\\\/?p=152395\"},\"wordCount\":178,\"commentCount\":0,\"image\":{\"@id\":\"https:\\\/\\\/aconteceunovale.com.br\\\/portal\\\/?p=152395#primaryimage\"},\"thumbnailUrl\":\"https:\\\/\\\/aconteceunovale.com.br\\\/portal\\\/wp-content\\\/uploads\\\/2019\\\/09\\\/passaros_sps_1.jpg\",\"keywords\":[\"Apreens\u00e3o de p\u00e1ssaros em S\u00e3o Pedro do Sua\u00e7u\u00ed\",\"P\u00e1ssaros apreendidos em S\u00e3o Pedro do Sua\u00e7u\u00ed\",\"Pol\u00edcia apreende p\u00e1ssaros no munic\u00edpio de S\u00e3o Pedro do Sua\u00e7u\u00ed\",\"S\u00e3o Jo\u00e3o Evangelista\",\"S\u00e3o Pedro do Sua\u00e7u\u00ed\"],\"articleSection\":[\"Leste de Minas\"],\"inLanguage\":\"pt-BR\",\"potentialAction\":[{\"@type\":\"CommentAction\",\"name\":\"Comment\",\"target\":[\"https:\\\/\\\/aconteceunovale.com.br\\\/portal\\\/?p=152395#respond\"]}]},{\"@type\":\"WebPage\",\"@id\":\"https:\\\/\\\/aconteceunovale.com.br\\\/portal\\\/?p=152395\",\"url\":\"https:\\\/\\\/aconteceunovale.com.br\\\/portal\\\/?p=152395\",\"name\":\"Pol\u00edcia apreende p\u00e1ssaros no munic\u00edpio de S\u00e3o Pedro do Sua\u00e7u\u00ed - Aconteceu no Vale\",\"isPartOf\":{\"@id\":\"https:\\\/\\\/aconteceunovale.com.br\\\/portal\\\/#website\"},\"primaryImageOfPage\":{\"@id\":\"https:\\\/\\\/aconteceunovale.com.br\\\/portal\\\/?p=152395#primaryimage\"},\"image\":{\"@id\":\"https:\\\/\\\/aconteceunovale.com.br\\\/portal\\\/?p=152395#primaryimage\"},\"thumbnailUrl\":\"https:\\\/\\\/aconteceunovale.com.br\\\/portal\\\/wp-content\\\/uploads\\\/2019\\\/09\\\/passaros_sps_1.jpg\",\"datePublished\":\"2019-09-11T02:20:29+00:00\",\"dateModified\":\"2019-09-11T02:26:55+00:00\",\"author\":{\"@id\":\"https:\\\/\\\/aconteceunovale.com.br\\\/portal\\\/#\\\/schema\\\/person\\\/7d2f26d1483f8a63de73da1ee0754d35\"},\"breadcrumb\":{\"@id\":\"https:\\\/\\\/aconteceunovale.com.br\\\/portal\\\/?p=152395#breadcrumb\"},\"inLanguage\":\"pt-BR\",\"potentialAction\":[{\"@type\":\"ReadAction\",\"target\":[\"https:\\\/\\\/aconteceunovale.com.br\\\/portal\\\/?p=152395\"]}]},{\"@type\":\"ImageObject\",\"inLanguage\":\"pt-BR\",\"@id\":\"https:\\\/\\\/aconteceunovale.com.br\\\/portal\\\/?p=152395#primaryimage\",\"url\":\"https:\\\/\\\/aconteceunovale.com.br\\\/portal\\\/wp-content\\\/uploads\\\/2019\\\/09\\\/passaros_sps_1.jpg\",\"contentUrl\":\"https:\\\/\\\/aconteceunovale.com.br\\\/portal\\\/wp-content\\\/uploads\\\/2019\\\/09\\\/passaros_sps_1.jpg\",\"width\":600,\"height\":450},{\"@type\":\"BreadcrumbList\",\"@id\":\"https:\\\/\\\/aconteceunovale.com.br\\\/portal\\\/?p=152395#breadcrumb\",\"itemListElement\":[{\"@type\":\"ListItem\",\"position\":1,\"name\":\"In\u00edcio\",\"item\":\"https:\\\/\\\/aconteceunovale.com.br\\\/portal\\\/\"},{\"@type\":\"ListItem\",\"position\":2,\"name\":\"Pol\u00edcia apreende p\u00e1ssaros no munic\u00edpio de S\u00e3o Pedro do Sua\u00e7u\u00ed\"}]},{\"@type\":\"WebSite\",\"@id\":\"https:\\\/\\\/aconteceunovale.com.br\\\/portal\\\/#website\",\"url\":\"https:\\\/\\\/aconteceunovale.com.br\\\/portal\\\/\",\"name\":\"Aconteceu no Vale\",\"description\":\"Portal de Not\u00edcias\",\"potentialAction\":[{\"@type\":\"SearchAction\",\"target\":{\"@type\":\"EntryPoint\",\"urlTemplate\":\"https:\\\/\\\/aconteceunovale.com.br\\\/portal\\\/?s={search_term_string}\"},\"query-input\":{\"@type\":\"PropertyValueSpecification\",\"valueRequired\":true,\"valueName\":\"search_term_string\"}}],\"inLanguage\":\"pt-BR\"},{\"@type\":\"Person\",\"@id\":\"https:\\\/\\\/aconteceunovale.com.br\\\/portal\\\/#\\\/schema\\\/person\\\/7d2f26d1483f8a63de73da1ee0754d35\",\"name\":\"Reda\u00e7\u00e3o Aconteceu no Vale\",\"description\":\"Equipe de reportagem do Aconteceu no Vale, portal de not\u00edcias do Vale do Jequitinhonha, em Minas Gerais. Cobrimos as 51 cidades do Vale desde 2013. Sugest\u00f5es de pauta e pedidos de corre\u00e7\u00e3o: contato@aconteceunovale.com.br\",\"url\":\"https:\\\/\\\/aconteceunovale.com.br\\\/portal\\\/?author=4\"}]}<\/script>\n<!-- \/ Yoast SEO plugin. -->","yoast_head_json":{"title":"Pol\u00edcia apreende p\u00e1ssaros no munic\u00edpio de S\u00e3o Pedro do Sua\u00e7u\u00ed - Aconteceu no Vale","robots":{"index":"index","follow":"follow","max-snippet":"max-snippet:-1","max-image-preview":"max-image-preview:large","max-video-preview":"max-video-preview:-1"},"canonical":"https:\/\/aconteceunovale.com.br\/portal\/?p=152395","og_locale":"pt_BR","og_type":"article","og_title":"Pol\u00edcia apreende p\u00e1ssaros no munic\u00edpio de S\u00e3o Pedro do Sua\u00e7u\u00ed - Aconteceu no Vale","og_description":"A Pol\u00edcia Militar de Meio Ambiente de S\u00e3o Jo\u00e3o Evangelista apreendeu p\u00e1ssaros silvestres e materiais para a ca\u00e7a em uma propriedade rural no munic\u00edpio de S\u00e3o Pedro do Sua\u00e7u\u00ed, no Vale do Rio Doce, na segunda-feira (09\/09\/2019). Den\u00fancias an\u00f4nimas indicaram a pr\u00e1tica de tr\u00e1fico de animais silvestres no local alvo da a\u00e7\u00e3o policial. Um homem, [&hellip;]","og_url":"https:\/\/aconteceunovale.com.br\/portal\/?p=152395","og_site_name":"Aconteceu no Vale","article_publisher":"https:\/\/www.facebook.com\/aconteceunovale\/","article_published_time":"2019-09-11T02:20:29+00:00","article_modified_time":"2019-09-11T02:26:55+00:00","og_image":[{"width":600,"height":450,"url":"https:\/\/aconteceunovale.com.br\/portal\/wp-content\/uploads\/2019\/09\/passaros_sps_1.jpg","type":"image\/jpeg"}],"author":"Reda\u00e7\u00e3o Aconteceu no Vale","twitter_card":"summary_large_image","twitter_creator":"@noticiadosvales","twitter_site":"@noticiadosvales","twitter_misc":{"Escrito por":"Reda\u00e7\u00e3o Aconteceu no Vale","Est. tempo de leitura":"1 minuto"},"schema":{"@context":"https:\/\/schema.org","@graph":[{"@type":"Article","@id":"https:\/\/aconteceunovale.com.br\/portal\/?p=152395#article","isPartOf":{"@id":"https:\/\/aconteceunovale.com.br\/portal\/?p=152395"},"author":{"name":"Reda\u00e7\u00e3o Aconteceu no Vale","@id":"https:\/\/aconteceunovale.com.br\/portal\/#\/schema\/person\/7d2f26d1483f8a63de73da1ee0754d35"},"headline":"Pol\u00edcia apreende p\u00e1ssaros no munic\u00edpio de S\u00e3o Pedro do Sua\u00e7u\u00ed","datePublished":"2019-09-11T02:20:29+00:00","dateModified":"2019-09-11T02:26:55+00:00","mainEntityOfPage":{"@id":"https:\/\/aconteceunovale.com.br\/portal\/?p=152395"},"wordCount":178,"commentCount":0,"image":{"@id":"https:\/\/aconteceunovale.com.br\/portal\/?p=152395#primaryimage"},"thumbnailUrl":"https:\/\/aconteceunovale.com.br\/portal\/wp-content\/uploads\/2019\/09\/passaros_sps_1.jpg","keywords":["Apreens\u00e3o de p\u00e1ssaros em S\u00e3o Pedro do Sua\u00e7u\u00ed","P\u00e1ssaros apreendidos em S\u00e3o Pedro do Sua\u00e7u\u00ed","Pol\u00edcia apreende p\u00e1ssaros no munic\u00edpio de S\u00e3o Pedro do Sua\u00e7u\u00ed","S\u00e3o Jo\u00e3o Evangelista","S\u00e3o Pedro do Sua\u00e7u\u00ed"],"articleSection":["Leste de Minas"],"inLanguage":"pt-BR","potentialAction":[{"@type":"CommentAction","name":"Comment","target":["https:\/\/aconteceunovale.com.br\/portal\/?p=152395#respond"]}]},{"@type":"WebPage","@id":"https:\/\/aconteceunovale.com.br\/portal\/?p=152395","url":"https:\/\/aconteceunovale.com.br\/portal\/?p=152395","name":"Pol\u00edcia apreende p\u00e1ssaros no munic\u00edpio de S\u00e3o Pedro do Sua\u00e7u\u00ed - Aconteceu no Vale","isPartOf":{"@id":"https:\/\/aconteceunovale.com.br\/portal\/#website"},"primaryImageOfPage":{"@id":"https:\/\/aconteceunovale.com.br\/portal\/?p=152395#primaryimage"},"image":{"@id":"https:\/\/aconteceunovale.com.br\/portal\/?p=152395#primaryimage"},"thumbnailUrl":"https:\/\/aconteceunovale.com.br\/portal\/wp-content\/uploads\/2019\/09\/passaros_sps_1.jpg","datePublished":"2019-09-11T02:20:29+00:00","dateModified":"2019-09-11T02:26:55+00:00","author":{"@id":"https:\/\/aconteceunovale.com.br\/portal\/#\/schema\/person\/7d2f26d1483f8a63de73da1ee0754d35"},"breadcrumb":{"@id":"https:\/\/aconteceunovale.com.br\/portal\/?p=152395#breadcrumb"},"inLanguage":"pt-BR","potentialAction":[{"@type":"ReadAction","target":["https:\/\/aconteceunovale.com.br\/portal\/?p=152395"]}]},{"@type":"ImageObject","inLanguage":"pt-BR","@id":"https:\/\/aconteceunovale.com.br\/portal\/?p=152395#primaryimage","url":"https:\/\/aconteceunovale.com.br\/portal\/wp-content\/uploads\/2019\/09\/passaros_sps_1.jpg","contentUrl":"https:\/\/aconteceunovale.com.br\/portal\/wp-content\/uploads\/2019\/09\/passaros_sps_1.jpg","width":600,"height":450},{"@type":"BreadcrumbList","@id":"https:\/\/aconteceunovale.com.br\/portal\/?p=152395#breadcrumb","itemListElement":[{"@type":"ListItem","position":1,"name":"In\u00edcio","item":"https:\/\/aconteceunovale.com.br\/portal\/"},{"@type":"ListItem","position":2,"name":"Pol\u00edcia apreende p\u00e1ssaros no munic\u00edpio de S\u00e3o Pedro do Sua\u00e7u\u00ed"}]},{"@type":"WebSite","@id":"https:\/\/aconteceunovale.com.br\/portal\/#website","url":"https:\/\/aconteceunovale.com.br\/portal\/","name":"Aconteceu no Vale","description":"Portal de Not\u00edcias","potentialAction":[{"@type":"SearchAction","target":{"@type":"EntryPoint","urlTemplate":"https:\/\/aconteceunovale.com.br\/portal\/?s={search_term_string}"},"query-input":{"@type":"PropertyValueSpecification","valueRequired":true,"valueName":"search_term_string"}}],"inLanguage":"pt-BR"},{"@type":"Person","@id":"https:\/\/aconteceunovale.com.br\/portal\/#\/schema\/person\/7d2f26d1483f8a63de73da1ee0754d35","name":"Reda\u00e7\u00e3o Aconteceu no Vale","description":"Equipe de reportagem do Aconteceu no Vale, portal de not\u00edcias do Vale do Jequitinhonha, em Minas Gerais. Cobrimos as 51 cidades do Vale desde 2013. Sugest\u00f5es de pauta e pedidos de corre\u00e7\u00e3o: contato@aconteceunovale.com.br","url":"https:\/\/aconteceunovale.com.br\/portal\/?author=4"}]}},"_links":{"self":[{"href":"https:\/\/aconteceunovale.com.br\/portal\/index.php?rest_route=\/wp\/v2\/posts\/152395","targetHints":{"allow":["GET"]}}],"collection":[{"href":"https:\/\/aconteceunovale.com.br\/portal\/index.php?rest_route=\/wp\/v2\/posts"}],"about":[{"href":"https:\/\/aconteceunovale.com.br\/portal\/index.php?rest_route=\/wp\/v2\/types\/post"}],"author":[{"embeddable":true,"href":"https:\/\/aconteceunovale.com.br\/portal\/index.php?rest_route=\/wp\/v2\/users\/4"}],"replies":[{"embeddable":true,"href":"https:\/\/aconteceunovale.com.br\/portal\/index.php?rest_route=%2Fwp%2Fv2%2Fcomments&post=152395"}],"version-history":[{"count":1,"href":"https:\/\/aconteceunovale.com.br\/portal\/index.php?rest_route=\/wp\/v2\/posts\/152395\/revisions"}],"predecessor-version":[{"id":152399,"href":"https:\/\/aconteceunovale.com.br\/portal\/index.php?rest_route=\/wp\/v2\/posts\/152395\/revisions\/152399"}],"wp:featuredmedia":[{"embeddable":true,"href":"https:\/\/aconteceunovale.com.br\/portal\/index.php?rest_route=\/wp\/v2\/media\/152396"}],"wp:attachment":[{"href":"https:\/\/aconteceunovale.com.br\/portal\/index.php?rest_route=%2Fwp%2Fv2%2Fmedia&parent=152395"}],"wp:term":[{"taxonomy":"category","embeddable":true,"href":"https:\/\/aconteceunovale.com.br\/portal\/index.php?rest_route=%2Fwp%2Fv2%2Fcategories&post=152395"},{"taxonomy":"post_tag","embeddable":true,"href":"https:\/\/aconteceunovale.com.br\/portal\/index.php?rest_route=%2Fwp%2Fv2%2Ftags&post=152395"}],"curies":[{"name":"wp","href":"https:\/\/api.w.org\/{rel}","templated":true}]}}