{"id":152389,"date":"2019-09-10T23:03:08","date_gmt":"2019-09-11T02:03:08","guid":{"rendered":"http:\/\/aconteceunovale.com.br\/portal\/?p=152389"},"modified":"2019-09-10T23:03:27","modified_gmt":"2019-09-11T02:03:27","slug":"dupla-e-presa-apos-assaltar-idosos-no-municipio-de-capitao-eneas-no-norte-de-minas","status":"publish","type":"post","link":"https:\/\/aconteceunovale.com.br\/portal\/?p=152389","title":{"rendered":"Dupla \u00e9 presa ap\u00f3s assaltar idosos no munic\u00edpio de Capit\u00e3o En\u00e9as, no Norte de Minas"},"content":{"rendered":"\n<p class=\"wp-block-paragraph\">A pol\u00edcia capturou dois jovens, de 17 e 25 anos, suspeitos\nde assaltar a resid\u00eancia de um casal de idosos no munic\u00edpio de Capit\u00e3o En\u00e9as, no\nNorte de Minas, na madrugada desta segunda-feira (09\/09\/2019). Segundo a Pol\u00edcia\nMilitar, os assaltantes entraram na casa dos idosos, de 67 e 79 anos, no\nDistrito de Ca\u00e7arema, por volta das 23h40. <\/p>\n\n\n\n<p class=\"wp-block-paragraph\">Conforme a ocorr\u00eancia, o idoso ouviu os cachorros latir e\nresolveu ir at\u00e9 o port\u00e3o da casa para ver o que estava acontecendo, momento que\nfoi abordado pela dupla, rendido e agredido com duas coronhadas na cabe\u00e7a.<\/p>\n\n\n\n<p class=\"wp-block-paragraph\">As v\u00edtimas receberam v\u00e1rias amea\u00e7as de morte e tiveram R$ 1.000,00,\ntelefones celulares e outros objetos levados pelos assaltantes. O dinheiro era\nda aposentadoria de um dos moradores.<\/p>\n\n\n\n<p class=\"wp-block-paragraph\">Um dos assaltantes mora pr\u00f3ximo da resid\u00eancia dos idosos e\nn\u00e3o se preocupou em esconder o rosto durante a a\u00e7\u00e3o criminosa. Os policiais\nfizeram campana na porta da casa do criminoso por quatro horas e localizaram o\nmaior dormindo.<\/p>\n\n\n\n<p class=\"wp-block-paragraph\">Na casa do adolescente, a PM conseguiu recuperar R$ 860,00, al\u00e9m de um simulacro de arma de fogo, dois perfumes e um rel\u00f3gio que seriam das v\u00edtimas. A dupla foi encaminhada \u00e0 Delegacia de Pol\u00edcia Civil de Montes Claros.<\/p>\n\n\n\n<figure class=\"wp-block-image\"><img loading=\"lazy\" decoding=\"async\" width=\"600\" height=\"450\" src=\"http:\/\/aconteceunovale.com.br\/portal\/wp-content\/uploads\/2019\/09\/roubo_capitao.jpg\" alt=\"\" class=\"wp-image-152390\" srcset=\"https:\/\/aconteceunovale.com.br\/portal\/wp-content\/uploads\/2019\/09\/roubo_capitao.jpg 600w, https:\/\/aconteceunovale.com.br\/portal\/wp-content\/uploads\/2019\/09\/roubo_capitao-300x225.jpg 300w, https:\/\/aconteceunovale.com.br\/portal\/wp-content\/uploads\/2019\/09\/roubo_capitao-80x60.jpg 80w, https:\/\/aconteceunovale.com.br\/portal\/wp-content\/uploads\/2019\/09\/roubo_capitao-265x198.jpg 265w, https:\/\/aconteceunovale.com.br\/portal\/wp-content\/uploads\/2019\/09\/roubo_capitao-560x420.jpg 560w\" sizes=\"auto, (max-width: 600px) 100vw, 600px\" \/><figcaption><em>Foto: Divulga\u00e7\u00e3o \/ Pol\u00edcia Militar<\/em><\/figcaption><\/figure>\n\n\n\n<p class=\"has-text-color has-background has-very-light-gray-color has-vivid-cyan-blue-background-color wp-block-paragraph\"><strong>VER PRIMEIRO: <\/strong>Receba as not\u00edcias do Aconteceu no Vale em primeira m\u00e3o. Clique em curtir no endere\u00e7o <a href=\"https:\/\/www.facebook.com\/aconteceunovale\" target=\"_blank\" rel=\"noreferrer noopener\">www.facebook.com\/aconteceunovale<\/a>.<\/p>\n","protected":false},"excerpt":{"rendered":"<p>A pol\u00edcia capturou dois jovens, de 17 e 25 anos, suspeitos de assaltar a resid\u00eancia de um casal de idosos no munic\u00edpio de Capit\u00e3o En\u00e9as, no Norte de Minas, na madrugada desta segunda-feira (09\/09\/2019). Segundo a Pol\u00edcia Militar, os assaltantes entraram na casa dos idosos, de 67 e 79 anos, no Distrito de Ca\u00e7arema, por [&hellip;]<\/p>\n","protected":false},"author":4,"featured_media":152390,"comment_status":"open","ping_status":"closed","sticky":false,"template":"","format":"standard","meta":{"amp_status":"","footnotes":""},"categories":[1236],"tags":[119534,206834,1429,206835,184496,119533,206833],"class_list":["post-152389","post","type-post","status-publish","format-standard","has-post-thumbnail","hentry","category-norte_de_minas","tag-assalto-capitao-eneas","tag-assalto-casa-de-idosos-em-capitao-eneas","tag-capitao-eneas","tag-dupla-e-presa-apos-assaltar-idosos-no-municipio-de-capitao-eneas","tag-presos-em-capitao-eneas","tag-roubo-capitao-eneas","tag-roubo-casa-de-idosos-em-capitao-eneas"],"yoast_head":"<!-- This site is optimized with the Yoast SEO plugin v28.3 - https:\/\/yoast.com\/product\/yoast-seo-wordpress\/ -->\n<title>Dupla \u00e9 presa ap\u00f3s assaltar idosos no munic\u00edpio de Capit\u00e3o En\u00e9as, no Norte de Minas - Aconteceu no Vale<\/title>\n<meta name=\"robots\" content=\"index, follow, max-snippet:-1, max-image-preview:large, max-video-preview:-1\" \/>\n<link rel=\"canonical\" href=\"https:\/\/aconteceunovale.com.br\/portal\/?p=152389\" \/>\n<meta property=\"og:locale\" content=\"pt_BR\" \/>\n<meta property=\"og:type\" content=\"article\" \/>\n<meta property=\"og:title\" content=\"Dupla \u00e9 presa ap\u00f3s assaltar idosos no munic\u00edpio de Capit\u00e3o En\u00e9as, no Norte de Minas - Aconteceu no Vale\" \/>\n<meta property=\"og:description\" content=\"A pol\u00edcia capturou dois jovens, de 17 e 25 anos, suspeitos de assaltar a resid\u00eancia de um casal de idosos no munic\u00edpio de Capit\u00e3o En\u00e9as, no Norte de Minas, na madrugada desta segunda-feira (09\/09\/2019). Segundo a Pol\u00edcia Militar, os assaltantes entraram na casa dos idosos, de 67 e 79 anos, no Distrito de Ca\u00e7arema, por [&hellip;]\" \/>\n<meta property=\"og:url\" content=\"https:\/\/aconteceunovale.com.br\/portal\/?p=152389\" \/>\n<meta property=\"og:site_name\" content=\"Aconteceu no Vale\" \/>\n<meta property=\"article:publisher\" content=\"https:\/\/www.facebook.com\/aconteceunovale\/\" \/>\n<meta property=\"article:published_time\" content=\"2019-09-11T02:03:08+00:00\" \/>\n<meta property=\"article:modified_time\" content=\"2019-09-11T02:03:27+00:00\" \/>\n<meta property=\"og:image\" content=\"https:\/\/aconteceunovale.com.br\/portal\/wp-content\/uploads\/2019\/09\/roubo_capitao.jpg\" \/>\n\t<meta property=\"og:image:width\" content=\"600\" \/>\n\t<meta property=\"og:image:height\" content=\"450\" \/>\n\t<meta property=\"og:image:type\" content=\"image\/jpeg\" \/>\n<meta name=\"author\" content=\"Reda\u00e7\u00e3o Aconteceu no Vale\" \/>\n<meta name=\"twitter:card\" content=\"summary_large_image\" \/>\n<meta name=\"twitter:creator\" content=\"@noticiadosvales\" \/>\n<meta name=\"twitter:site\" content=\"@noticiadosvales\" \/>\n<meta name=\"twitter:label1\" content=\"Escrito por\" \/>\n\t<meta name=\"twitter:data1\" content=\"Reda\u00e7\u00e3o Aconteceu no Vale\" \/>\n\t<meta name=\"twitter:label2\" content=\"Est. tempo de leitura\" \/>\n\t<meta name=\"twitter:data2\" content=\"1 minuto\" \/>\n<script type=\"application\/ld+json\" class=\"yoast-schema-graph\">{\"@context\":\"https:\\\/\\\/schema.org\",\"@graph\":[{\"@type\":\"Article\",\"@id\":\"https:\\\/\\\/aconteceunovale.com.br\\\/portal\\\/?p=152389#article\",\"isPartOf\":{\"@id\":\"https:\\\/\\\/aconteceunovale.com.br\\\/portal\\\/?p=152389\"},\"author\":{\"name\":\"Reda\u00e7\u00e3o Aconteceu no Vale\",\"@id\":\"https:\\\/\\\/aconteceunovale.com.br\\\/portal\\\/#\\\/schema\\\/person\\\/7d2f26d1483f8a63de73da1ee0754d35\"},\"headline\":\"Dupla \u00e9 presa ap\u00f3s assaltar idosos no munic\u00edpio de Capit\u00e3o En\u00e9as, no Norte de Minas\",\"datePublished\":\"2019-09-11T02:03:08+00:00\",\"dateModified\":\"2019-09-11T02:03:27+00:00\",\"mainEntityOfPage\":{\"@id\":\"https:\\\/\\\/aconteceunovale.com.br\\\/portal\\\/?p=152389\"},\"wordCount\":262,\"commentCount\":0,\"image\":{\"@id\":\"https:\\\/\\\/aconteceunovale.com.br\\\/portal\\\/?p=152389#primaryimage\"},\"thumbnailUrl\":\"https:\\\/\\\/aconteceunovale.com.br\\\/portal\\\/wp-content\\\/uploads\\\/2019\\\/09\\\/roubo_capitao.jpg\",\"keywords\":[\"Assalto Capit\u00e3o En\u00e9as\",\"Assalto casa de idosos em Capit\u00e3o En\u00e9as\",\"capitao eneas\",\"Dupla \u00e9 presa ap\u00f3s assaltar idosos no munic\u00edpio de Capit\u00e3o En\u00e9as\",\"Presos em Capit\u00e3o En\u00e9as\",\"Roubo Capit\u00e3o En\u00e9as\",\"Roubo casa de idosos em Capit\u00e3o En\u00e9as\"],\"articleSection\":[\"Norte de Minas\"],\"inLanguage\":\"pt-BR\",\"potentialAction\":[{\"@type\":\"CommentAction\",\"name\":\"Comment\",\"target\":[\"https:\\\/\\\/aconteceunovale.com.br\\\/portal\\\/?p=152389#respond\"]}]},{\"@type\":\"WebPage\",\"@id\":\"https:\\\/\\\/aconteceunovale.com.br\\\/portal\\\/?p=152389\",\"url\":\"https:\\\/\\\/aconteceunovale.com.br\\\/portal\\\/?p=152389\",\"name\":\"Dupla \u00e9 presa ap\u00f3s assaltar idosos no munic\u00edpio de Capit\u00e3o En\u00e9as, no Norte de Minas - Aconteceu no Vale\",\"isPartOf\":{\"@id\":\"https:\\\/\\\/aconteceunovale.com.br\\\/portal\\\/#website\"},\"primaryImageOfPage\":{\"@id\":\"https:\\\/\\\/aconteceunovale.com.br\\\/portal\\\/?p=152389#primaryimage\"},\"image\":{\"@id\":\"https:\\\/\\\/aconteceunovale.com.br\\\/portal\\\/?p=152389#primaryimage\"},\"thumbnailUrl\":\"https:\\\/\\\/aconteceunovale.com.br\\\/portal\\\/wp-content\\\/uploads\\\/2019\\\/09\\\/roubo_capitao.jpg\",\"datePublished\":\"2019-09-11T02:03:08+00:00\",\"dateModified\":\"2019-09-11T02:03:27+00:00\",\"author\":{\"@id\":\"https:\\\/\\\/aconteceunovale.com.br\\\/portal\\\/#\\\/schema\\\/person\\\/7d2f26d1483f8a63de73da1ee0754d35\"},\"breadcrumb\":{\"@id\":\"https:\\\/\\\/aconteceunovale.com.br\\\/portal\\\/?p=152389#breadcrumb\"},\"inLanguage\":\"pt-BR\",\"potentialAction\":[{\"@type\":\"ReadAction\",\"target\":[\"https:\\\/\\\/aconteceunovale.com.br\\\/portal\\\/?p=152389\"]}]},{\"@type\":\"ImageObject\",\"inLanguage\":\"pt-BR\",\"@id\":\"https:\\\/\\\/aconteceunovale.com.br\\\/portal\\\/?p=152389#primaryimage\",\"url\":\"https:\\\/\\\/aconteceunovale.com.br\\\/portal\\\/wp-content\\\/uploads\\\/2019\\\/09\\\/roubo_capitao.jpg\",\"contentUrl\":\"https:\\\/\\\/aconteceunovale.com.br\\\/portal\\\/wp-content\\\/uploads\\\/2019\\\/09\\\/roubo_capitao.jpg\",\"width\":600,\"height\":450},{\"@type\":\"BreadcrumbList\",\"@id\":\"https:\\\/\\\/aconteceunovale.com.br\\\/portal\\\/?p=152389#breadcrumb\",\"itemListElement\":[{\"@type\":\"ListItem\",\"position\":1,\"name\":\"In\u00edcio\",\"item\":\"https:\\\/\\\/aconteceunovale.com.br\\\/portal\\\/\"},{\"@type\":\"ListItem\",\"position\":2,\"name\":\"Dupla \u00e9 presa ap\u00f3s assaltar idosos no munic\u00edpio de Capit\u00e3o En\u00e9as, no Norte de Minas\"}]},{\"@type\":\"WebSite\",\"@id\":\"https:\\\/\\\/aconteceunovale.com.br\\\/portal\\\/#website\",\"url\":\"https:\\\/\\\/aconteceunovale.com.br\\\/portal\\\/\",\"name\":\"Aconteceu no Vale\",\"description\":\"Portal de Not\u00edcias\",\"potentialAction\":[{\"@type\":\"SearchAction\",\"target\":{\"@type\":\"EntryPoint\",\"urlTemplate\":\"https:\\\/\\\/aconteceunovale.com.br\\\/portal\\\/?s={search_term_string}\"},\"query-input\":{\"@type\":\"PropertyValueSpecification\",\"valueRequired\":true,\"valueName\":\"search_term_string\"}}],\"inLanguage\":\"pt-BR\"},{\"@type\":\"Person\",\"@id\":\"https:\\\/\\\/aconteceunovale.com.br\\\/portal\\\/#\\\/schema\\\/person\\\/7d2f26d1483f8a63de73da1ee0754d35\",\"name\":\"Reda\u00e7\u00e3o Aconteceu no Vale\",\"description\":\"Equipe de reportagem do Aconteceu no Vale, portal de not\u00edcias do Vale do Jequitinhonha, em Minas Gerais. Cobrimos as 51 cidades do Vale desde 2013. Sugest\u00f5es de pauta e pedidos de corre\u00e7\u00e3o: contato@aconteceunovale.com.br\",\"url\":\"https:\\\/\\\/aconteceunovale.com.br\\\/portal\\\/?author=4\"}]}<\/script>\n<!-- \/ Yoast SEO plugin. -->","yoast_head_json":{"title":"Dupla \u00e9 presa ap\u00f3s assaltar idosos no munic\u00edpio de Capit\u00e3o En\u00e9as, no Norte de Minas - Aconteceu no Vale","robots":{"index":"index","follow":"follow","max-snippet":"max-snippet:-1","max-image-preview":"max-image-preview:large","max-video-preview":"max-video-preview:-1"},"canonical":"https:\/\/aconteceunovale.com.br\/portal\/?p=152389","og_locale":"pt_BR","og_type":"article","og_title":"Dupla \u00e9 presa ap\u00f3s assaltar idosos no munic\u00edpio de Capit\u00e3o En\u00e9as, no Norte de Minas - Aconteceu no Vale","og_description":"A pol\u00edcia capturou dois jovens, de 17 e 25 anos, suspeitos de assaltar a resid\u00eancia de um casal de idosos no munic\u00edpio de Capit\u00e3o En\u00e9as, no Norte de Minas, na madrugada desta segunda-feira (09\/09\/2019). Segundo a Pol\u00edcia Militar, os assaltantes entraram na casa dos idosos, de 67 e 79 anos, no Distrito de Ca\u00e7arema, por [&hellip;]","og_url":"https:\/\/aconteceunovale.com.br\/portal\/?p=152389","og_site_name":"Aconteceu no Vale","article_publisher":"https:\/\/www.facebook.com\/aconteceunovale\/","article_published_time":"2019-09-11T02:03:08+00:00","article_modified_time":"2019-09-11T02:03:27+00:00","og_image":[{"width":600,"height":450,"url":"https:\/\/aconteceunovale.com.br\/portal\/wp-content\/uploads\/2019\/09\/roubo_capitao.jpg","type":"image\/jpeg"}],"author":"Reda\u00e7\u00e3o Aconteceu no Vale","twitter_card":"summary_large_image","twitter_creator":"@noticiadosvales","twitter_site":"@noticiadosvales","twitter_misc":{"Escrito por":"Reda\u00e7\u00e3o Aconteceu no Vale","Est. tempo de leitura":"1 minuto"},"schema":{"@context":"https:\/\/schema.org","@graph":[{"@type":"Article","@id":"https:\/\/aconteceunovale.com.br\/portal\/?p=152389#article","isPartOf":{"@id":"https:\/\/aconteceunovale.com.br\/portal\/?p=152389"},"author":{"name":"Reda\u00e7\u00e3o Aconteceu no Vale","@id":"https:\/\/aconteceunovale.com.br\/portal\/#\/schema\/person\/7d2f26d1483f8a63de73da1ee0754d35"},"headline":"Dupla \u00e9 presa ap\u00f3s assaltar idosos no munic\u00edpio de Capit\u00e3o En\u00e9as, no Norte de Minas","datePublished":"2019-09-11T02:03:08+00:00","dateModified":"2019-09-11T02:03:27+00:00","mainEntityOfPage":{"@id":"https:\/\/aconteceunovale.com.br\/portal\/?p=152389"},"wordCount":262,"commentCount":0,"image":{"@id":"https:\/\/aconteceunovale.com.br\/portal\/?p=152389#primaryimage"},"thumbnailUrl":"https:\/\/aconteceunovale.com.br\/portal\/wp-content\/uploads\/2019\/09\/roubo_capitao.jpg","keywords":["Assalto Capit\u00e3o En\u00e9as","Assalto casa de idosos em Capit\u00e3o En\u00e9as","capitao eneas","Dupla \u00e9 presa ap\u00f3s assaltar idosos no munic\u00edpio de Capit\u00e3o En\u00e9as","Presos em Capit\u00e3o En\u00e9as","Roubo Capit\u00e3o En\u00e9as","Roubo casa de idosos em Capit\u00e3o En\u00e9as"],"articleSection":["Norte de Minas"],"inLanguage":"pt-BR","potentialAction":[{"@type":"CommentAction","name":"Comment","target":["https:\/\/aconteceunovale.com.br\/portal\/?p=152389#respond"]}]},{"@type":"WebPage","@id":"https:\/\/aconteceunovale.com.br\/portal\/?p=152389","url":"https:\/\/aconteceunovale.com.br\/portal\/?p=152389","name":"Dupla \u00e9 presa ap\u00f3s assaltar idosos no munic\u00edpio de Capit\u00e3o En\u00e9as, no Norte de Minas - Aconteceu no Vale","isPartOf":{"@id":"https:\/\/aconteceunovale.com.br\/portal\/#website"},"primaryImageOfPage":{"@id":"https:\/\/aconteceunovale.com.br\/portal\/?p=152389#primaryimage"},"image":{"@id":"https:\/\/aconteceunovale.com.br\/portal\/?p=152389#primaryimage"},"thumbnailUrl":"https:\/\/aconteceunovale.com.br\/portal\/wp-content\/uploads\/2019\/09\/roubo_capitao.jpg","datePublished":"2019-09-11T02:03:08+00:00","dateModified":"2019-09-11T02:03:27+00:00","author":{"@id":"https:\/\/aconteceunovale.com.br\/portal\/#\/schema\/person\/7d2f26d1483f8a63de73da1ee0754d35"},"breadcrumb":{"@id":"https:\/\/aconteceunovale.com.br\/portal\/?p=152389#breadcrumb"},"inLanguage":"pt-BR","potentialAction":[{"@type":"ReadAction","target":["https:\/\/aconteceunovale.com.br\/portal\/?p=152389"]}]},{"@type":"ImageObject","inLanguage":"pt-BR","@id":"https:\/\/aconteceunovale.com.br\/portal\/?p=152389#primaryimage","url":"https:\/\/aconteceunovale.com.br\/portal\/wp-content\/uploads\/2019\/09\/roubo_capitao.jpg","contentUrl":"https:\/\/aconteceunovale.com.br\/portal\/wp-content\/uploads\/2019\/09\/roubo_capitao.jpg","width":600,"height":450},{"@type":"BreadcrumbList","@id":"https:\/\/aconteceunovale.com.br\/portal\/?p=152389#breadcrumb","itemListElement":[{"@type":"ListItem","position":1,"name":"In\u00edcio","item":"https:\/\/aconteceunovale.com.br\/portal\/"},{"@type":"ListItem","position":2,"name":"Dupla \u00e9 presa ap\u00f3s assaltar idosos no munic\u00edpio de Capit\u00e3o En\u00e9as, no Norte de Minas"}]},{"@type":"WebSite","@id":"https:\/\/aconteceunovale.com.br\/portal\/#website","url":"https:\/\/aconteceunovale.com.br\/portal\/","name":"Aconteceu no Vale","description":"Portal de Not\u00edcias","potentialAction":[{"@type":"SearchAction","target":{"@type":"EntryPoint","urlTemplate":"https:\/\/aconteceunovale.com.br\/portal\/?s={search_term_string}"},"query-input":{"@type":"PropertyValueSpecification","valueRequired":true,"valueName":"search_term_string"}}],"inLanguage":"pt-BR"},{"@type":"Person","@id":"https:\/\/aconteceunovale.com.br\/portal\/#\/schema\/person\/7d2f26d1483f8a63de73da1ee0754d35","name":"Reda\u00e7\u00e3o Aconteceu no Vale","description":"Equipe de reportagem do Aconteceu no Vale, portal de not\u00edcias do Vale do Jequitinhonha, em Minas Gerais. Cobrimos as 51 cidades do Vale desde 2013. Sugest\u00f5es de pauta e pedidos de corre\u00e7\u00e3o: contato@aconteceunovale.com.br","url":"https:\/\/aconteceunovale.com.br\/portal\/?author=4"}]}},"_links":{"self":[{"href":"https:\/\/aconteceunovale.com.br\/portal\/index.php?rest_route=\/wp\/v2\/posts\/152389","targetHints":{"allow":["GET"]}}],"collection":[{"href":"https:\/\/aconteceunovale.com.br\/portal\/index.php?rest_route=\/wp\/v2\/posts"}],"about":[{"href":"https:\/\/aconteceunovale.com.br\/portal\/index.php?rest_route=\/wp\/v2\/types\/post"}],"author":[{"embeddable":true,"href":"https:\/\/aconteceunovale.com.br\/portal\/index.php?rest_route=\/wp\/v2\/users\/4"}],"replies":[{"embeddable":true,"href":"https:\/\/aconteceunovale.com.br\/portal\/index.php?rest_route=%2Fwp%2Fv2%2Fcomments&post=152389"}],"version-history":[{"count":1,"href":"https:\/\/aconteceunovale.com.br\/portal\/index.php?rest_route=\/wp\/v2\/posts\/152389\/revisions"}],"predecessor-version":[{"id":152391,"href":"https:\/\/aconteceunovale.com.br\/portal\/index.php?rest_route=\/wp\/v2\/posts\/152389\/revisions\/152391"}],"wp:featuredmedia":[{"embeddable":true,"href":"https:\/\/aconteceunovale.com.br\/portal\/index.php?rest_route=\/wp\/v2\/media\/152390"}],"wp:attachment":[{"href":"https:\/\/aconteceunovale.com.br\/portal\/index.php?rest_route=%2Fwp%2Fv2%2Fmedia&parent=152389"}],"wp:term":[{"taxonomy":"category","embeddable":true,"href":"https:\/\/aconteceunovale.com.br\/portal\/index.php?rest_route=%2Fwp%2Fv2%2Fcategories&post=152389"},{"taxonomy":"post_tag","embeddable":true,"href":"https:\/\/aconteceunovale.com.br\/portal\/index.php?rest_route=%2Fwp%2Fv2%2Ftags&post=152389"}],"curies":[{"name":"wp","href":"https:\/\/api.w.org\/{rel}","templated":true}]}}