{"id":15234,"date":"2013-12-12T23:49:04","date_gmt":"2013-12-13T01:49:04","guid":{"rendered":"http:\/\/aconteceunovale.com.br\/portal\/?p=15234"},"modified":"2026-09-02T12:09:29","modified_gmt":"2026-09-02T15:09:29","slug":"micareta-de-almenara-2014-da-producoes-confirma-a-programacao-do-bloco-os-vadios","status":"publish","type":"post","link":"https:\/\/aconteceunovale.com.br\/portal\/?p=15234","title":{"rendered":"MICARETA DE ALMENARA 2014: DA Produ\u00e7\u00f5es confirma atra\u00e7\u00f5es do bloco &#8220;Os Vadios&#8221;"},"content":{"rendered":"<p><em><strong>Por Vicente Alves, Portal Aconteceu no Vale<\/strong><\/em><\/p>\n<p>De 10 a 12 de janeiro de 2014, acontece mais uma edi\u00e7\u00e3o da Micareta de Almenara\/MG.<\/p>\n<p>O evento que \u00e9 considerado a maior micareta de rua de Minas Gerais, promete transformar a avenida Olindo Miranda em um verdadeiro palco, com trios el\u00e9tricos e a galera mais bonita de toda a regi\u00e3o.<\/p>\n<p>O tradicional Bloco &#8220;Os Vadios &#8211; O Bloco Beleza Beleza&#8221;, do empres\u00e1rio Danilo Andrade, acaba de confirmar as atra\u00e7\u00f5es para 2014, no dia 10 a folia ficar\u00e1 por conta da banda Harmonia do Samba, no dia 11 banda Patchanka e no dia 12 o ax\u00e9 da banda Rapazolla.<\/p>\n<p><a href=\"http:\/\/aconteceunovale.com.br\/portal\/wp-content\/uploads\/2013\/12\/os_vadios_micareta_2014.jpg\" target=\"_blank\"><img decoding=\"async\" alt=\"\" src=\"http:\/\/aconteceunovale.com.br\/portal\/wp-content\/uploads\/2013\/12\/os_vadios_micareta_2014.jpg\" \/><\/a><br \/>\n<em>Montagem do portal Aconteceu no Vale<\/em><\/p>\n<p>Outra novidade para 2014 \u00e9 o Bloco Oba Oba. J\u00e1 no seu primeiro ano a produ\u00e7\u00e3o do bloco ir\u00e1 colocar na rua 3 grandes atra\u00e7\u00f5es da m\u00fasica Baiana. Som do Povo no dia 10, Kuarto de Empregada dia 11 e Lux\u00faria dia 12 ir\u00e3o embalar os foli\u00f5es ao som de muito ax\u00e9, arrocha e pagode.<\/p>\n<p>Fique ligado no portal <a href=\"http:\/\/www.aconteceunovale.com.br\" target=\"_blank\">Aconteceu no Vale<\/a> e saiba tudo sobre a Micareta de Almenara.<\/p>\n","protected":false},"excerpt":{"rendered":"<p>Por Vicente Alves, Portal Aconteceu no Vale De 10 a 12 de janeiro de 2014, acontece mais uma edi\u00e7\u00e3o da Micareta de Almenara\/MG. O evento que \u00e9 considerado a maior micareta de rua de Minas Gerais, promete transformar a avenida Olindo Miranda em um verdadeiro palco, com trios el\u00e9tricos e a galera mais bonita de [&hellip;]<\/p>\n","protected":false},"author":1,"featured_media":15235,"comment_status":"open","ping_status":"closed","sticky":false,"template":"","format":"standard","meta":{"amp_status":"","footnotes":""},"categories":[272528,125],"tags":[142,1226,1228,1382,944,1381,1380],"class_list":["post-15234","post","type-post","status-publish","format-standard","has-post-thumbnail","hentry","category-almenara","category-noticias","tag-almenara","tag-bloco-os-vadios","tag-da-producoes","tag-harmonia-do-samba","tag-micareta-de-almenara-2014","tag-patchanka","tag-rapazolla"],"yoast_head":"<!-- This site is optimized with the Yoast SEO plugin v28.3 - https:\/\/yoast.com\/product\/yoast-seo-wordpress\/ -->\n<title>MICARETA DE ALMENARA 2014: DA Produ\u00e7\u00f5es confirma atra\u00e7\u00f5es do bloco &quot;Os Vadios&quot; - Aconteceu no Vale<\/title>\n<meta name=\"robots\" content=\"index, follow, max-snippet:-1, max-image-preview:large, max-video-preview:-1\" \/>\n<link rel=\"canonical\" href=\"https:\/\/aconteceunovale.com.br\/portal\/?p=15234\" \/>\n<meta property=\"og:locale\" content=\"pt_BR\" \/>\n<meta property=\"og:type\" content=\"article\" \/>\n<meta property=\"og:title\" content=\"MICARETA DE ALMENARA 2014: DA Produ\u00e7\u00f5es confirma atra\u00e7\u00f5es do bloco &quot;Os Vadios&quot; - Aconteceu no Vale\" \/>\n<meta property=\"og:description\" content=\"Por Vicente Alves, Portal Aconteceu no Vale De 10 a 12 de janeiro de 2014, acontece mais uma edi\u00e7\u00e3o da Micareta de Almenara\/MG. O evento que \u00e9 considerado a maior micareta de rua de Minas Gerais, promete transformar a avenida Olindo Miranda em um verdadeiro palco, com trios el\u00e9tricos e a galera mais bonita de [&hellip;]\" \/>\n<meta property=\"og:url\" content=\"https:\/\/aconteceunovale.com.br\/portal\/?p=15234\" \/>\n<meta property=\"og:site_name\" content=\"Aconteceu no Vale\" \/>\n<meta property=\"article:publisher\" content=\"https:\/\/www.facebook.com\/aconteceunovale\/\" \/>\n<meta property=\"article:published_time\" content=\"2013-12-13T01:49:04+00:00\" \/>\n<meta property=\"article:modified_time\" content=\"2026-09-02T15:09:29+00:00\" \/>\n<meta property=\"og:image\" content=\"https:\/\/aconteceunovale.com.br\/portal\/wp-content\/uploads\/2013\/12\/os_vadios_micareta_2014.jpg\" \/>\n\t<meta property=\"og:image:width\" content=\"657\" \/>\n\t<meta property=\"og:image:height\" content=\"450\" \/>\n\t<meta property=\"og:image:type\" content=\"image\/jpeg\" \/>\n<meta name=\"author\" content=\"Aconteceu no Vale\" \/>\n<meta name=\"twitter:card\" content=\"summary_large_image\" \/>\n<meta name=\"twitter:creator\" content=\"@noticiadosvales\" \/>\n<meta name=\"twitter:site\" content=\"@noticiadosvales\" \/>\n<meta name=\"twitter:label1\" content=\"Escrito por\" \/>\n\t<meta name=\"twitter:data1\" content=\"Aconteceu no Vale\" \/>\n\t<meta name=\"twitter:label2\" content=\"Est. tempo de leitura\" \/>\n\t<meta name=\"twitter:data2\" content=\"1 minuto\" \/>\n<script type=\"application\/ld+json\" class=\"yoast-schema-graph\">{\"@context\":\"https:\\\/\\\/schema.org\",\"@graph\":[{\"@type\":\"Article\",\"@id\":\"https:\\\/\\\/aconteceunovale.com.br\\\/portal\\\/?p=15234#article\",\"isPartOf\":{\"@id\":\"https:\\\/\\\/aconteceunovale.com.br\\\/portal\\\/?p=15234\"},\"author\":{\"name\":\"Aconteceu no Vale\",\"@id\":\"https:\\\/\\\/aconteceunovale.com.br\\\/portal\\\/#\\\/schema\\\/person\\\/633529146f2c94272bef50ac2953d589\"},\"headline\":\"MICARETA DE ALMENARA 2014: DA Produ\u00e7\u00f5es confirma atra\u00e7\u00f5es do bloco &#8220;Os Vadios&#8221;\",\"datePublished\":\"2013-12-13T01:49:04+00:00\",\"dateModified\":\"2026-09-02T15:09:29+00:00\",\"mainEntityOfPage\":{\"@id\":\"https:\\\/\\\/aconteceunovale.com.br\\\/portal\\\/?p=15234\"},\"wordCount\":193,\"commentCount\":0,\"image\":{\"@id\":\"https:\\\/\\\/aconteceunovale.com.br\\\/portal\\\/?p=15234#primaryimage\"},\"thumbnailUrl\":\"https:\\\/\\\/aconteceunovale.com.br\\\/portal\\\/wp-content\\\/uploads\\\/2013\\\/12\\\/os_vadios_micareta_2014.jpg\",\"keywords\":[\"Almenara\",\"bloco os vadios\",\"da produ\u00e7\u00f5es\",\"harmonia do samba\",\"micareta de almenara 2014\",\"patchanka\",\"rapazolla\"],\"articleSection\":[\"Almenara\",\"Eventos\"],\"inLanguage\":\"pt-BR\",\"potentialAction\":[{\"@type\":\"CommentAction\",\"name\":\"Comment\",\"target\":[\"https:\\\/\\\/aconteceunovale.com.br\\\/portal\\\/?p=15234#respond\"]}]},{\"@type\":\"WebPage\",\"@id\":\"https:\\\/\\\/aconteceunovale.com.br\\\/portal\\\/?p=15234\",\"url\":\"https:\\\/\\\/aconteceunovale.com.br\\\/portal\\\/?p=15234\",\"name\":\"MICARETA DE ALMENARA 2014: DA Produ\u00e7\u00f5es confirma atra\u00e7\u00f5es do bloco \\\"Os Vadios\\\" - Aconteceu no Vale\",\"isPartOf\":{\"@id\":\"https:\\\/\\\/aconteceunovale.com.br\\\/portal\\\/#website\"},\"primaryImageOfPage\":{\"@id\":\"https:\\\/\\\/aconteceunovale.com.br\\\/portal\\\/?p=15234#primaryimage\"},\"image\":{\"@id\":\"https:\\\/\\\/aconteceunovale.com.br\\\/portal\\\/?p=15234#primaryimage\"},\"thumbnailUrl\":\"https:\\\/\\\/aconteceunovale.com.br\\\/portal\\\/wp-content\\\/uploads\\\/2013\\\/12\\\/os_vadios_micareta_2014.jpg\",\"datePublished\":\"2013-12-13T01:49:04+00:00\",\"dateModified\":\"2026-09-02T15:09:29+00:00\",\"author\":{\"@id\":\"https:\\\/\\\/aconteceunovale.com.br\\\/portal\\\/#\\\/schema\\\/person\\\/633529146f2c94272bef50ac2953d589\"},\"breadcrumb\":{\"@id\":\"https:\\\/\\\/aconteceunovale.com.br\\\/portal\\\/?p=15234#breadcrumb\"},\"inLanguage\":\"pt-BR\",\"potentialAction\":[{\"@type\":\"ReadAction\",\"target\":[\"https:\\\/\\\/aconteceunovale.com.br\\\/portal\\\/?p=15234\"]}]},{\"@type\":\"ImageObject\",\"inLanguage\":\"pt-BR\",\"@id\":\"https:\\\/\\\/aconteceunovale.com.br\\\/portal\\\/?p=15234#primaryimage\",\"url\":\"https:\\\/\\\/aconteceunovale.com.br\\\/portal\\\/wp-content\\\/uploads\\\/2013\\\/12\\\/os_vadios_micareta_2014.jpg\",\"contentUrl\":\"https:\\\/\\\/aconteceunovale.com.br\\\/portal\\\/wp-content\\\/uploads\\\/2013\\\/12\\\/os_vadios_micareta_2014.jpg\",\"width\":657,\"height\":450},{\"@type\":\"BreadcrumbList\",\"@id\":\"https:\\\/\\\/aconteceunovale.com.br\\\/portal\\\/?p=15234#breadcrumb\",\"itemListElement\":[{\"@type\":\"ListItem\",\"position\":1,\"name\":\"In\u00edcio\",\"item\":\"https:\\\/\\\/aconteceunovale.com.br\\\/portal\\\/\"},{\"@type\":\"ListItem\",\"position\":2,\"name\":\"MICARETA DE ALMENARA 2014: DA Produ\u00e7\u00f5es confirma atra\u00e7\u00f5es do bloco &#8220;Os Vadios&#8221;\"}]},{\"@type\":\"WebSite\",\"@id\":\"https:\\\/\\\/aconteceunovale.com.br\\\/portal\\\/#website\",\"url\":\"https:\\\/\\\/aconteceunovale.com.br\\\/portal\\\/\",\"name\":\"Aconteceu no Vale\",\"description\":\"Portal de Not\u00edcias\",\"potentialAction\":[{\"@type\":\"SearchAction\",\"target\":{\"@type\":\"EntryPoint\",\"urlTemplate\":\"https:\\\/\\\/aconteceunovale.com.br\\\/portal\\\/?s={search_term_string}\"},\"query-input\":{\"@type\":\"PropertyValueSpecification\",\"valueRequired\":true,\"valueName\":\"search_term_string\"}}],\"inLanguage\":\"pt-BR\"},{\"@type\":\"Person\",\"@id\":\"https:\\\/\\\/aconteceunovale.com.br\\\/portal\\\/#\\\/schema\\\/person\\\/633529146f2c94272bef50ac2953d589\",\"name\":\"Aconteceu no Vale\",\"description\":\"Equipe de reportagem do Aconteceu no Vale, portal de not\u00edcias do Vale do Jequitinhonha, em Minas Gerais. Cobrimos as 51 cidades do Vale desde 2013. Sugest\u00f5es de pauta e pedidos de corre\u00e7\u00e3o: contato@aconteceunovale.com.br\",\"sameAs\":[\"http:\\\/\\\/www.aconteceunovale.com.br\"],\"url\":\"https:\\\/\\\/aconteceunovale.com.br\\\/portal\\\/?author=1\"}]}<\/script>\n<!-- \/ Yoast SEO plugin. -->","yoast_head_json":{"title":"MICARETA DE ALMENARA 2014: DA Produ\u00e7\u00f5es confirma atra\u00e7\u00f5es do bloco \"Os Vadios\" - Aconteceu no Vale","robots":{"index":"index","follow":"follow","max-snippet":"max-snippet:-1","max-image-preview":"max-image-preview:large","max-video-preview":"max-video-preview:-1"},"canonical":"https:\/\/aconteceunovale.com.br\/portal\/?p=15234","og_locale":"pt_BR","og_type":"article","og_title":"MICARETA DE ALMENARA 2014: DA Produ\u00e7\u00f5es confirma atra\u00e7\u00f5es do bloco \"Os Vadios\" - Aconteceu no Vale","og_description":"Por Vicente Alves, Portal Aconteceu no Vale De 10 a 12 de janeiro de 2014, acontece mais uma edi\u00e7\u00e3o da Micareta de Almenara\/MG. O evento que \u00e9 considerado a maior micareta de rua de Minas Gerais, promete transformar a avenida Olindo Miranda em um verdadeiro palco, com trios el\u00e9tricos e a galera mais bonita de [&hellip;]","og_url":"https:\/\/aconteceunovale.com.br\/portal\/?p=15234","og_site_name":"Aconteceu no Vale","article_publisher":"https:\/\/www.facebook.com\/aconteceunovale\/","article_published_time":"2013-12-13T01:49:04+00:00","article_modified_time":"2026-09-02T15:09:29+00:00","og_image":[{"width":657,"height":450,"url":"https:\/\/aconteceunovale.com.br\/portal\/wp-content\/uploads\/2013\/12\/os_vadios_micareta_2014.jpg","type":"image\/jpeg"}],"author":"Aconteceu no Vale","twitter_card":"summary_large_image","twitter_creator":"@noticiadosvales","twitter_site":"@noticiadosvales","twitter_misc":{"Escrito por":"Aconteceu no Vale","Est. tempo de leitura":"1 minuto"},"schema":{"@context":"https:\/\/schema.org","@graph":[{"@type":"Article","@id":"https:\/\/aconteceunovale.com.br\/portal\/?p=15234#article","isPartOf":{"@id":"https:\/\/aconteceunovale.com.br\/portal\/?p=15234"},"author":{"name":"Aconteceu no Vale","@id":"https:\/\/aconteceunovale.com.br\/portal\/#\/schema\/person\/633529146f2c94272bef50ac2953d589"},"headline":"MICARETA DE ALMENARA 2014: DA Produ\u00e7\u00f5es confirma atra\u00e7\u00f5es do bloco &#8220;Os Vadios&#8221;","datePublished":"2013-12-13T01:49:04+00:00","dateModified":"2026-09-02T15:09:29+00:00","mainEntityOfPage":{"@id":"https:\/\/aconteceunovale.com.br\/portal\/?p=15234"},"wordCount":193,"commentCount":0,"image":{"@id":"https:\/\/aconteceunovale.com.br\/portal\/?p=15234#primaryimage"},"thumbnailUrl":"https:\/\/aconteceunovale.com.br\/portal\/wp-content\/uploads\/2013\/12\/os_vadios_micareta_2014.jpg","keywords":["Almenara","bloco os vadios","da produ\u00e7\u00f5es","harmonia do samba","micareta de almenara 2014","patchanka","rapazolla"],"articleSection":["Almenara","Eventos"],"inLanguage":"pt-BR","potentialAction":[{"@type":"CommentAction","name":"Comment","target":["https:\/\/aconteceunovale.com.br\/portal\/?p=15234#respond"]}]},{"@type":"WebPage","@id":"https:\/\/aconteceunovale.com.br\/portal\/?p=15234","url":"https:\/\/aconteceunovale.com.br\/portal\/?p=15234","name":"MICARETA DE ALMENARA 2014: DA Produ\u00e7\u00f5es confirma atra\u00e7\u00f5es do bloco \"Os Vadios\" - Aconteceu no Vale","isPartOf":{"@id":"https:\/\/aconteceunovale.com.br\/portal\/#website"},"primaryImageOfPage":{"@id":"https:\/\/aconteceunovale.com.br\/portal\/?p=15234#primaryimage"},"image":{"@id":"https:\/\/aconteceunovale.com.br\/portal\/?p=15234#primaryimage"},"thumbnailUrl":"https:\/\/aconteceunovale.com.br\/portal\/wp-content\/uploads\/2013\/12\/os_vadios_micareta_2014.jpg","datePublished":"2013-12-13T01:49:04+00:00","dateModified":"2026-09-02T15:09:29+00:00","author":{"@id":"https:\/\/aconteceunovale.com.br\/portal\/#\/schema\/person\/633529146f2c94272bef50ac2953d589"},"breadcrumb":{"@id":"https:\/\/aconteceunovale.com.br\/portal\/?p=15234#breadcrumb"},"inLanguage":"pt-BR","potentialAction":[{"@type":"ReadAction","target":["https:\/\/aconteceunovale.com.br\/portal\/?p=15234"]}]},{"@type":"ImageObject","inLanguage":"pt-BR","@id":"https:\/\/aconteceunovale.com.br\/portal\/?p=15234#primaryimage","url":"https:\/\/aconteceunovale.com.br\/portal\/wp-content\/uploads\/2013\/12\/os_vadios_micareta_2014.jpg","contentUrl":"https:\/\/aconteceunovale.com.br\/portal\/wp-content\/uploads\/2013\/12\/os_vadios_micareta_2014.jpg","width":657,"height":450},{"@type":"BreadcrumbList","@id":"https:\/\/aconteceunovale.com.br\/portal\/?p=15234#breadcrumb","itemListElement":[{"@type":"ListItem","position":1,"name":"In\u00edcio","item":"https:\/\/aconteceunovale.com.br\/portal\/"},{"@type":"ListItem","position":2,"name":"MICARETA DE ALMENARA 2014: DA Produ\u00e7\u00f5es confirma atra\u00e7\u00f5es do bloco &#8220;Os Vadios&#8221;"}]},{"@type":"WebSite","@id":"https:\/\/aconteceunovale.com.br\/portal\/#website","url":"https:\/\/aconteceunovale.com.br\/portal\/","name":"Aconteceu no Vale","description":"Portal de Not\u00edcias","potentialAction":[{"@type":"SearchAction","target":{"@type":"EntryPoint","urlTemplate":"https:\/\/aconteceunovale.com.br\/portal\/?s={search_term_string}"},"query-input":{"@type":"PropertyValueSpecification","valueRequired":true,"valueName":"search_term_string"}}],"inLanguage":"pt-BR"},{"@type":"Person","@id":"https:\/\/aconteceunovale.com.br\/portal\/#\/schema\/person\/633529146f2c94272bef50ac2953d589","name":"Aconteceu no Vale","description":"Equipe de reportagem do Aconteceu no Vale, portal de not\u00edcias do Vale do Jequitinhonha, em Minas Gerais. Cobrimos as 51 cidades do Vale desde 2013. Sugest\u00f5es de pauta e pedidos de corre\u00e7\u00e3o: contato@aconteceunovale.com.br","sameAs":["http:\/\/www.aconteceunovale.com.br"],"url":"https:\/\/aconteceunovale.com.br\/portal\/?author=1"}]}},"_links":{"self":[{"href":"https:\/\/aconteceunovale.com.br\/portal\/index.php?rest_route=\/wp\/v2\/posts\/15234","targetHints":{"allow":["GET"]}}],"collection":[{"href":"https:\/\/aconteceunovale.com.br\/portal\/index.php?rest_route=\/wp\/v2\/posts"}],"about":[{"href":"https:\/\/aconteceunovale.com.br\/portal\/index.php?rest_route=\/wp\/v2\/types\/post"}],"author":[{"embeddable":true,"href":"https:\/\/aconteceunovale.com.br\/portal\/index.php?rest_route=\/wp\/v2\/users\/1"}],"replies":[{"embeddable":true,"href":"https:\/\/aconteceunovale.com.br\/portal\/index.php?rest_route=%2Fwp%2Fv2%2Fcomments&post=15234"}],"version-history":[{"count":1,"href":"https:\/\/aconteceunovale.com.br\/portal\/index.php?rest_route=\/wp\/v2\/posts\/15234\/revisions"}],"predecessor-version":[{"id":199299,"href":"https:\/\/aconteceunovale.com.br\/portal\/index.php?rest_route=\/wp\/v2\/posts\/15234\/revisions\/199299"}],"wp:featuredmedia":[{"embeddable":true,"href":"https:\/\/aconteceunovale.com.br\/portal\/index.php?rest_route=\/wp\/v2\/media\/15235"}],"wp:attachment":[{"href":"https:\/\/aconteceunovale.com.br\/portal\/index.php?rest_route=%2Fwp%2Fv2%2Fmedia&parent=15234"}],"wp:term":[{"taxonomy":"category","embeddable":true,"href":"https:\/\/aconteceunovale.com.br\/portal\/index.php?rest_route=%2Fwp%2Fv2%2Fcategories&post=15234"},{"taxonomy":"post_tag","embeddable":true,"href":"https:\/\/aconteceunovale.com.br\/portal\/index.php?rest_route=%2Fwp%2Fv2%2Ftags&post=15234"}],"curies":[{"name":"wp","href":"https:\/\/api.w.org\/{rel}","templated":true}]}}