{"id":152310,"date":"2019-09-09T11:30:21","date_gmt":"2019-09-09T14:30:21","guid":{"rendered":"http:\/\/aconteceunovale.com.br\/portal\/?p=152310"},"modified":"2019-09-09T11:30:23","modified_gmt":"2019-09-09T14:30:23","slug":"festa-do-cafe-com-biscoito-movimenta-a-cidade-de-sao-tiago","status":"publish","type":"post","link":"https:\/\/aconteceunovale.com.br\/portal\/?p=152310","title":{"rendered":"Festa do Caf\u00e9 com Biscoito movimenta a cidade de S\u00e3o Tiago"},"content":{"rendered":"\n<p>Quem aprecia a famosa combina\u00e7\u00e3o mineira de um bom cafezinho com biscoito tem um \u00f3timo programa para fazer nesta semana no munic\u00edpio de S\u00e3o Tiago, regi\u00e3o do Campo das Vertentes. De 12 a 15 de setembro, ser\u00e1 realizada a 21\u00aa edi\u00e7\u00e3o da tradicional Festa do Caf\u00e9 com Biscoito.&nbsp;O evento ocorre na Pra\u00e7a Matriz e destaca uma tradi\u00e7\u00e3o que come\u00e7ou no s\u00e9culo 18. Naquela \u00e9poca, a regi\u00e3o era ponto de parada de viajantes e tropeiros. Ao chegar ao lugar, que ainda era um arraial, eles tomavam caf\u00e9 com biscoitos produzidos pelas quitandeiras locais.<\/p>\n\n\n\n<p>A atividade permanece at\u00e9 hoje e deu fama \u00e0 cidade, al\u00e9m de movimentar a economia local. S\u00e3o 60 f\u00e1bricas que produzem os mais variados tipos de biscoitos: polvilho tradicional, polvilho temperado, biscoito amanteigado, biscoito doce, recheado, diet, sem lactose etc.\u00a0<\/p>\n\n\n\n<p>Somente para degusta\u00e7\u00e3o, ser\u00e3o disponibilizadas durante a festa seis toneladas de biscoito. Tudo isso acompanhado de 2,5 mil litros de caf\u00e9. A expectativa de vendas tamb\u00e9m surpreende. Os organizadores estimam que a comercializa\u00e7\u00e3o de biscoitos fique entre 15 e 20 toneladas. O evento tamb\u00e9m vai contar com estandes de cacha\u00e7a, doces, queijos, artesanato, al\u00e9m de extensa programa\u00e7\u00e3o de shows, apresenta\u00e7\u00f5es de dan\u00e7a e outras atra\u00e7\u00f5es culturais.<\/p>\n\n\n\n<p>Sebasti\u00e3o Rondon produz 16 variedades de biscoito. Ele tem uma f\u00e1brica onde emprega 33 pessoas. Para ele, a festa \u00e9 uma grande oportunidade de divulgar a produ\u00e7\u00e3o e conquistar novos clientes. \u201cHoje tenho um cliente em Salvador que conheceu os biscoitos que produzo durante a festa\u201d, afirma.<\/p>\n\n\n\n<p>Al\u00e9m da Bahia, ele vende os produtos em Minas Gerais e para os estados de S\u00e3o Paulo, Rio de Janeiro e Goi\u00e1s.&nbsp;Os biscoitos de S\u00e3o Tiago conquistaram o selo de&nbsp;proced\u00eancia&nbsp;do&nbsp;Instituto Nacional de Propriedade Industrial (Inpi), garantindo que o produto de l\u00e1 n\u00e3o se repete em nenhum outro lugar. \u201cO que valoriza nosso produto \u00e9 que ele ainda mant\u00e9m as caracter\u00edsticas artesanais, continuamos com a tradi\u00e7\u00e3o\u201d, diz Rondon.<\/p>\n\n\n\n<p>A Festa do Caf\u00e9 com Biscoito \u00e9 promovida pela Assabiscoito (Associa\u00e7\u00e3o S\u00e3o-Tiaguense de Produtores de Biscoitos), com apoio da\u00a0<a rel=\"noreferrer noopener\" href=\"http:\/\/www.emater.mg.gov.br\/\" target=\"_blank\">Emater-MG<\/a>, \u00f3rg\u00e3o vinculado \u00e0\u00a0Secretaria de Agricultura, Pecu\u00e1ria e Abastecimento de Minas Gerais (Seapa)\u00a0e outras institui\u00e7\u00f5es. A organiza\u00e7\u00e3o espera receber 50 mil visitantes durante todo o evento.<\/p>\n\n\n\n<figure class=\"wp-block-image\"><img loading=\"lazy\" decoding=\"async\" width=\"663\" height=\"350\" src=\"http:\/\/aconteceunovale.com.br\/portal\/wp-content\/uploads\/2019\/09\/festa_cafe_com_biscoito.png\" alt=\"\" class=\"wp-image-152311\" srcset=\"https:\/\/aconteceunovale.com.br\/portal\/wp-content\/uploads\/2019\/09\/festa_cafe_com_biscoito.png 663w, https:\/\/aconteceunovale.com.br\/portal\/wp-content\/uploads\/2019\/09\/festa_cafe_com_biscoito-300x158.png 300w\" sizes=\"auto, (max-width: 663px) 100vw, 663px\" \/><figcaption><em>A atividade permanece at\u00e9 hoje e deu fama \u00e0 cidade, al\u00e9m de movimentar a economia local &#8211; Foto: Divulga\u00e7\u00e3o \/ Emater-MG<\/em><\/figcaption><\/figure>\n\n\n\n<p class=\"has-text-color has-background has-very-light-gray-color has-vivid-cyan-blue-background-color\"><strong>VER PRIMEIRO: <\/strong>Receba as not\u00edcias do Aconteceu no Vale em primeira m\u00e3o. Clique em curtir no endere\u00e7o <a href=\"https:\/\/www.facebook.com\/aconteceunovale\" target=\"_blank\" rel=\"noreferrer noopener\">www.facebook.com\/aconteceunovale<\/a>.<\/p>\n","protected":false},"excerpt":{"rendered":"<p>Quem aprecia a famosa combina\u00e7\u00e3o mineira de um bom cafezinho com biscoito tem um \u00f3timo programa para fazer nesta semana no munic\u00edpio de S\u00e3o Tiago, regi\u00e3o do Campo das Vertentes. De 12 a 15 de setembro, ser\u00e1 realizada a 21\u00aa edi\u00e7\u00e3o da tradicional Festa do Caf\u00e9 com Biscoito.&nbsp;O evento ocorre na Pra\u00e7a Matriz e destaca [&hellip;]<\/p>\n","protected":false},"author":1,"featured_media":152311,"comment_status":"open","ping_status":"closed","sticky":false,"template":"","format":"standard","meta":{"amp_status":"","footnotes":""},"categories":[125,123],"tags":[206723,25775,206725,206722,206724,206726,961],"class_list":["post-152310","post","type-post","status-publish","format-standard","has-post-thumbnail","hentry","category-noticias","category-gerais","tag-associacao-sao-tiaguense-de-produtores-de-biscoitos","tag-emater-mg","tag-festa-de-sao-tiago","tag-festa-do-cafe-com-biscoito","tag-festa-do-cafe-com-biscoito-em-sao-tiago","tag-festa-do-cafe-com-biscoito-movimenta-a-cidade-de-sao-tiago","tag-sao-tiago"],"_links":{"self":[{"href":"https:\/\/aconteceunovale.com.br\/portal\/index.php?rest_route=\/wp\/v2\/posts\/152310","targetHints":{"allow":["GET"]}}],"collection":[{"href":"https:\/\/aconteceunovale.com.br\/portal\/index.php?rest_route=\/wp\/v2\/posts"}],"about":[{"href":"https:\/\/aconteceunovale.com.br\/portal\/index.php?rest_route=\/wp\/v2\/types\/post"}],"author":[{"embeddable":true,"href":"https:\/\/aconteceunovale.com.br\/portal\/index.php?rest_route=\/wp\/v2\/users\/1"}],"replies":[{"embeddable":true,"href":"https:\/\/aconteceunovale.com.br\/portal\/index.php?rest_route=%2Fwp%2Fv2%2Fcomments&post=152310"}],"version-history":[{"count":1,"href":"https:\/\/aconteceunovale.com.br\/portal\/index.php?rest_route=\/wp\/v2\/posts\/152310\/revisions"}],"predecessor-version":[{"id":152312,"href":"https:\/\/aconteceunovale.com.br\/portal\/index.php?rest_route=\/wp\/v2\/posts\/152310\/revisions\/152312"}],"wp:featuredmedia":[{"embeddable":true,"href":"https:\/\/aconteceunovale.com.br\/portal\/index.php?rest_route=\/wp\/v2\/media\/152311"}],"wp:attachment":[{"href":"https:\/\/aconteceunovale.com.br\/portal\/index.php?rest_route=%2Fwp%2Fv2%2Fmedia&parent=152310"}],"wp:term":[{"taxonomy":"category","embeddable":true,"href":"https:\/\/aconteceunovale.com.br\/portal\/index.php?rest_route=%2Fwp%2Fv2%2Fcategories&post=152310"},{"taxonomy":"post_tag","embeddable":true,"href":"https:\/\/aconteceunovale.com.br\/portal\/index.php?rest_route=%2Fwp%2Fv2%2Ftags&post=152310"}],"curies":[{"name":"wp","href":"https:\/\/api.w.org\/{rel}","templated":true}]}}