{"id":152306,"date":"2019-09-09T00:15:05","date_gmt":"2019-09-09T03:15:05","guid":{"rendered":"http:\/\/aconteceunovale.com.br\/portal\/?p=152306"},"modified":"2019-09-09T00:25:23","modified_gmt":"2019-09-09T03:25:23","slug":"quinze-pessoas-sao-presas-durante-rinha-de-galo-no-norte-de-minas","status":"publish","type":"post","link":"https:\/\/aconteceunovale.com.br\/portal\/?p=152306","title":{"rendered":"Quinze pessoas s\u00e3o presas durante rinha de galo no Norte de Minas"},"content":{"rendered":"\n<p>Quinze pessoas, entre 22 e 61 anos, foram presas na zona rural\nde Francisco S\u00e1, no Norte de Minas, na tarde de s\u00e1bado (07\/09\/2019). De acordo\ncom a Pol\u00edcia Militar, o grupo participava de uma rinha de galo quando foi\nflagrado pelos militares, por volta das 15 horas. Quase 100 galos feridos foram\nresgatados e ficaram com a esposa do propriet\u00e1rio do im\u00f3vel como deposit\u00e1ria\nfiel. Uma ave foi encontrada morta.<\/p>\n\n\n\n<p>A PM chegou at\u00e9 o\nlocal depois de receber uma den\u00fancia an\u00f4nima. A suspeita \u00e9 que o espa\u00e7o montado\npara as brigas de galo j\u00e1 funcionava h\u00e1 dois anos. V\u00e1rias gaiolas e materiais\nusados no evento foram apreendidos. <\/p>\n\n\n\n<p>Os presos foram entregues na Delegacia de Plant\u00e3o e a Pol\u00edcia Civil ir\u00e1 investigar o caso.<\/p>\n\n\n\n<figure class=\"wp-block-image\"><img loading=\"lazy\" decoding=\"async\" width=\"678\" height=\"381\" src=\"http:\/\/aconteceunovale.com.br\/portal\/wp-content\/uploads\/2019\/09\/rinha_galos.jpg\" alt=\"\" class=\"wp-image-152307\" srcset=\"https:\/\/aconteceunovale.com.br\/portal\/wp-content\/uploads\/2019\/09\/rinha_galos.jpg 678w, https:\/\/aconteceunovale.com.br\/portal\/wp-content\/uploads\/2019\/09\/rinha_galos-300x169.jpg 300w\" sizes=\"auto, (max-width: 678px) 100vw, 678px\" \/><figcaption><em>Foto: Pol\u00edcia Militar\/Divulga\u00e7\u00e3o<\/em><\/figcaption><\/figure>\n\n\n\n<p class=\"has-text-color has-background has-very-light-gray-color has-vivid-cyan-blue-background-color\"><strong>VER PRIMEIRO: <\/strong>Receba as not\u00edcias do Aconteceu no Vale em primeira m\u00e3o. Clique em curtir no endere\u00e7o <a href=\"https:\/\/www.facebook.com\/aconteceunovale\" target=\"_blank\" rel=\"noreferrer noopener\">www.facebook.com\/aconteceunovale<\/a>.<\/p>\n","protected":false},"excerpt":{"rendered":"<p>Quinze pessoas, entre 22 e 61 anos, foram presas na zona rural de Francisco S\u00e1, no Norte de Minas, na tarde de s\u00e1bado (07\/09\/2019). De acordo com a Pol\u00edcia Militar, o grupo participava de uma rinha de galo quando foi flagrado pelos militares, por volta das 15 horas. Quase 100 galos feridos foram resgatados e [&hellip;]<\/p>\n","protected":false},"author":1,"featured_media":35557,"comment_status":"open","ping_status":"closed","sticky":false,"template":"","format":"standard","meta":{"amp_status":"","footnotes":""},"categories":[1236],"tags":[206721,1395,206718,206719,206720],"class_list":["post-152306","post","type-post","status-publish","format-standard","has-post-thumbnail","hentry","category-norte_de_minas","tag-briga-de-galos-em-francisco-sa","tag-francisco-sa","tag-quinze-pessoas-sao-presas-durante-rinha-de-galo-no-norte-de-minas","tag-rinha-de-galos-em-francisco-sa","tag-rinha-em-francisco-sa"],"_links":{"self":[{"href":"https:\/\/aconteceunovale.com.br\/portal\/index.php?rest_route=\/wp\/v2\/posts\/152306","targetHints":{"allow":["GET"]}}],"collection":[{"href":"https:\/\/aconteceunovale.com.br\/portal\/index.php?rest_route=\/wp\/v2\/posts"}],"about":[{"href":"https:\/\/aconteceunovale.com.br\/portal\/index.php?rest_route=\/wp\/v2\/types\/post"}],"author":[{"embeddable":true,"href":"https:\/\/aconteceunovale.com.br\/portal\/index.php?rest_route=\/wp\/v2\/users\/1"}],"replies":[{"embeddable":true,"href":"https:\/\/aconteceunovale.com.br\/portal\/index.php?rest_route=%2Fwp%2Fv2%2Fcomments&post=152306"}],"version-history":[{"count":1,"href":"https:\/\/aconteceunovale.com.br\/portal\/index.php?rest_route=\/wp\/v2\/posts\/152306\/revisions"}],"predecessor-version":[{"id":152308,"href":"https:\/\/aconteceunovale.com.br\/portal\/index.php?rest_route=\/wp\/v2\/posts\/152306\/revisions\/152308"}],"wp:featuredmedia":[{"embeddable":true,"href":"https:\/\/aconteceunovale.com.br\/portal\/index.php?rest_route=\/wp\/v2\/media\/35557"}],"wp:attachment":[{"href":"https:\/\/aconteceunovale.com.br\/portal\/index.php?rest_route=%2Fwp%2Fv2%2Fmedia&parent=152306"}],"wp:term":[{"taxonomy":"category","embeddable":true,"href":"https:\/\/aconteceunovale.com.br\/portal\/index.php?rest_route=%2Fwp%2Fv2%2Fcategories&post=152306"},{"taxonomy":"post_tag","embeddable":true,"href":"https:\/\/aconteceunovale.com.br\/portal\/index.php?rest_route=%2Fwp%2Fv2%2Ftags&post=152306"}],"curies":[{"name":"wp","href":"https:\/\/api.w.org\/{rel}","templated":true}]}}