{"id":152302,"date":"2019-09-08T17:34:59","date_gmt":"2019-09-08T20:34:59","guid":{"rendered":"http:\/\/aconteceunovale.com.br\/portal\/?p=152302"},"modified":"2019-09-08T21:38:34","modified_gmt":"2019-09-09T00:38:34","slug":"traficante-que-escondia-drogas-em-vaso-sanitario-de-bar-e-preso-em-sao-joao-evangelista","status":"publish","type":"post","link":"https:\/\/aconteceunovale.com.br\/portal\/?p=152302","title":{"rendered":"Traficante que escondia drogas em vaso sanit\u00e1rio de bar \u00e9 preso em S\u00e3o Jo\u00e3o Evangelista"},"content":{"rendered":"\n<p>Um jovem de 24 anos foi flagrado escondendo drogas em um\nvaso sanit\u00e1rio na cidade de S\u00e3o Jo\u00e3o Evangelista, no Vale do Rio Doce. Segundo\na Pol\u00edcia Militar, a corpora\u00e7\u00e3o recebeu den\u00fancias de tr\u00e1fico na madrugada de\nsexta-feira (06\/09\/2019) e o homem foi preso quando entrava no banheiro de um\nbar.<\/p>\n\n\n\n<p>A equipe policial encontrou 10 por\u00e7\u00f5es de coca\u00edna dentro do\nvaso. Na casa do suspeito, os militares encontraram maconha, dinheiro e mais embalagens\nde coca\u00edna. O material seria vendido durante o evento Semana da Cultura. <\/p>\n\n\n\n<p>O autor preso e o material apreendido foram encaminhados \u00e0 Delegacia de Pol\u00edcia Civil de Guanh\u00e3es. O rapaz j\u00e1 era conhecido na regi\u00e3o por tr\u00e1fico de drogas e possui passagem pela pol\u00edcia por tentativa de homic\u00eddio.<\/p>\n\n\n\n<figure class=\"wp-block-image\"><img loading=\"lazy\" decoding=\"async\" width=\"678\" height=\"339\" src=\"http:\/\/aconteceunovale.com.br\/portal\/wp-content\/uploads\/2019\/09\/trafico_sje.jpg\" alt=\"\" class=\"wp-image-152303\" srcset=\"https:\/\/aconteceunovale.com.br\/portal\/wp-content\/uploads\/2019\/09\/trafico_sje.jpg 678w, https:\/\/aconteceunovale.com.br\/portal\/wp-content\/uploads\/2019\/09\/trafico_sje-300x150.jpg 300w\" sizes=\"auto, (max-width: 678px) 100vw, 678px\" \/><figcaption><em>Foto: Divulga\u00e7\u00e3o \/ Pol\u00edcia Militar<\/em><\/figcaption><\/figure>\n\n\n\n<p class=\"has-text-color has-background has-very-light-gray-color has-vivid-cyan-blue-background-color\"><strong>VER PRIMEIRO: <\/strong>Receba as not\u00edcias do Aconteceu no Vale em primeira m\u00e3o. Clique em curtir no endere\u00e7o <a href=\"https:\/\/www.facebook.com\/aconteceunovale\" target=\"_blank\" rel=\"noreferrer noopener\">www.facebook.com\/aconteceunovale<\/a>.<\/p>\n","protected":false},"excerpt":{"rendered":"<p>Um jovem de 24 anos foi flagrado escondendo drogas em um vaso sanit\u00e1rio na cidade de S\u00e3o Jo\u00e3o Evangelista, no Vale do Rio Doce. Segundo a Pol\u00edcia Militar, a corpora\u00e7\u00e3o recebeu den\u00fancias de tr\u00e1fico na madrugada de sexta-feira (06\/09\/2019) e o homem foi preso quando entrava no banheiro de um bar. A equipe policial encontrou [&hellip;]<\/p>\n","protected":false},"author":1,"featured_media":152303,"comment_status":"open","ping_status":"closed","sticky":false,"template":"","format":"standard","meta":{"amp_status":"","footnotes":""},"categories":[121],"tags":[110017,206717,206716,48029,162,48032,206714],"class_list":["post-152302","post","type-post","status-publish","format-standard","has-post-thumbnail","hentry","category-leste","tag-apreensao-de-drogas-em-sao-joao-evangelista","tag-droga-apreendida-em-sao-joao-evangelista","tag-preso-com-drogas-em-sao-joao-evangelista","tag-preso-em-sao-joao-evangelista","tag-sao-joao-evangelista","tag-traficante-preso-em-sao-joao-evangelista","tag-traficante-que-escondia-drogas-em-vaso-sanitario-de-bar-e-preso-em-sao-joao-evangelista"],"_links":{"self":[{"href":"https:\/\/aconteceunovale.com.br\/portal\/index.php?rest_route=\/wp\/v2\/posts\/152302","targetHints":{"allow":["GET"]}}],"collection":[{"href":"https:\/\/aconteceunovale.com.br\/portal\/index.php?rest_route=\/wp\/v2\/posts"}],"about":[{"href":"https:\/\/aconteceunovale.com.br\/portal\/index.php?rest_route=\/wp\/v2\/types\/post"}],"author":[{"embeddable":true,"href":"https:\/\/aconteceunovale.com.br\/portal\/index.php?rest_route=\/wp\/v2\/users\/1"}],"replies":[{"embeddable":true,"href":"https:\/\/aconteceunovale.com.br\/portal\/index.php?rest_route=%2Fwp%2Fv2%2Fcomments&post=152302"}],"version-history":[{"count":2,"href":"https:\/\/aconteceunovale.com.br\/portal\/index.php?rest_route=\/wp\/v2\/posts\/152302\/revisions"}],"predecessor-version":[{"id":152305,"href":"https:\/\/aconteceunovale.com.br\/portal\/index.php?rest_route=\/wp\/v2\/posts\/152302\/revisions\/152305"}],"wp:featuredmedia":[{"embeddable":true,"href":"https:\/\/aconteceunovale.com.br\/portal\/index.php?rest_route=\/wp\/v2\/media\/152303"}],"wp:attachment":[{"href":"https:\/\/aconteceunovale.com.br\/portal\/index.php?rest_route=%2Fwp%2Fv2%2Fmedia&parent=152302"}],"wp:term":[{"taxonomy":"category","embeddable":true,"href":"https:\/\/aconteceunovale.com.br\/portal\/index.php?rest_route=%2Fwp%2Fv2%2Fcategories&post=152302"},{"taxonomy":"post_tag","embeddable":true,"href":"https:\/\/aconteceunovale.com.br\/portal\/index.php?rest_route=%2Fwp%2Fv2%2Ftags&post=152302"}],"curies":[{"name":"wp","href":"https:\/\/api.w.org\/{rel}","templated":true}]}}