{"id":152299,"date":"2019-09-08T17:23:23","date_gmt":"2019-09-08T20:23:23","guid":{"rendered":"http:\/\/aconteceunovale.com.br\/portal\/?p=152299"},"modified":"2019-09-08T17:33:00","modified_gmt":"2019-09-08T20:33:00","slug":"colisao-entre-carro-e-moto-deixa-um-morto-no-municipio-de-sao-joao-evangelista","status":"publish","type":"post","link":"https:\/\/aconteceunovale.com.br\/portal\/?p=152299","title":{"rendered":"Colis\u00e3o entre carro e moto deixa um morto no munic\u00edpio de S\u00e3o Jo\u00e3o Evangelista"},"content":{"rendered":"\n<p>Um homem de 36 anos morreu na tarde de s\u00e1bado (07\/09\/2019) em\num acidente entre um carro e uma moto no C\u00f3rrego dos Rodrigues, zona rural de\nS\u00e3o Jo\u00e3o Evangelista, no Vale do Rio Doce. Uma equipe do Corpo de Bombeiros\nesteve no local e encontrou o motociclista Geraldo Felipe da Costa sem sinais\nvitais. <\/p>\n\n\n\n<p>Segundo o motorista do carro, ele transitava de S\u00e3o Jo\u00e3o\nEvangelista para o Distrito de S\u00e3o Geraldo do Baguari quando, em uma curva,\ndeparou com a moto na contram\u00e3o de dire\u00e7\u00e3o e n\u00e3o teve tempo de frear. <\/p>\n\n\n\n<p>A Per\u00edcia da Pol\u00edcia Civil esteve no local e encaminhou o corpo de Geraldo Felipe ao Instituto M\u00e9dico Legal (IML) de Guanh\u00e3es. O condutor do autom\u00f3vel foi liberado.<\/p>\n\n\n\n<p class=\"has-text-color has-background has-very-light-gray-color has-vivid-cyan-blue-background-color\"><strong>VER PRIMEIRO: <\/strong>Receba as not\u00edcias do Aconteceu no Vale em primeira m\u00e3o. Clique em curtir no endere\u00e7o <a href=\"https:\/\/www.facebook.com\/aconteceunovale\" target=\"_blank\" rel=\"noreferrer noopener\">www.facebook.com\/aconteceunovale<\/a>.<\/p>\n","protected":false},"excerpt":{"rendered":"<p>Um homem de 36 anos morreu na tarde de s\u00e1bado (07\/09\/2019) em um acidente entre um carro e uma moto no C\u00f3rrego dos Rodrigues, zona rural de S\u00e3o Jo\u00e3o Evangelista, no Vale do Rio Doce. Uma equipe do Corpo de Bombeiros esteve no local e encontrou o motociclista Geraldo Felipe da Costa sem sinais vitais. [&hellip;]<\/p>\n","protected":false},"author":1,"featured_media":151866,"comment_status":"open","ping_status":"closed","sticky":false,"template":"","format":"standard","meta":{"amp_status":"","footnotes":""},"categories":[121],"tags":[13600,206712,206713,206711,162],"class_list":["post-152299","post","type-post","status-publish","format-standard","has-post-thumbnail","hentry","category-leste","tag-acidente-em-sao-joao-evangelista","tag-acidente-entre-carro-e-moto-em-sao-joao-evangelista","tag-colisao-entre-carro-e-moto-deixa-um-morto-no-municipio-de-sao-joao-evangelista","tag-geraldo-felipe-da-costa","tag-sao-joao-evangelista"],"_links":{"self":[{"href":"https:\/\/aconteceunovale.com.br\/portal\/index.php?rest_route=\/wp\/v2\/posts\/152299","targetHints":{"allow":["GET"]}}],"collection":[{"href":"https:\/\/aconteceunovale.com.br\/portal\/index.php?rest_route=\/wp\/v2\/posts"}],"about":[{"href":"https:\/\/aconteceunovale.com.br\/portal\/index.php?rest_route=\/wp\/v2\/types\/post"}],"author":[{"embeddable":true,"href":"https:\/\/aconteceunovale.com.br\/portal\/index.php?rest_route=\/wp\/v2\/users\/1"}],"replies":[{"embeddable":true,"href":"https:\/\/aconteceunovale.com.br\/portal\/index.php?rest_route=%2Fwp%2Fv2%2Fcomments&post=152299"}],"version-history":[{"count":1,"href":"https:\/\/aconteceunovale.com.br\/portal\/index.php?rest_route=\/wp\/v2\/posts\/152299\/revisions"}],"predecessor-version":[{"id":152300,"href":"https:\/\/aconteceunovale.com.br\/portal\/index.php?rest_route=\/wp\/v2\/posts\/152299\/revisions\/152300"}],"wp:featuredmedia":[{"embeddable":true,"href":"https:\/\/aconteceunovale.com.br\/portal\/index.php?rest_route=\/wp\/v2\/media\/151866"}],"wp:attachment":[{"href":"https:\/\/aconteceunovale.com.br\/portal\/index.php?rest_route=%2Fwp%2Fv2%2Fmedia&parent=152299"}],"wp:term":[{"taxonomy":"category","embeddable":true,"href":"https:\/\/aconteceunovale.com.br\/portal\/index.php?rest_route=%2Fwp%2Fv2%2Fcategories&post=152299"},{"taxonomy":"post_tag","embeddable":true,"href":"https:\/\/aconteceunovale.com.br\/portal\/index.php?rest_route=%2Fwp%2Fv2%2Ftags&post=152299"}],"curies":[{"name":"wp","href":"https:\/\/api.w.org\/{rel}","templated":true}]}}