{"id":152290,"date":"2019-09-08T16:51:35","date_gmt":"2019-09-08T19:51:35","guid":{"rendered":"http:\/\/aconteceunovale.com.br\/portal\/?p=152290"},"modified":"2019-09-08T16:51:36","modified_gmt":"2019-09-08T19:51:36","slug":"presidente-deve-receber-alta-em-ate-seis-dias-diz-cirurgiao","status":"publish","type":"post","link":"https:\/\/aconteceunovale.com.br\/portal\/?p=152290","title":{"rendered":"Presidente deve receber alta em at\u00e9 seis dias, diz cirurgi\u00e3o"},"content":{"rendered":"\n<p>O m\u00e9dico Ant\u00f4nio Luiz de Vasconcellos Macedo, cirurgi\u00e3o-chefe que realizou hoje (8) a opera\u00e7\u00e3o de corre\u00e7\u00e3o de h\u00e9rnia incisional no presidente da Rep\u00fablica, disse que Jair Bolsonaro dever\u00e1 receber alta m\u00e9dica em torno de cinco ou seis dias. De acordo com ele, ap\u00f3s isso, o presidente dever\u00e1 estar apto a viajar em sete a dez dias, a partir deste domingo.<\/p>\n\n\n\n<p>\u201cA cirurgia transcorreu muito tranquila, n\u00e3o houve nenhuma sutura intestinal, n\u00e3o houve sangramento, a gente imagina que ap\u00f3s a alta, se tivermos a alta em cinco dias, ele deve viajar em sete dias, mais tardar em 10 dias\u201d, disse o cirurgi\u00e3o em entrevista coletiva no in\u00edcio da tarde de hoje no hospital Vila Nova Star, na capital paulista, onde ocorreu o procedimento.<\/p>\n\n\n\n<p>Segundo o primeiro boletim m\u00e9dico divulgado hoje ap\u00f3s a cirurgia, Bolsonaro apresenta quadro cl\u00ednico est\u00e1vel. A corre\u00e7\u00e3o de h\u00e9rnia incisional foi feita com a t\u00e9cnica de herniorrafia incisional com implanta\u00e7\u00e3o de tela, e foi bem-sucedida. Teve in\u00edcio \u00e0s 7h35 e foi conclu\u00edda \u00e0s 12h40.<\/p>\n\n\n\n<p>O cirurgi\u00e3o ressalvou que a opera\u00e7\u00e3o demorou mais do que o previsto em raz\u00e3o de o intestino no presidente da Rep\u00fablica estar fortemente aderido na parede abdominal. \u201cNormalmente uma h\u00e9rnia n\u00e3o demora tudo isso que demorou. Mas a\u00ed a gente n\u00e3o contava que tinha aderido tudo de novo em rela\u00e7\u00e3o a cirurgia de 28 de janeiro. Isso teve de ser feito com muito cuidado, voc\u00ea n\u00e3o pode machucar o intestino em hip\u00f3tese nenhuma. Teria sido melhor se [a cirurgia] fosse com duas horas, teria sido mais f\u00e1cil&#8221;, disse.<\/p>\n\n\n\n<p>O m\u00e9dico apontou ainda que a h\u00e9rnia desenvolvida por Bolsonaro decorreu do ferimento da facada e das cirurgias posteriores. \u201cHouve uma les\u00e3o grave da parede abdominal que ficou muito fraca. Al\u00e9m disso, durante a facada ele desenvolveu uma peritonite, no dia 12 de setembro do ano passado ele foi operado j\u00e1 aqui em S\u00e3o Paulo dessa peritonite. Isso infectou muito a parede, deixou a parede muito enfraquecida, o que necessitou [agora] da corre\u00e7\u00e3o dessa h\u00e9rnia\u201d.<\/p>\n\n\n\n<p>Segundo o m\u00e9dico, h\u00e1 uma pequena chance, de aproximadamente 6%, de haver uma recidiva da h\u00e9rnia, ou seja, o problema voltar a ocorrer no mesmo local. O cirurgi\u00e3o, no entanto, diz que encontrou tecidos em boa condi\u00e7\u00e3o e que a probabilidade de isso ocorrer \u00e9 muito pequena.<\/p>\n\n\n\n<p>\u201cO tecido que n\u00f3s conseguimos unir e refor\u00e7ar \u00e9 um tecido mais musculoso, mais forte, mais nutrido, ent\u00e3o \u00e9 dif\u00edcil de se imaginar que vai haver recidiva. Ele [Bolsonaro] est\u00e1 do ponto de vista cl\u00ednico, do ponto de vista geral, muito bem, n\u00e3o tem sinais de cansa\u00e7o, de esgotamento de nada\u201d, disse.<\/p>\n\n\n\n<p class=\"has-text-color has-background has-very-light-gray-color has-vivid-cyan-blue-background-color\"><strong>VER PRIMEIRO: <\/strong>Receba as not\u00edcias do Aconteceu no Vale em primeira m\u00e3o. Clique em curtir no endere\u00e7o <a href=\"https:\/\/www.facebook.com\/aconteceunovale\" target=\"_blank\" rel=\"noreferrer noopener\">www.facebook.com\/aconteceunovale<\/a>.<\/p>\n","protected":false},"excerpt":{"rendered":"<p>O m\u00e9dico Ant\u00f4nio Luiz de Vasconcellos Macedo, cirurgi\u00e3o-chefe que realizou hoje (8) a opera\u00e7\u00e3o de corre\u00e7\u00e3o de h\u00e9rnia incisional no presidente da Rep\u00fablica, disse que Jair Bolsonaro dever\u00e1 receber alta m\u00e9dica em torno de cinco ou seis dias. De acordo com ele, ap\u00f3s isso, o presidente dever\u00e1 estar apto a viajar em sete a dez [&hellip;]<\/p>\n","protected":false},"author":1,"featured_media":152291,"comment_status":"open","ping_status":"closed","sticky":false,"template":"","format":"standard","meta":{"amp_status":"","footnotes":""},"categories":[6,40240],"tags":[206697,46406,206698,206700,206696,26436,206699],"class_list":["post-152290","post","type-post","status-publish","format-standard","has-post-thumbnail","hentry","category-br","category-politica-2","tag-antonio-luiz-de-vasconcellos-macedo","tag-cirurgia","tag-cirurgia-bolsonaro","tag-correcao-de-hernia-bolsonaro","tag-hospital-vila-nova-star","tag-jair-bolsonaro","tag-presidente-deve-receber-alta-em-ate-seis-dias"],"_links":{"self":[{"href":"https:\/\/aconteceunovale.com.br\/portal\/index.php?rest_route=\/wp\/v2\/posts\/152290","targetHints":{"allow":["GET"]}}],"collection":[{"href":"https:\/\/aconteceunovale.com.br\/portal\/index.php?rest_route=\/wp\/v2\/posts"}],"about":[{"href":"https:\/\/aconteceunovale.com.br\/portal\/index.php?rest_route=\/wp\/v2\/types\/post"}],"author":[{"embeddable":true,"href":"https:\/\/aconteceunovale.com.br\/portal\/index.php?rest_route=\/wp\/v2\/users\/1"}],"replies":[{"embeddable":true,"href":"https:\/\/aconteceunovale.com.br\/portal\/index.php?rest_route=%2Fwp%2Fv2%2Fcomments&post=152290"}],"version-history":[{"count":1,"href":"https:\/\/aconteceunovale.com.br\/portal\/index.php?rest_route=\/wp\/v2\/posts\/152290\/revisions"}],"predecessor-version":[{"id":152292,"href":"https:\/\/aconteceunovale.com.br\/portal\/index.php?rest_route=\/wp\/v2\/posts\/152290\/revisions\/152292"}],"wp:featuredmedia":[{"embeddable":true,"href":"https:\/\/aconteceunovale.com.br\/portal\/index.php?rest_route=\/wp\/v2\/media\/152291"}],"wp:attachment":[{"href":"https:\/\/aconteceunovale.com.br\/portal\/index.php?rest_route=%2Fwp%2Fv2%2Fmedia&parent=152290"}],"wp:term":[{"taxonomy":"category","embeddable":true,"href":"https:\/\/aconteceunovale.com.br\/portal\/index.php?rest_route=%2Fwp%2Fv2%2Fcategories&post=152290"},{"taxonomy":"post_tag","embeddable":true,"href":"https:\/\/aconteceunovale.com.br\/portal\/index.php?rest_route=%2Fwp%2Fv2%2Ftags&post=152290"}],"curies":[{"name":"wp","href":"https:\/\/api.w.org\/{rel}","templated":true}]}}