{"id":152280,"date":"2019-09-06T19:58:31","date_gmt":"2019-09-06T22:58:31","guid":{"rendered":"http:\/\/aconteceunovale.com.br\/portal\/?p=152280"},"modified":"2019-09-06T20:00:23","modified_gmt":"2019-09-06T23:00:23","slug":"comerciante-e-assassinado-a-facadas-em-governador-valadares","status":"publish","type":"post","link":"https:\/\/aconteceunovale.com.br\/portal\/?p=152280","title":{"rendered":"Comerciante \u00e9 assassinado a facadas em Governador Valadares"},"content":{"rendered":"\n<p>O dono de um restaurante de Governador Valadares foi encontrado\nmorto na casa em que morava, aos fundos do estabelecimento, nesta sexta-feira (06\/09\/2019).\nRudson de Abreu, de 52 anos, foi assassinado a facadas durante a madrugada. A\nv\u00edtima foi encontrada por um cliente.<\/p>\n\n\n\n<p>Ainda segundo\ninforma\u00e7\u00f5es da PM, a testemunha teria estranhado o estabelecimento fechado no\nhor\u00e1rio de almo\u00e7o e foi procurar pelo comerciante. Ap\u00f3s chamar algumas vezes\npor Rudson, o cliente utilizou uma escada para entrar na casa pelo telhado e\nencontrou o corpo da v\u00edtima em um dos quartos da casa.<\/p>\n\n\n\n<p>O irm\u00e3o de Rudson,\nRobson de Abreu, contou que n\u00e3o sabe de nenhum acontecimento que possa ter\nmotivado o crime. \u201cMeu irm\u00e3o era uma pessoa muito prestativa. Nunca vi ningu\u00e9m\nbrigar com ele, ou ter algum desentendimento. Ele era uma pessoa \u00f3tima\u201d, diz.<\/p>\n\n\n\n<p>A Pol\u00edcia ainda investiga o crime. Nenhum suspeito foi identificado ou preso.<\/p>\n\n\n\n<figure class=\"wp-block-image\"><img loading=\"lazy\" decoding=\"async\" width=\"678\" height=\"393\" src=\"http:\/\/aconteceunovale.com.br\/portal\/wp-content\/uploads\/2019\/09\/homicidio_gv_rudinho.jpg\" alt=\"\" class=\"wp-image-152281\" srcset=\"https:\/\/aconteceunovale.com.br\/portal\/wp-content\/uploads\/2019\/09\/homicidio_gv_rudinho.jpg 678w, https:\/\/aconteceunovale.com.br\/portal\/wp-content\/uploads\/2019\/09\/homicidio_gv_rudinho-300x174.jpg 300w\" sizes=\"auto, (max-width: 678px) 100vw, 678px\" \/><figcaption><em>Foto: Roberto Higino \/ Reprodu\u00e7\u00e3o Facebook<\/em><\/figcaption><\/figure>\n\n\n\n<p class=\"has-text-color has-background has-very-light-gray-color has-vivid-cyan-blue-background-color\"><strong>VER PRIMEIRO: <\/strong>Receba as not\u00edcias do Aconteceu no Vale em primeira m\u00e3o. Clique em curtir no endere\u00e7o <a href=\"https:\/\/www.facebook.com\/aconteceunovale\" target=\"_blank\" rel=\"noreferrer noopener\">www.facebook.com\/aconteceunovale<\/a>.<\/p>\n","protected":false},"excerpt":{"rendered":"<p>O dono de um restaurante de Governador Valadares foi encontrado morto na casa em que morava, aos fundos do estabelecimento, nesta sexta-feira (06\/09\/2019). Rudson de Abreu, de 52 anos, foi assassinado a facadas durante a madrugada. A v\u00edtima foi encontrada por um cliente. Ainda segundo informa\u00e7\u00f5es da PM, a testemunha teria estranhado o estabelecimento fechado [&hellip;]<\/p>\n","protected":false},"author":1,"featured_media":152281,"comment_status":"open","ping_status":"closed","sticky":false,"template":"","format":"standard","meta":{"amp_status":"","footnotes":""},"categories":[121],"tags":[206687,247,18800,8180,43038,206686,206685,206688,18801],"class_list":["post-152280","post","type-post","status-publish","format-standard","has-post-thumbnail","hentry","category-leste","tag-comerciante-e-assassinado-a-facadas-em-governador-valadares","tag-governador-valadares","tag-gv","tag-homicidio-em-governador-valadares","tag-morto-em-governador-valadares","tag-rudinho","tag-rudinho-marmitex","tag-rudson-de-abreu","tag-valadares"],"_links":{"self":[{"href":"https:\/\/aconteceunovale.com.br\/portal\/index.php?rest_route=\/wp\/v2\/posts\/152280","targetHints":{"allow":["GET"]}}],"collection":[{"href":"https:\/\/aconteceunovale.com.br\/portal\/index.php?rest_route=\/wp\/v2\/posts"}],"about":[{"href":"https:\/\/aconteceunovale.com.br\/portal\/index.php?rest_route=\/wp\/v2\/types\/post"}],"author":[{"embeddable":true,"href":"https:\/\/aconteceunovale.com.br\/portal\/index.php?rest_route=\/wp\/v2\/users\/1"}],"replies":[{"embeddable":true,"href":"https:\/\/aconteceunovale.com.br\/portal\/index.php?rest_route=%2Fwp%2Fv2%2Fcomments&post=152280"}],"version-history":[{"count":1,"href":"https:\/\/aconteceunovale.com.br\/portal\/index.php?rest_route=\/wp\/v2\/posts\/152280\/revisions"}],"predecessor-version":[{"id":152282,"href":"https:\/\/aconteceunovale.com.br\/portal\/index.php?rest_route=\/wp\/v2\/posts\/152280\/revisions\/152282"}],"wp:featuredmedia":[{"embeddable":true,"href":"https:\/\/aconteceunovale.com.br\/portal\/index.php?rest_route=\/wp\/v2\/media\/152281"}],"wp:attachment":[{"href":"https:\/\/aconteceunovale.com.br\/portal\/index.php?rest_route=%2Fwp%2Fv2%2Fmedia&parent=152280"}],"wp:term":[{"taxonomy":"category","embeddable":true,"href":"https:\/\/aconteceunovale.com.br\/portal\/index.php?rest_route=%2Fwp%2Fv2%2Fcategories&post=152280"},{"taxonomy":"post_tag","embeddable":true,"href":"https:\/\/aconteceunovale.com.br\/portal\/index.php?rest_route=%2Fwp%2Fv2%2Ftags&post=152280"}],"curies":[{"name":"wp","href":"https:\/\/api.w.org\/{rel}","templated":true}]}}