{"id":152277,"date":"2019-09-06T19:49:49","date_gmt":"2019-09-06T22:49:49","guid":{"rendered":"http:\/\/aconteceunovale.com.br\/portal\/?p=152277"},"modified":"2019-09-06T19:49:51","modified_gmt":"2019-09-06T22:49:51","slug":"carga-e-saqueada-apos-acidente-na-br-251-no-norte-de-minas","status":"publish","type":"post","link":"https:\/\/aconteceunovale.com.br\/portal\/?p=152277","title":{"rendered":"Carga \u00e9 saqueada ap\u00f3s acidente na BR-251, no Norte de Minas"},"content":{"rendered":"\n<p>Um motorista de 48 anos ficou ferido depois que o caminh\u00e3o que\nele dirigia capotou na BR-251, no Norte de Minas. O acidente aconteceu em Serra\nde Vacarias, zona rural de Padre Carvalho (MG), nesta sexta-feira (06\/09\/2019).\nA carga, composta por produtos diversos, foi totalmente saqueada.<\/p>\n\n\n\n<p>Segundo as informa\u00e7\u00f5es\ndo Corpo de Bombeiros, a cabine ficou destru\u00edda. Quando os militares chegaram,\no caminhoneiro j\u00e1 havia sido retirado das ferragens por terceiros. Ele se\nqueixava de dores e tinha um corte na testa. Ap\u00f3s ser imobilizado, o motorista\nfoi levado para uma unidade de sa\u00fade em Salinas (MG).<\/p>\n\n\n\n<p>O Corpo de Bombeiros informou ainda que quando o atendimento era feito, v\u00e1rias pessoas come\u00e7aram a saquear a carga. Os militares contiveram o furto enquanto permaneceram no local. <\/p>\n\n\n\n<figure class=\"wp-block-image\"><img loading=\"lazy\" decoding=\"async\" width=\"600\" height=\"450\" src=\"http:\/\/aconteceunovale.com.br\/portal\/wp-content\/uploads\/2019\/09\/acidente_251.jpeg\" alt=\"\" class=\"wp-image-152278\" srcset=\"https:\/\/aconteceunovale.com.br\/portal\/wp-content\/uploads\/2019\/09\/acidente_251.jpeg 600w, https:\/\/aconteceunovale.com.br\/portal\/wp-content\/uploads\/2019\/09\/acidente_251-300x225.jpeg 300w, https:\/\/aconteceunovale.com.br\/portal\/wp-content\/uploads\/2019\/09\/acidente_251-80x60.jpeg 80w, https:\/\/aconteceunovale.com.br\/portal\/wp-content\/uploads\/2019\/09\/acidente_251-265x198.jpeg 265w, https:\/\/aconteceunovale.com.br\/portal\/wp-content\/uploads\/2019\/09\/acidente_251-560x420.jpeg 560w\" sizes=\"auto, (max-width: 600px) 100vw, 600px\" \/><figcaption><em> Foto: Corpo de Bombeiros\/Divulga\u00e7\u00e3o <\/em><\/figcaption><\/figure>\n\n\n\n<p class=\"has-text-color has-background has-very-light-gray-color has-vivid-cyan-blue-background-color\"><strong>VER PRIMEIRO: <\/strong>Receba as not\u00edcias do Aconteceu no Vale em primeira m\u00e3o. Clique em curtir no endere\u00e7o <a href=\"https:\/\/www.facebook.com\/aconteceunovale\" target=\"_blank\" rel=\"noreferrer noopener\">www.facebook.com\/aconteceunovale<\/a>.<\/p>\n","protected":false},"excerpt":{"rendered":"<p>Um motorista de 48 anos ficou ferido depois que o caminh\u00e3o que ele dirigia capotou na BR-251, no Norte de Minas. O acidente aconteceu em Serra de Vacarias, zona rural de Padre Carvalho (MG), nesta sexta-feira (06\/09\/2019). A carga, composta por produtos diversos, foi totalmente saqueada. Segundo as informa\u00e7\u00f5es do Corpo de Bombeiros, a cabine [&hellip;]<\/p>\n","protected":false},"author":1,"featured_media":152278,"comment_status":"open","ping_status":"closed","sticky":false,"template":"","format":"standard","meta":{"amp_status":"","footnotes":""},"categories":[1236],"tags":[53027,1396,921,206683,206684,206681,1018,190,206680,206682],"class_list":["post-152277","post","type-post","status-publish","format-standard","has-post-thumbnail","hentry","category-norte_de_minas","tag-acidente-em-padre-carvalho","tag-acidente-na-br-251","tag-br-251","tag-carga-e-saqueada-apos-acidente-na-br-251","tag-carga-e-saqueada-apos-acidente-na-br-251-no-norte-de-minas","tag-carga-saqueada-na-br-251","tag-destaque","tag-salinas","tag-saque-de-carga-na-br-251","tag-serra-de-vacarias"],"_links":{"self":[{"href":"https:\/\/aconteceunovale.com.br\/portal\/index.php?rest_route=\/wp\/v2\/posts\/152277","targetHints":{"allow":["GET"]}}],"collection":[{"href":"https:\/\/aconteceunovale.com.br\/portal\/index.php?rest_route=\/wp\/v2\/posts"}],"about":[{"href":"https:\/\/aconteceunovale.com.br\/portal\/index.php?rest_route=\/wp\/v2\/types\/post"}],"author":[{"embeddable":true,"href":"https:\/\/aconteceunovale.com.br\/portal\/index.php?rest_route=\/wp\/v2\/users\/1"}],"replies":[{"embeddable":true,"href":"https:\/\/aconteceunovale.com.br\/portal\/index.php?rest_route=%2Fwp%2Fv2%2Fcomments&post=152277"}],"version-history":[{"count":1,"href":"https:\/\/aconteceunovale.com.br\/portal\/index.php?rest_route=\/wp\/v2\/posts\/152277\/revisions"}],"predecessor-version":[{"id":152279,"href":"https:\/\/aconteceunovale.com.br\/portal\/index.php?rest_route=\/wp\/v2\/posts\/152277\/revisions\/152279"}],"wp:featuredmedia":[{"embeddable":true,"href":"https:\/\/aconteceunovale.com.br\/portal\/index.php?rest_route=\/wp\/v2\/media\/152278"}],"wp:attachment":[{"href":"https:\/\/aconteceunovale.com.br\/portal\/index.php?rest_route=%2Fwp%2Fv2%2Fmedia&parent=152277"}],"wp:term":[{"taxonomy":"category","embeddable":true,"href":"https:\/\/aconteceunovale.com.br\/portal\/index.php?rest_route=%2Fwp%2Fv2%2Fcategories&post=152277"},{"taxonomy":"post_tag","embeddable":true,"href":"https:\/\/aconteceunovale.com.br\/portal\/index.php?rest_route=%2Fwp%2Fv2%2Ftags&post=152277"}],"curies":[{"name":"wp","href":"https:\/\/api.w.org\/{rel}","templated":true}]}}