{"id":152274,"date":"2019-09-06T16:58:52","date_gmt":"2019-09-06T19:58:52","guid":{"rendered":"http:\/\/aconteceunovale.com.br\/portal\/?p=152274"},"modified":"2019-09-06T17:02:25","modified_gmt":"2019-09-06T20:02:25","slug":"conheca-os-principais-mitos-sobre-vacinacao","status":"publish","type":"post","link":"https:\/\/aconteceunovale.com.br\/portal\/?p=152274","title":{"rendered":"Conhe\u00e7a os principais mitos sobre vacina\u00e7\u00e3o"},"content":{"rendered":"\n<p>O Sistema \u00danico de Sa\u00fade P\u00fablica (SUS) oferece 19 vacinas para a popula\u00e7\u00e3o de forma gratuita. S\u00e3o imuniza\u00e7\u00f5es para crian\u00e7as, adolescentes, adultos e idosos, que combatem as mais variadas doen\u00e7as. No entanto, em 2016, a cobertura vacinal come\u00e7ou a demonstrar sinais de queda em todo o pa\u00eds.<\/p>\n\n\n\n<p>Um exemplo \u00e9 a primeira e a segunda doses da vacina contra o HPV, uma doen\u00e7a sexualmente transmiss\u00edvel. Foram vacinados 3,5 milh\u00f5es de meninos, entre 11 e 14 anos, com a primeira dose a partir de 2017, correspondendo a 48,9% do p\u00fablico-alvo. Com a segunda dose a cobertura foi ainda menor. Apenas 1,6 milh\u00e3o de meninos nesta faixa et\u00e1ria foram vacinados, o que equivale a 22,4% do p\u00fablico estipulado. Segundo o Minist\u00e9rio da Sa\u00fade, as duas doses s\u00e3o necess\u00e1rias e o ideal \u00e9 que 80% desse p\u00fablico fosse vacinado.<\/p>\n\n\n\n<p>Segundo o m\u00e9dico sanitarista e coordenador do n\u00facleo de epidemiologia e vigil\u00e2ncia em sa\u00fade da Fiocruz em Bras\u00edlia, Cl\u00e1udio Maierovitch, diversos fatores podem contribuir para a diminui\u00e7\u00e3o da cobertura. Entre eles, est\u00e3o as fake news (not\u00edcias falsas) e os mitos envolvendo a vacina\u00e7\u00e3o.<\/p>\n\n\n\n<p>\u201c\u00c9 muito preocupante que haja questionamentos sobre o funcionamento das vacinas, em especial aqueles que se baseiam em not\u00edcias mentirosas, relacionadas a efeitos negativos de vacina. H\u00e1 pessoas que deixam de levar as crian\u00e7as ou mesmo de tomar vacinas, porque ficam na d\u00favida se h\u00e1 algum risco, e como n\u00e3o se trata de um tratamento, e sim de uma preven\u00e7\u00e3o, eventualmente as pessoas abrem m\u00e3o desse instrumento\u201d, explicou.<\/p>\n\n\n\n<p>Com a dissemina\u00e7\u00e3o de not\u00edcias falsas, come\u00e7aram a surgir em todo o mundo movimentos antivacina, que levantam argumentos contra a imuniza\u00e7\u00e3o. A situa\u00e7\u00e3o \u00e9 t\u00e3o preocupante que a Organiza\u00e7\u00e3o Mundial da Sa\u00fade (OMS) incluiu esses grupos entre os 10 maiores desafios de sa\u00fade global em 2019.<\/p>\n\n\n\n<p>Em entrevista ao Gov.br, o diretor do Departamento de Imuniza\u00e7\u00f5es e Doen\u00e7as Transmiss\u00edveis do Minist\u00e9rio da Sa\u00fade, J\u00falio Croda, explicou os 5 principais mitos que envolvem a vacina\u00e7\u00e3o:<\/p>\n\n\n\n<p><strong>5 mitos relacionados \u00e0 vacina\u00e7\u00e3o<\/strong><\/p>\n\n\n\n<p>Confira as explica\u00e7\u00f5es de J\u00falio Croda, diretor do Departamento de Imuniza\u00e7\u00f5es e Doen\u00e7as Transmitidas do Minist\u00e9rio da Sa\u00fade<\/p>\n\n\n\n<ul class=\"wp-block-list\"><li>1 &#8211; A vacina causa autismo ou outras doen\u00e7as. &#8220;A vacina n\u00e3o est\u00e1 associada a nenhum tipo de doen\u00e7a, n\u00e3o existe nenhum tipo de reutiliza\u00e7\u00e3o de seringas e n\u00e3o h\u00e1 nenhuma associa\u00e7\u00e3o ao autismo&#8221;<\/li><\/ul>\n\n\n\n<ul class=\"wp-block-list\"><li>2 &#8211; A vacina cont\u00e9m toxinas ou agentes qu\u00edmicos nocivos \u00e0 sa\u00fade. &#8220;Isso \u00e9 outro mito muito difundido atrav\u00e9s de redes sociais e p\u00e1ginas espec\u00edficas de movimentos que espalham essas fakes news. N\u00e3o h\u00e1 nenhum estudo que confirme qualquer conte\u00fado nocivo \u00e0 popula\u00e7\u00e3o nas vacinas&#8221;<\/li><\/ul>\n\n\n\n<ul class=\"wp-block-list\"><li>3 &#8211; Quem \u00e9 saud\u00e1vel n\u00e3o precisa tomar vacina. &#8220;As doen\u00e7as podem acometer qualquer pessoa, independente da sua imaturidade. \u00c9 necess\u00e1rio que a pessoa se vacine para n\u00e3o adquirir a doen\u00e7a e suas consequ\u00eancias&#8221;<\/li><\/ul>\n\n\n\n<ul class=\"wp-block-list\"><li>4 &#8211; Pessoas com doen\u00e7as cr\u00f4nicas n\u00e3o podem se vacinar. &#8220;Muito pelo contr\u00e1rio, eles fazem parte de um grupo de risco, e realmente precisam se vacinar. A maioria dos pacientes com diabetes e hipertens\u00e3o, por exemplo, s\u00e3o idosos, e existe um calend\u00e1rio vacinal espec\u00edfico para essa popula\u00e7\u00e3o&#8221;<\/li><\/ul>\n\n\n\n<ul class=\"wp-block-list\"><li>5 &#8211; Vacina s\u00f3 \u00e9 importante para crian\u00e7as. &#8220;O calend\u00e1rio vacinal est\u00e1 previsto para crian\u00e7as, mas tamb\u00e9m para os adolescentes, adultos e idosos&#8221;<\/li><\/ul>\n\n\n\n<p class=\"has-text-color has-background has-very-light-gray-color has-vivid-cyan-blue-background-color\"><strong>VER PRIMEIRO: <\/strong>Receba as not\u00edcias do Aconteceu no Vale em primeira m\u00e3o. Clique em curtir no endere\u00e7o <a href=\"https:\/\/www.facebook.com\/aconteceunovale\" target=\"_blank\" rel=\"noreferrer noopener\">www.facebook.com\/aconteceunovale<\/a>.<\/p>\n","protected":false},"excerpt":{"rendered":"<p>O Sistema \u00danico de Sa\u00fade P\u00fablica (SUS) oferece 19 vacinas para a popula\u00e7\u00e3o de forma gratuita. S\u00e3o imuniza\u00e7\u00f5es para crian\u00e7as, adolescentes, adultos e idosos, que combatem as mais variadas doen\u00e7as. No entanto, em 2016, a cobertura vacinal come\u00e7ou a demonstrar sinais de queda em todo o pa\u00eds. Um exemplo \u00e9 a primeira e a segunda [&hellip;]<\/p>\n","protected":false},"author":1,"featured_media":152275,"comment_status":"open","ping_status":"closed","sticky":false,"template":"","format":"standard","meta":{"amp_status":"","footnotes":""},"categories":[6,40242],"tags":[66584,206670,1018,24306,206672,19326,206669,23476,206678,206679,206671,28873,206673,206674,206675,206676,206677,22284],"class_list":["post-152274","post","type-post","status-publish","format-standard","has-post-thumbnail","hentry","category-br","category-saude-2","tag-claudio-maierovitch","tag-conheca-os-principais-mitos-sobre-vacinacao","tag-destaque","tag-hpv","tag-julio-croda","tag-ministerio-da-saude","tag-mitos-sobre-vacinacao","tag-oms","tag-pessoas-com-doencas-cronicas-nao-podem-se-vacinar","tag-quem-e-saudavel-nao-precisa-tomar-vacina","tag-sistema-unico-de-saude-publica","tag-sus","tag-vacina-causa-autismo","tag-vacina-causa-doencas","tag-vacina-contem-agentes-quimicos","tag-vacina-contem-toxinas","tag-vacina-so-e-importante-para-criancas","tag-vacinacao"],"_links":{"self":[{"href":"https:\/\/aconteceunovale.com.br\/portal\/index.php?rest_route=\/wp\/v2\/posts\/152274","targetHints":{"allow":["GET"]}}],"collection":[{"href":"https:\/\/aconteceunovale.com.br\/portal\/index.php?rest_route=\/wp\/v2\/posts"}],"about":[{"href":"https:\/\/aconteceunovale.com.br\/portal\/index.php?rest_route=\/wp\/v2\/types\/post"}],"author":[{"embeddable":true,"href":"https:\/\/aconteceunovale.com.br\/portal\/index.php?rest_route=\/wp\/v2\/users\/1"}],"replies":[{"embeddable":true,"href":"https:\/\/aconteceunovale.com.br\/portal\/index.php?rest_route=%2Fwp%2Fv2%2Fcomments&post=152274"}],"version-history":[{"count":1,"href":"https:\/\/aconteceunovale.com.br\/portal\/index.php?rest_route=\/wp\/v2\/posts\/152274\/revisions"}],"predecessor-version":[{"id":152276,"href":"https:\/\/aconteceunovale.com.br\/portal\/index.php?rest_route=\/wp\/v2\/posts\/152274\/revisions\/152276"}],"wp:featuredmedia":[{"embeddable":true,"href":"https:\/\/aconteceunovale.com.br\/portal\/index.php?rest_route=\/wp\/v2\/media\/152275"}],"wp:attachment":[{"href":"https:\/\/aconteceunovale.com.br\/portal\/index.php?rest_route=%2Fwp%2Fv2%2Fmedia&parent=152274"}],"wp:term":[{"taxonomy":"category","embeddable":true,"href":"https:\/\/aconteceunovale.com.br\/portal\/index.php?rest_route=%2Fwp%2Fv2%2Fcategories&post=152274"},{"taxonomy":"post_tag","embeddable":true,"href":"https:\/\/aconteceunovale.com.br\/portal\/index.php?rest_route=%2Fwp%2Fv2%2Ftags&post=152274"}],"curies":[{"name":"wp","href":"https:\/\/api.w.org\/{rel}","templated":true}]}}