{"id":152266,"date":"2019-09-06T16:05:22","date_gmt":"2019-09-06T19:05:22","guid":{"rendered":"http:\/\/aconteceunovale.com.br\/portal\/?p=152266"},"modified":"2019-09-06T16:09:49","modified_gmt":"2019-09-06T19:09:49","slug":"estudante-mineiro-conquista-cinco-medalhas-no-parapan-2019","status":"publish","type":"post","link":"https:\/\/aconteceunovale.com.br\/portal\/?p=152266","title":{"rendered":"Estudante mineiro conquista cinco medalhas no Parapan 2019"},"content":{"rendered":"\n<p>Gabriel Geraldo dos Santos aprendeu a nadar aos quatro anos e o que come\u00e7ou como uma brincadeira, hoje, aos 17 anos, realiza sonhos. Atleta paraol\u00edmpico, o aluno do 3\u00ba ano do ensino m\u00e9dio da Escola Estadual Professora Maria Am\u00e9lia Campos, em Corinto, acabou de chegar de Lima, capital do Peru, onde participou dos Jogos Parapan-Americanos de 2019.<\/p>\n\n\n\n<p>Na mala, al\u00e9m de orgulho e alegria, trouxe cinco medalhas: duas de ouro, uma de prata e duas de bronze. \u201cEstou muito feliz depois dessa competi\u00e7\u00e3o. Agora vou pegar uns dias de descanso e voltar forte, com foco nas competi\u00e7\u00f5es nacionais. N\u00e3o pode\u00a0\u00e9\u00a0parar\u201d, disse Gabriel.\u00a0<\/p>\n\n\n\n<p>O aluno-atleta desembarcou no&nbsp;Aeroporto de Confins na quarta-feira (4\/9) e foi recepcionado com festa por&nbsp;amigos e familiares. A m\u00e3e dele, Eneida Magna dos Santos Ara\u00fajo, falou sobre a emo\u00e7\u00e3o ao ver a primeira conquista internacional do filho. \u201cEstou sem palavras. \u00c9 uma emo\u00e7\u00e3o muito grande ver a supera\u00e7\u00e3o do Gabriel e saber que ele conseguiu chegar t\u00e3o longe\u201d, comemora.&nbsp;<\/p>\n\n\n\n<p>As medalhas conquistadas por Gabriel no Parapan-Americanos foram: dois ouros nos 50 e 100 metros livres, uma de prata, nos 200 metros livres, e duas de bronze, nos 50 metros borboleta e 50 metros nado costas classe S2. Gabriel conseguiu ainda bater o pr\u00f3prio recorde.<\/p>\n\n\n\n<p>Agora, o objetivo do estudante \u00e9 participar dos Jogos Paral\u00edmpicos de 2020, que ser\u00e3o\u00a0realizados\u00a0em T\u00f3quio, no Jap\u00e3o. \u201cMeu sonho sempre foi participar de uma paraolimp\u00edada e estou mais pr\u00f3ximo disso\u201d, declara.<\/p>\n\n\n\n<figure class=\"wp-block-image is-resized\"><img loading=\"lazy\" decoding=\"async\" src=\"http:\/\/aconteceunovale.com.br\/portal\/wp-content\/uploads\/2019\/09\/atleta_corinto2.jpg\" alt=\"\" class=\"wp-image-152268\" width=\"600\" height=\"693\" srcset=\"https:\/\/aconteceunovale.com.br\/portal\/wp-content\/uploads\/2019\/09\/atleta_corinto2.jpg 390w, https:\/\/aconteceunovale.com.br\/portal\/wp-content\/uploads\/2019\/09\/atleta_corinto2-260x300.jpg 260w, https:\/\/aconteceunovale.com.br\/portal\/wp-content\/uploads\/2019\/09\/atleta_corinto2-364x420.jpg 364w\" sizes=\"auto, (max-width: 600px) 100vw, 600px\" \/><figcaption><em>A inser\u00e7\u00e3o de Gabriel no esporte foi uma iniciativa do professor de Educa\u00e7\u00e3o F\u00edsica, Aguilar Freitas da Rocha (Foto: Geanine Nogueira \/ Reprodu\u00e7\u00e3o Ag\u00eancia Minas)<\/em><\/figcaption><\/figure>\n\n\n\n<p><strong>Est\u00edmulo de professor<\/strong><\/p>\n\n\n\n<p>A inser\u00e7\u00e3o de Gabriel no esporte foi uma iniciativa do professor de Educa\u00e7\u00e3o F\u00edsica, Aguilar Freitas da Rocha. Na \u00e9poca, o educador atuava na Escola Estadual Ant\u00f4nio Vieira Machado, em Corinto. \u201cO Aguilar teve um olhar para o diferente. Quando viu Gabriel nadando, perguntou se podia inseri-lo no esporte e eu concordei\u201d, conta&nbsp;Eneida.<\/p>\n\n\n\n<p>Com a aprova\u00e7\u00e3o da m\u00e3e, o professor inscreveu Gabriel para participar dos Jogos Escolares de Minas Gerais (Jemg). J\u00e1 na primeira competi\u00e7\u00e3o o estudante conquistou tr\u00eas medalhas. \u201cQuando vi o Gabriel nadando,\u00a0j\u00e1 deu para perceber o potencial incr\u00edvel que ele tinha. Para mim, ele \u00e9 um super-humano\u201d, afirma o professor. De l\u00e1 para c\u00e1, Gabriel j\u00e1 conquistou quase 80 medalhas em competi\u00e7\u00f5es.<\/p>\n\n\n\n<p class=\"has-text-color has-background has-very-light-gray-color has-vivid-cyan-blue-background-color\"><strong>VER PRIMEIRO: <\/strong>Receba as not\u00edcias do Aconteceu no Vale em primeira m\u00e3o. Clique em curtir no endere\u00e7o <a href=\"https:\/\/www.facebook.com\/aconteceunovale\" target=\"_blank\" rel=\"noreferrer noopener\">www.facebook.com\/aconteceunovale<\/a>.<\/p>\n","protected":false},"excerpt":{"rendered":"<p>Gabriel Geraldo dos Santos aprendeu a nadar aos quatro anos e o que come\u00e7ou como uma brincadeira, hoje, aos 17 anos, realiza sonhos. Atleta paraol\u00edmpico, o aluno do 3\u00ba ano do ensino m\u00e9dio da Escola Estadual Professora Maria Am\u00e9lia Campos, em Corinto, acabou de chegar de Lima, capital do Peru, onde participou dos Jogos Parapan-Americanos [&hellip;]<\/p>\n","protected":false},"author":1,"featured_media":152267,"comment_status":"open","ping_status":"closed","sticky":false,"template":"","format":"standard","meta":{"amp_status":"","footnotes":""},"categories":[59,123,28848],"tags":[1534,206659,206655,206661,206660,206657,206658,101503,206324,206321,206656],"class_list":["post-152266","post","type-post","status-publish","format-standard","has-post-thumbnail","hentry","category-sports","category-gerais","category-mundo","tag-corinto","tag-eneida-magna-dos-santos-araujo","tag-escola-estadual-professora-maria-amelia-campos","tag-estudante-de-corinto-conquista-cinco-medalhas-no-parapan-2019","tag-estudante-mineiro-conquista-cinco-medalhas-no-parapan-2019","tag-gabriel-geraldo-dos-santos","tag-jogos-parapan-americanos-de-2019","tag-lima","tag-parapan-2019","tag-parapan-de-lima","tag-parapan-americano-2019"],"_links":{"self":[{"href":"https:\/\/aconteceunovale.com.br\/portal\/index.php?rest_route=\/wp\/v2\/posts\/152266","targetHints":{"allow":["GET"]}}],"collection":[{"href":"https:\/\/aconteceunovale.com.br\/portal\/index.php?rest_route=\/wp\/v2\/posts"}],"about":[{"href":"https:\/\/aconteceunovale.com.br\/portal\/index.php?rest_route=\/wp\/v2\/types\/post"}],"author":[{"embeddable":true,"href":"https:\/\/aconteceunovale.com.br\/portal\/index.php?rest_route=\/wp\/v2\/users\/1"}],"replies":[{"embeddable":true,"href":"https:\/\/aconteceunovale.com.br\/portal\/index.php?rest_route=%2Fwp%2Fv2%2Fcomments&post=152266"}],"version-history":[{"count":1,"href":"https:\/\/aconteceunovale.com.br\/portal\/index.php?rest_route=\/wp\/v2\/posts\/152266\/revisions"}],"predecessor-version":[{"id":152269,"href":"https:\/\/aconteceunovale.com.br\/portal\/index.php?rest_route=\/wp\/v2\/posts\/152266\/revisions\/152269"}],"wp:featuredmedia":[{"embeddable":true,"href":"https:\/\/aconteceunovale.com.br\/portal\/index.php?rest_route=\/wp\/v2\/media\/152267"}],"wp:attachment":[{"href":"https:\/\/aconteceunovale.com.br\/portal\/index.php?rest_route=%2Fwp%2Fv2%2Fmedia&parent=152266"}],"wp:term":[{"taxonomy":"category","embeddable":true,"href":"https:\/\/aconteceunovale.com.br\/portal\/index.php?rest_route=%2Fwp%2Fv2%2Fcategories&post=152266"},{"taxonomy":"post_tag","embeddable":true,"href":"https:\/\/aconteceunovale.com.br\/portal\/index.php?rest_route=%2Fwp%2Fv2%2Ftags&post=152266"}],"curies":[{"name":"wp","href":"https:\/\/api.w.org\/{rel}","templated":true}]}}