{"id":152249,"date":"2019-09-06T10:45:43","date_gmt":"2019-09-06T13:45:43","guid":{"rendered":"http:\/\/aconteceunovale.com.br\/portal\/?p=152249"},"modified":"2019-09-06T10:45:44","modified_gmt":"2019-09-06T13:45:44","slug":"obras-facilitam-acesso-de-turistas-no-parque-do-rio-preto-no-vale-do-jequitinhonha","status":"publish","type":"post","link":"https:\/\/aconteceunovale.com.br\/portal\/?p=152249","title":{"rendered":"Obras facilitam acesso de turistas no Parque do Rio Preto, no Vale do Jequitinhonha"},"content":{"rendered":"\n<p>A estrada interna do Parque Estadual do Rio Preto, na Regi\u00e3o do Alto Jequitinhonha, recebeu melhorias em seus trechos mais cr\u00edticos, facilitando o acesso do visitante no percurso at\u00e9 centro de visitantes e demais estruturas de lazer. Com as interven\u00e7\u00f5es, cerca de 800 metros da estrada de terra, nos pontos de subidas e descidas \u00edngremes e com eros\u00f5es, receberam cal\u00e7amento de bloquetes sextavados.<\/p>\n\n\n\n<p>Ao todo,\u00a0a pavimenta\u00e7\u00e3o\u00a0soma 2,3 mil metros quadrados de piso. Destes, 792\u00a0metros quadrados\u00a0foram finalizados nesse \u00faltimo m\u00eas de agosto, concluindo os trechos que a unidade de conserva\u00e7\u00e3o tinha em seu planejamento para o ano. Os trabalhos foram executados pela pr\u00f3pria equipe de funcion\u00e1rios do\u00a0parque. No primeiro trimestre de 2019, outros 1.503,5 m\u00b2 da estrada j\u00e1 haviam recebido as melhorias.<\/p>\n\n\n\n<p>\u201cO cal\u00e7amento diminui o escoamento de terra e cascalho para os cursos d\u2019agua, reduz manuten\u00e7\u00e3o e gastos com a estrada, melhora o acesso e aumenta a visita\u00e7\u00e3o\u201d, explica o monitor ambiental do&nbsp;parque, Raphael Reis. \u201cDesde a conclus\u00e3o dos primeiros trechos,&nbsp;o trabalho j\u00e1 vem recebendo manifesta\u00e7\u00f5es de satisfa\u00e7\u00e3o dos visitantes com a melhoria no acesso\u201d, completa.<\/p>\n\n\n\n<p>Os recursos para as interven\u00e7\u00f5es nas estradas internas do Parque Estadual do Rio Preto s\u00e3o provenientes da compensa\u00e7\u00e3o ambiental de processo de licenciamento ambiental da empresa Vale.<\/p>\n\n\n\n<figure class=\"wp-block-image\"><img loading=\"lazy\" decoding=\"async\" width=\"620\" height=\"399\" src=\"http:\/\/aconteceunovale.com.br\/portal\/wp-content\/uploads\/2019\/09\/parque_rio_preto_2.jpg\" alt=\"\" class=\"wp-image-152250\" srcset=\"https:\/\/aconteceunovale.com.br\/portal\/wp-content\/uploads\/2019\/09\/parque_rio_preto_2.jpg 620w, https:\/\/aconteceunovale.com.br\/portal\/wp-content\/uploads\/2019\/09\/parque_rio_preto_2-300x193.jpg 300w\" sizes=\"auto, (max-width: 620px) 100vw, 620px\" \/><figcaption> <em>Foto: Divulga\u00e7\u00e3o\/Sisema<\/em> <\/figcaption><\/figure>\n\n\n\n<p><strong>Turismo<\/strong><\/p>\n\n\n\n<p>O Parque Estadual do Rio Preto \u00e9 uma das principais unidades de conserva\u00e7\u00e3o de Minas.&nbsp;Est\u00e1 localizado no munic\u00edpio de S\u00e3o Gon\u00e7alo do Rio Preto e&nbsp;foi o primeiro&nbsp;parque mineiro a receber o marco de refer\u00eancia da Estrada Real, que vai de Parati, no Rio de Janeiro, at\u00e9 Diamantina.<\/p>\n\n\n\n<p>A unidade de conserva\u00e7\u00e3o nasceu do interesse da comunidade do munic\u00edpio de proteger as nascentes do Rio Preto. O&nbsp;parque possui belas cachoeiras, mirantes e uma das mais completas infraestruturas, o que inclui portaria, estacionamento e restaurante. Os 12 alojamentos podem abrigar at\u00e9 52 pessoas e a \u00e1rea de camping comporta at\u00e9 25 barracas e&nbsp;tem&nbsp;quiosques, churrasqueiras, lavat\u00f3rio de vasilhames, vesti\u00e1rios e fonte de \u00e1gua pot\u00e1vel.<\/p>\n\n\n\n<figure class=\"wp-block-image\"><img loading=\"lazy\" decoding=\"async\" width=\"659\" height=\"350\" src=\"http:\/\/aconteceunovale.com.br\/portal\/wp-content\/uploads\/2019\/09\/parque_rio_preto_1.png\" alt=\"\" class=\"wp-image-152251\" srcset=\"https:\/\/aconteceunovale.com.br\/portal\/wp-content\/uploads\/2019\/09\/parque_rio_preto_1.png 659w, https:\/\/aconteceunovale.com.br\/portal\/wp-content\/uploads\/2019\/09\/parque_rio_preto_1-300x159.png 300w\" sizes=\"auto, (max-width: 659px) 100vw, 659px\" \/><figcaption> <em>Foto: Divulga\u00e7\u00e3o\/Sisema<\/em> <\/figcaption><\/figure>\n\n\n\n<p><strong>Parc<\/strong><\/p>\n\n\n\n<p>O Rio Preto \u00e9 uma das 20 unidades de conserva\u00e7\u00e3o mineiras&nbsp;que fazem parte do Programa de Concess\u00e3o de Parques Estaduais (Parc), iniciativa lan\u00e7ada pelo Governo de Minas em 11 de abril, que pretende contribuir para a inova\u00e7\u00e3o na gest\u00e3o das \u00e1reas protegidas de Minas Gerais.<\/p>\n\n\n\n<p>O objetivo \u00e9 desenvolver e implantar modelos de parcerias e concess\u00f5es ambientais voltados para o aprimoramento e diversifica\u00e7\u00e3o dos servi\u00e7os tur\u00edsticos oferecidos&nbsp;nas unidades de conserva\u00e7\u00e3o estaduais. Com isso, busca-se garantir o cumprimento de seus objetivos de cria\u00e7\u00e3o, que s\u00e3o o aproveitamento sustent\u00e1vel das potencialidades econ\u00f4micas existentes, a maior efici\u00eancia na gest\u00e3o e na conserva\u00e7\u00e3o da biodiversidade, bem como a gera\u00e7\u00e3o de benef\u00edcios sociais e econ\u00f4micos para as comunidades do seu entorno.<\/p>\n\n\n\n<p>A expectativa \u00e9 que, por meio do projeto, seja poss\u00edvel atrair investimentos, gerar empregos, ampliar os recursos humanos e financeiros a serem empregados na conserva\u00e7\u00e3o ambiental e sensibilizar grande parcela da sociedade quanto \u00e0 real import\u00e2ncia de manuten\u00e7\u00e3o das \u00e1reas verdes para a qualidade de vida das gera\u00e7\u00f5es atuais e futuras.<\/p>\n\n\n\n<p class=\"has-text-color has-background has-very-light-gray-color has-vivid-cyan-blue-background-color\"><strong>VER PRIMEIRO: <\/strong>Receba as not\u00edcias do Aconteceu no Vale em primeira m\u00e3o. Clique em curtir no endere\u00e7o <a href=\"https:\/\/www.facebook.com\/aconteceunovale\" target=\"_blank\" rel=\"noreferrer noopener\">www.facebook.com\/aconteceunovale<\/a>.<\/p>\n","protected":false},"excerpt":{"rendered":"<p>A estrada interna do Parque Estadual do Rio Preto, na Regi\u00e3o do Alto Jequitinhonha, recebeu melhorias em seus trechos mais cr\u00edticos, facilitando o acesso do visitante no percurso at\u00e9 centro de visitantes e demais estruturas de lazer. Com as interven\u00e7\u00f5es, cerca de 800 metros da estrada de terra, nos pontos de subidas e descidas \u00edngremes [&hellip;]<\/p>\n","protected":false},"author":1,"featured_media":152250,"comment_status":"open","ping_status":"closed","sticky":false,"template":"","format":"standard","meta":{"amp_status":"","footnotes":""},"categories":[120],"tags":[206636,206637,206635,151495,20760,783],"class_list":["post-152249","post","type-post","status-publish","format-standard","has-post-thumbnail","hentry","category-jequi","tag-calcamento-no-parque-do-rio-preto","tag-melhorias-no-parque-do-rio-preto","tag-obras-no-parque-do-rio-preto","tag-parque-do-rio-preto","tag-parque-estadual-do-rio-preto","tag-sao-goncalo-do-rio-preto"],"_links":{"self":[{"href":"https:\/\/aconteceunovale.com.br\/portal\/index.php?rest_route=\/wp\/v2\/posts\/152249","targetHints":{"allow":["GET"]}}],"collection":[{"href":"https:\/\/aconteceunovale.com.br\/portal\/index.php?rest_route=\/wp\/v2\/posts"}],"about":[{"href":"https:\/\/aconteceunovale.com.br\/portal\/index.php?rest_route=\/wp\/v2\/types\/post"}],"author":[{"embeddable":true,"href":"https:\/\/aconteceunovale.com.br\/portal\/index.php?rest_route=\/wp\/v2\/users\/1"}],"replies":[{"embeddable":true,"href":"https:\/\/aconteceunovale.com.br\/portal\/index.php?rest_route=%2Fwp%2Fv2%2Fcomments&post=152249"}],"version-history":[{"count":1,"href":"https:\/\/aconteceunovale.com.br\/portal\/index.php?rest_route=\/wp\/v2\/posts\/152249\/revisions"}],"predecessor-version":[{"id":152252,"href":"https:\/\/aconteceunovale.com.br\/portal\/index.php?rest_route=\/wp\/v2\/posts\/152249\/revisions\/152252"}],"wp:featuredmedia":[{"embeddable":true,"href":"https:\/\/aconteceunovale.com.br\/portal\/index.php?rest_route=\/wp\/v2\/media\/152250"}],"wp:attachment":[{"href":"https:\/\/aconteceunovale.com.br\/portal\/index.php?rest_route=%2Fwp%2Fv2%2Fmedia&parent=152249"}],"wp:term":[{"taxonomy":"category","embeddable":true,"href":"https:\/\/aconteceunovale.com.br\/portal\/index.php?rest_route=%2Fwp%2Fv2%2Fcategories&post=152249"},{"taxonomy":"post_tag","embeddable":true,"href":"https:\/\/aconteceunovale.com.br\/portal\/index.php?rest_route=%2Fwp%2Fv2%2Ftags&post=152249"}],"curies":[{"name":"wp","href":"https:\/\/api.w.org\/{rel}","templated":true}]}}