{"id":152246,"date":"2019-09-05T18:11:40","date_gmt":"2019-09-05T21:11:40","guid":{"rendered":"http:\/\/aconteceunovale.com.br\/portal\/?p=152246"},"modified":"2019-09-05T18:11:45","modified_gmt":"2019-09-05T21:11:45","slug":"suspeito-de-lesao-corporal-e-ameaca-contra-a-esposa-e-preso-no-leste-de-minas","status":"publish","type":"post","link":"https:\/\/aconteceunovale.com.br\/portal\/?p=152246","title":{"rendered":"Suspeito de les\u00e3o corporal e amea\u00e7a contra a esposa \u00e9 preso no Leste de Minas"},"content":{"rendered":"\n<p>A Pol\u00edcia Civil de Minas Gerais\n(PCMG), com o apoio da Pol\u00edcia Militar, prendeu em Caratinga, no Vale do Rio Doce,\nEleir&nbsp;S.C, de 36 anos, suspeito de les\u00e3o corporal de\nnatureza grave e amea\u00e7a contra a esposa.<\/p>\n\n\n\n<p>Segundo apurado, em junho deste ano,\nno C\u00f3rrego da Limeira, munic\u00edpio de Santa Rita de Minas, o suspeito chegou a\nagredir a v\u00edtima por dias consecutivos. Inicialmente, ele teria ocasionando\nfratura no bra\u00e7o da mulher. Depois, o homem teria espancado a esposa com pux\u00f5es\nde cabelo, tapas, chutes e pontap\u00e9s. Al\u00e9m disso, Eleir&nbsp;tamb\u00e9m teria cortado a testa da v\u00edtima com um fac\u00e3o\ne batido com a l\u00e2mina no bra\u00e7o dela. Apesar de a mulher gritar, o pedido de\najuda n\u00e3o era ouvido, pois um secador de caf\u00e9 ficava ligado no terreiro da\nfazenda. Outro dia, o suspeito ainda agrediu novamente, mas familiares\nconseguiram impedir a continua\u00e7\u00e3o do crime.<\/p>\n\n\n\n<p>Eleir\u00a0chegou a ser preso em flagrante por essas agress\u00f5es, mas depois foi solto. Com a conclus\u00e3o do inqu\u00e9rito policial, a PCMG solicitou a pris\u00e3o preventiva do suspeito, que foi cumprida pr\u00f3ximo \u00e0 escola onde o filho do casal estuda.<\/p>\n\n\n\n<p class=\"has-text-color has-background has-very-light-gray-color has-vivid-cyan-blue-background-color\"><strong>VER PRIMEIRO: <\/strong>Receba as not\u00edcias do Aconteceu no Vale em primeira m\u00e3o. Clique em curtir no endere\u00e7o <a href=\"https:\/\/www.facebook.com\/aconteceunovale\" target=\"_blank\" rel=\"noreferrer noopener\">www.facebook.com\/aconteceunovale<\/a>.<\/p>\n","protected":false},"excerpt":{"rendered":"<p>A Pol\u00edcia Civil de Minas Gerais (PCMG), com o apoio da Pol\u00edcia Militar, prendeu em Caratinga, no Vale do Rio Doce, Eleir&nbsp;S.C, de 36 anos, suspeito de les\u00e3o corporal de natureza grave e amea\u00e7a contra a esposa. Segundo apurado, em junho deste ano, no C\u00f3rrego da Limeira, munic\u00edpio de Santa Rita de Minas, o suspeito [&hellip;]<\/p>\n","protected":false},"author":1,"featured_media":102361,"comment_status":"open","ping_status":"closed","sticky":false,"template":"","format":"standard","meta":{"amp_status":"","footnotes":""},"categories":[121],"tags":[237,206633,206634,206632],"class_list":["post-152246","post","type-post","status-publish","format-standard","has-post-thumbnail","hentry","category-leste","tag-caratinga","tag-corrego-da-limeira","tag-santa-rita-de-limas","tag-suspeito-de-lesao-corporal-e-ameaca-contra-a-esposa-e-preso-no-leste-de-minas"],"_links":{"self":[{"href":"https:\/\/aconteceunovale.com.br\/portal\/index.php?rest_route=\/wp\/v2\/posts\/152246","targetHints":{"allow":["GET"]}}],"collection":[{"href":"https:\/\/aconteceunovale.com.br\/portal\/index.php?rest_route=\/wp\/v2\/posts"}],"about":[{"href":"https:\/\/aconteceunovale.com.br\/portal\/index.php?rest_route=\/wp\/v2\/types\/post"}],"author":[{"embeddable":true,"href":"https:\/\/aconteceunovale.com.br\/portal\/index.php?rest_route=\/wp\/v2\/users\/1"}],"replies":[{"embeddable":true,"href":"https:\/\/aconteceunovale.com.br\/portal\/index.php?rest_route=%2Fwp%2Fv2%2Fcomments&post=152246"}],"version-history":[{"count":1,"href":"https:\/\/aconteceunovale.com.br\/portal\/index.php?rest_route=\/wp\/v2\/posts\/152246\/revisions"}],"predecessor-version":[{"id":152247,"href":"https:\/\/aconteceunovale.com.br\/portal\/index.php?rest_route=\/wp\/v2\/posts\/152246\/revisions\/152247"}],"wp:featuredmedia":[{"embeddable":true,"href":"https:\/\/aconteceunovale.com.br\/portal\/index.php?rest_route=\/wp\/v2\/media\/102361"}],"wp:attachment":[{"href":"https:\/\/aconteceunovale.com.br\/portal\/index.php?rest_route=%2Fwp%2Fv2%2Fmedia&parent=152246"}],"wp:term":[{"taxonomy":"category","embeddable":true,"href":"https:\/\/aconteceunovale.com.br\/portal\/index.php?rest_route=%2Fwp%2Fv2%2Fcategories&post=152246"},{"taxonomy":"post_tag","embeddable":true,"href":"https:\/\/aconteceunovale.com.br\/portal\/index.php?rest_route=%2Fwp%2Fv2%2Ftags&post=152246"}],"curies":[{"name":"wp","href":"https:\/\/api.w.org\/{rel}","templated":true}]}}