{"id":152216,"date":"2019-09-05T10:02:34","date_gmt":"2019-09-05T13:02:34","guid":{"rendered":"http:\/\/aconteceunovale.com.br\/portal\/?p=152216"},"modified":"2019-09-05T10:02:37","modified_gmt":"2019-09-05T13:02:37","slug":"cinco-pessoas-sao-presas-durante-operacao-em-pirapora-no-norte-de-minas","status":"publish","type":"post","link":"https:\/\/aconteceunovale.com.br\/portal\/?p=152216","title":{"rendered":"Cinco pessoas s\u00e3o presas durante opera\u00e7\u00e3o em Pirapora, no Norte de Minas"},"content":{"rendered":"\n<p class=\"wp-block-paragraph\">Cinco pessoas foram presas na quarta-feira (04\/09\/2019)\ndurante a Opera\u00e7\u00e3o \u201cTrue News\u201d da Pol\u00edcia Civil em Pirapora, no Norte de Minas.\nOs alvos, de idades entre 27 e 39 anos, s\u00e3o investigados pela morte de Charles\nPereira de Souza. &nbsp;<\/p>\n\n\n\n<p class=\"wp-block-paragraph\">Segundo a Pol\u00edcia Civil, Charles foi v\u00edtima de latroc\u00ednio (roubo\nseguido de morte). O carro dele foi localizado na comunidade de Galileia e o corpo,\nem avan\u00e7ado estado de decomposi\u00e7\u00e3o, foi encontrado tr\u00eas dias depois no Rio S\u00e3o\nFrancisco.<\/p>\n\n\n\n<p class=\"wp-block-paragraph\">Ainda segundo a PC, os cinco presos ontem levaram uma caixa\nde som, telefones celulares e dinheiro da v\u00edtima.<\/p>\n\n\n\n<p class=\"wp-block-paragraph\">O nome da opera\u00e7\u00e3o faz refer\u00eancia ao fato de que v\u00e1rias not\u00edcias falsas (fake News) foram divulgadas informando que a morte de Charles teria motiva\u00e7\u00e3o passional. Contudo, conforme a PC, esses boatos foram desmentidos no curso das investiga\u00e7\u00f5es e ficou comprovado a pr\u00e1tica do latroc\u00ednio. <\/p>\n\n\n\n<figure class=\"wp-block-image\"><img loading=\"lazy\" decoding=\"async\" width=\"678\" height=\"397\" src=\"http:\/\/aconteceunovale.com.br\/portal\/wp-content\/uploads\/2019\/09\/operacao_true_news_2.jpg\" alt=\"\" class=\"wp-image-152217\" srcset=\"https:\/\/aconteceunovale.com.br\/portal\/wp-content\/uploads\/2019\/09\/operacao_true_news_2.jpg 678w, https:\/\/aconteceunovale.com.br\/portal\/wp-content\/uploads\/2019\/09\/operacao_true_news_2-300x176.jpg 300w\" sizes=\"auto, (max-width: 678px) 100vw, 678px\" \/><figcaption><em>Foto: Divulga\u00e7\u00e3o \/ Pol\u00edcia Civil<\/em><\/figcaption><\/figure>\n\n\n\n<figure class=\"wp-block-image\"><img loading=\"lazy\" decoding=\"async\" width=\"678\" height=\"412\" src=\"http:\/\/aconteceunovale.com.br\/portal\/wp-content\/uploads\/2019\/09\/operacao_true_news_1.jpg\" alt=\"\" class=\"wp-image-152218\" srcset=\"https:\/\/aconteceunovale.com.br\/portal\/wp-content\/uploads\/2019\/09\/operacao_true_news_1.jpg 678w, https:\/\/aconteceunovale.com.br\/portal\/wp-content\/uploads\/2019\/09\/operacao_true_news_1-300x182.jpg 300w\" sizes=\"auto, (max-width: 678px) 100vw, 678px\" \/><figcaption> <em>Foto: Divulga\u00e7\u00e3o \/ Pol\u00edcia Civil<\/em> <\/figcaption><\/figure>\n\n\n\n<p class=\"has-text-color has-background has-very-light-gray-color has-vivid-cyan-blue-background-color wp-block-paragraph\"><strong>VER PRIMEIRO: <\/strong>Receba as not\u00edcias do Aconteceu no Vale em primeira m\u00e3o. Clique em curtir no endere\u00e7o <a href=\"https:\/\/www.facebook.com\/aconteceunovale\" target=\"_blank\" rel=\"noreferrer noopener\">www.facebook.com\/aconteceunovale<\/a>.<\/p>\n","protected":false},"excerpt":{"rendered":"<p>Cinco pessoas foram presas na quarta-feira (04\/09\/2019) durante a Opera\u00e7\u00e3o \u201cTrue News\u201d da Pol\u00edcia Civil em Pirapora, no Norte de Minas. Os alvos, de idades entre 27 e 39 anos, s\u00e3o investigados pela morte de Charles Pereira de Souza. &nbsp; Segundo a Pol\u00edcia Civil, Charles foi v\u00edtima de latroc\u00ednio (roubo seguido de morte). O carro [&hellip;]<\/p>\n","protected":false},"author":4,"featured_media":152217,"comment_status":"open","ping_status":"closed","sticky":false,"template":"","format":"standard","meta":{"amp_status":"","footnotes":""},"categories":[1236],"tags":[206607,206603,206606,206604,206605,254],"class_list":["post-152216","post","type-post","status-publish","format-standard","has-post-thumbnail","hentry","category-norte_de_minas","tag-charles-pereira-de-souza","tag-cinco-pessoas-sao-presas-durante-operacao-em-pirapora","tag-operacao-da-pc-em-pirapora","tag-operacao-da-policia-civil-em-pirapora","tag-operacao-true-news-em-pirapora","tag-pirapora"],"yoast_head":"<!-- This site is optimized with the Yoast SEO plugin v28.3 - https:\/\/yoast.com\/product\/yoast-seo-wordpress\/ -->\n<title>Cinco pessoas s\u00e3o presas durante opera\u00e7\u00e3o em Pirapora, no Norte de Minas - Aconteceu no Vale<\/title>\n<meta name=\"robots\" content=\"index, follow, max-snippet:-1, max-image-preview:large, max-video-preview:-1\" \/>\n<link rel=\"canonical\" href=\"https:\/\/aconteceunovale.com.br\/portal\/?p=152216\" \/>\n<meta property=\"og:locale\" content=\"pt_BR\" \/>\n<meta property=\"og:type\" content=\"article\" \/>\n<meta property=\"og:title\" content=\"Cinco pessoas s\u00e3o presas durante opera\u00e7\u00e3o em Pirapora, no Norte de Minas - Aconteceu no Vale\" \/>\n<meta property=\"og:description\" content=\"Cinco pessoas foram presas na quarta-feira (04\/09\/2019) durante a Opera\u00e7\u00e3o \u201cTrue News\u201d da Pol\u00edcia Civil em Pirapora, no Norte de Minas. Os alvos, de idades entre 27 e 39 anos, s\u00e3o investigados pela morte de Charles Pereira de Souza. &nbsp; Segundo a Pol\u00edcia Civil, Charles foi v\u00edtima de latroc\u00ednio (roubo seguido de morte). O carro [&hellip;]\" \/>\n<meta property=\"og:url\" content=\"https:\/\/aconteceunovale.com.br\/portal\/?p=152216\" \/>\n<meta property=\"og:site_name\" content=\"Aconteceu no Vale\" \/>\n<meta property=\"article:publisher\" content=\"https:\/\/www.facebook.com\/aconteceunovale\/\" \/>\n<meta property=\"article:published_time\" content=\"2019-09-05T13:02:34+00:00\" \/>\n<meta property=\"article:modified_time\" content=\"2019-09-05T13:02:37+00:00\" \/>\n<meta property=\"og:image\" content=\"https:\/\/aconteceunovale.com.br\/portal\/wp-content\/uploads\/2019\/09\/operacao_true_news_2.jpg\" \/>\n\t<meta property=\"og:image:width\" content=\"678\" \/>\n\t<meta property=\"og:image:height\" content=\"397\" \/>\n\t<meta property=\"og:image:type\" content=\"image\/jpeg\" \/>\n<meta name=\"author\" content=\"Reda\u00e7\u00e3o Aconteceu no Vale\" \/>\n<meta name=\"twitter:card\" content=\"summary_large_image\" \/>\n<meta name=\"twitter:creator\" content=\"@noticiadosvales\" \/>\n<meta name=\"twitter:site\" content=\"@noticiadosvales\" \/>\n<meta name=\"twitter:label1\" content=\"Escrito por\" \/>\n\t<meta name=\"twitter:data1\" content=\"Reda\u00e7\u00e3o Aconteceu no Vale\" \/>\n\t<meta name=\"twitter:label2\" content=\"Est. tempo de leitura\" \/>\n\t<meta name=\"twitter:data2\" content=\"1 minuto\" \/>\n<script type=\"application\/ld+json\" class=\"yoast-schema-graph\">{\"@context\":\"https:\\\/\\\/schema.org\",\"@graph\":[{\"@type\":\"Article\",\"@id\":\"https:\\\/\\\/aconteceunovale.com.br\\\/portal\\\/?p=152216#article\",\"isPartOf\":{\"@id\":\"https:\\\/\\\/aconteceunovale.com.br\\\/portal\\\/?p=152216\"},\"author\":{\"name\":\"Reda\u00e7\u00e3o Aconteceu no Vale\",\"@id\":\"https:\\\/\\\/aconteceunovale.com.br\\\/portal\\\/#\\\/schema\\\/person\\\/7d2f26d1483f8a63de73da1ee0754d35\"},\"headline\":\"Cinco pessoas s\u00e3o presas durante opera\u00e7\u00e3o em Pirapora, no Norte de Minas\",\"datePublished\":\"2019-09-05T13:02:34+00:00\",\"dateModified\":\"2019-09-05T13:02:37+00:00\",\"mainEntityOfPage\":{\"@id\":\"https:\\\/\\\/aconteceunovale.com.br\\\/portal\\\/?p=152216\"},\"wordCount\":209,\"commentCount\":0,\"image\":{\"@id\":\"https:\\\/\\\/aconteceunovale.com.br\\\/portal\\\/?p=152216#primaryimage\"},\"thumbnailUrl\":\"https:\\\/\\\/aconteceunovale.com.br\\\/portal\\\/wp-content\\\/uploads\\\/2019\\\/09\\\/operacao_true_news_2.jpg\",\"keywords\":[\"Charles Pereira de Souza\",\"Cinco pessoas s\u00e3o presas durante opera\u00e7\u00e3o em Pirapora\",\"Opera\u00e7\u00e3o da PC em Pirapora\",\"Opera\u00e7\u00e3o da Pol\u00edcia Civil em Pirapora\",\"Opera\u00e7\u00e3o True News em Pirapora\",\"Pirapora\"],\"articleSection\":[\"Norte de Minas\"],\"inLanguage\":\"pt-BR\",\"potentialAction\":[{\"@type\":\"CommentAction\",\"name\":\"Comment\",\"target\":[\"https:\\\/\\\/aconteceunovale.com.br\\\/portal\\\/?p=152216#respond\"]}]},{\"@type\":\"WebPage\",\"@id\":\"https:\\\/\\\/aconteceunovale.com.br\\\/portal\\\/?p=152216\",\"url\":\"https:\\\/\\\/aconteceunovale.com.br\\\/portal\\\/?p=152216\",\"name\":\"Cinco pessoas s\u00e3o presas durante opera\u00e7\u00e3o em Pirapora, no Norte de Minas - Aconteceu no Vale\",\"isPartOf\":{\"@id\":\"https:\\\/\\\/aconteceunovale.com.br\\\/portal\\\/#website\"},\"primaryImageOfPage\":{\"@id\":\"https:\\\/\\\/aconteceunovale.com.br\\\/portal\\\/?p=152216#primaryimage\"},\"image\":{\"@id\":\"https:\\\/\\\/aconteceunovale.com.br\\\/portal\\\/?p=152216#primaryimage\"},\"thumbnailUrl\":\"https:\\\/\\\/aconteceunovale.com.br\\\/portal\\\/wp-content\\\/uploads\\\/2019\\\/09\\\/operacao_true_news_2.jpg\",\"datePublished\":\"2019-09-05T13:02:34+00:00\",\"dateModified\":\"2019-09-05T13:02:37+00:00\",\"author\":{\"@id\":\"https:\\\/\\\/aconteceunovale.com.br\\\/portal\\\/#\\\/schema\\\/person\\\/7d2f26d1483f8a63de73da1ee0754d35\"},\"breadcrumb\":{\"@id\":\"https:\\\/\\\/aconteceunovale.com.br\\\/portal\\\/?p=152216#breadcrumb\"},\"inLanguage\":\"pt-BR\",\"potentialAction\":[{\"@type\":\"ReadAction\",\"target\":[\"https:\\\/\\\/aconteceunovale.com.br\\\/portal\\\/?p=152216\"]}]},{\"@type\":\"ImageObject\",\"inLanguage\":\"pt-BR\",\"@id\":\"https:\\\/\\\/aconteceunovale.com.br\\\/portal\\\/?p=152216#primaryimage\",\"url\":\"https:\\\/\\\/aconteceunovale.com.br\\\/portal\\\/wp-content\\\/uploads\\\/2019\\\/09\\\/operacao_true_news_2.jpg\",\"contentUrl\":\"https:\\\/\\\/aconteceunovale.com.br\\\/portal\\\/wp-content\\\/uploads\\\/2019\\\/09\\\/operacao_true_news_2.jpg\",\"width\":678,\"height\":397},{\"@type\":\"BreadcrumbList\",\"@id\":\"https:\\\/\\\/aconteceunovale.com.br\\\/portal\\\/?p=152216#breadcrumb\",\"itemListElement\":[{\"@type\":\"ListItem\",\"position\":1,\"name\":\"In\u00edcio\",\"item\":\"https:\\\/\\\/aconteceunovale.com.br\\\/portal\\\/\"},{\"@type\":\"ListItem\",\"position\":2,\"name\":\"Cinco pessoas s\u00e3o presas durante opera\u00e7\u00e3o em Pirapora, no Norte de Minas\"}]},{\"@type\":\"WebSite\",\"@id\":\"https:\\\/\\\/aconteceunovale.com.br\\\/portal\\\/#website\",\"url\":\"https:\\\/\\\/aconteceunovale.com.br\\\/portal\\\/\",\"name\":\"Aconteceu no Vale\",\"description\":\"Portal de Not\u00edcias\",\"potentialAction\":[{\"@type\":\"SearchAction\",\"target\":{\"@type\":\"EntryPoint\",\"urlTemplate\":\"https:\\\/\\\/aconteceunovale.com.br\\\/portal\\\/?s={search_term_string}\"},\"query-input\":{\"@type\":\"PropertyValueSpecification\",\"valueRequired\":true,\"valueName\":\"search_term_string\"}}],\"inLanguage\":\"pt-BR\"},{\"@type\":\"Person\",\"@id\":\"https:\\\/\\\/aconteceunovale.com.br\\\/portal\\\/#\\\/schema\\\/person\\\/7d2f26d1483f8a63de73da1ee0754d35\",\"name\":\"Reda\u00e7\u00e3o Aconteceu no Vale\",\"description\":\"Equipe de reportagem do Aconteceu no Vale, portal de not\u00edcias do Vale do Jequitinhonha, em Minas Gerais. Cobrimos as 51 cidades do Vale desde 2013. Sugest\u00f5es de pauta e pedidos de corre\u00e7\u00e3o: contato@aconteceunovale.com.br\",\"url\":\"https:\\\/\\\/aconteceunovale.com.br\\\/portal\\\/?author=4\"}]}<\/script>\n<!-- \/ Yoast SEO plugin. -->","yoast_head_json":{"title":"Cinco pessoas s\u00e3o presas durante opera\u00e7\u00e3o em Pirapora, no Norte de Minas - Aconteceu no Vale","robots":{"index":"index","follow":"follow","max-snippet":"max-snippet:-1","max-image-preview":"max-image-preview:large","max-video-preview":"max-video-preview:-1"},"canonical":"https:\/\/aconteceunovale.com.br\/portal\/?p=152216","og_locale":"pt_BR","og_type":"article","og_title":"Cinco pessoas s\u00e3o presas durante opera\u00e7\u00e3o em Pirapora, no Norte de Minas - Aconteceu no Vale","og_description":"Cinco pessoas foram presas na quarta-feira (04\/09\/2019) durante a Opera\u00e7\u00e3o \u201cTrue News\u201d da Pol\u00edcia Civil em Pirapora, no Norte de Minas. Os alvos, de idades entre 27 e 39 anos, s\u00e3o investigados pela morte de Charles Pereira de Souza. &nbsp; Segundo a Pol\u00edcia Civil, Charles foi v\u00edtima de latroc\u00ednio (roubo seguido de morte). O carro [&hellip;]","og_url":"https:\/\/aconteceunovale.com.br\/portal\/?p=152216","og_site_name":"Aconteceu no Vale","article_publisher":"https:\/\/www.facebook.com\/aconteceunovale\/","article_published_time":"2019-09-05T13:02:34+00:00","article_modified_time":"2019-09-05T13:02:37+00:00","og_image":[{"width":678,"height":397,"url":"https:\/\/aconteceunovale.com.br\/portal\/wp-content\/uploads\/2019\/09\/operacao_true_news_2.jpg","type":"image\/jpeg"}],"author":"Reda\u00e7\u00e3o Aconteceu no Vale","twitter_card":"summary_large_image","twitter_creator":"@noticiadosvales","twitter_site":"@noticiadosvales","twitter_misc":{"Escrito por":"Reda\u00e7\u00e3o Aconteceu no Vale","Est. tempo de leitura":"1 minuto"},"schema":{"@context":"https:\/\/schema.org","@graph":[{"@type":"Article","@id":"https:\/\/aconteceunovale.com.br\/portal\/?p=152216#article","isPartOf":{"@id":"https:\/\/aconteceunovale.com.br\/portal\/?p=152216"},"author":{"name":"Reda\u00e7\u00e3o Aconteceu no Vale","@id":"https:\/\/aconteceunovale.com.br\/portal\/#\/schema\/person\/7d2f26d1483f8a63de73da1ee0754d35"},"headline":"Cinco pessoas s\u00e3o presas durante opera\u00e7\u00e3o em Pirapora, no Norte de Minas","datePublished":"2019-09-05T13:02:34+00:00","dateModified":"2019-09-05T13:02:37+00:00","mainEntityOfPage":{"@id":"https:\/\/aconteceunovale.com.br\/portal\/?p=152216"},"wordCount":209,"commentCount":0,"image":{"@id":"https:\/\/aconteceunovale.com.br\/portal\/?p=152216#primaryimage"},"thumbnailUrl":"https:\/\/aconteceunovale.com.br\/portal\/wp-content\/uploads\/2019\/09\/operacao_true_news_2.jpg","keywords":["Charles Pereira de Souza","Cinco pessoas s\u00e3o presas durante opera\u00e7\u00e3o em Pirapora","Opera\u00e7\u00e3o da PC em Pirapora","Opera\u00e7\u00e3o da Pol\u00edcia Civil em Pirapora","Opera\u00e7\u00e3o True News em Pirapora","Pirapora"],"articleSection":["Norte de Minas"],"inLanguage":"pt-BR","potentialAction":[{"@type":"CommentAction","name":"Comment","target":["https:\/\/aconteceunovale.com.br\/portal\/?p=152216#respond"]}]},{"@type":"WebPage","@id":"https:\/\/aconteceunovale.com.br\/portal\/?p=152216","url":"https:\/\/aconteceunovale.com.br\/portal\/?p=152216","name":"Cinco pessoas s\u00e3o presas durante opera\u00e7\u00e3o em Pirapora, no Norte de Minas - Aconteceu no Vale","isPartOf":{"@id":"https:\/\/aconteceunovale.com.br\/portal\/#website"},"primaryImageOfPage":{"@id":"https:\/\/aconteceunovale.com.br\/portal\/?p=152216#primaryimage"},"image":{"@id":"https:\/\/aconteceunovale.com.br\/portal\/?p=152216#primaryimage"},"thumbnailUrl":"https:\/\/aconteceunovale.com.br\/portal\/wp-content\/uploads\/2019\/09\/operacao_true_news_2.jpg","datePublished":"2019-09-05T13:02:34+00:00","dateModified":"2019-09-05T13:02:37+00:00","author":{"@id":"https:\/\/aconteceunovale.com.br\/portal\/#\/schema\/person\/7d2f26d1483f8a63de73da1ee0754d35"},"breadcrumb":{"@id":"https:\/\/aconteceunovale.com.br\/portal\/?p=152216#breadcrumb"},"inLanguage":"pt-BR","potentialAction":[{"@type":"ReadAction","target":["https:\/\/aconteceunovale.com.br\/portal\/?p=152216"]}]},{"@type":"ImageObject","inLanguage":"pt-BR","@id":"https:\/\/aconteceunovale.com.br\/portal\/?p=152216#primaryimage","url":"https:\/\/aconteceunovale.com.br\/portal\/wp-content\/uploads\/2019\/09\/operacao_true_news_2.jpg","contentUrl":"https:\/\/aconteceunovale.com.br\/portal\/wp-content\/uploads\/2019\/09\/operacao_true_news_2.jpg","width":678,"height":397},{"@type":"BreadcrumbList","@id":"https:\/\/aconteceunovale.com.br\/portal\/?p=152216#breadcrumb","itemListElement":[{"@type":"ListItem","position":1,"name":"In\u00edcio","item":"https:\/\/aconteceunovale.com.br\/portal\/"},{"@type":"ListItem","position":2,"name":"Cinco pessoas s\u00e3o presas durante opera\u00e7\u00e3o em Pirapora, no Norte de Minas"}]},{"@type":"WebSite","@id":"https:\/\/aconteceunovale.com.br\/portal\/#website","url":"https:\/\/aconteceunovale.com.br\/portal\/","name":"Aconteceu no Vale","description":"Portal de Not\u00edcias","potentialAction":[{"@type":"SearchAction","target":{"@type":"EntryPoint","urlTemplate":"https:\/\/aconteceunovale.com.br\/portal\/?s={search_term_string}"},"query-input":{"@type":"PropertyValueSpecification","valueRequired":true,"valueName":"search_term_string"}}],"inLanguage":"pt-BR"},{"@type":"Person","@id":"https:\/\/aconteceunovale.com.br\/portal\/#\/schema\/person\/7d2f26d1483f8a63de73da1ee0754d35","name":"Reda\u00e7\u00e3o Aconteceu no Vale","description":"Equipe de reportagem do Aconteceu no Vale, portal de not\u00edcias do Vale do Jequitinhonha, em Minas Gerais. Cobrimos as 51 cidades do Vale desde 2013. Sugest\u00f5es de pauta e pedidos de corre\u00e7\u00e3o: contato@aconteceunovale.com.br","url":"https:\/\/aconteceunovale.com.br\/portal\/?author=4"}]}},"_links":{"self":[{"href":"https:\/\/aconteceunovale.com.br\/portal\/index.php?rest_route=\/wp\/v2\/posts\/152216","targetHints":{"allow":["GET"]}}],"collection":[{"href":"https:\/\/aconteceunovale.com.br\/portal\/index.php?rest_route=\/wp\/v2\/posts"}],"about":[{"href":"https:\/\/aconteceunovale.com.br\/portal\/index.php?rest_route=\/wp\/v2\/types\/post"}],"author":[{"embeddable":true,"href":"https:\/\/aconteceunovale.com.br\/portal\/index.php?rest_route=\/wp\/v2\/users\/4"}],"replies":[{"embeddable":true,"href":"https:\/\/aconteceunovale.com.br\/portal\/index.php?rest_route=%2Fwp%2Fv2%2Fcomments&post=152216"}],"version-history":[{"count":1,"href":"https:\/\/aconteceunovale.com.br\/portal\/index.php?rest_route=\/wp\/v2\/posts\/152216\/revisions"}],"predecessor-version":[{"id":152219,"href":"https:\/\/aconteceunovale.com.br\/portal\/index.php?rest_route=\/wp\/v2\/posts\/152216\/revisions\/152219"}],"wp:featuredmedia":[{"embeddable":true,"href":"https:\/\/aconteceunovale.com.br\/portal\/index.php?rest_route=\/wp\/v2\/media\/152217"}],"wp:attachment":[{"href":"https:\/\/aconteceunovale.com.br\/portal\/index.php?rest_route=%2Fwp%2Fv2%2Fmedia&parent=152216"}],"wp:term":[{"taxonomy":"category","embeddable":true,"href":"https:\/\/aconteceunovale.com.br\/portal\/index.php?rest_route=%2Fwp%2Fv2%2Fcategories&post=152216"},{"taxonomy":"post_tag","embeddable":true,"href":"https:\/\/aconteceunovale.com.br\/portal\/index.php?rest_route=%2Fwp%2Fv2%2Ftags&post=152216"}],"curies":[{"name":"wp","href":"https:\/\/api.w.org\/{rel}","templated":true}]}}