{"id":152207,"date":"2019-09-04T20:51:56","date_gmt":"2019-09-04T23:51:56","guid":{"rendered":"http:\/\/aconteceunovale.com.br\/portal\/?p=152207"},"modified":"2019-09-04T21:32:20","modified_gmt":"2019-09-05T00:32:20","slug":"elis-miele-vai-representar-o-brasil-no-miss-world-2019","status":"publish","type":"post","link":"https:\/\/aconteceunovale.com.br\/portal\/?p=152207","title":{"rendered":"Elis Miele vai representar o Brasil no Miss World 2019"},"content":{"rendered":"\n<p class=\"wp-block-paragraph\">A modelo Elis Miele, de 20 anos, representante do Esp\u00edrito Santo, conquistou nesta semana o t\u00edtulo de Miss Brasil Mundo 2019. A vencedora ganhou uma coroa avaliada em aproximadamente R$ 15 mil, uma bolsa de estudo para fazer um curso de p\u00f3s-gradua\u00e7\u00e3o, al\u00e9m de uma viagem para Londres, onde vai concorrer ao t\u00edtulo de Miss World 2019.<\/p>\n\n\n\n<p class=\"wp-block-paragraph\">Natural de Ipatinga, Minas Gerais, a jovem conta que est\u00e1 muito feliz em representar o Brasil em um dos principais concursos de beleza do planeta.<\/p>\n\n\n\n<p class=\"wp-block-paragraph\">\u201c\u00c9 uma honra muito grande para mim representar n\u00e3o s\u00f3 Minas Gerais, que \u00e9 o meu estado natal, mas as mulheres capixabas e agora as mulheres brasileiras no Miss World, que est\u00e1 chegando, vai ser em dezembro, em Londres; e eu s\u00f3 tenho a agradecer a toda torcida, a todas as pessoas que confiaram e acreditaram em mim e principalmente a Deus, que me capacitou para este momento\u201d, conta.<\/p>\n\n\n\n<p class=\"wp-block-paragraph\">O concurso Miss Brasil Mundo tamb\u00e9m tem como foco as quest\u00f5es sociais. Sendo assim, as candidatas participam de projetos sociais em seus estados e a vencedora torna-se embaixadora da luta contra a hansen\u00edase no pa\u00eds. A Elis , por exemplo, vai atuar em um projeto relacionado ao c\u00e2ncer de mama. Ela conta que em janeiro deste ano decidiu cortar o cabelo para doar, fez um post no Instagram dizendo que estes fios iam ser doados e em pouco tempo ela recebeu dezenas de doa\u00e7\u00f5es de cabelo.<\/p>\n\n\n\n<p class=\"wp-block-paragraph\">\u201cEm apenas 15 dias eu recebi mais de 80 cabelos. V\u00e1rias pessoas entraram em contato comigo querendo doar, querendo cortar e abra\u00e7aram a causa de uma forma que eu nunca esperava. Com tanta repercuss\u00e3o, eu decidi criar o Projeto Doe Fios. N\u00f3s apoiamos uma casa de apoio ao c\u00e2ncer, que \u00e9 uma casa que recebe pacientes oncol\u00f3gicos para tratamento e n\u00f3s levamos alegria, amor, paix\u00e3o, divers\u00e3o, presentes, enfim, a ideia, no princ\u00edpio, era doar os cabelos, mas depois a gente viu que o nosso projeto foi muito al\u00e9m disso. Hoje, j\u00e1 foram mais de 200 cabelos arrecadados, dezenas de pacientes ajudados, e eu sou muito grata a Deus por tudo isso\u201d, disse.<\/p>\n\n\n\n<p class=\"wp-block-paragraph\">Nas redes sociais, Elis agradeceu o que considerou uma das conquistas mais importantes da vida dela. A modelo tamb\u00e9m relembrou o fato de j\u00e1 ter vendido rifas para ir ao estadual, j\u00e1 que os pais dela n\u00e3o tinham condi\u00e7\u00f5es financeiras de ajud\u00e1-la. Em outro post, Elis fez um v\u00eddeo em ingl\u00eas, dizendo que vai ser um prazer representar o Brasil no Miss World no final do ano.<\/p>\n\n\n\n<figure class=\"wp-block-image\"><img loading=\"lazy\" decoding=\"async\" width=\"780\" height=\"500\" src=\"http:\/\/aconteceunovale.com.br\/portal\/wp-content\/uploads\/2019\/09\/elis_miele.png\" alt=\"\" class=\"wp-image-152208\" srcset=\"https:\/\/aconteceunovale.com.br\/portal\/wp-content\/uploads\/2019\/09\/elis_miele.png 780w, https:\/\/aconteceunovale.com.br\/portal\/wp-content\/uploads\/2019\/09\/elis_miele-300x192.png 300w, https:\/\/aconteceunovale.com.br\/portal\/wp-content\/uploads\/2019\/09\/elis_miele-768x492.png 768w, https:\/\/aconteceunovale.com.br\/portal\/wp-content\/uploads\/2019\/09\/elis_miele-696x446.png 696w, https:\/\/aconteceunovale.com.br\/portal\/wp-content\/uploads\/2019\/09\/elis_miele-655x420.png 655w\" sizes=\"auto, (max-width: 780px) 100vw, 780px\" \/><figcaption><em>Foto: Divulga\u00e7\u00e3o<\/em><\/figcaption><\/figure>\n\n\n\n<p class=\"has-text-color has-background has-very-light-gray-color has-vivid-cyan-blue-background-color wp-block-paragraph\"><strong>VER PRIMEIRO: <\/strong>Receba as not\u00edcias do Aconteceu no Vale em primeira m\u00e3o. Clique em curtir no endere\u00e7o <a href=\"https:\/\/www.facebook.com\/aconteceunovale\" target=\"_blank\" rel=\"noreferrer noopener\">www.facebook.com\/aconteceunovale<\/a>.<\/p>\n","protected":false},"excerpt":{"rendered":"<p>A modelo Elis Miele, de 20 anos, representante do Esp\u00edrito Santo, conquistou nesta semana o t\u00edtulo de Miss Brasil Mundo 2019. A vencedora ganhou uma coroa avaliada em aproximadamente R$ 15 mil, uma bolsa de estudo para fazer um curso de p\u00f3s-gradua\u00e7\u00e3o, al\u00e9m de uma viagem para Londres, onde vai concorrer ao t\u00edtulo de Miss [&hellip;]<\/p>\n","protected":false},"author":1,"featured_media":152208,"comment_status":"open","ping_status":"closed","sticky":false,"template":"","format":"standard","meta":{"amp_status":"","footnotes":""},"categories":[6,125,121,28848],"tags":[1018,206586,206588,201,197068,206589,206587,206584,206585],"class_list":["post-152207","post","type-post","status-publish","format-standard","has-post-thumbnail","hentry","category-br","category-noticias","category-leste","category-mundo","tag-destaque","tag-elis-miele","tag-elis-miele-vai-representar-o-brasil-no-miss-world-2019","tag-ipatinga","tag-miss-brasil-2019","tag-miss-brasil-mundo-2019","tag-miss-elis-miele","tag-miss-world-2019","tag-modelo-elis-miele"],"yoast_head":"<!-- This site is optimized with the Yoast SEO plugin v28.3 - https:\/\/yoast.com\/product\/yoast-seo-wordpress\/ -->\n<title>Elis Miele vai representar o Brasil no Miss World 2019 - Aconteceu no Vale<\/title>\n<meta name=\"robots\" content=\"index, follow, max-snippet:-1, max-image-preview:large, max-video-preview:-1\" \/>\n<link rel=\"canonical\" href=\"https:\/\/aconteceunovale.com.br\/portal\/?p=152207\" \/>\n<meta property=\"og:locale\" content=\"pt_BR\" \/>\n<meta property=\"og:type\" content=\"article\" \/>\n<meta property=\"og:title\" content=\"Elis Miele vai representar o Brasil no Miss World 2019 - Aconteceu no Vale\" \/>\n<meta property=\"og:description\" content=\"A modelo Elis Miele, de 20 anos, representante do Esp\u00edrito Santo, conquistou nesta semana o t\u00edtulo de Miss Brasil Mundo 2019. A vencedora ganhou uma coroa avaliada em aproximadamente R$ 15 mil, uma bolsa de estudo para fazer um curso de p\u00f3s-gradua\u00e7\u00e3o, al\u00e9m de uma viagem para Londres, onde vai concorrer ao t\u00edtulo de Miss [&hellip;]\" \/>\n<meta property=\"og:url\" content=\"https:\/\/aconteceunovale.com.br\/portal\/?p=152207\" \/>\n<meta property=\"og:site_name\" content=\"Aconteceu no Vale\" \/>\n<meta property=\"article:publisher\" content=\"https:\/\/www.facebook.com\/aconteceunovale\/\" \/>\n<meta property=\"article:published_time\" content=\"2019-09-04T23:51:56+00:00\" \/>\n<meta property=\"article:modified_time\" content=\"2019-09-05T00:32:20+00:00\" \/>\n<meta property=\"og:image\" content=\"https:\/\/aconteceunovale.com.br\/portal\/wp-content\/uploads\/2019\/09\/elis_miele.png\" \/>\n\t<meta property=\"og:image:width\" content=\"780\" \/>\n\t<meta property=\"og:image:height\" content=\"500\" \/>\n\t<meta property=\"og:image:type\" content=\"image\/png\" \/>\n<meta name=\"author\" content=\"Aconteceu no Vale\" \/>\n<meta name=\"twitter:card\" content=\"summary_large_image\" \/>\n<meta name=\"twitter:creator\" content=\"@noticiadosvales\" \/>\n<meta name=\"twitter:site\" content=\"@noticiadosvales\" \/>\n<meta name=\"twitter:label1\" content=\"Escrito por\" \/>\n\t<meta name=\"twitter:data1\" content=\"Aconteceu no Vale\" \/>\n\t<meta name=\"twitter:label2\" content=\"Est. tempo de leitura\" \/>\n\t<meta name=\"twitter:data2\" content=\"2 minutos\" \/>\n<script type=\"application\/ld+json\" class=\"yoast-schema-graph\">{\"@context\":\"https:\\\/\\\/schema.org\",\"@graph\":[{\"@type\":\"Article\",\"@id\":\"https:\\\/\\\/aconteceunovale.com.br\\\/portal\\\/?p=152207#article\",\"isPartOf\":{\"@id\":\"https:\\\/\\\/aconteceunovale.com.br\\\/portal\\\/?p=152207\"},\"author\":{\"name\":\"Aconteceu no Vale\",\"@id\":\"https:\\\/\\\/aconteceunovale.com.br\\\/portal\\\/#\\\/schema\\\/person\\\/633529146f2c94272bef50ac2953d589\"},\"headline\":\"Elis Miele vai representar o Brasil no Miss World 2019\",\"datePublished\":\"2019-09-04T23:51:56+00:00\",\"dateModified\":\"2019-09-05T00:32:20+00:00\",\"mainEntityOfPage\":{\"@id\":\"https:\\\/\\\/aconteceunovale.com.br\\\/portal\\\/?p=152207\"},\"wordCount\":471,\"commentCount\":0,\"image\":{\"@id\":\"https:\\\/\\\/aconteceunovale.com.br\\\/portal\\\/?p=152207#primaryimage\"},\"thumbnailUrl\":\"https:\\\/\\\/aconteceunovale.com.br\\\/portal\\\/wp-content\\\/uploads\\\/2019\\\/09\\\/elis_miele.png\",\"keywords\":[\"destaque\",\"Elis Miele\",\"Elis Miele vai representar o Brasil no Miss World 2019\",\"Ipatinga\",\"Miss Brasil 2019\",\"Miss Brasil Mundo 2019\",\"Miss Elis Miele\",\"Miss World 2019\",\"Modelo Elis Miele\"],\"articleSection\":[\"Brasil\",\"Eventos\",\"Leste de Minas\",\"Mundo\"],\"inLanguage\":\"pt-BR\",\"potentialAction\":[{\"@type\":\"CommentAction\",\"name\":\"Comment\",\"target\":[\"https:\\\/\\\/aconteceunovale.com.br\\\/portal\\\/?p=152207#respond\"]}]},{\"@type\":\"WebPage\",\"@id\":\"https:\\\/\\\/aconteceunovale.com.br\\\/portal\\\/?p=152207\",\"url\":\"https:\\\/\\\/aconteceunovale.com.br\\\/portal\\\/?p=152207\",\"name\":\"Elis Miele vai representar o Brasil no Miss World 2019 - Aconteceu no Vale\",\"isPartOf\":{\"@id\":\"https:\\\/\\\/aconteceunovale.com.br\\\/portal\\\/#website\"},\"primaryImageOfPage\":{\"@id\":\"https:\\\/\\\/aconteceunovale.com.br\\\/portal\\\/?p=152207#primaryimage\"},\"image\":{\"@id\":\"https:\\\/\\\/aconteceunovale.com.br\\\/portal\\\/?p=152207#primaryimage\"},\"thumbnailUrl\":\"https:\\\/\\\/aconteceunovale.com.br\\\/portal\\\/wp-content\\\/uploads\\\/2019\\\/09\\\/elis_miele.png\",\"datePublished\":\"2019-09-04T23:51:56+00:00\",\"dateModified\":\"2019-09-05T00:32:20+00:00\",\"author\":{\"@id\":\"https:\\\/\\\/aconteceunovale.com.br\\\/portal\\\/#\\\/schema\\\/person\\\/633529146f2c94272bef50ac2953d589\"},\"breadcrumb\":{\"@id\":\"https:\\\/\\\/aconteceunovale.com.br\\\/portal\\\/?p=152207#breadcrumb\"},\"inLanguage\":\"pt-BR\",\"potentialAction\":[{\"@type\":\"ReadAction\",\"target\":[\"https:\\\/\\\/aconteceunovale.com.br\\\/portal\\\/?p=152207\"]}]},{\"@type\":\"ImageObject\",\"inLanguage\":\"pt-BR\",\"@id\":\"https:\\\/\\\/aconteceunovale.com.br\\\/portal\\\/?p=152207#primaryimage\",\"url\":\"https:\\\/\\\/aconteceunovale.com.br\\\/portal\\\/wp-content\\\/uploads\\\/2019\\\/09\\\/elis_miele.png\",\"contentUrl\":\"https:\\\/\\\/aconteceunovale.com.br\\\/portal\\\/wp-content\\\/uploads\\\/2019\\\/09\\\/elis_miele.png\",\"width\":780,\"height\":500},{\"@type\":\"BreadcrumbList\",\"@id\":\"https:\\\/\\\/aconteceunovale.com.br\\\/portal\\\/?p=152207#breadcrumb\",\"itemListElement\":[{\"@type\":\"ListItem\",\"position\":1,\"name\":\"In\u00edcio\",\"item\":\"https:\\\/\\\/aconteceunovale.com.br\\\/portal\\\/\"},{\"@type\":\"ListItem\",\"position\":2,\"name\":\"Elis Miele vai representar o Brasil no Miss World 2019\"}]},{\"@type\":\"WebSite\",\"@id\":\"https:\\\/\\\/aconteceunovale.com.br\\\/portal\\\/#website\",\"url\":\"https:\\\/\\\/aconteceunovale.com.br\\\/portal\\\/\",\"name\":\"Aconteceu no Vale\",\"description\":\"Portal de Not\u00edcias\",\"potentialAction\":[{\"@type\":\"SearchAction\",\"target\":{\"@type\":\"EntryPoint\",\"urlTemplate\":\"https:\\\/\\\/aconteceunovale.com.br\\\/portal\\\/?s={search_term_string}\"},\"query-input\":{\"@type\":\"PropertyValueSpecification\",\"valueRequired\":true,\"valueName\":\"search_term_string\"}}],\"inLanguage\":\"pt-BR\"},{\"@type\":\"Person\",\"@id\":\"https:\\\/\\\/aconteceunovale.com.br\\\/portal\\\/#\\\/schema\\\/person\\\/633529146f2c94272bef50ac2953d589\",\"name\":\"Aconteceu no Vale\",\"description\":\"Equipe de reportagem do Aconteceu no Vale, portal de not\u00edcias do Vale do Jequitinhonha, em Minas Gerais. Cobrimos as 51 cidades do Vale desde 2013. Sugest\u00f5es de pauta e pedidos de corre\u00e7\u00e3o: contato@aconteceunovale.com.br\",\"sameAs\":[\"http:\\\/\\\/www.aconteceunovale.com.br\"],\"url\":\"https:\\\/\\\/aconteceunovale.com.br\\\/portal\\\/?author=1\"}]}<\/script>\n<!-- \/ Yoast SEO plugin. -->","yoast_head_json":{"title":"Elis Miele vai representar o Brasil no Miss World 2019 - Aconteceu no Vale","robots":{"index":"index","follow":"follow","max-snippet":"max-snippet:-1","max-image-preview":"max-image-preview:large","max-video-preview":"max-video-preview:-1"},"canonical":"https:\/\/aconteceunovale.com.br\/portal\/?p=152207","og_locale":"pt_BR","og_type":"article","og_title":"Elis Miele vai representar o Brasil no Miss World 2019 - Aconteceu no Vale","og_description":"A modelo Elis Miele, de 20 anos, representante do Esp\u00edrito Santo, conquistou nesta semana o t\u00edtulo de Miss Brasil Mundo 2019. A vencedora ganhou uma coroa avaliada em aproximadamente R$ 15 mil, uma bolsa de estudo para fazer um curso de p\u00f3s-gradua\u00e7\u00e3o, al\u00e9m de uma viagem para Londres, onde vai concorrer ao t\u00edtulo de Miss [&hellip;]","og_url":"https:\/\/aconteceunovale.com.br\/portal\/?p=152207","og_site_name":"Aconteceu no Vale","article_publisher":"https:\/\/www.facebook.com\/aconteceunovale\/","article_published_time":"2019-09-04T23:51:56+00:00","article_modified_time":"2019-09-05T00:32:20+00:00","og_image":[{"width":780,"height":500,"url":"https:\/\/aconteceunovale.com.br\/portal\/wp-content\/uploads\/2019\/09\/elis_miele.png","type":"image\/png"}],"author":"Aconteceu no Vale","twitter_card":"summary_large_image","twitter_creator":"@noticiadosvales","twitter_site":"@noticiadosvales","twitter_misc":{"Escrito por":"Aconteceu no Vale","Est. tempo de leitura":"2 minutos"},"schema":{"@context":"https:\/\/schema.org","@graph":[{"@type":"Article","@id":"https:\/\/aconteceunovale.com.br\/portal\/?p=152207#article","isPartOf":{"@id":"https:\/\/aconteceunovale.com.br\/portal\/?p=152207"},"author":{"name":"Aconteceu no Vale","@id":"https:\/\/aconteceunovale.com.br\/portal\/#\/schema\/person\/633529146f2c94272bef50ac2953d589"},"headline":"Elis Miele vai representar o Brasil no Miss World 2019","datePublished":"2019-09-04T23:51:56+00:00","dateModified":"2019-09-05T00:32:20+00:00","mainEntityOfPage":{"@id":"https:\/\/aconteceunovale.com.br\/portal\/?p=152207"},"wordCount":471,"commentCount":0,"image":{"@id":"https:\/\/aconteceunovale.com.br\/portal\/?p=152207#primaryimage"},"thumbnailUrl":"https:\/\/aconteceunovale.com.br\/portal\/wp-content\/uploads\/2019\/09\/elis_miele.png","keywords":["destaque","Elis Miele","Elis Miele vai representar o Brasil no Miss World 2019","Ipatinga","Miss Brasil 2019","Miss Brasil Mundo 2019","Miss Elis Miele","Miss World 2019","Modelo Elis Miele"],"articleSection":["Brasil","Eventos","Leste de Minas","Mundo"],"inLanguage":"pt-BR","potentialAction":[{"@type":"CommentAction","name":"Comment","target":["https:\/\/aconteceunovale.com.br\/portal\/?p=152207#respond"]}]},{"@type":"WebPage","@id":"https:\/\/aconteceunovale.com.br\/portal\/?p=152207","url":"https:\/\/aconteceunovale.com.br\/portal\/?p=152207","name":"Elis Miele vai representar o Brasil no Miss World 2019 - Aconteceu no Vale","isPartOf":{"@id":"https:\/\/aconteceunovale.com.br\/portal\/#website"},"primaryImageOfPage":{"@id":"https:\/\/aconteceunovale.com.br\/portal\/?p=152207#primaryimage"},"image":{"@id":"https:\/\/aconteceunovale.com.br\/portal\/?p=152207#primaryimage"},"thumbnailUrl":"https:\/\/aconteceunovale.com.br\/portal\/wp-content\/uploads\/2019\/09\/elis_miele.png","datePublished":"2019-09-04T23:51:56+00:00","dateModified":"2019-09-05T00:32:20+00:00","author":{"@id":"https:\/\/aconteceunovale.com.br\/portal\/#\/schema\/person\/633529146f2c94272bef50ac2953d589"},"breadcrumb":{"@id":"https:\/\/aconteceunovale.com.br\/portal\/?p=152207#breadcrumb"},"inLanguage":"pt-BR","potentialAction":[{"@type":"ReadAction","target":["https:\/\/aconteceunovale.com.br\/portal\/?p=152207"]}]},{"@type":"ImageObject","inLanguage":"pt-BR","@id":"https:\/\/aconteceunovale.com.br\/portal\/?p=152207#primaryimage","url":"https:\/\/aconteceunovale.com.br\/portal\/wp-content\/uploads\/2019\/09\/elis_miele.png","contentUrl":"https:\/\/aconteceunovale.com.br\/portal\/wp-content\/uploads\/2019\/09\/elis_miele.png","width":780,"height":500},{"@type":"BreadcrumbList","@id":"https:\/\/aconteceunovale.com.br\/portal\/?p=152207#breadcrumb","itemListElement":[{"@type":"ListItem","position":1,"name":"In\u00edcio","item":"https:\/\/aconteceunovale.com.br\/portal\/"},{"@type":"ListItem","position":2,"name":"Elis Miele vai representar o Brasil no Miss World 2019"}]},{"@type":"WebSite","@id":"https:\/\/aconteceunovale.com.br\/portal\/#website","url":"https:\/\/aconteceunovale.com.br\/portal\/","name":"Aconteceu no Vale","description":"Portal de Not\u00edcias","potentialAction":[{"@type":"SearchAction","target":{"@type":"EntryPoint","urlTemplate":"https:\/\/aconteceunovale.com.br\/portal\/?s={search_term_string}"},"query-input":{"@type":"PropertyValueSpecification","valueRequired":true,"valueName":"search_term_string"}}],"inLanguage":"pt-BR"},{"@type":"Person","@id":"https:\/\/aconteceunovale.com.br\/portal\/#\/schema\/person\/633529146f2c94272bef50ac2953d589","name":"Aconteceu no Vale","description":"Equipe de reportagem do Aconteceu no Vale, portal de not\u00edcias do Vale do Jequitinhonha, em Minas Gerais. Cobrimos as 51 cidades do Vale desde 2013. Sugest\u00f5es de pauta e pedidos de corre\u00e7\u00e3o: contato@aconteceunovale.com.br","sameAs":["http:\/\/www.aconteceunovale.com.br"],"url":"https:\/\/aconteceunovale.com.br\/portal\/?author=1"}]}},"_links":{"self":[{"href":"https:\/\/aconteceunovale.com.br\/portal\/index.php?rest_route=\/wp\/v2\/posts\/152207","targetHints":{"allow":["GET"]}}],"collection":[{"href":"https:\/\/aconteceunovale.com.br\/portal\/index.php?rest_route=\/wp\/v2\/posts"}],"about":[{"href":"https:\/\/aconteceunovale.com.br\/portal\/index.php?rest_route=\/wp\/v2\/types\/post"}],"author":[{"embeddable":true,"href":"https:\/\/aconteceunovale.com.br\/portal\/index.php?rest_route=\/wp\/v2\/users\/1"}],"replies":[{"embeddable":true,"href":"https:\/\/aconteceunovale.com.br\/portal\/index.php?rest_route=%2Fwp%2Fv2%2Fcomments&post=152207"}],"version-history":[{"count":1,"href":"https:\/\/aconteceunovale.com.br\/portal\/index.php?rest_route=\/wp\/v2\/posts\/152207\/revisions"}],"predecessor-version":[{"id":152209,"href":"https:\/\/aconteceunovale.com.br\/portal\/index.php?rest_route=\/wp\/v2\/posts\/152207\/revisions\/152209"}],"wp:featuredmedia":[{"embeddable":true,"href":"https:\/\/aconteceunovale.com.br\/portal\/index.php?rest_route=\/wp\/v2\/media\/152208"}],"wp:attachment":[{"href":"https:\/\/aconteceunovale.com.br\/portal\/index.php?rest_route=%2Fwp%2Fv2%2Fmedia&parent=152207"}],"wp:term":[{"taxonomy":"category","embeddable":true,"href":"https:\/\/aconteceunovale.com.br\/portal\/index.php?rest_route=%2Fwp%2Fv2%2Fcategories&post=152207"},{"taxonomy":"post_tag","embeddable":true,"href":"https:\/\/aconteceunovale.com.br\/portal\/index.php?rest_route=%2Fwp%2Fv2%2Ftags&post=152207"}],"curies":[{"name":"wp","href":"https:\/\/api.w.org\/{rel}","templated":true}]}}