{"id":152205,"date":"2019-09-04T17:19:19","date_gmt":"2019-09-04T20:19:19","guid":{"rendered":"http:\/\/aconteceunovale.com.br\/portal\/?p=152205"},"modified":"2019-09-04T17:19:23","modified_gmt":"2019-09-04T20:19:23","slug":"instituto-mineiro-de-agropecuaria-abre-inscricoes-para-processo-seletivo-de-veterinarios-e-agronomos","status":"publish","type":"post","link":"https:\/\/aconteceunovale.com.br\/portal\/?p=152205","title":{"rendered":"Instituto Mineiro de Agropecu\u00e1ria abre inscri\u00e7\u00f5es para processo seletivo de veterin\u00e1rios e agr\u00f4nomos"},"content":{"rendered":"\n<p class=\"wp-block-paragraph\">O\u00a0Instituto Mineiro de Agropecu\u00e1ria (IMA),\u00a0vinculado \u00e0\u00a0Secretaria de Agricultura, Pecu\u00e1ria e Abastecimento (Seapa), abriu inscri\u00e7\u00f5es\u00a0para\u00a0o processo seletivo simplificado para m\u00e9dicos veterin\u00e1rios e engenheiros agr\u00f4nomos para a reposi\u00e7\u00e3o de 60 vagas na defesa agropecu\u00e1ria do estado. O per\u00edodo de inscri\u00e7\u00e3o come\u00e7a hoje (4\/9) e vai at\u00e9 20 de setembro. Contribuindo para a sa\u00fade p\u00fablica da popula\u00e7\u00e3o, com o provimento de produtos de qualidade na mesa dos consumidores, os veterin\u00e1rios v\u00e3o atuar na inspe\u00e7\u00e3o de\u00a0mercadorias\u00a0de origem animal, e os agr\u00f4nomos trabalhar\u00e3o nas lavouras de Minas. A carga hor\u00e1ria ser\u00e1 de 8 horas di\u00e1rias, totalizando 40 horas semanais. O sal\u00e1rio ser\u00e1 de R$ 2.983,31 para as duas categorias.<\/p>\n\n\n\n<p class=\"wp-block-paragraph\">As informa\u00e7\u00f5es sobre atribui\u00e7\u00f5es, os munic\u00edpios onde as vagas s\u00e3o oferecidas, crit\u00e9rios para an\u00e1lise curricular e os requisitos para contrata\u00e7\u00e3o devem ser consultados no edital dispon\u00edvel no site do IMA:\u00a0<a rel=\"noreferrer noopener\" href=\"http:\/\/www.ima.mg.gov.br\/\" target=\"_blank\">www.ima.mg.gov.br<\/a>.<\/p>\n\n\n\n<p class=\"has-text-color has-background has-very-light-gray-color has-vivid-cyan-blue-background-color wp-block-paragraph\"><strong>VER PRIMEIRO: <\/strong>Receba as not\u00edcias do Aconteceu no Vale em primeira m\u00e3o. Clique em curtir no endere\u00e7o <a href=\"https:\/\/www.facebook.com\/aconteceunovale\" target=\"_blank\" rel=\"noreferrer noopener\">www.facebook.com\/aconteceunovale<\/a>.<\/p>\n","protected":false},"excerpt":{"rendered":"<p>O\u00a0Instituto Mineiro de Agropecu\u00e1ria (IMA),\u00a0vinculado \u00e0\u00a0Secretaria de Agricultura, Pecu\u00e1ria e Abastecimento (Seapa), abriu inscri\u00e7\u00f5es\u00a0para\u00a0o processo seletivo simplificado para m\u00e9dicos veterin\u00e1rios e engenheiros agr\u00f4nomos para a reposi\u00e7\u00e3o de 60 vagas na defesa agropecu\u00e1ria do estado. O per\u00edodo de inscri\u00e7\u00e3o come\u00e7a hoje (4\/9) e vai at\u00e9 20 de setembro. Contribuindo para a sa\u00fade p\u00fablica da popula\u00e7\u00e3o, com [&hellip;]<\/p>\n","protected":false},"author":1,"featured_media":151097,"comment_status":"open","ping_status":"closed","sticky":false,"template":"","format":"standard","meta":{"amp_status":"","footnotes":""},"categories":[40236,123],"tags":[206581,20955,20954,206580,27578,206583,206582],"class_list":["post-152205","post","type-post","status-publish","format-standard","has-post-thumbnail","hentry","category-empregos-2","category-gerais","tag-emprego-no-ima","tag-ima","tag-instituto-mineiro-de-agropecuaria","tag-processo-seletivo-do-ima","tag-seapa","tag-trabalho-no-ima","tag-vagas-no-ima"],"yoast_head":"<!-- This site is optimized with the Yoast SEO plugin v28.3 - https:\/\/yoast.com\/product\/yoast-seo-wordpress\/ -->\n<title>Instituto Mineiro de Agropecu\u00e1ria abre inscri\u00e7\u00f5es para processo seletivo de veterin\u00e1rios e agr\u00f4nomos - Aconteceu no Vale<\/title>\n<meta name=\"robots\" content=\"index, follow, max-snippet:-1, max-image-preview:large, max-video-preview:-1\" \/>\n<link rel=\"canonical\" href=\"https:\/\/aconteceunovale.com.br\/portal\/?p=152205\" \/>\n<meta property=\"og:locale\" content=\"pt_BR\" \/>\n<meta property=\"og:type\" content=\"article\" \/>\n<meta property=\"og:title\" content=\"Instituto Mineiro de Agropecu\u00e1ria abre inscri\u00e7\u00f5es para processo seletivo de veterin\u00e1rios e agr\u00f4nomos - Aconteceu no Vale\" \/>\n<meta property=\"og:description\" content=\"O\u00a0Instituto Mineiro de Agropecu\u00e1ria (IMA),\u00a0vinculado \u00e0\u00a0Secretaria de Agricultura, Pecu\u00e1ria e Abastecimento (Seapa), abriu inscri\u00e7\u00f5es\u00a0para\u00a0o processo seletivo simplificado para m\u00e9dicos veterin\u00e1rios e engenheiros agr\u00f4nomos para a reposi\u00e7\u00e3o de 60 vagas na defesa agropecu\u00e1ria do estado. O per\u00edodo de inscri\u00e7\u00e3o come\u00e7a hoje (4\/9) e vai at\u00e9 20 de setembro. Contribuindo para a sa\u00fade p\u00fablica da popula\u00e7\u00e3o, com [&hellip;]\" \/>\n<meta property=\"og:url\" content=\"https:\/\/aconteceunovale.com.br\/portal\/?p=152205\" \/>\n<meta property=\"og:site_name\" content=\"Aconteceu no Vale\" \/>\n<meta property=\"article:publisher\" content=\"https:\/\/www.facebook.com\/aconteceunovale\/\" \/>\n<meta property=\"article:published_time\" content=\"2019-09-04T20:19:19+00:00\" \/>\n<meta property=\"article:modified_time\" content=\"2019-09-04T20:19:23+00:00\" \/>\n<meta property=\"og:image\" content=\"https:\/\/aconteceunovale.com.br\/portal\/wp-content\/uploads\/2019\/08\/veterinario.jpg\" \/>\n\t<meta property=\"og:image:width\" content=\"678\" \/>\n\t<meta property=\"og:image:height\" content=\"328\" \/>\n\t<meta property=\"og:image:type\" content=\"image\/jpeg\" \/>\n<meta name=\"author\" content=\"Aconteceu no Vale\" \/>\n<meta name=\"twitter:card\" content=\"summary_large_image\" \/>\n<meta name=\"twitter:creator\" content=\"@noticiadosvales\" \/>\n<meta name=\"twitter:site\" content=\"@noticiadosvales\" \/>\n<meta name=\"twitter:label1\" content=\"Escrito por\" \/>\n\t<meta name=\"twitter:data1\" content=\"Aconteceu no Vale\" \/>\n\t<meta name=\"twitter:label2\" content=\"Est. tempo de leitura\" \/>\n\t<meta name=\"twitter:data2\" content=\"1 minuto\" \/>\n<script type=\"application\/ld+json\" class=\"yoast-schema-graph\">{\"@context\":\"https:\\\/\\\/schema.org\",\"@graph\":[{\"@type\":\"Article\",\"@id\":\"https:\\\/\\\/aconteceunovale.com.br\\\/portal\\\/?p=152205#article\",\"isPartOf\":{\"@id\":\"https:\\\/\\\/aconteceunovale.com.br\\\/portal\\\/?p=152205\"},\"author\":{\"name\":\"Aconteceu no Vale\",\"@id\":\"https:\\\/\\\/aconteceunovale.com.br\\\/portal\\\/#\\\/schema\\\/person\\\/633529146f2c94272bef50ac2953d589\"},\"headline\":\"Instituto Mineiro de Agropecu\u00e1ria abre inscri\u00e7\u00f5es para processo seletivo de veterin\u00e1rios e agr\u00f4nomos\",\"datePublished\":\"2019-09-04T20:19:19+00:00\",\"dateModified\":\"2019-09-04T20:19:23+00:00\",\"mainEntityOfPage\":{\"@id\":\"https:\\\/\\\/aconteceunovale.com.br\\\/portal\\\/?p=152205\"},\"wordCount\":210,\"commentCount\":0,\"image\":{\"@id\":\"https:\\\/\\\/aconteceunovale.com.br\\\/portal\\\/?p=152205#primaryimage\"},\"thumbnailUrl\":\"https:\\\/\\\/aconteceunovale.com.br\\\/portal\\\/wp-content\\\/uploads\\\/2019\\\/08\\\/veterinario.jpg\",\"keywords\":[\"Emprego no IMA\",\"IMA\",\"Instituto Mineiro de Agropecu\u00e1ria\",\"Processo seletivo do IMA\",\"Seapa\",\"Trabalho no IMA\",\"Vagas no IMA\"],\"articleSection\":[\"Empregos\",\"Minas Gerais\"],\"inLanguage\":\"pt-BR\",\"potentialAction\":[{\"@type\":\"CommentAction\",\"name\":\"Comment\",\"target\":[\"https:\\\/\\\/aconteceunovale.com.br\\\/portal\\\/?p=152205#respond\"]}]},{\"@type\":\"WebPage\",\"@id\":\"https:\\\/\\\/aconteceunovale.com.br\\\/portal\\\/?p=152205\",\"url\":\"https:\\\/\\\/aconteceunovale.com.br\\\/portal\\\/?p=152205\",\"name\":\"Instituto Mineiro de Agropecu\u00e1ria abre inscri\u00e7\u00f5es para processo seletivo de veterin\u00e1rios e agr\u00f4nomos - Aconteceu no Vale\",\"isPartOf\":{\"@id\":\"https:\\\/\\\/aconteceunovale.com.br\\\/portal\\\/#website\"},\"primaryImageOfPage\":{\"@id\":\"https:\\\/\\\/aconteceunovale.com.br\\\/portal\\\/?p=152205#primaryimage\"},\"image\":{\"@id\":\"https:\\\/\\\/aconteceunovale.com.br\\\/portal\\\/?p=152205#primaryimage\"},\"thumbnailUrl\":\"https:\\\/\\\/aconteceunovale.com.br\\\/portal\\\/wp-content\\\/uploads\\\/2019\\\/08\\\/veterinario.jpg\",\"datePublished\":\"2019-09-04T20:19:19+00:00\",\"dateModified\":\"2019-09-04T20:19:23+00:00\",\"author\":{\"@id\":\"https:\\\/\\\/aconteceunovale.com.br\\\/portal\\\/#\\\/schema\\\/person\\\/633529146f2c94272bef50ac2953d589\"},\"breadcrumb\":{\"@id\":\"https:\\\/\\\/aconteceunovale.com.br\\\/portal\\\/?p=152205#breadcrumb\"},\"inLanguage\":\"pt-BR\",\"potentialAction\":[{\"@type\":\"ReadAction\",\"target\":[\"https:\\\/\\\/aconteceunovale.com.br\\\/portal\\\/?p=152205\"]}]},{\"@type\":\"ImageObject\",\"inLanguage\":\"pt-BR\",\"@id\":\"https:\\\/\\\/aconteceunovale.com.br\\\/portal\\\/?p=152205#primaryimage\",\"url\":\"https:\\\/\\\/aconteceunovale.com.br\\\/portal\\\/wp-content\\\/uploads\\\/2019\\\/08\\\/veterinario.jpg\",\"contentUrl\":\"https:\\\/\\\/aconteceunovale.com.br\\\/portal\\\/wp-content\\\/uploads\\\/2019\\\/08\\\/veterinario.jpg\",\"width\":678,\"height\":328},{\"@type\":\"BreadcrumbList\",\"@id\":\"https:\\\/\\\/aconteceunovale.com.br\\\/portal\\\/?p=152205#breadcrumb\",\"itemListElement\":[{\"@type\":\"ListItem\",\"position\":1,\"name\":\"In\u00edcio\",\"item\":\"https:\\\/\\\/aconteceunovale.com.br\\\/portal\\\/\"},{\"@type\":\"ListItem\",\"position\":2,\"name\":\"Instituto Mineiro de Agropecu\u00e1ria abre inscri\u00e7\u00f5es para processo seletivo de veterin\u00e1rios e agr\u00f4nomos\"}]},{\"@type\":\"WebSite\",\"@id\":\"https:\\\/\\\/aconteceunovale.com.br\\\/portal\\\/#website\",\"url\":\"https:\\\/\\\/aconteceunovale.com.br\\\/portal\\\/\",\"name\":\"Aconteceu no Vale\",\"description\":\"Portal de Not\u00edcias\",\"potentialAction\":[{\"@type\":\"SearchAction\",\"target\":{\"@type\":\"EntryPoint\",\"urlTemplate\":\"https:\\\/\\\/aconteceunovale.com.br\\\/portal\\\/?s={search_term_string}\"},\"query-input\":{\"@type\":\"PropertyValueSpecification\",\"valueRequired\":true,\"valueName\":\"search_term_string\"}}],\"inLanguage\":\"pt-BR\"},{\"@type\":\"Person\",\"@id\":\"https:\\\/\\\/aconteceunovale.com.br\\\/portal\\\/#\\\/schema\\\/person\\\/633529146f2c94272bef50ac2953d589\",\"name\":\"Aconteceu no Vale\",\"description\":\"Equipe de reportagem do Aconteceu no Vale, portal de not\u00edcias do Vale do Jequitinhonha, em Minas Gerais. Cobrimos as 51 cidades do Vale desde 2013. Sugest\u00f5es de pauta e pedidos de corre\u00e7\u00e3o: contato@aconteceunovale.com.br\",\"sameAs\":[\"http:\\\/\\\/www.aconteceunovale.com.br\"],\"url\":\"https:\\\/\\\/aconteceunovale.com.br\\\/portal\\\/?author=1\"}]}<\/script>\n<!-- \/ Yoast SEO plugin. -->","yoast_head_json":{"title":"Instituto Mineiro de Agropecu\u00e1ria abre inscri\u00e7\u00f5es para processo seletivo de veterin\u00e1rios e agr\u00f4nomos - Aconteceu no Vale","robots":{"index":"index","follow":"follow","max-snippet":"max-snippet:-1","max-image-preview":"max-image-preview:large","max-video-preview":"max-video-preview:-1"},"canonical":"https:\/\/aconteceunovale.com.br\/portal\/?p=152205","og_locale":"pt_BR","og_type":"article","og_title":"Instituto Mineiro de Agropecu\u00e1ria abre inscri\u00e7\u00f5es para processo seletivo de veterin\u00e1rios e agr\u00f4nomos - Aconteceu no Vale","og_description":"O\u00a0Instituto Mineiro de Agropecu\u00e1ria (IMA),\u00a0vinculado \u00e0\u00a0Secretaria de Agricultura, Pecu\u00e1ria e Abastecimento (Seapa), abriu inscri\u00e7\u00f5es\u00a0para\u00a0o processo seletivo simplificado para m\u00e9dicos veterin\u00e1rios e engenheiros agr\u00f4nomos para a reposi\u00e7\u00e3o de 60 vagas na defesa agropecu\u00e1ria do estado. O per\u00edodo de inscri\u00e7\u00e3o come\u00e7a hoje (4\/9) e vai at\u00e9 20 de setembro. Contribuindo para a sa\u00fade p\u00fablica da popula\u00e7\u00e3o, com [&hellip;]","og_url":"https:\/\/aconteceunovale.com.br\/portal\/?p=152205","og_site_name":"Aconteceu no Vale","article_publisher":"https:\/\/www.facebook.com\/aconteceunovale\/","article_published_time":"2019-09-04T20:19:19+00:00","article_modified_time":"2019-09-04T20:19:23+00:00","og_image":[{"width":678,"height":328,"url":"https:\/\/aconteceunovale.com.br\/portal\/wp-content\/uploads\/2019\/08\/veterinario.jpg","type":"image\/jpeg"}],"author":"Aconteceu no Vale","twitter_card":"summary_large_image","twitter_creator":"@noticiadosvales","twitter_site":"@noticiadosvales","twitter_misc":{"Escrito por":"Aconteceu no Vale","Est. tempo de leitura":"1 minuto"},"schema":{"@context":"https:\/\/schema.org","@graph":[{"@type":"Article","@id":"https:\/\/aconteceunovale.com.br\/portal\/?p=152205#article","isPartOf":{"@id":"https:\/\/aconteceunovale.com.br\/portal\/?p=152205"},"author":{"name":"Aconteceu no Vale","@id":"https:\/\/aconteceunovale.com.br\/portal\/#\/schema\/person\/633529146f2c94272bef50ac2953d589"},"headline":"Instituto Mineiro de Agropecu\u00e1ria abre inscri\u00e7\u00f5es para processo seletivo de veterin\u00e1rios e agr\u00f4nomos","datePublished":"2019-09-04T20:19:19+00:00","dateModified":"2019-09-04T20:19:23+00:00","mainEntityOfPage":{"@id":"https:\/\/aconteceunovale.com.br\/portal\/?p=152205"},"wordCount":210,"commentCount":0,"image":{"@id":"https:\/\/aconteceunovale.com.br\/portal\/?p=152205#primaryimage"},"thumbnailUrl":"https:\/\/aconteceunovale.com.br\/portal\/wp-content\/uploads\/2019\/08\/veterinario.jpg","keywords":["Emprego no IMA","IMA","Instituto Mineiro de Agropecu\u00e1ria","Processo seletivo do IMA","Seapa","Trabalho no IMA","Vagas no IMA"],"articleSection":["Empregos","Minas Gerais"],"inLanguage":"pt-BR","potentialAction":[{"@type":"CommentAction","name":"Comment","target":["https:\/\/aconteceunovale.com.br\/portal\/?p=152205#respond"]}]},{"@type":"WebPage","@id":"https:\/\/aconteceunovale.com.br\/portal\/?p=152205","url":"https:\/\/aconteceunovale.com.br\/portal\/?p=152205","name":"Instituto Mineiro de Agropecu\u00e1ria abre inscri\u00e7\u00f5es para processo seletivo de veterin\u00e1rios e agr\u00f4nomos - Aconteceu no Vale","isPartOf":{"@id":"https:\/\/aconteceunovale.com.br\/portal\/#website"},"primaryImageOfPage":{"@id":"https:\/\/aconteceunovale.com.br\/portal\/?p=152205#primaryimage"},"image":{"@id":"https:\/\/aconteceunovale.com.br\/portal\/?p=152205#primaryimage"},"thumbnailUrl":"https:\/\/aconteceunovale.com.br\/portal\/wp-content\/uploads\/2019\/08\/veterinario.jpg","datePublished":"2019-09-04T20:19:19+00:00","dateModified":"2019-09-04T20:19:23+00:00","author":{"@id":"https:\/\/aconteceunovale.com.br\/portal\/#\/schema\/person\/633529146f2c94272bef50ac2953d589"},"breadcrumb":{"@id":"https:\/\/aconteceunovale.com.br\/portal\/?p=152205#breadcrumb"},"inLanguage":"pt-BR","potentialAction":[{"@type":"ReadAction","target":["https:\/\/aconteceunovale.com.br\/portal\/?p=152205"]}]},{"@type":"ImageObject","inLanguage":"pt-BR","@id":"https:\/\/aconteceunovale.com.br\/portal\/?p=152205#primaryimage","url":"https:\/\/aconteceunovale.com.br\/portal\/wp-content\/uploads\/2019\/08\/veterinario.jpg","contentUrl":"https:\/\/aconteceunovale.com.br\/portal\/wp-content\/uploads\/2019\/08\/veterinario.jpg","width":678,"height":328},{"@type":"BreadcrumbList","@id":"https:\/\/aconteceunovale.com.br\/portal\/?p=152205#breadcrumb","itemListElement":[{"@type":"ListItem","position":1,"name":"In\u00edcio","item":"https:\/\/aconteceunovale.com.br\/portal\/"},{"@type":"ListItem","position":2,"name":"Instituto Mineiro de Agropecu\u00e1ria abre inscri\u00e7\u00f5es para processo seletivo de veterin\u00e1rios e agr\u00f4nomos"}]},{"@type":"WebSite","@id":"https:\/\/aconteceunovale.com.br\/portal\/#website","url":"https:\/\/aconteceunovale.com.br\/portal\/","name":"Aconteceu no Vale","description":"Portal de Not\u00edcias","potentialAction":[{"@type":"SearchAction","target":{"@type":"EntryPoint","urlTemplate":"https:\/\/aconteceunovale.com.br\/portal\/?s={search_term_string}"},"query-input":{"@type":"PropertyValueSpecification","valueRequired":true,"valueName":"search_term_string"}}],"inLanguage":"pt-BR"},{"@type":"Person","@id":"https:\/\/aconteceunovale.com.br\/portal\/#\/schema\/person\/633529146f2c94272bef50ac2953d589","name":"Aconteceu no Vale","description":"Equipe de reportagem do Aconteceu no Vale, portal de not\u00edcias do Vale do Jequitinhonha, em Minas Gerais. Cobrimos as 51 cidades do Vale desde 2013. Sugest\u00f5es de pauta e pedidos de corre\u00e7\u00e3o: contato@aconteceunovale.com.br","sameAs":["http:\/\/www.aconteceunovale.com.br"],"url":"https:\/\/aconteceunovale.com.br\/portal\/?author=1"}]}},"_links":{"self":[{"href":"https:\/\/aconteceunovale.com.br\/portal\/index.php?rest_route=\/wp\/v2\/posts\/152205","targetHints":{"allow":["GET"]}}],"collection":[{"href":"https:\/\/aconteceunovale.com.br\/portal\/index.php?rest_route=\/wp\/v2\/posts"}],"about":[{"href":"https:\/\/aconteceunovale.com.br\/portal\/index.php?rest_route=\/wp\/v2\/types\/post"}],"author":[{"embeddable":true,"href":"https:\/\/aconteceunovale.com.br\/portal\/index.php?rest_route=\/wp\/v2\/users\/1"}],"replies":[{"embeddable":true,"href":"https:\/\/aconteceunovale.com.br\/portal\/index.php?rest_route=%2Fwp%2Fv2%2Fcomments&post=152205"}],"version-history":[{"count":1,"href":"https:\/\/aconteceunovale.com.br\/portal\/index.php?rest_route=\/wp\/v2\/posts\/152205\/revisions"}],"predecessor-version":[{"id":152206,"href":"https:\/\/aconteceunovale.com.br\/portal\/index.php?rest_route=\/wp\/v2\/posts\/152205\/revisions\/152206"}],"wp:featuredmedia":[{"embeddable":true,"href":"https:\/\/aconteceunovale.com.br\/portal\/index.php?rest_route=\/wp\/v2\/media\/151097"}],"wp:attachment":[{"href":"https:\/\/aconteceunovale.com.br\/portal\/index.php?rest_route=%2Fwp%2Fv2%2Fmedia&parent=152205"}],"wp:term":[{"taxonomy":"category","embeddable":true,"href":"https:\/\/aconteceunovale.com.br\/portal\/index.php?rest_route=%2Fwp%2Fv2%2Fcategories&post=152205"},{"taxonomy":"post_tag","embeddable":true,"href":"https:\/\/aconteceunovale.com.br\/portal\/index.php?rest_route=%2Fwp%2Fv2%2Ftags&post=152205"}],"curies":[{"name":"wp","href":"https:\/\/api.w.org\/{rel}","templated":true}]}}