{"id":152201,"date":"2019-09-04T16:32:59","date_gmt":"2019-09-04T19:32:59","guid":{"rendered":"http:\/\/aconteceunovale.com.br\/portal\/?p=152201"},"modified":"2019-09-04T17:09:40","modified_gmt":"2019-09-04T20:09:40","slug":"parque-que-abriga-a-maior-floresta-tropical-de-minas-gerais-recebera-investimento-de-r-63-milhoes","status":"publish","type":"post","link":"https:\/\/aconteceunovale.com.br\/portal\/?p=152201","title":{"rendered":"Parque que abriga a maior floresta tropical de Minas Gerais receber\u00e1 investimento de R$ 63 milh\u00f5es"},"content":{"rendered":"\n<p class=\"wp-block-paragraph\">O Parque Estadual do Rio Doce, unidade de conserva\u00e7\u00e3o administrada pelo\u00a0Instituto Estadual de Florestas (IEF)\u00a0e que abriga a maior floresta tropical de Minas Gerais, teve seu plano de trabalho aprovado pelo Comit\u00ea Interfederativo (CIF). O grupo, criado em resposta ao desastre provocado pelo rompimento da Barragem de Fund\u00e3o, da mineradora Samarco, em novembro de 2015, deliberou a favor do planejamento que prev\u00ea investimento de R$ 63 milh\u00f5es em uma s\u00e9rie de a\u00e7\u00f5es e servi\u00e7os para consolida\u00e7\u00e3o dos objetivos ambientais da unidade. O\u00a0programa\u00a0ser\u00e1 desenvolvido ao longo de\u00a0dez\u00a0anos e custeado pela Funda\u00e7\u00e3o Renova.<\/p>\n\n\n\n<p class=\"wp-block-paragraph\">A&nbsp;funda\u00e7\u00e3o&nbsp;foi institu\u00edda, ap\u00f3s o rompimento de Fund\u00e3o, para implementar e gerir os programas de repara\u00e7\u00e3o dos impactos do desastre. Os rejeitos que vazaram da estrutura atingiram a Bacia Hidrogr\u00e1fica do Rio Doce. No&nbsp;planejamento de trabalho previsto para a unidade de conserva\u00e7\u00e3o, as principais a\u00e7\u00f5es est\u00e3o relacionadas \u00e0s revis\u00f5es dos planos de Manejo e de Uso P\u00fablico, incluindo a modelagem do Programa de Concess\u00e3o de Parques Estaduais 2019-2022, iniciativa que prop\u00f5e melhorar a gest\u00e3o das unidades de conserva\u00e7\u00e3o no&nbsp;estado.<\/p>\n\n\n\n<p class=\"wp-block-paragraph\">A lista de medidas tamb\u00e9m prev\u00ea amplia\u00e7\u00e3o dos limites do parque; regulariza\u00e7\u00e3o fundi\u00e1ria; georreferenciamento; a\u00e7\u00f5es de combate a inc\u00eandios florestais; aquisi\u00e7\u00e3o de ve\u00edculos e embarca\u00e7\u00f5es; implanta\u00e7\u00e3o de sistemas de v\u00eddeo vigil\u00e2ncia; reformas, projetos e obras diversas; contrata\u00e7\u00e3o de consultorias para cria\u00e7\u00e3o do plano de comunica\u00e7\u00e3o e marketing; contrata\u00e7\u00e3o de pessoal para apoio t\u00e9cnico, entre outras.<\/p>\n\n\n\n<p class=\"wp-block-paragraph\">Segundo o diretor geral do IEF, Antonio Malard, com o Plano de Trabalho aprovado, um patrim\u00f4nio que pertence a todos os mineiros ser\u00e1 resgatado.&nbsp;\u201cA expectativa \u00e9 que,&nbsp;ao final desses&nbsp;dez&nbsp;anos, o PE do Rio Doce seja um dos&nbsp;parques&nbsp;mais modernos do pa\u00eds e que tenha n\u00e3o somente uma infraestrutura adequada para atender a popula\u00e7\u00e3o, mas que seja uma unidade de conserva\u00e7\u00e3o autossustent\u00e1vel, proporcionando a conserva\u00e7\u00e3o da biodiversidade\u201d destaca.<\/p>\n\n\n\n<p class=\"wp-block-paragraph\">O custeio das a\u00e7\u00f5es referentes \u00e0 consolida\u00e7\u00e3o do Parque do Rio Doce est\u00e1 previsto no Termo de Transa\u00e7\u00e3o e Ajustamento de Conduta (TTAC), que trata dos programas socioambientais e socioecon\u00f4micos. O documento foi assinado entre a Uni\u00e3o, os Estados de Minas Gerais e Esp\u00edrito Santo e as empresas Samarco, Vale e BHP.<\/p>\n\n\n\n<p class=\"wp-block-paragraph\">As unidades de conserva\u00e7\u00e3o s\u00e3o consideradas consolidadas quando possuem os insumos necess\u00e1rios, incluindo estruturas, recursos humanos, servi\u00e7os e materiais, ferramentas efetivas de gest\u00e3o, governan\u00e7a participativa, sustentabilidade financeira, al\u00e9m da apropria\u00e7\u00e3o dos valores da unidade de conserva\u00e7\u00e3o pela sociedade.<\/p>\n\n\n\n<p class=\"wp-block-paragraph\">O diretor de unidades de conserva\u00e7\u00e3o do IEF, Cl\u00e1udio Castro,&nbsp;esclarece que a consolida\u00e7\u00e3o das unidades \u201cimplica em conserva\u00e7\u00e3o dos recursos ambientais, com destaque para a biodiversidade biol\u00f3gica e socioambiental, sua capacidade gerencial e operacional e sua sustenta\u00e7\u00e3o e legitima\u00e7\u00e3o social\u201d, diz. Ele afirma&nbsp;ainda que \u201cvisando a sustentabilidade, a proposta \u00e9 que seja criado um fundo para que, \u00e0 medida que os investimentos forem sendo realizados, no final desses&nbsp;dez&nbsp;anos, quando todos os recursos forem aplicados, o parque seja capaz de se tornar autossustent\u00e1vel, podendo continuar mantendo toda a estrutura e a\u00e7\u00f5es desenvolvidas por ele mesmo.\u201d<\/p>\n\n\n\n<p class=\"wp-block-paragraph\">O gerente da unidade de conserva\u00e7\u00e3o, Vinicius Moreira, tamb\u00e9m destaca a import\u00e2ncia da iniciativa. \u201cO desastre de Mariana teve impactos no parque. Com o programa, o IEF poder\u00e1 responder de forma adequada e efetiva para conservar este importante reposit\u00f3rio de biodiversidade do estado\u201d, diz.<\/p>\n\n\n\n<p class=\"wp-block-paragraph\">No final de novembro, IEF e Renova assinar\u00e3o um acordo de coopera\u00e7\u00e3o, com vistas \u00e0 execu\u00e7\u00e3o do plano de trabalho. As a\u00e7\u00f5es come\u00e7ar\u00e3o a ser implementadas de acordo com cronograma preestabelecido. Cada a\u00e7\u00e3o ter\u00e1 um prazo para ser alcan\u00e7ado, sendo que algumas a\u00e7\u00f5es ter\u00e3o car\u00e1ter cont\u00ednuo.<\/p>\n\n\n\n<figure class=\"wp-block-image\"><img loading=\"lazy\" decoding=\"async\" width=\"678\" height=\"450\" src=\"http:\/\/aconteceunovale.com.br\/portal\/wp-content\/uploads\/2019\/09\/parque_rio_doce.jpg\" alt=\"\" class=\"wp-image-152202\" srcset=\"https:\/\/aconteceunovale.com.br\/portal\/wp-content\/uploads\/2019\/09\/parque_rio_doce.jpg 678w, https:\/\/aconteceunovale.com.br\/portal\/wp-content\/uploads\/2019\/09\/parque_rio_doce-300x199.jpg 300w, https:\/\/aconteceunovale.com.br\/portal\/wp-content\/uploads\/2019\/09\/parque_rio_doce-633x420.jpg 633w\" sizes=\"auto, (max-width: 678px) 100vw, 678px\" \/><figcaption> <em>Foto: Divulga\u00e7\u00e3o\/Semad<\/em> <\/figcaption><\/figure>\n\n\n\n<p class=\"has-text-color has-background has-very-light-gray-color has-vivid-cyan-blue-background-color wp-block-paragraph\"><strong>VER PRIMEIRO: <\/strong>Receba as not\u00edcias do Aconteceu no Vale em primeira m\u00e3o. Clique em curtir no endere\u00e7o <a href=\"https:\/\/www.facebook.com\/aconteceunovale\" target=\"_blank\" rel=\"noreferrer noopener\">www.facebook.com\/aconteceunovale<\/a>.<\/p>\n","protected":false},"excerpt":{"rendered":"<p>O Parque Estadual do Rio Doce, unidade de conserva\u00e7\u00e3o administrada pelo\u00a0Instituto Estadual de Florestas (IEF)\u00a0e que abriga a maior floresta tropical de Minas Gerais, teve seu plano de trabalho aprovado pelo Comit\u00ea Interfederativo (CIF). O grupo, criado em resposta ao desastre provocado pelo rompimento da Barragem de Fund\u00e3o, da mineradora Samarco, em novembro de 2015, [&hellip;]<\/p>\n","protected":false},"author":1,"featured_media":152202,"comment_status":"open","ping_status":"closed","sticky":false,"template":"","format":"standard","meta":{"amp_status":"","footnotes":""},"categories":[121,123],"tags":[206576,21801,16754,65265,74202,206577,1018,122011,748,38221,206574,7363,65266,32577,3729,206575,206579,32642,2910,206578],"class_list":["post-152201","post","type-post","status-publish","format-standard","has-post-thumbnail","hentry","category-leste","category-gerais","tag-antonio-malard","tag-bacia-do-rio-doce","tag-bacia-hidrografica-do-rio-doce","tag-barragem-de-fundao","tag-bhp","tag-claudio-castro","tag-destaque","tag-fundacao-renova","tag-ief","tag-instituto-estadual-de-florestas","tag-maior-floresta-tropical-de-minas-gerais","tag-mariana","tag-mineradora-samarco","tag-parque-do-rio-doce","tag-parque-estadual-do-rio-doce","tag-parque-estadual-do-rio-doce-recebera-investimento-de-r-63-milhoes","tag-parque-que-abriga-a-maior-floresta-tropical-de-minas-gerais-recebera-investimento-de-r-63-milhoes","tag-samarco","tag-vale","tag-vinicius-moreira"],"yoast_head":"<!-- This site is optimized with the Yoast SEO plugin v28.3 - https:\/\/yoast.com\/product\/yoast-seo-wordpress\/ -->\n<title>Parque que abriga a maior floresta tropical de Minas Gerais receber\u00e1 investimento de R$ 63 milh\u00f5es - Aconteceu no Vale<\/title>\n<meta name=\"robots\" content=\"index, follow, max-snippet:-1, max-image-preview:large, max-video-preview:-1\" \/>\n<link rel=\"canonical\" href=\"https:\/\/aconteceunovale.com.br\/portal\/?p=152201\" \/>\n<meta property=\"og:locale\" content=\"pt_BR\" \/>\n<meta property=\"og:type\" content=\"article\" \/>\n<meta property=\"og:title\" content=\"Parque que abriga a maior floresta tropical de Minas Gerais receber\u00e1 investimento de R$ 63 milh\u00f5es - Aconteceu no Vale\" \/>\n<meta property=\"og:description\" content=\"O Parque Estadual do Rio Doce, unidade de conserva\u00e7\u00e3o administrada pelo\u00a0Instituto Estadual de Florestas (IEF)\u00a0e que abriga a maior floresta tropical de Minas Gerais, teve seu plano de trabalho aprovado pelo Comit\u00ea Interfederativo (CIF). O grupo, criado em resposta ao desastre provocado pelo rompimento da Barragem de Fund\u00e3o, da mineradora Samarco, em novembro de 2015, [&hellip;]\" \/>\n<meta property=\"og:url\" content=\"https:\/\/aconteceunovale.com.br\/portal\/?p=152201\" \/>\n<meta property=\"og:site_name\" content=\"Aconteceu no Vale\" \/>\n<meta property=\"article:publisher\" content=\"https:\/\/www.facebook.com\/aconteceunovale\/\" \/>\n<meta property=\"article:published_time\" content=\"2019-09-04T19:32:59+00:00\" \/>\n<meta property=\"article:modified_time\" content=\"2019-09-04T20:09:40+00:00\" \/>\n<meta property=\"og:image\" content=\"https:\/\/aconteceunovale.com.br\/portal\/wp-content\/uploads\/2019\/09\/parque_rio_doce.jpg\" \/>\n\t<meta property=\"og:image:width\" content=\"678\" \/>\n\t<meta property=\"og:image:height\" content=\"450\" \/>\n\t<meta property=\"og:image:type\" content=\"image\/jpeg\" \/>\n<meta name=\"author\" content=\"Aconteceu no Vale\" \/>\n<meta name=\"twitter:card\" content=\"summary_large_image\" \/>\n<meta name=\"twitter:creator\" content=\"@noticiadosvales\" \/>\n<meta name=\"twitter:site\" content=\"@noticiadosvales\" \/>\n<meta name=\"twitter:label1\" content=\"Escrito por\" \/>\n\t<meta name=\"twitter:data1\" content=\"Aconteceu no Vale\" \/>\n\t<meta name=\"twitter:label2\" content=\"Est. tempo de leitura\" \/>\n\t<meta name=\"twitter:data2\" content=\"4 minutos\" \/>\n<script type=\"application\/ld+json\" class=\"yoast-schema-graph\">{\"@context\":\"https:\\\/\\\/schema.org\",\"@graph\":[{\"@type\":\"Article\",\"@id\":\"https:\\\/\\\/aconteceunovale.com.br\\\/portal\\\/?p=152201#article\",\"isPartOf\":{\"@id\":\"https:\\\/\\\/aconteceunovale.com.br\\\/portal\\\/?p=152201\"},\"author\":{\"name\":\"Aconteceu no Vale\",\"@id\":\"https:\\\/\\\/aconteceunovale.com.br\\\/portal\\\/#\\\/schema\\\/person\\\/633529146f2c94272bef50ac2953d589\"},\"headline\":\"Parque que abriga a maior floresta tropical de Minas Gerais receber\u00e1 investimento de R$ 63 milh\u00f5es\",\"datePublished\":\"2019-09-04T19:32:59+00:00\",\"dateModified\":\"2019-09-04T20:09:40+00:00\",\"mainEntityOfPage\":{\"@id\":\"https:\\\/\\\/aconteceunovale.com.br\\\/portal\\\/?p=152201\"},\"wordCount\":722,\"commentCount\":0,\"image\":{\"@id\":\"https:\\\/\\\/aconteceunovale.com.br\\\/portal\\\/?p=152201#primaryimage\"},\"thumbnailUrl\":\"https:\\\/\\\/aconteceunovale.com.br\\\/portal\\\/wp-content\\\/uploads\\\/2019\\\/09\\\/parque_rio_doce.jpg\",\"keywords\":[\"Antonio Malard\",\"Bacia do Rio Doce\",\"Bacia Hidrogr\u00e1fica do Rio Doce\",\"Barragem de Fund\u00e3o\",\"BHP\",\"Cl\u00e1udio Castro\",\"destaque\",\"Funda\u00e7\u00e3o Renova\",\"IEF\",\"Instituto Estadual de Florestas\",\"Maior Floresta tropical de Minas Gerais\",\"Mariana\",\"mineradora Samarco\",\"Parque do Rio Doce\",\"Parque Estadual do Rio Doce\",\"Parque Estadual do Rio Doce receber\u00e1 investimento de R$ 63 milh\u00f5es\",\"Parque que abriga a maior floresta tropical de Minas Gerais receber\u00e1 investimento de R$ 63 milh\u00f5es\",\"Samarco\",\"Vale\",\"Vinicius Moreira\"],\"articleSection\":[\"Leste de Minas\",\"Minas Gerais\"],\"inLanguage\":\"pt-BR\",\"potentialAction\":[{\"@type\":\"CommentAction\",\"name\":\"Comment\",\"target\":[\"https:\\\/\\\/aconteceunovale.com.br\\\/portal\\\/?p=152201#respond\"]}]},{\"@type\":\"WebPage\",\"@id\":\"https:\\\/\\\/aconteceunovale.com.br\\\/portal\\\/?p=152201\",\"url\":\"https:\\\/\\\/aconteceunovale.com.br\\\/portal\\\/?p=152201\",\"name\":\"Parque que abriga a maior floresta tropical de Minas Gerais receber\u00e1 investimento de R$ 63 milh\u00f5es - Aconteceu no Vale\",\"isPartOf\":{\"@id\":\"https:\\\/\\\/aconteceunovale.com.br\\\/portal\\\/#website\"},\"primaryImageOfPage\":{\"@id\":\"https:\\\/\\\/aconteceunovale.com.br\\\/portal\\\/?p=152201#primaryimage\"},\"image\":{\"@id\":\"https:\\\/\\\/aconteceunovale.com.br\\\/portal\\\/?p=152201#primaryimage\"},\"thumbnailUrl\":\"https:\\\/\\\/aconteceunovale.com.br\\\/portal\\\/wp-content\\\/uploads\\\/2019\\\/09\\\/parque_rio_doce.jpg\",\"datePublished\":\"2019-09-04T19:32:59+00:00\",\"dateModified\":\"2019-09-04T20:09:40+00:00\",\"author\":{\"@id\":\"https:\\\/\\\/aconteceunovale.com.br\\\/portal\\\/#\\\/schema\\\/person\\\/633529146f2c94272bef50ac2953d589\"},\"breadcrumb\":{\"@id\":\"https:\\\/\\\/aconteceunovale.com.br\\\/portal\\\/?p=152201#breadcrumb\"},\"inLanguage\":\"pt-BR\",\"potentialAction\":[{\"@type\":\"ReadAction\",\"target\":[\"https:\\\/\\\/aconteceunovale.com.br\\\/portal\\\/?p=152201\"]}]},{\"@type\":\"ImageObject\",\"inLanguage\":\"pt-BR\",\"@id\":\"https:\\\/\\\/aconteceunovale.com.br\\\/portal\\\/?p=152201#primaryimage\",\"url\":\"https:\\\/\\\/aconteceunovale.com.br\\\/portal\\\/wp-content\\\/uploads\\\/2019\\\/09\\\/parque_rio_doce.jpg\",\"contentUrl\":\"https:\\\/\\\/aconteceunovale.com.br\\\/portal\\\/wp-content\\\/uploads\\\/2019\\\/09\\\/parque_rio_doce.jpg\",\"width\":678,\"height\":450},{\"@type\":\"BreadcrumbList\",\"@id\":\"https:\\\/\\\/aconteceunovale.com.br\\\/portal\\\/?p=152201#breadcrumb\",\"itemListElement\":[{\"@type\":\"ListItem\",\"position\":1,\"name\":\"In\u00edcio\",\"item\":\"https:\\\/\\\/aconteceunovale.com.br\\\/portal\\\/\"},{\"@type\":\"ListItem\",\"position\":2,\"name\":\"Parque que abriga a maior floresta tropical de Minas Gerais receber\u00e1 investimento de R$ 63 milh\u00f5es\"}]},{\"@type\":\"WebSite\",\"@id\":\"https:\\\/\\\/aconteceunovale.com.br\\\/portal\\\/#website\",\"url\":\"https:\\\/\\\/aconteceunovale.com.br\\\/portal\\\/\",\"name\":\"Aconteceu no Vale\",\"description\":\"Portal de Not\u00edcias\",\"potentialAction\":[{\"@type\":\"SearchAction\",\"target\":{\"@type\":\"EntryPoint\",\"urlTemplate\":\"https:\\\/\\\/aconteceunovale.com.br\\\/portal\\\/?s={search_term_string}\"},\"query-input\":{\"@type\":\"PropertyValueSpecification\",\"valueRequired\":true,\"valueName\":\"search_term_string\"}}],\"inLanguage\":\"pt-BR\"},{\"@type\":\"Person\",\"@id\":\"https:\\\/\\\/aconteceunovale.com.br\\\/portal\\\/#\\\/schema\\\/person\\\/633529146f2c94272bef50ac2953d589\",\"name\":\"Aconteceu no Vale\",\"description\":\"Equipe de reportagem do Aconteceu no Vale, portal de not\u00edcias do Vale do Jequitinhonha, em Minas Gerais. Cobrimos as 51 cidades do Vale desde 2013. Sugest\u00f5es de pauta e pedidos de corre\u00e7\u00e3o: contato@aconteceunovale.com.br\",\"sameAs\":[\"http:\\\/\\\/www.aconteceunovale.com.br\"],\"url\":\"https:\\\/\\\/aconteceunovale.com.br\\\/portal\\\/?author=1\"}]}<\/script>\n<!-- \/ Yoast SEO plugin. -->","yoast_head_json":{"title":"Parque que abriga a maior floresta tropical de Minas Gerais receber\u00e1 investimento de R$ 63 milh\u00f5es - Aconteceu no Vale","robots":{"index":"index","follow":"follow","max-snippet":"max-snippet:-1","max-image-preview":"max-image-preview:large","max-video-preview":"max-video-preview:-1"},"canonical":"https:\/\/aconteceunovale.com.br\/portal\/?p=152201","og_locale":"pt_BR","og_type":"article","og_title":"Parque que abriga a maior floresta tropical de Minas Gerais receber\u00e1 investimento de R$ 63 milh\u00f5es - Aconteceu no Vale","og_description":"O Parque Estadual do Rio Doce, unidade de conserva\u00e7\u00e3o administrada pelo\u00a0Instituto Estadual de Florestas (IEF)\u00a0e que abriga a maior floresta tropical de Minas Gerais, teve seu plano de trabalho aprovado pelo Comit\u00ea Interfederativo (CIF). O grupo, criado em resposta ao desastre provocado pelo rompimento da Barragem de Fund\u00e3o, da mineradora Samarco, em novembro de 2015, [&hellip;]","og_url":"https:\/\/aconteceunovale.com.br\/portal\/?p=152201","og_site_name":"Aconteceu no Vale","article_publisher":"https:\/\/www.facebook.com\/aconteceunovale\/","article_published_time":"2019-09-04T19:32:59+00:00","article_modified_time":"2019-09-04T20:09:40+00:00","og_image":[{"width":678,"height":450,"url":"https:\/\/aconteceunovale.com.br\/portal\/wp-content\/uploads\/2019\/09\/parque_rio_doce.jpg","type":"image\/jpeg"}],"author":"Aconteceu no Vale","twitter_card":"summary_large_image","twitter_creator":"@noticiadosvales","twitter_site":"@noticiadosvales","twitter_misc":{"Escrito por":"Aconteceu no Vale","Est. tempo de leitura":"4 minutos"},"schema":{"@context":"https:\/\/schema.org","@graph":[{"@type":"Article","@id":"https:\/\/aconteceunovale.com.br\/portal\/?p=152201#article","isPartOf":{"@id":"https:\/\/aconteceunovale.com.br\/portal\/?p=152201"},"author":{"name":"Aconteceu no Vale","@id":"https:\/\/aconteceunovale.com.br\/portal\/#\/schema\/person\/633529146f2c94272bef50ac2953d589"},"headline":"Parque que abriga a maior floresta tropical de Minas Gerais receber\u00e1 investimento de R$ 63 milh\u00f5es","datePublished":"2019-09-04T19:32:59+00:00","dateModified":"2019-09-04T20:09:40+00:00","mainEntityOfPage":{"@id":"https:\/\/aconteceunovale.com.br\/portal\/?p=152201"},"wordCount":722,"commentCount":0,"image":{"@id":"https:\/\/aconteceunovale.com.br\/portal\/?p=152201#primaryimage"},"thumbnailUrl":"https:\/\/aconteceunovale.com.br\/portal\/wp-content\/uploads\/2019\/09\/parque_rio_doce.jpg","keywords":["Antonio Malard","Bacia do Rio Doce","Bacia Hidrogr\u00e1fica do Rio Doce","Barragem de Fund\u00e3o","BHP","Cl\u00e1udio Castro","destaque","Funda\u00e7\u00e3o Renova","IEF","Instituto Estadual de Florestas","Maior Floresta tropical de Minas Gerais","Mariana","mineradora Samarco","Parque do Rio Doce","Parque Estadual do Rio Doce","Parque Estadual do Rio Doce receber\u00e1 investimento de R$ 63 milh\u00f5es","Parque que abriga a maior floresta tropical de Minas Gerais receber\u00e1 investimento de R$ 63 milh\u00f5es","Samarco","Vale","Vinicius Moreira"],"articleSection":["Leste de Minas","Minas Gerais"],"inLanguage":"pt-BR","potentialAction":[{"@type":"CommentAction","name":"Comment","target":["https:\/\/aconteceunovale.com.br\/portal\/?p=152201#respond"]}]},{"@type":"WebPage","@id":"https:\/\/aconteceunovale.com.br\/portal\/?p=152201","url":"https:\/\/aconteceunovale.com.br\/portal\/?p=152201","name":"Parque que abriga a maior floresta tropical de Minas Gerais receber\u00e1 investimento de R$ 63 milh\u00f5es - Aconteceu no Vale","isPartOf":{"@id":"https:\/\/aconteceunovale.com.br\/portal\/#website"},"primaryImageOfPage":{"@id":"https:\/\/aconteceunovale.com.br\/portal\/?p=152201#primaryimage"},"image":{"@id":"https:\/\/aconteceunovale.com.br\/portal\/?p=152201#primaryimage"},"thumbnailUrl":"https:\/\/aconteceunovale.com.br\/portal\/wp-content\/uploads\/2019\/09\/parque_rio_doce.jpg","datePublished":"2019-09-04T19:32:59+00:00","dateModified":"2019-09-04T20:09:40+00:00","author":{"@id":"https:\/\/aconteceunovale.com.br\/portal\/#\/schema\/person\/633529146f2c94272bef50ac2953d589"},"breadcrumb":{"@id":"https:\/\/aconteceunovale.com.br\/portal\/?p=152201#breadcrumb"},"inLanguage":"pt-BR","potentialAction":[{"@type":"ReadAction","target":["https:\/\/aconteceunovale.com.br\/portal\/?p=152201"]}]},{"@type":"ImageObject","inLanguage":"pt-BR","@id":"https:\/\/aconteceunovale.com.br\/portal\/?p=152201#primaryimage","url":"https:\/\/aconteceunovale.com.br\/portal\/wp-content\/uploads\/2019\/09\/parque_rio_doce.jpg","contentUrl":"https:\/\/aconteceunovale.com.br\/portal\/wp-content\/uploads\/2019\/09\/parque_rio_doce.jpg","width":678,"height":450},{"@type":"BreadcrumbList","@id":"https:\/\/aconteceunovale.com.br\/portal\/?p=152201#breadcrumb","itemListElement":[{"@type":"ListItem","position":1,"name":"In\u00edcio","item":"https:\/\/aconteceunovale.com.br\/portal\/"},{"@type":"ListItem","position":2,"name":"Parque que abriga a maior floresta tropical de Minas Gerais receber\u00e1 investimento de R$ 63 milh\u00f5es"}]},{"@type":"WebSite","@id":"https:\/\/aconteceunovale.com.br\/portal\/#website","url":"https:\/\/aconteceunovale.com.br\/portal\/","name":"Aconteceu no Vale","description":"Portal de Not\u00edcias","potentialAction":[{"@type":"SearchAction","target":{"@type":"EntryPoint","urlTemplate":"https:\/\/aconteceunovale.com.br\/portal\/?s={search_term_string}"},"query-input":{"@type":"PropertyValueSpecification","valueRequired":true,"valueName":"search_term_string"}}],"inLanguage":"pt-BR"},{"@type":"Person","@id":"https:\/\/aconteceunovale.com.br\/portal\/#\/schema\/person\/633529146f2c94272bef50ac2953d589","name":"Aconteceu no Vale","description":"Equipe de reportagem do Aconteceu no Vale, portal de not\u00edcias do Vale do Jequitinhonha, em Minas Gerais. Cobrimos as 51 cidades do Vale desde 2013. Sugest\u00f5es de pauta e pedidos de corre\u00e7\u00e3o: contato@aconteceunovale.com.br","sameAs":["http:\/\/www.aconteceunovale.com.br"],"url":"https:\/\/aconteceunovale.com.br\/portal\/?author=1"}]}},"_links":{"self":[{"href":"https:\/\/aconteceunovale.com.br\/portal\/index.php?rest_route=\/wp\/v2\/posts\/152201","targetHints":{"allow":["GET"]}}],"collection":[{"href":"https:\/\/aconteceunovale.com.br\/portal\/index.php?rest_route=\/wp\/v2\/posts"}],"about":[{"href":"https:\/\/aconteceunovale.com.br\/portal\/index.php?rest_route=\/wp\/v2\/types\/post"}],"author":[{"embeddable":true,"href":"https:\/\/aconteceunovale.com.br\/portal\/index.php?rest_route=\/wp\/v2\/users\/1"}],"replies":[{"embeddable":true,"href":"https:\/\/aconteceunovale.com.br\/portal\/index.php?rest_route=%2Fwp%2Fv2%2Fcomments&post=152201"}],"version-history":[{"count":2,"href":"https:\/\/aconteceunovale.com.br\/portal\/index.php?rest_route=\/wp\/v2\/posts\/152201\/revisions"}],"predecessor-version":[{"id":152204,"href":"https:\/\/aconteceunovale.com.br\/portal\/index.php?rest_route=\/wp\/v2\/posts\/152201\/revisions\/152204"}],"wp:featuredmedia":[{"embeddable":true,"href":"https:\/\/aconteceunovale.com.br\/portal\/index.php?rest_route=\/wp\/v2\/media\/152202"}],"wp:attachment":[{"href":"https:\/\/aconteceunovale.com.br\/portal\/index.php?rest_route=%2Fwp%2Fv2%2Fmedia&parent=152201"}],"wp:term":[{"taxonomy":"category","embeddable":true,"href":"https:\/\/aconteceunovale.com.br\/portal\/index.php?rest_route=%2Fwp%2Fv2%2Fcategories&post=152201"},{"taxonomy":"post_tag","embeddable":true,"href":"https:\/\/aconteceunovale.com.br\/portal\/index.php?rest_route=%2Fwp%2Fv2%2Ftags&post=152201"}],"curies":[{"name":"wp","href":"https:\/\/api.w.org\/{rel}","templated":true}]}}