{"id":152196,"date":"2019-09-04T00:15:56","date_gmt":"2019-09-04T03:15:56","guid":{"rendered":"http:\/\/aconteceunovale.com.br\/portal\/?p=152196"},"modified":"2026-09-02T12:48:24","modified_gmt":"2026-09-02T15:48:24","slug":"escolha-de-reitor-da-ufvjm-e-motivo-de-debate-em-diamantina","status":"publish","type":"post","link":"https:\/\/aconteceunovale.com.br\/portal\/?p=152196","title":{"rendered":"Escolha de reitor da UFVJM \u00e9 motivo de debate em Diamantina"},"content":{"rendered":"\n<p class=\"wp-block-paragraph\">A escolha, pelo presidente Jair Bolsonaro (PSL), do nome de Janir Alves Soares para a reitoria da Universidade Federal dos Vales do Jequitinhonha e Mucuri (UFVJM) ser\u00e1 tema de audi\u00eancia p\u00fablica da Comiss\u00e3o de Educa\u00e7\u00e3o, Ci\u00eancia e Tecnologia da Assembleia Legislativa de Minas Gerais (ALMG). A reuni\u00e3o, marcada para a pr\u00f3xima quinta-feira (5\/9\/19), \u00e0s 14 horas, ser\u00e1 no campus de Diamantina da Universidade (Audit\u00f3rio da Reitoria Rodovia MGT 367 \u2013 Km 583, n\u00ba 5.000, Alto da Jacuba).<\/p>\n\n\n\n<p class=\"wp-block-paragraph\">O escolhido pelo presidente foi o \u00faltimo da lista tr\u00edplice formada pelos nomes mais votados pela comunidade acad\u00eamica. A elei\u00e7\u00e3o se d\u00e1 com a participa\u00e7\u00e3o de professores, cujos votos t\u00eam peso de 70% na contagem, al\u00e9m de t\u00e9cnicos administrativos e alunos, com votos de peso 15% para cada categoria.<\/p>\n\n\n\n<p class=\"wp-block-paragraph\">Janir Soares, que j\u00e1 assumiu o cargo, contou com apenas 8% dos votos, enquanto o primeiro nome, do ent\u00e3o reitor Gilciano Saraiva Nogueira, obteve quase 50% dos votos, pouco \u00e0 frente do atual reitor.<\/p>\n\n\n\n<p class=\"wp-block-paragraph\">Embora n\u00e3o exista nenhuma veda\u00e7\u00e3o legal para que o presidente escolha o terceiro da lista, nas d\u00e9cadas anteriores era praxe nomear o primeiro do grupo em respeito \u00e0 escolha da comunidade acad\u00eamica.<\/p>\n\n\n\n<p class=\"wp-block-paragraph\">Jair Bolsonaro, entretanto, tem revertido essa l\u00f3gica. A Universidade Federal dos Vales do Jequitinhonha e Mucuri n\u00e3o foi a primeira a enfrentar essa escolha presidencial. Pelo menos mais seis institui\u00e7\u00f5es federais tiveram suas nomea\u00e7\u00f5es realizadas da mesma maneira. Em Minas Gerais, a Universidade Federal do Tri\u00e2ngulo Mineiro foi a primeira e, agora, a UFVJM.<\/p>\n\n\n\n<p class=\"wp-block-paragraph\">Em nota, entidades ligadas \u00e0 UVJM, como a Associa\u00e7\u00e3o dos Docentes da UFVJM, o Diret\u00f3rio Central dos Estudantes (DCE), a Associa\u00e7\u00e3o dos P\u00f3s-graduandos e o Sindicato dos Trabalhadores nas Institui\u00e7\u00f5es Federais de Ensino (Sindifes) chamaram de autorit\u00e1ria a nomea\u00e7\u00e3o do professor Janir Alves Soares pelo governo federal. A reuni\u00e3o que vai tratar do assunto, na pr\u00f3xima quinta (5), foi solicitada pela presidenta da comiss\u00e3o, deputada Beatriz Cerqueira (PT).<\/p>\n\n\n\n<p class=\"wp-block-paragraph\"><strong>Janir Soares<\/strong> &#8211; Graduado em odontologia pela Faculdade Federal de Odontologia de Diamantina (Fafeod), o escolhido por Bolsonaro \u00e9 mestre e doutor pela Universidade Estadual Paulista (Unesp). J\u00e1 desempenhou alguns cargos de gest\u00e3o dentro da Universidade  dos Vales do Jequitinhonha e Mucuri, como a vice-diretoria da Faculdade de Ci\u00eancias Biol\u00f3gicas e da Sa\u00fade (FCBS\/UFVJM).<\/p>\n\n\n\n<p class=\"has-text-color has-background has-very-light-gray-color has-vivid-cyan-blue-background-color wp-block-paragraph\"><strong>VER PRIMEIRO: <\/strong>Receba as not\u00edcias do Aconteceu no Vale em primeira m\u00e3o. Clique em curtir no endere\u00e7o <a href=\"https:\/\/www.facebook.com\/aconteceunovale\" target=\"_blank\" rel=\"noreferrer noopener\">www.facebook.com\/aconteceunovale<\/a>.<\/p>\n","protected":false},"excerpt":{"rendered":"<p>A escolha, pelo presidente Jair Bolsonaro (PSL), do nome de Janir Alves Soares para a reitoria da Universidade Federal dos Vales do Jequitinhonha e Mucuri (UFVJM) ser\u00e1 tema de audi\u00eancia p\u00fablica da Comiss\u00e3o de Educa\u00e7\u00e3o, Ci\u00eancia e Tecnologia da Assembleia Legislativa de Minas Gerais (ALMG). A reuni\u00e3o, marcada para a pr\u00f3xima quinta-feira (5\/9\/19), \u00e0s 14 [&hellip;]<\/p>\n","protected":false},"author":1,"featured_media":152197,"comment_status":"open","ping_status":"closed","sticky":false,"template":"","format":"standard","meta":{"amp_status":"","footnotes":""},"categories":[272543,40238,125,120],"tags":[752,24358,100375,198,206569,206570,26436,206572,206571,206573,44888,174222,250,7129],"class_list":["post-152196","post","type-post","status-publish","format-standard","has-post-thumbnail","hentry","category-diamantina","category-educacao-2","category-noticias","category-jequi","tag-almg","tag-assembleia-legislativa-de-minas-gerais","tag-bolsonaro","tag-diamantina","tag-escolha-de-reitor-da-ufvjm","tag-escolha-de-reitor-da-ufvjm-e-motivo-de-debate-em-diamantina","tag-jair-bolsonaro","tag-janir-alves","tag-janir-alves-soares","tag-janir-soares","tag-novo-reitor-da-ufvjm","tag-presidente-jair-bolsonaro","tag-ufvjm","tag-universidade-federal-dos-vales-do-jequitinhonha-e-mucuri"],"yoast_head":"<!-- This site is optimized with the Yoast SEO plugin v28.3 - https:\/\/yoast.com\/product\/yoast-seo-wordpress\/ -->\n<title>Escolha de reitor da UFVJM \u00e9 motivo de debate em Diamantina - Aconteceu no Vale<\/title>\n<meta name=\"robots\" content=\"index, follow, max-snippet:-1, max-image-preview:large, max-video-preview:-1\" \/>\n<link rel=\"canonical\" href=\"https:\/\/aconteceunovale.com.br\/portal\/?p=152196\" \/>\n<meta property=\"og:locale\" content=\"pt_BR\" \/>\n<meta property=\"og:type\" content=\"article\" \/>\n<meta property=\"og:title\" content=\"Escolha de reitor da UFVJM \u00e9 motivo de debate em Diamantina - Aconteceu no Vale\" \/>\n<meta property=\"og:description\" content=\"A escolha, pelo presidente Jair Bolsonaro (PSL), do nome de Janir Alves Soares para a reitoria da Universidade Federal dos Vales do Jequitinhonha e Mucuri (UFVJM) ser\u00e1 tema de audi\u00eancia p\u00fablica da Comiss\u00e3o de Educa\u00e7\u00e3o, Ci\u00eancia e Tecnologia da Assembleia Legislativa de Minas Gerais (ALMG). A reuni\u00e3o, marcada para a pr\u00f3xima quinta-feira (5\/9\/19), \u00e0s 14 [&hellip;]\" \/>\n<meta property=\"og:url\" content=\"https:\/\/aconteceunovale.com.br\/portal\/?p=152196\" \/>\n<meta property=\"og:site_name\" content=\"Aconteceu no Vale\" \/>\n<meta property=\"article:publisher\" content=\"https:\/\/www.facebook.com\/aconteceunovale\/\" \/>\n<meta property=\"article:published_time\" content=\"2019-09-04T03:15:56+00:00\" \/>\n<meta property=\"article:modified_time\" content=\"2026-09-02T15:48:24+00:00\" \/>\n<meta property=\"og:image\" content=\"https:\/\/aconteceunovale.com.br\/portal\/wp-content\/uploads\/2019\/09\/ufvjm.jpg\" \/>\n\t<meta property=\"og:image:width\" content=\"500\" \/>\n\t<meta property=\"og:image:height\" content=\"332\" \/>\n\t<meta property=\"og:image:type\" content=\"image\/jpeg\" \/>\n<meta name=\"author\" content=\"Aconteceu no Vale\" \/>\n<meta name=\"twitter:card\" content=\"summary_large_image\" \/>\n<meta name=\"twitter:creator\" content=\"@noticiadosvales\" \/>\n<meta name=\"twitter:site\" content=\"@noticiadosvales\" \/>\n<meta name=\"twitter:label1\" content=\"Escrito por\" \/>\n\t<meta name=\"twitter:data1\" content=\"Aconteceu no Vale\" \/>\n\t<meta name=\"twitter:label2\" content=\"Est. tempo de leitura\" \/>\n\t<meta name=\"twitter:data2\" content=\"2 minutos\" \/>\n<script type=\"application\/ld+json\" class=\"yoast-schema-graph\">{\"@context\":\"https:\\\/\\\/schema.org\",\"@graph\":[{\"@type\":\"Article\",\"@id\":\"https:\\\/\\\/aconteceunovale.com.br\\\/portal\\\/?p=152196#article\",\"isPartOf\":{\"@id\":\"https:\\\/\\\/aconteceunovale.com.br\\\/portal\\\/?p=152196\"},\"author\":{\"name\":\"Aconteceu no Vale\",\"@id\":\"https:\\\/\\\/aconteceunovale.com.br\\\/portal\\\/#\\\/schema\\\/person\\\/633529146f2c94272bef50ac2953d589\"},\"headline\":\"Escolha de reitor da UFVJM \u00e9 motivo de debate em Diamantina\",\"datePublished\":\"2019-09-04T03:15:56+00:00\",\"dateModified\":\"2026-09-02T15:48:24+00:00\",\"mainEntityOfPage\":{\"@id\":\"https:\\\/\\\/aconteceunovale.com.br\\\/portal\\\/?p=152196\"},\"wordCount\":427,\"commentCount\":0,\"image\":{\"@id\":\"https:\\\/\\\/aconteceunovale.com.br\\\/portal\\\/?p=152196#primaryimage\"},\"thumbnailUrl\":\"https:\\\/\\\/aconteceunovale.com.br\\\/portal\\\/wp-content\\\/uploads\\\/2019\\\/09\\\/ufvjm.jpg\",\"keywords\":[\"ALMG\",\"Assembleia Legislativa de Minas Gerais\",\"Bolsonaro\",\"Diamantina\",\"Escolha de reitor da UFVJM\",\"Escolha de reitor da UFVJM \u00e9 motivo de debate em Diamantina\",\"Jair Bolsonaro\",\"Janir Alves\",\"Janir Alves Soares\",\"Janir Soares\",\"Novo reitor da UFVJM\",\"Presidente Jair Bolsonaro\",\"UFVJM\",\"Universidade Federal dos Vales do Jequitinhonha e Mucuri\"],\"articleSection\":[\"Diamantina\",\"Educa\u00e7\u00e3o\",\"Eventos\",\"Vale do Jequitinhonha\"],\"inLanguage\":\"pt-BR\",\"potentialAction\":[{\"@type\":\"CommentAction\",\"name\":\"Comment\",\"target\":[\"https:\\\/\\\/aconteceunovale.com.br\\\/portal\\\/?p=152196#respond\"]}]},{\"@type\":\"WebPage\",\"@id\":\"https:\\\/\\\/aconteceunovale.com.br\\\/portal\\\/?p=152196\",\"url\":\"https:\\\/\\\/aconteceunovale.com.br\\\/portal\\\/?p=152196\",\"name\":\"Escolha de reitor da UFVJM \u00e9 motivo de debate em Diamantina - Aconteceu no Vale\",\"isPartOf\":{\"@id\":\"https:\\\/\\\/aconteceunovale.com.br\\\/portal\\\/#website\"},\"primaryImageOfPage\":{\"@id\":\"https:\\\/\\\/aconteceunovale.com.br\\\/portal\\\/?p=152196#primaryimage\"},\"image\":{\"@id\":\"https:\\\/\\\/aconteceunovale.com.br\\\/portal\\\/?p=152196#primaryimage\"},\"thumbnailUrl\":\"https:\\\/\\\/aconteceunovale.com.br\\\/portal\\\/wp-content\\\/uploads\\\/2019\\\/09\\\/ufvjm.jpg\",\"datePublished\":\"2019-09-04T03:15:56+00:00\",\"dateModified\":\"2026-09-02T15:48:24+00:00\",\"author\":{\"@id\":\"https:\\\/\\\/aconteceunovale.com.br\\\/portal\\\/#\\\/schema\\\/person\\\/633529146f2c94272bef50ac2953d589\"},\"breadcrumb\":{\"@id\":\"https:\\\/\\\/aconteceunovale.com.br\\\/portal\\\/?p=152196#breadcrumb\"},\"inLanguage\":\"pt-BR\",\"potentialAction\":[{\"@type\":\"ReadAction\",\"target\":[\"https:\\\/\\\/aconteceunovale.com.br\\\/portal\\\/?p=152196\"]}]},{\"@type\":\"ImageObject\",\"inLanguage\":\"pt-BR\",\"@id\":\"https:\\\/\\\/aconteceunovale.com.br\\\/portal\\\/?p=152196#primaryimage\",\"url\":\"https:\\\/\\\/aconteceunovale.com.br\\\/portal\\\/wp-content\\\/uploads\\\/2019\\\/09\\\/ufvjm.jpg\",\"contentUrl\":\"https:\\\/\\\/aconteceunovale.com.br\\\/portal\\\/wp-content\\\/uploads\\\/2019\\\/09\\\/ufvjm.jpg\",\"width\":500,\"height\":332},{\"@type\":\"BreadcrumbList\",\"@id\":\"https:\\\/\\\/aconteceunovale.com.br\\\/portal\\\/?p=152196#breadcrumb\",\"itemListElement\":[{\"@type\":\"ListItem\",\"position\":1,\"name\":\"In\u00edcio\",\"item\":\"https:\\\/\\\/aconteceunovale.com.br\\\/portal\\\/\"},{\"@type\":\"ListItem\",\"position\":2,\"name\":\"Escolha de reitor da UFVJM \u00e9 motivo de debate em Diamantina\"}]},{\"@type\":\"WebSite\",\"@id\":\"https:\\\/\\\/aconteceunovale.com.br\\\/portal\\\/#website\",\"url\":\"https:\\\/\\\/aconteceunovale.com.br\\\/portal\\\/\",\"name\":\"Aconteceu no Vale\",\"description\":\"Portal de Not\u00edcias\",\"potentialAction\":[{\"@type\":\"SearchAction\",\"target\":{\"@type\":\"EntryPoint\",\"urlTemplate\":\"https:\\\/\\\/aconteceunovale.com.br\\\/portal\\\/?s={search_term_string}\"},\"query-input\":{\"@type\":\"PropertyValueSpecification\",\"valueRequired\":true,\"valueName\":\"search_term_string\"}}],\"inLanguage\":\"pt-BR\"},{\"@type\":\"Person\",\"@id\":\"https:\\\/\\\/aconteceunovale.com.br\\\/portal\\\/#\\\/schema\\\/person\\\/633529146f2c94272bef50ac2953d589\",\"name\":\"Aconteceu no Vale\",\"description\":\"Equipe de reportagem do Aconteceu no Vale, portal de not\u00edcias do Vale do Jequitinhonha, em Minas Gerais. Cobrimos as 51 cidades do Vale desde 2013. Sugest\u00f5es de pauta e pedidos de corre\u00e7\u00e3o: contato@aconteceunovale.com.br\",\"sameAs\":[\"http:\\\/\\\/www.aconteceunovale.com.br\"],\"url\":\"https:\\\/\\\/aconteceunovale.com.br\\\/portal\\\/?author=1\"}]}<\/script>\n<!-- \/ Yoast SEO plugin. -->","yoast_head_json":{"title":"Escolha de reitor da UFVJM \u00e9 motivo de debate em Diamantina - Aconteceu no Vale","robots":{"index":"index","follow":"follow","max-snippet":"max-snippet:-1","max-image-preview":"max-image-preview:large","max-video-preview":"max-video-preview:-1"},"canonical":"https:\/\/aconteceunovale.com.br\/portal\/?p=152196","og_locale":"pt_BR","og_type":"article","og_title":"Escolha de reitor da UFVJM \u00e9 motivo de debate em Diamantina - Aconteceu no Vale","og_description":"A escolha, pelo presidente Jair Bolsonaro (PSL), do nome de Janir Alves Soares para a reitoria da Universidade Federal dos Vales do Jequitinhonha e Mucuri (UFVJM) ser\u00e1 tema de audi\u00eancia p\u00fablica da Comiss\u00e3o de Educa\u00e7\u00e3o, Ci\u00eancia e Tecnologia da Assembleia Legislativa de Minas Gerais (ALMG). A reuni\u00e3o, marcada para a pr\u00f3xima quinta-feira (5\/9\/19), \u00e0s 14 [&hellip;]","og_url":"https:\/\/aconteceunovale.com.br\/portal\/?p=152196","og_site_name":"Aconteceu no Vale","article_publisher":"https:\/\/www.facebook.com\/aconteceunovale\/","article_published_time":"2019-09-04T03:15:56+00:00","article_modified_time":"2026-09-02T15:48:24+00:00","og_image":[{"width":500,"height":332,"url":"https:\/\/aconteceunovale.com.br\/portal\/wp-content\/uploads\/2019\/09\/ufvjm.jpg","type":"image\/jpeg"}],"author":"Aconteceu no Vale","twitter_card":"summary_large_image","twitter_creator":"@noticiadosvales","twitter_site":"@noticiadosvales","twitter_misc":{"Escrito por":"Aconteceu no Vale","Est. tempo de leitura":"2 minutos"},"schema":{"@context":"https:\/\/schema.org","@graph":[{"@type":"Article","@id":"https:\/\/aconteceunovale.com.br\/portal\/?p=152196#article","isPartOf":{"@id":"https:\/\/aconteceunovale.com.br\/portal\/?p=152196"},"author":{"name":"Aconteceu no Vale","@id":"https:\/\/aconteceunovale.com.br\/portal\/#\/schema\/person\/633529146f2c94272bef50ac2953d589"},"headline":"Escolha de reitor da UFVJM \u00e9 motivo de debate em Diamantina","datePublished":"2019-09-04T03:15:56+00:00","dateModified":"2026-09-02T15:48:24+00:00","mainEntityOfPage":{"@id":"https:\/\/aconteceunovale.com.br\/portal\/?p=152196"},"wordCount":427,"commentCount":0,"image":{"@id":"https:\/\/aconteceunovale.com.br\/portal\/?p=152196#primaryimage"},"thumbnailUrl":"https:\/\/aconteceunovale.com.br\/portal\/wp-content\/uploads\/2019\/09\/ufvjm.jpg","keywords":["ALMG","Assembleia Legislativa de Minas Gerais","Bolsonaro","Diamantina","Escolha de reitor da UFVJM","Escolha de reitor da UFVJM \u00e9 motivo de debate em Diamantina","Jair Bolsonaro","Janir Alves","Janir Alves Soares","Janir Soares","Novo reitor da UFVJM","Presidente Jair Bolsonaro","UFVJM","Universidade Federal dos Vales do Jequitinhonha e Mucuri"],"articleSection":["Diamantina","Educa\u00e7\u00e3o","Eventos","Vale do Jequitinhonha"],"inLanguage":"pt-BR","potentialAction":[{"@type":"CommentAction","name":"Comment","target":["https:\/\/aconteceunovale.com.br\/portal\/?p=152196#respond"]}]},{"@type":"WebPage","@id":"https:\/\/aconteceunovale.com.br\/portal\/?p=152196","url":"https:\/\/aconteceunovale.com.br\/portal\/?p=152196","name":"Escolha de reitor da UFVJM \u00e9 motivo de debate em Diamantina - Aconteceu no Vale","isPartOf":{"@id":"https:\/\/aconteceunovale.com.br\/portal\/#website"},"primaryImageOfPage":{"@id":"https:\/\/aconteceunovale.com.br\/portal\/?p=152196#primaryimage"},"image":{"@id":"https:\/\/aconteceunovale.com.br\/portal\/?p=152196#primaryimage"},"thumbnailUrl":"https:\/\/aconteceunovale.com.br\/portal\/wp-content\/uploads\/2019\/09\/ufvjm.jpg","datePublished":"2019-09-04T03:15:56+00:00","dateModified":"2026-09-02T15:48:24+00:00","author":{"@id":"https:\/\/aconteceunovale.com.br\/portal\/#\/schema\/person\/633529146f2c94272bef50ac2953d589"},"breadcrumb":{"@id":"https:\/\/aconteceunovale.com.br\/portal\/?p=152196#breadcrumb"},"inLanguage":"pt-BR","potentialAction":[{"@type":"ReadAction","target":["https:\/\/aconteceunovale.com.br\/portal\/?p=152196"]}]},{"@type":"ImageObject","inLanguage":"pt-BR","@id":"https:\/\/aconteceunovale.com.br\/portal\/?p=152196#primaryimage","url":"https:\/\/aconteceunovale.com.br\/portal\/wp-content\/uploads\/2019\/09\/ufvjm.jpg","contentUrl":"https:\/\/aconteceunovale.com.br\/portal\/wp-content\/uploads\/2019\/09\/ufvjm.jpg","width":500,"height":332},{"@type":"BreadcrumbList","@id":"https:\/\/aconteceunovale.com.br\/portal\/?p=152196#breadcrumb","itemListElement":[{"@type":"ListItem","position":1,"name":"In\u00edcio","item":"https:\/\/aconteceunovale.com.br\/portal\/"},{"@type":"ListItem","position":2,"name":"Escolha de reitor da UFVJM \u00e9 motivo de debate em Diamantina"}]},{"@type":"WebSite","@id":"https:\/\/aconteceunovale.com.br\/portal\/#website","url":"https:\/\/aconteceunovale.com.br\/portal\/","name":"Aconteceu no Vale","description":"Portal de Not\u00edcias","potentialAction":[{"@type":"SearchAction","target":{"@type":"EntryPoint","urlTemplate":"https:\/\/aconteceunovale.com.br\/portal\/?s={search_term_string}"},"query-input":{"@type":"PropertyValueSpecification","valueRequired":true,"valueName":"search_term_string"}}],"inLanguage":"pt-BR"},{"@type":"Person","@id":"https:\/\/aconteceunovale.com.br\/portal\/#\/schema\/person\/633529146f2c94272bef50ac2953d589","name":"Aconteceu no Vale","description":"Equipe de reportagem do Aconteceu no Vale, portal de not\u00edcias do Vale do Jequitinhonha, em Minas Gerais. Cobrimos as 51 cidades do Vale desde 2013. Sugest\u00f5es de pauta e pedidos de corre\u00e7\u00e3o: contato@aconteceunovale.com.br","sameAs":["http:\/\/www.aconteceunovale.com.br"],"url":"https:\/\/aconteceunovale.com.br\/portal\/?author=1"}]}},"_links":{"self":[{"href":"https:\/\/aconteceunovale.com.br\/portal\/index.php?rest_route=\/wp\/v2\/posts\/152196","targetHints":{"allow":["GET"]}}],"collection":[{"href":"https:\/\/aconteceunovale.com.br\/portal\/index.php?rest_route=\/wp\/v2\/posts"}],"about":[{"href":"https:\/\/aconteceunovale.com.br\/portal\/index.php?rest_route=\/wp\/v2\/types\/post"}],"author":[{"embeddable":true,"href":"https:\/\/aconteceunovale.com.br\/portal\/index.php?rest_route=\/wp\/v2\/users\/1"}],"replies":[{"embeddable":true,"href":"https:\/\/aconteceunovale.com.br\/portal\/index.php?rest_route=%2Fwp%2Fv2%2Fcomments&post=152196"}],"version-history":[{"count":1,"href":"https:\/\/aconteceunovale.com.br\/portal\/index.php?rest_route=\/wp\/v2\/posts\/152196\/revisions"}],"predecessor-version":[{"id":152198,"href":"https:\/\/aconteceunovale.com.br\/portal\/index.php?rest_route=\/wp\/v2\/posts\/152196\/revisions\/152198"}],"wp:featuredmedia":[{"embeddable":true,"href":"https:\/\/aconteceunovale.com.br\/portal\/index.php?rest_route=\/wp\/v2\/media\/152197"}],"wp:attachment":[{"href":"https:\/\/aconteceunovale.com.br\/portal\/index.php?rest_route=%2Fwp%2Fv2%2Fmedia&parent=152196"}],"wp:term":[{"taxonomy":"category","embeddable":true,"href":"https:\/\/aconteceunovale.com.br\/portal\/index.php?rest_route=%2Fwp%2Fv2%2Fcategories&post=152196"},{"taxonomy":"post_tag","embeddable":true,"href":"https:\/\/aconteceunovale.com.br\/portal\/index.php?rest_route=%2Fwp%2Fv2%2Ftags&post=152196"}],"curies":[{"name":"wp","href":"https:\/\/api.w.org\/{rel}","templated":true}]}}