{"id":152191,"date":"2019-09-03T16:57:41","date_gmt":"2019-09-03T19:57:41","guid":{"rendered":"http:\/\/aconteceunovale.com.br\/portal\/?p=152191"},"modified":"2019-09-03T16:57:43","modified_gmt":"2019-09-03T19:57:43","slug":"policia-militar-prende-dois-suspeitos-de-trafico-e-apreende-grande-quantidade-de-drogas-em-conceicao-do-mato-dentro","status":"publish","type":"post","link":"https:\/\/aconteceunovale.com.br\/portal\/?p=152191","title":{"rendered":"Pol\u00edcia Militar prende dois suspeitos de tr\u00e1fico e apreende grande quantidade de drogas em Concei\u00e7\u00e3o do Mato Dentro"},"content":{"rendered":"\n<p class=\"wp-block-paragraph\">A Pol\u00edcia Militar (PM) prendeu nesta ter\u00e7a-feira (03\/09\/2019) dois suspeitos de tr\u00e1fico de drogas em Concei\u00e7\u00e3o do Mato Dentro, na Regi\u00e3o Central de Minas Gerais. De acordo com a corpora\u00e7\u00e3o, foram apreendidos 179 pinos de coca\u00edna, 1.007 pedras de crack e 133 buchas de maconha. A PM tamb\u00e9m recolheu um rev\u00f3lver, cinco muni\u00e7\u00f5es e um smartphone. O caso ser\u00e1 investigado pela Pol\u00edcia Civil.<\/p>\n\n\n\n<figure class=\"wp-block-image\"><img loading=\"lazy\" decoding=\"async\" width=\"600\" height=\"450\" src=\"http:\/\/aconteceunovale.com.br\/portal\/wp-content\/uploads\/2019\/09\/trafico_cmd.jpeg\" alt=\"\" class=\"wp-image-152192\" srcset=\"https:\/\/aconteceunovale.com.br\/portal\/wp-content\/uploads\/2019\/09\/trafico_cmd.jpeg 600w, https:\/\/aconteceunovale.com.br\/portal\/wp-content\/uploads\/2019\/09\/trafico_cmd-300x225.jpeg 300w, https:\/\/aconteceunovale.com.br\/portal\/wp-content\/uploads\/2019\/09\/trafico_cmd-80x60.jpeg 80w, https:\/\/aconteceunovale.com.br\/portal\/wp-content\/uploads\/2019\/09\/trafico_cmd-265x198.jpeg 265w, https:\/\/aconteceunovale.com.br\/portal\/wp-content\/uploads\/2019\/09\/trafico_cmd-560x420.jpeg 560w\" sizes=\"auto, (max-width: 600px) 100vw, 600px\" \/><figcaption><em>Foto: Divulga\u00e7\u00e3o \/ Foto: Pol\u00edcia Militar<\/em><\/figcaption><\/figure>\n\n\n\n<p class=\"has-text-color has-background has-very-light-gray-color has-vivid-cyan-blue-background-color wp-block-paragraph\"><strong>VER PRIMEIRO: <\/strong>Receba as not\u00edcias do Aconteceu no Vale em primeira m\u00e3o. Clique em curtir no endere\u00e7o <a href=\"https:\/\/www.facebook.com\/aconteceunovale\" target=\"_blank\" rel=\"noreferrer noopener\">www.facebook.com\/aconteceunovale<\/a>.<\/p>\n","protected":false},"excerpt":{"rendered":"<p>A Pol\u00edcia Militar (PM) prendeu nesta ter\u00e7a-feira (03\/09\/2019) dois suspeitos de tr\u00e1fico de drogas em Concei\u00e7\u00e3o do Mato Dentro, na Regi\u00e3o Central de Minas Gerais. De acordo com a corpora\u00e7\u00e3o, foram apreendidos 179 pinos de coca\u00edna, 1.007 pedras de crack e 133 buchas de maconha. A PM tamb\u00e9m recolheu um rev\u00f3lver, cinco muni\u00e7\u00f5es e um [&hellip;]<\/p>\n","protected":false},"author":1,"featured_media":152192,"comment_status":"open","ping_status":"closed","sticky":false,"template":"","format":"standard","meta":{"amp_status":"","footnotes":""},"categories":[123],"tags":[206564,628,206562,206559,206563,206561,206560],"class_list":["post-152191","post","type-post","status-publish","format-standard","has-post-thumbnail","hentry","category-gerais","tag-apreensao-de-droga-em-conceicao-do-mato-dentro","tag-conceicao-do-mato-dentro","tag-droga-apreendida-em-conceicao-do-mato-dentro","tag-policia-militar-prende-dois-suspeitos-de-trafico-e-apreende-grande-quantidade-de-drogas-em-conceicao-do-mato-dentro","tag-traficantes-presos-em-conceicao-do-mato-dentro","tag-trafico-de-drogas-em-conceicao-do-mato-dentro","tag-trafico-em-conceicao-do-mato-dentro"],"yoast_head":"<!-- This site is optimized with the Yoast SEO plugin v28.3 - https:\/\/yoast.com\/product\/yoast-seo-wordpress\/ -->\n<title>Pol\u00edcia Militar prende dois suspeitos de tr\u00e1fico e apreende grande quantidade de drogas em Concei\u00e7\u00e3o do Mato Dentro - Aconteceu no Vale<\/title>\n<meta name=\"robots\" content=\"index, follow, max-snippet:-1, max-image-preview:large, max-video-preview:-1\" \/>\n<link rel=\"canonical\" href=\"https:\/\/aconteceunovale.com.br\/portal\/?p=152191\" \/>\n<meta property=\"og:locale\" content=\"pt_BR\" \/>\n<meta property=\"og:type\" content=\"article\" \/>\n<meta property=\"og:title\" content=\"Pol\u00edcia Militar prende dois suspeitos de tr\u00e1fico e apreende grande quantidade de drogas em Concei\u00e7\u00e3o do Mato Dentro - Aconteceu no Vale\" \/>\n<meta property=\"og:description\" content=\"A Pol\u00edcia Militar (PM) prendeu nesta ter\u00e7a-feira (03\/09\/2019) dois suspeitos de tr\u00e1fico de drogas em Concei\u00e7\u00e3o do Mato Dentro, na Regi\u00e3o Central de Minas Gerais. De acordo com a corpora\u00e7\u00e3o, foram apreendidos 179 pinos de coca\u00edna, 1.007 pedras de crack e 133 buchas de maconha. A PM tamb\u00e9m recolheu um rev\u00f3lver, cinco muni\u00e7\u00f5es e um [&hellip;]\" \/>\n<meta property=\"og:url\" content=\"https:\/\/aconteceunovale.com.br\/portal\/?p=152191\" \/>\n<meta property=\"og:site_name\" content=\"Aconteceu no Vale\" \/>\n<meta property=\"article:publisher\" content=\"https:\/\/www.facebook.com\/aconteceunovale\/\" \/>\n<meta property=\"article:published_time\" content=\"2019-09-03T19:57:41+00:00\" \/>\n<meta property=\"article:modified_time\" content=\"2019-09-03T19:57:43+00:00\" \/>\n<meta property=\"og:image\" content=\"https:\/\/aconteceunovale.com.br\/portal\/wp-content\/uploads\/2019\/09\/trafico_cmd.jpeg\" \/>\n\t<meta property=\"og:image:width\" content=\"600\" \/>\n\t<meta property=\"og:image:height\" content=\"450\" \/>\n\t<meta property=\"og:image:type\" content=\"image\/jpeg\" \/>\n<meta name=\"author\" content=\"Aconteceu no Vale\" \/>\n<meta name=\"twitter:card\" content=\"summary_large_image\" \/>\n<meta name=\"twitter:creator\" content=\"@noticiadosvales\" \/>\n<meta name=\"twitter:site\" content=\"@noticiadosvales\" \/>\n<meta name=\"twitter:label1\" content=\"Escrito por\" \/>\n\t<meta name=\"twitter:data1\" content=\"Aconteceu no Vale\" \/>\n\t<meta name=\"twitter:label2\" content=\"Est. tempo de leitura\" \/>\n\t<meta name=\"twitter:data2\" content=\"1 minuto\" \/>\n<script type=\"application\/ld+json\" class=\"yoast-schema-graph\">{\"@context\":\"https:\\\/\\\/schema.org\",\"@graph\":[{\"@type\":\"Article\",\"@id\":\"https:\\\/\\\/aconteceunovale.com.br\\\/portal\\\/?p=152191#article\",\"isPartOf\":{\"@id\":\"https:\\\/\\\/aconteceunovale.com.br\\\/portal\\\/?p=152191\"},\"author\":{\"name\":\"Aconteceu no Vale\",\"@id\":\"https:\\\/\\\/aconteceunovale.com.br\\\/portal\\\/#\\\/schema\\\/person\\\/633529146f2c94272bef50ac2953d589\"},\"headline\":\"Pol\u00edcia Militar prende dois suspeitos de tr\u00e1fico e apreende grande quantidade de drogas em Concei\u00e7\u00e3o do Mato Dentro\",\"datePublished\":\"2019-09-03T19:57:41+00:00\",\"dateModified\":\"2019-09-03T19:57:43+00:00\",\"mainEntityOfPage\":{\"@id\":\"https:\\\/\\\/aconteceunovale.com.br\\\/portal\\\/?p=152191\"},\"wordCount\":122,\"commentCount\":0,\"image\":{\"@id\":\"https:\\\/\\\/aconteceunovale.com.br\\\/portal\\\/?p=152191#primaryimage\"},\"thumbnailUrl\":\"https:\\\/\\\/aconteceunovale.com.br\\\/portal\\\/wp-content\\\/uploads\\\/2019\\\/09\\\/trafico_cmd.jpeg\",\"keywords\":[\"Apreens\u00e3o de droga em Concei\u00e7\u00e3o do Mato Dentro\",\"Concei\u00e7\u00e3o do Mato Dentro\",\"Droga apreendida em Concei\u00e7\u00e3o do Mato Dentro\",\"Pol\u00edcia Militar prende dois suspeitos de tr\u00e1fico e apreende grande quantidade de drogas em Concei\u00e7\u00e3o do Mato Dentro\",\"Traficantes presos em Concei\u00e7\u00e3o do Mato Dentro\",\"Tr\u00e1fico de drogas em Concei\u00e7\u00e3o do Mato Dentro\",\"Tr\u00e1fico em Concei\u00e7\u00e3o do Mato Dentro\"],\"articleSection\":[\"Minas Gerais\"],\"inLanguage\":\"pt-BR\",\"potentialAction\":[{\"@type\":\"CommentAction\",\"name\":\"Comment\",\"target\":[\"https:\\\/\\\/aconteceunovale.com.br\\\/portal\\\/?p=152191#respond\"]}]},{\"@type\":\"WebPage\",\"@id\":\"https:\\\/\\\/aconteceunovale.com.br\\\/portal\\\/?p=152191\",\"url\":\"https:\\\/\\\/aconteceunovale.com.br\\\/portal\\\/?p=152191\",\"name\":\"Pol\u00edcia Militar prende dois suspeitos de tr\u00e1fico e apreende grande quantidade de drogas em Concei\u00e7\u00e3o do Mato Dentro - Aconteceu no Vale\",\"isPartOf\":{\"@id\":\"https:\\\/\\\/aconteceunovale.com.br\\\/portal\\\/#website\"},\"primaryImageOfPage\":{\"@id\":\"https:\\\/\\\/aconteceunovale.com.br\\\/portal\\\/?p=152191#primaryimage\"},\"image\":{\"@id\":\"https:\\\/\\\/aconteceunovale.com.br\\\/portal\\\/?p=152191#primaryimage\"},\"thumbnailUrl\":\"https:\\\/\\\/aconteceunovale.com.br\\\/portal\\\/wp-content\\\/uploads\\\/2019\\\/09\\\/trafico_cmd.jpeg\",\"datePublished\":\"2019-09-03T19:57:41+00:00\",\"dateModified\":\"2019-09-03T19:57:43+00:00\",\"author\":{\"@id\":\"https:\\\/\\\/aconteceunovale.com.br\\\/portal\\\/#\\\/schema\\\/person\\\/633529146f2c94272bef50ac2953d589\"},\"breadcrumb\":{\"@id\":\"https:\\\/\\\/aconteceunovale.com.br\\\/portal\\\/?p=152191#breadcrumb\"},\"inLanguage\":\"pt-BR\",\"potentialAction\":[{\"@type\":\"ReadAction\",\"target\":[\"https:\\\/\\\/aconteceunovale.com.br\\\/portal\\\/?p=152191\"]}]},{\"@type\":\"ImageObject\",\"inLanguage\":\"pt-BR\",\"@id\":\"https:\\\/\\\/aconteceunovale.com.br\\\/portal\\\/?p=152191#primaryimage\",\"url\":\"https:\\\/\\\/aconteceunovale.com.br\\\/portal\\\/wp-content\\\/uploads\\\/2019\\\/09\\\/trafico_cmd.jpeg\",\"contentUrl\":\"https:\\\/\\\/aconteceunovale.com.br\\\/portal\\\/wp-content\\\/uploads\\\/2019\\\/09\\\/trafico_cmd.jpeg\",\"width\":600,\"height\":450},{\"@type\":\"BreadcrumbList\",\"@id\":\"https:\\\/\\\/aconteceunovale.com.br\\\/portal\\\/?p=152191#breadcrumb\",\"itemListElement\":[{\"@type\":\"ListItem\",\"position\":1,\"name\":\"In\u00edcio\",\"item\":\"https:\\\/\\\/aconteceunovale.com.br\\\/portal\\\/\"},{\"@type\":\"ListItem\",\"position\":2,\"name\":\"Pol\u00edcia Militar prende dois suspeitos de tr\u00e1fico e apreende grande quantidade de drogas em Concei\u00e7\u00e3o do Mato Dentro\"}]},{\"@type\":\"WebSite\",\"@id\":\"https:\\\/\\\/aconteceunovale.com.br\\\/portal\\\/#website\",\"url\":\"https:\\\/\\\/aconteceunovale.com.br\\\/portal\\\/\",\"name\":\"Aconteceu no Vale\",\"description\":\"Portal de Not\u00edcias\",\"potentialAction\":[{\"@type\":\"SearchAction\",\"target\":{\"@type\":\"EntryPoint\",\"urlTemplate\":\"https:\\\/\\\/aconteceunovale.com.br\\\/portal\\\/?s={search_term_string}\"},\"query-input\":{\"@type\":\"PropertyValueSpecification\",\"valueRequired\":true,\"valueName\":\"search_term_string\"}}],\"inLanguage\":\"pt-BR\"},{\"@type\":\"Person\",\"@id\":\"https:\\\/\\\/aconteceunovale.com.br\\\/portal\\\/#\\\/schema\\\/person\\\/633529146f2c94272bef50ac2953d589\",\"name\":\"Aconteceu no Vale\",\"description\":\"Equipe de reportagem do Aconteceu no Vale, portal de not\u00edcias do Vale do Jequitinhonha, em Minas Gerais. Cobrimos as 51 cidades do Vale desde 2013. Sugest\u00f5es de pauta e pedidos de corre\u00e7\u00e3o: contato@aconteceunovale.com.br\",\"sameAs\":[\"http:\\\/\\\/www.aconteceunovale.com.br\"],\"url\":\"https:\\\/\\\/aconteceunovale.com.br\\\/portal\\\/?author=1\"}]}<\/script>\n<!-- \/ Yoast SEO plugin. -->","yoast_head_json":{"title":"Pol\u00edcia Militar prende dois suspeitos de tr\u00e1fico e apreende grande quantidade de drogas em Concei\u00e7\u00e3o do Mato Dentro - Aconteceu no Vale","robots":{"index":"index","follow":"follow","max-snippet":"max-snippet:-1","max-image-preview":"max-image-preview:large","max-video-preview":"max-video-preview:-1"},"canonical":"https:\/\/aconteceunovale.com.br\/portal\/?p=152191","og_locale":"pt_BR","og_type":"article","og_title":"Pol\u00edcia Militar prende dois suspeitos de tr\u00e1fico e apreende grande quantidade de drogas em Concei\u00e7\u00e3o do Mato Dentro - Aconteceu no Vale","og_description":"A Pol\u00edcia Militar (PM) prendeu nesta ter\u00e7a-feira (03\/09\/2019) dois suspeitos de tr\u00e1fico de drogas em Concei\u00e7\u00e3o do Mato Dentro, na Regi\u00e3o Central de Minas Gerais. De acordo com a corpora\u00e7\u00e3o, foram apreendidos 179 pinos de coca\u00edna, 1.007 pedras de crack e 133 buchas de maconha. A PM tamb\u00e9m recolheu um rev\u00f3lver, cinco muni\u00e7\u00f5es e um [&hellip;]","og_url":"https:\/\/aconteceunovale.com.br\/portal\/?p=152191","og_site_name":"Aconteceu no Vale","article_publisher":"https:\/\/www.facebook.com\/aconteceunovale\/","article_published_time":"2019-09-03T19:57:41+00:00","article_modified_time":"2019-09-03T19:57:43+00:00","og_image":[{"width":600,"height":450,"url":"https:\/\/aconteceunovale.com.br\/portal\/wp-content\/uploads\/2019\/09\/trafico_cmd.jpeg","type":"image\/jpeg"}],"author":"Aconteceu no Vale","twitter_card":"summary_large_image","twitter_creator":"@noticiadosvales","twitter_site":"@noticiadosvales","twitter_misc":{"Escrito por":"Aconteceu no Vale","Est. tempo de leitura":"1 minuto"},"schema":{"@context":"https:\/\/schema.org","@graph":[{"@type":"Article","@id":"https:\/\/aconteceunovale.com.br\/portal\/?p=152191#article","isPartOf":{"@id":"https:\/\/aconteceunovale.com.br\/portal\/?p=152191"},"author":{"name":"Aconteceu no Vale","@id":"https:\/\/aconteceunovale.com.br\/portal\/#\/schema\/person\/633529146f2c94272bef50ac2953d589"},"headline":"Pol\u00edcia Militar prende dois suspeitos de tr\u00e1fico e apreende grande quantidade de drogas em Concei\u00e7\u00e3o do Mato Dentro","datePublished":"2019-09-03T19:57:41+00:00","dateModified":"2019-09-03T19:57:43+00:00","mainEntityOfPage":{"@id":"https:\/\/aconteceunovale.com.br\/portal\/?p=152191"},"wordCount":122,"commentCount":0,"image":{"@id":"https:\/\/aconteceunovale.com.br\/portal\/?p=152191#primaryimage"},"thumbnailUrl":"https:\/\/aconteceunovale.com.br\/portal\/wp-content\/uploads\/2019\/09\/trafico_cmd.jpeg","keywords":["Apreens\u00e3o de droga em Concei\u00e7\u00e3o do Mato Dentro","Concei\u00e7\u00e3o do Mato Dentro","Droga apreendida em Concei\u00e7\u00e3o do Mato Dentro","Pol\u00edcia Militar prende dois suspeitos de tr\u00e1fico e apreende grande quantidade de drogas em Concei\u00e7\u00e3o do Mato Dentro","Traficantes presos em Concei\u00e7\u00e3o do Mato Dentro","Tr\u00e1fico de drogas em Concei\u00e7\u00e3o do Mato Dentro","Tr\u00e1fico em Concei\u00e7\u00e3o do Mato Dentro"],"articleSection":["Minas Gerais"],"inLanguage":"pt-BR","potentialAction":[{"@type":"CommentAction","name":"Comment","target":["https:\/\/aconteceunovale.com.br\/portal\/?p=152191#respond"]}]},{"@type":"WebPage","@id":"https:\/\/aconteceunovale.com.br\/portal\/?p=152191","url":"https:\/\/aconteceunovale.com.br\/portal\/?p=152191","name":"Pol\u00edcia Militar prende dois suspeitos de tr\u00e1fico e apreende grande quantidade de drogas em Concei\u00e7\u00e3o do Mato Dentro - Aconteceu no Vale","isPartOf":{"@id":"https:\/\/aconteceunovale.com.br\/portal\/#website"},"primaryImageOfPage":{"@id":"https:\/\/aconteceunovale.com.br\/portal\/?p=152191#primaryimage"},"image":{"@id":"https:\/\/aconteceunovale.com.br\/portal\/?p=152191#primaryimage"},"thumbnailUrl":"https:\/\/aconteceunovale.com.br\/portal\/wp-content\/uploads\/2019\/09\/trafico_cmd.jpeg","datePublished":"2019-09-03T19:57:41+00:00","dateModified":"2019-09-03T19:57:43+00:00","author":{"@id":"https:\/\/aconteceunovale.com.br\/portal\/#\/schema\/person\/633529146f2c94272bef50ac2953d589"},"breadcrumb":{"@id":"https:\/\/aconteceunovale.com.br\/portal\/?p=152191#breadcrumb"},"inLanguage":"pt-BR","potentialAction":[{"@type":"ReadAction","target":["https:\/\/aconteceunovale.com.br\/portal\/?p=152191"]}]},{"@type":"ImageObject","inLanguage":"pt-BR","@id":"https:\/\/aconteceunovale.com.br\/portal\/?p=152191#primaryimage","url":"https:\/\/aconteceunovale.com.br\/portal\/wp-content\/uploads\/2019\/09\/trafico_cmd.jpeg","contentUrl":"https:\/\/aconteceunovale.com.br\/portal\/wp-content\/uploads\/2019\/09\/trafico_cmd.jpeg","width":600,"height":450},{"@type":"BreadcrumbList","@id":"https:\/\/aconteceunovale.com.br\/portal\/?p=152191#breadcrumb","itemListElement":[{"@type":"ListItem","position":1,"name":"In\u00edcio","item":"https:\/\/aconteceunovale.com.br\/portal\/"},{"@type":"ListItem","position":2,"name":"Pol\u00edcia Militar prende dois suspeitos de tr\u00e1fico e apreende grande quantidade de drogas em Concei\u00e7\u00e3o do Mato Dentro"}]},{"@type":"WebSite","@id":"https:\/\/aconteceunovale.com.br\/portal\/#website","url":"https:\/\/aconteceunovale.com.br\/portal\/","name":"Aconteceu no Vale","description":"Portal de Not\u00edcias","potentialAction":[{"@type":"SearchAction","target":{"@type":"EntryPoint","urlTemplate":"https:\/\/aconteceunovale.com.br\/portal\/?s={search_term_string}"},"query-input":{"@type":"PropertyValueSpecification","valueRequired":true,"valueName":"search_term_string"}}],"inLanguage":"pt-BR"},{"@type":"Person","@id":"https:\/\/aconteceunovale.com.br\/portal\/#\/schema\/person\/633529146f2c94272bef50ac2953d589","name":"Aconteceu no Vale","description":"Equipe de reportagem do Aconteceu no Vale, portal de not\u00edcias do Vale do Jequitinhonha, em Minas Gerais. Cobrimos as 51 cidades do Vale desde 2013. Sugest\u00f5es de pauta e pedidos de corre\u00e7\u00e3o: contato@aconteceunovale.com.br","sameAs":["http:\/\/www.aconteceunovale.com.br"],"url":"https:\/\/aconteceunovale.com.br\/portal\/?author=1"}]}},"_links":{"self":[{"href":"https:\/\/aconteceunovale.com.br\/portal\/index.php?rest_route=\/wp\/v2\/posts\/152191","targetHints":{"allow":["GET"]}}],"collection":[{"href":"https:\/\/aconteceunovale.com.br\/portal\/index.php?rest_route=\/wp\/v2\/posts"}],"about":[{"href":"https:\/\/aconteceunovale.com.br\/portal\/index.php?rest_route=\/wp\/v2\/types\/post"}],"author":[{"embeddable":true,"href":"https:\/\/aconteceunovale.com.br\/portal\/index.php?rest_route=\/wp\/v2\/users\/1"}],"replies":[{"embeddable":true,"href":"https:\/\/aconteceunovale.com.br\/portal\/index.php?rest_route=%2Fwp%2Fv2%2Fcomments&post=152191"}],"version-history":[{"count":1,"href":"https:\/\/aconteceunovale.com.br\/portal\/index.php?rest_route=\/wp\/v2\/posts\/152191\/revisions"}],"predecessor-version":[{"id":152193,"href":"https:\/\/aconteceunovale.com.br\/portal\/index.php?rest_route=\/wp\/v2\/posts\/152191\/revisions\/152193"}],"wp:featuredmedia":[{"embeddable":true,"href":"https:\/\/aconteceunovale.com.br\/portal\/index.php?rest_route=\/wp\/v2\/media\/152192"}],"wp:attachment":[{"href":"https:\/\/aconteceunovale.com.br\/portal\/index.php?rest_route=%2Fwp%2Fv2%2Fmedia&parent=152191"}],"wp:term":[{"taxonomy":"category","embeddable":true,"href":"https:\/\/aconteceunovale.com.br\/portal\/index.php?rest_route=%2Fwp%2Fv2%2Fcategories&post=152191"},{"taxonomy":"post_tag","embeddable":true,"href":"https:\/\/aconteceunovale.com.br\/portal\/index.php?rest_route=%2Fwp%2Fv2%2Ftags&post=152191"}],"curies":[{"name":"wp","href":"https:\/\/api.w.org\/{rel}","templated":true}]}}