{"id":152185,"date":"2019-09-03T11:06:04","date_gmt":"2019-09-03T14:06:04","guid":{"rendered":"http:\/\/aconteceunovale.com.br\/portal\/?p=152185"},"modified":"2019-09-03T11:06:08","modified_gmt":"2019-09-03T14:06:08","slug":"presidente-diz-que-lei-de-abuso-de-autoridade-tera-quase-20-vetos","status":"publish","type":"post","link":"https:\/\/aconteceunovale.com.br\/portal\/?p=152185","title":{"rendered":"Presidente diz que lei de abuso de autoridade ter\u00e1 quase 20 vetos"},"content":{"rendered":"\n<p class=\"wp-block-paragraph\">O presidente Jair Bolsonaro disse\u00a0hoje\u00a0(3) que deve vetar quase 20 pontos do Projeto de Lei de sobre abuso de autoridade,\u00a0aprovado na C\u00e2mara dos Deputados\u00a0no dia\u00a014 de agosto. \u201cDeve chegar a quase 20 vetos, mas tem artigo que tem que ser mantido porque \u00e9 bom. N\u00e3o ser\u00e3o s\u00f3 nove\u201d, disse Bolsonaro ao deixar o Pal\u00e1cio da Alvorada na manh\u00e3 desta ter\u00e7a-feira.<\/p>\n\n\n\n<p class=\"wp-block-paragraph\">Ontem\u00a0(2), o presidente afirmou que vetaria, pelo menos, nove dos dez pontos sugeridos pelo ministro da Justi\u00e7a e Seguran\u00e7a P\u00fablica, Sergio Moro. O d\u00e9cimo ainda estava\u00a0em discuss\u00e3o.<\/p>\n\n\n\n<p class=\"wp-block-paragraph\">Bolsonaro tem at\u00e9 a pr\u00f3xima&nbsp;quinta-feira (5) para anunciar a decis\u00e3o, dia em que termina o prazo de 15 dias \u00fateis para o veto ou san\u00e7\u00e3o. Em caso de veto, o texto volta para an\u00e1lise do Congresso Nacional, que pode manter ou derrubar os vetos presidenciais.<\/p>\n\n\n\n<p class=\"wp-block-paragraph\">O projeto engloba atos cometidos por servidores p\u00fablicos e membros dos tr\u00eas Poderes da Rep\u00fablica, do Minist\u00e9rio P\u00fablico, dos tribunais e conselhos de contas e das For\u00e7as Armadas. De acordo com o texto, poder\u00e1 ser considerado abuso de autoridade obter provas por meios il\u00edcitos; executar mandado de busca e apreens\u00e3o em im\u00f3vel, mobilizando ve\u00edculos, pessoal ou armamento de forma ostensiva, para expor o investigado a vexame; impedir encontro reservado entre um preso e seu advogado; e decretar a condu\u00e7\u00e3o coercitiva de testemunha ou investigado sem intima\u00e7\u00e3o pr\u00e9via de comparecimento ao ju\u00edzo.<\/p>\n\n\n\n<p class=\"wp-block-paragraph\">No total, a proposta apresenta 37 a\u00e7\u00f5es que poder\u00e3o ser consideradas abuso de autoridade, quando praticadas com a finalidade espec\u00edfica de prejudicar algu\u00e9m ou beneficiar a si mesmo ou a terceiro. Entre eles, est\u00e1 o dispositivo que tipifica como abuso de autoridade o uso de algemas em preso quando n\u00e3o houver resist\u00eancia \u00e0 pris\u00e3o ou amea\u00e7a de fuga. O presidente Jair Bolsonaro j\u00e1 afirmou que esse trecho sobre a restri\u00e7\u00e3o ao uso de algemas ser\u00e1 vetado.<\/p>\n\n\n\n<p class=\"wp-block-paragraph\">O texto tamb\u00e9m prev\u00ea a cria\u00e7\u00e3o do crime de caixa 2, de compra de votos e o aumento de pena para o crime de corrup\u00e7\u00e3o, tornando a pr\u00e1tica hedionda em alguns casos. Atualmente considerada crime eleitoral e n\u00e3o penal, com penalidade inferior \u00e0 aplicada a outros crimes e pass\u00edvel de prescri\u00e7\u00e3o no prazo de um mandato, a pr\u00e1tica de caixa 2 em campanha eleitoral poder\u00e1 ser tipificada como crime.<\/p>\n\n\n\n<h2 class=\"wp-block-heading\">Amaz\u00f4nia<\/h2>\n\n\n\n<p class=\"wp-block-paragraph\">O presidente Bolsonaro falou tamb\u00e9m que a reuni\u00e3o de l\u00edderes sul-americanos prevista para acontecer em Leticia, na Col\u00f4mbia, na&nbsp;sexta-feira (6), foi remodelada e deve ser feita por videoconfer\u00eancia. Na ocasi\u00e3o, os mandat\u00e1rios devem discutir uma pol\u00edtica \u00fanica de preserva\u00e7\u00e3o da Amaz\u00f4nia e de explora\u00e7\u00e3o sustent\u00e1vel da regi\u00e3o. \u201cTemos l\u00e1 riquezas incalcul\u00e1veis, se soubermos bem explorar essa riqueza de forma racional e agregando valor, \u00e9 um termendo impulso a nossa economia\u201d, disse o presidente.<\/p>\n\n\n\n<p class=\"wp-block-paragraph\">Uma comitiva ministerial tamb\u00e9m est\u00e1\u00a0reunindo os governadores da Amaz\u00f4nia Legal\u00a0para colher dados e propostas para um plano de desenvolvimento sustent\u00e1vel da regi\u00e3o. O primeiro encontro aconteceu ontem, em Bel\u00e9m (PA), e o segundo ser\u00e1\u00a0hoje, em Manaus (AM).<\/p>\n\n\n\n<p class=\"has-text-color has-background has-very-light-gray-color has-vivid-cyan-blue-background-color wp-block-paragraph\"><strong>VER PRIMEIRO: <\/strong>Receba as not\u00edcias do Aconteceu no Vale em primeira m\u00e3o. Clique em curtir no endere\u00e7o <a href=\"https:\/\/www.facebook.com\/aconteceunovale\" target=\"_blank\" rel=\"noreferrer noopener\">www.facebook.com\/aconteceunovale<\/a>.<\/p>\n","protected":false},"excerpt":{"rendered":"<p>O presidente Jair Bolsonaro disse\u00a0hoje\u00a0(3) que deve vetar quase 20 pontos do Projeto de Lei de sobre abuso de autoridade,\u00a0aprovado na C\u00e2mara dos Deputados\u00a0no dia\u00a014 de agosto. \u201cDeve chegar a quase 20 vetos, mas tem artigo que tem que ser mantido porque \u00e9 bom. N\u00e3o ser\u00e3o s\u00f3 nove\u201d, disse Bolsonaro ao deixar o Pal\u00e1cio da [&hellip;]<\/p>\n","protected":false},"author":1,"featured_media":151189,"comment_status":"open","ping_status":"closed","sticky":false,"template":"","format":"standard","meta":{"amp_status":"","footnotes":""},"categories":[6,40240],"tags":[100375,26436,206428,206550,206551],"class_list":["post-152185","post","type-post","status-publish","format-standard","has-post-thumbnail","hentry","category-br","category-politica","tag-bolsonaro","tag-jair-bolsonaro","tag-lei-de-abuso-de-autoridade","tag-presidente-diz-que-lei-de-abuso-de-autoridade-tera-quase-20-vetos","tag-vetos-lei-de-abuso-de-autoridade"],"yoast_head":"<!-- This site is optimized with the Yoast SEO plugin v28.3 - https:\/\/yoast.com\/product\/yoast-seo-wordpress\/ -->\n<title>Presidente diz que lei de abuso de autoridade ter\u00e1 quase 20 vetos - Aconteceu no Vale<\/title>\n<meta name=\"robots\" content=\"index, follow, max-snippet:-1, max-image-preview:large, max-video-preview:-1\" \/>\n<link rel=\"canonical\" href=\"https:\/\/aconteceunovale.com.br\/portal\/?p=152185\" \/>\n<meta property=\"og:locale\" content=\"pt_BR\" \/>\n<meta property=\"og:type\" content=\"article\" \/>\n<meta property=\"og:title\" content=\"Presidente diz que lei de abuso de autoridade ter\u00e1 quase 20 vetos - Aconteceu no Vale\" \/>\n<meta property=\"og:description\" content=\"O presidente Jair Bolsonaro disse\u00a0hoje\u00a0(3) que deve vetar quase 20 pontos do Projeto de Lei de sobre abuso de autoridade,\u00a0aprovado na C\u00e2mara dos Deputados\u00a0no dia\u00a014 de agosto. \u201cDeve chegar a quase 20 vetos, mas tem artigo que tem que ser mantido porque \u00e9 bom. N\u00e3o ser\u00e3o s\u00f3 nove\u201d, disse Bolsonaro ao deixar o Pal\u00e1cio da [&hellip;]\" \/>\n<meta property=\"og:url\" content=\"https:\/\/aconteceunovale.com.br\/portal\/?p=152185\" \/>\n<meta property=\"og:site_name\" content=\"Aconteceu no Vale\" \/>\n<meta property=\"article:publisher\" content=\"https:\/\/www.facebook.com\/aconteceunovale\/\" \/>\n<meta property=\"article:published_time\" content=\"2019-09-03T14:06:04+00:00\" \/>\n<meta property=\"article:modified_time\" content=\"2019-09-03T14:06:08+00:00\" \/>\n<meta property=\"og:image\" content=\"https:\/\/aconteceunovale.com.br\/portal\/wp-content\/uploads\/2019\/08\/bolsonaro.jpg\" \/>\n\t<meta property=\"og:image:width\" content=\"675\" \/>\n\t<meta property=\"og:image:height\" content=\"450\" \/>\n\t<meta property=\"og:image:type\" content=\"image\/jpeg\" \/>\n<meta name=\"author\" content=\"Aconteceu no Vale\" \/>\n<meta name=\"twitter:card\" content=\"summary_large_image\" \/>\n<meta name=\"twitter:creator\" content=\"@noticiadosvales\" \/>\n<meta name=\"twitter:site\" content=\"@noticiadosvales\" \/>\n<meta name=\"twitter:label1\" content=\"Escrito por\" \/>\n\t<meta name=\"twitter:data1\" content=\"Aconteceu no Vale\" \/>\n\t<meta name=\"twitter:label2\" content=\"Est. tempo de leitura\" \/>\n\t<meta name=\"twitter:data2\" content=\"3 minutos\" \/>\n<script type=\"application\/ld+json\" class=\"yoast-schema-graph\">{\"@context\":\"https:\\\/\\\/schema.org\",\"@graph\":[{\"@type\":\"Article\",\"@id\":\"https:\\\/\\\/aconteceunovale.com.br\\\/portal\\\/?p=152185#article\",\"isPartOf\":{\"@id\":\"https:\\\/\\\/aconteceunovale.com.br\\\/portal\\\/?p=152185\"},\"author\":{\"name\":\"Aconteceu no Vale\",\"@id\":\"https:\\\/\\\/aconteceunovale.com.br\\\/portal\\\/#\\\/schema\\\/person\\\/633529146f2c94272bef50ac2953d589\"},\"headline\":\"Presidente diz que lei de abuso de autoridade ter\u00e1 quase 20 vetos\",\"datePublished\":\"2019-09-03T14:06:04+00:00\",\"dateModified\":\"2019-09-03T14:06:08+00:00\",\"mainEntityOfPage\":{\"@id\":\"https:\\\/\\\/aconteceunovale.com.br\\\/portal\\\/?p=152185\"},\"wordCount\":578,\"commentCount\":0,\"image\":{\"@id\":\"https:\\\/\\\/aconteceunovale.com.br\\\/portal\\\/?p=152185#primaryimage\"},\"thumbnailUrl\":\"https:\\\/\\\/aconteceunovale.com.br\\\/portal\\\/wp-content\\\/uploads\\\/2019\\\/08\\\/bolsonaro.jpg\",\"keywords\":[\"Bolsonaro\",\"Jair Bolsonaro\",\"Lei de abuso de autoridade\",\"Presidente diz que lei de abuso de autoridade ter\u00e1 quase 20 vetos\",\"Vetos lei de abuso de autoridade\"],\"articleSection\":[\"Brasil\",\"Pol\u00edtica\"],\"inLanguage\":\"pt-BR\",\"potentialAction\":[{\"@type\":\"CommentAction\",\"name\":\"Comment\",\"target\":[\"https:\\\/\\\/aconteceunovale.com.br\\\/portal\\\/?p=152185#respond\"]}]},{\"@type\":\"WebPage\",\"@id\":\"https:\\\/\\\/aconteceunovale.com.br\\\/portal\\\/?p=152185\",\"url\":\"https:\\\/\\\/aconteceunovale.com.br\\\/portal\\\/?p=152185\",\"name\":\"Presidente diz que lei de abuso de autoridade ter\u00e1 quase 20 vetos - Aconteceu no Vale\",\"isPartOf\":{\"@id\":\"https:\\\/\\\/aconteceunovale.com.br\\\/portal\\\/#website\"},\"primaryImageOfPage\":{\"@id\":\"https:\\\/\\\/aconteceunovale.com.br\\\/portal\\\/?p=152185#primaryimage\"},\"image\":{\"@id\":\"https:\\\/\\\/aconteceunovale.com.br\\\/portal\\\/?p=152185#primaryimage\"},\"thumbnailUrl\":\"https:\\\/\\\/aconteceunovale.com.br\\\/portal\\\/wp-content\\\/uploads\\\/2019\\\/08\\\/bolsonaro.jpg\",\"datePublished\":\"2019-09-03T14:06:04+00:00\",\"dateModified\":\"2019-09-03T14:06:08+00:00\",\"author\":{\"@id\":\"https:\\\/\\\/aconteceunovale.com.br\\\/portal\\\/#\\\/schema\\\/person\\\/633529146f2c94272bef50ac2953d589\"},\"breadcrumb\":{\"@id\":\"https:\\\/\\\/aconteceunovale.com.br\\\/portal\\\/?p=152185#breadcrumb\"},\"inLanguage\":\"pt-BR\",\"potentialAction\":[{\"@type\":\"ReadAction\",\"target\":[\"https:\\\/\\\/aconteceunovale.com.br\\\/portal\\\/?p=152185\"]}]},{\"@type\":\"ImageObject\",\"inLanguage\":\"pt-BR\",\"@id\":\"https:\\\/\\\/aconteceunovale.com.br\\\/portal\\\/?p=152185#primaryimage\",\"url\":\"https:\\\/\\\/aconteceunovale.com.br\\\/portal\\\/wp-content\\\/uploads\\\/2019\\\/08\\\/bolsonaro.jpg\",\"contentUrl\":\"https:\\\/\\\/aconteceunovale.com.br\\\/portal\\\/wp-content\\\/uploads\\\/2019\\\/08\\\/bolsonaro.jpg\",\"width\":675,\"height\":450},{\"@type\":\"BreadcrumbList\",\"@id\":\"https:\\\/\\\/aconteceunovale.com.br\\\/portal\\\/?p=152185#breadcrumb\",\"itemListElement\":[{\"@type\":\"ListItem\",\"position\":1,\"name\":\"In\u00edcio\",\"item\":\"https:\\\/\\\/aconteceunovale.com.br\\\/portal\\\/\"},{\"@type\":\"ListItem\",\"position\":2,\"name\":\"Presidente diz que lei de abuso de autoridade ter\u00e1 quase 20 vetos\"}]},{\"@type\":\"WebSite\",\"@id\":\"https:\\\/\\\/aconteceunovale.com.br\\\/portal\\\/#website\",\"url\":\"https:\\\/\\\/aconteceunovale.com.br\\\/portal\\\/\",\"name\":\"Aconteceu no Vale\",\"description\":\"Portal de Not\u00edcias\",\"potentialAction\":[{\"@type\":\"SearchAction\",\"target\":{\"@type\":\"EntryPoint\",\"urlTemplate\":\"https:\\\/\\\/aconteceunovale.com.br\\\/portal\\\/?s={search_term_string}\"},\"query-input\":{\"@type\":\"PropertyValueSpecification\",\"valueRequired\":true,\"valueName\":\"search_term_string\"}}],\"inLanguage\":\"pt-BR\"},{\"@type\":\"Person\",\"@id\":\"https:\\\/\\\/aconteceunovale.com.br\\\/portal\\\/#\\\/schema\\\/person\\\/633529146f2c94272bef50ac2953d589\",\"name\":\"Aconteceu no Vale\",\"description\":\"Equipe de reportagem do Aconteceu no Vale, portal de not\u00edcias do Vale do Jequitinhonha, em Minas Gerais. Cobrimos as 51 cidades do Vale desde 2013. Sugest\u00f5es de pauta e pedidos de corre\u00e7\u00e3o: contato@aconteceunovale.com.br\",\"sameAs\":[\"http:\\\/\\\/www.aconteceunovale.com.br\"],\"url\":\"https:\\\/\\\/aconteceunovale.com.br\\\/portal\\\/?author=1\"}]}<\/script>\n<!-- \/ Yoast SEO plugin. -->","yoast_head_json":{"title":"Presidente diz que lei de abuso de autoridade ter\u00e1 quase 20 vetos - Aconteceu no Vale","robots":{"index":"index","follow":"follow","max-snippet":"max-snippet:-1","max-image-preview":"max-image-preview:large","max-video-preview":"max-video-preview:-1"},"canonical":"https:\/\/aconteceunovale.com.br\/portal\/?p=152185","og_locale":"pt_BR","og_type":"article","og_title":"Presidente diz que lei de abuso de autoridade ter\u00e1 quase 20 vetos - Aconteceu no Vale","og_description":"O presidente Jair Bolsonaro disse\u00a0hoje\u00a0(3) que deve vetar quase 20 pontos do Projeto de Lei de sobre abuso de autoridade,\u00a0aprovado na C\u00e2mara dos Deputados\u00a0no dia\u00a014 de agosto. \u201cDeve chegar a quase 20 vetos, mas tem artigo que tem que ser mantido porque \u00e9 bom. N\u00e3o ser\u00e3o s\u00f3 nove\u201d, disse Bolsonaro ao deixar o Pal\u00e1cio da [&hellip;]","og_url":"https:\/\/aconteceunovale.com.br\/portal\/?p=152185","og_site_name":"Aconteceu no Vale","article_publisher":"https:\/\/www.facebook.com\/aconteceunovale\/","article_published_time":"2019-09-03T14:06:04+00:00","article_modified_time":"2019-09-03T14:06:08+00:00","og_image":[{"width":675,"height":450,"url":"https:\/\/aconteceunovale.com.br\/portal\/wp-content\/uploads\/2019\/08\/bolsonaro.jpg","type":"image\/jpeg"}],"author":"Aconteceu no Vale","twitter_card":"summary_large_image","twitter_creator":"@noticiadosvales","twitter_site":"@noticiadosvales","twitter_misc":{"Escrito por":"Aconteceu no Vale","Est. tempo de leitura":"3 minutos"},"schema":{"@context":"https:\/\/schema.org","@graph":[{"@type":"Article","@id":"https:\/\/aconteceunovale.com.br\/portal\/?p=152185#article","isPartOf":{"@id":"https:\/\/aconteceunovale.com.br\/portal\/?p=152185"},"author":{"name":"Aconteceu no Vale","@id":"https:\/\/aconteceunovale.com.br\/portal\/#\/schema\/person\/633529146f2c94272bef50ac2953d589"},"headline":"Presidente diz que lei de abuso de autoridade ter\u00e1 quase 20 vetos","datePublished":"2019-09-03T14:06:04+00:00","dateModified":"2019-09-03T14:06:08+00:00","mainEntityOfPage":{"@id":"https:\/\/aconteceunovale.com.br\/portal\/?p=152185"},"wordCount":578,"commentCount":0,"image":{"@id":"https:\/\/aconteceunovale.com.br\/portal\/?p=152185#primaryimage"},"thumbnailUrl":"https:\/\/aconteceunovale.com.br\/portal\/wp-content\/uploads\/2019\/08\/bolsonaro.jpg","keywords":["Bolsonaro","Jair Bolsonaro","Lei de abuso de autoridade","Presidente diz que lei de abuso de autoridade ter\u00e1 quase 20 vetos","Vetos lei de abuso de autoridade"],"articleSection":["Brasil","Pol\u00edtica"],"inLanguage":"pt-BR","potentialAction":[{"@type":"CommentAction","name":"Comment","target":["https:\/\/aconteceunovale.com.br\/portal\/?p=152185#respond"]}]},{"@type":"WebPage","@id":"https:\/\/aconteceunovale.com.br\/portal\/?p=152185","url":"https:\/\/aconteceunovale.com.br\/portal\/?p=152185","name":"Presidente diz que lei de abuso de autoridade ter\u00e1 quase 20 vetos - Aconteceu no Vale","isPartOf":{"@id":"https:\/\/aconteceunovale.com.br\/portal\/#website"},"primaryImageOfPage":{"@id":"https:\/\/aconteceunovale.com.br\/portal\/?p=152185#primaryimage"},"image":{"@id":"https:\/\/aconteceunovale.com.br\/portal\/?p=152185#primaryimage"},"thumbnailUrl":"https:\/\/aconteceunovale.com.br\/portal\/wp-content\/uploads\/2019\/08\/bolsonaro.jpg","datePublished":"2019-09-03T14:06:04+00:00","dateModified":"2019-09-03T14:06:08+00:00","author":{"@id":"https:\/\/aconteceunovale.com.br\/portal\/#\/schema\/person\/633529146f2c94272bef50ac2953d589"},"breadcrumb":{"@id":"https:\/\/aconteceunovale.com.br\/portal\/?p=152185#breadcrumb"},"inLanguage":"pt-BR","potentialAction":[{"@type":"ReadAction","target":["https:\/\/aconteceunovale.com.br\/portal\/?p=152185"]}]},{"@type":"ImageObject","inLanguage":"pt-BR","@id":"https:\/\/aconteceunovale.com.br\/portal\/?p=152185#primaryimage","url":"https:\/\/aconteceunovale.com.br\/portal\/wp-content\/uploads\/2019\/08\/bolsonaro.jpg","contentUrl":"https:\/\/aconteceunovale.com.br\/portal\/wp-content\/uploads\/2019\/08\/bolsonaro.jpg","width":675,"height":450},{"@type":"BreadcrumbList","@id":"https:\/\/aconteceunovale.com.br\/portal\/?p=152185#breadcrumb","itemListElement":[{"@type":"ListItem","position":1,"name":"In\u00edcio","item":"https:\/\/aconteceunovale.com.br\/portal\/"},{"@type":"ListItem","position":2,"name":"Presidente diz que lei de abuso de autoridade ter\u00e1 quase 20 vetos"}]},{"@type":"WebSite","@id":"https:\/\/aconteceunovale.com.br\/portal\/#website","url":"https:\/\/aconteceunovale.com.br\/portal\/","name":"Aconteceu no Vale","description":"Portal de Not\u00edcias","potentialAction":[{"@type":"SearchAction","target":{"@type":"EntryPoint","urlTemplate":"https:\/\/aconteceunovale.com.br\/portal\/?s={search_term_string}"},"query-input":{"@type":"PropertyValueSpecification","valueRequired":true,"valueName":"search_term_string"}}],"inLanguage":"pt-BR"},{"@type":"Person","@id":"https:\/\/aconteceunovale.com.br\/portal\/#\/schema\/person\/633529146f2c94272bef50ac2953d589","name":"Aconteceu no Vale","description":"Equipe de reportagem do Aconteceu no Vale, portal de not\u00edcias do Vale do Jequitinhonha, em Minas Gerais. Cobrimos as 51 cidades do Vale desde 2013. Sugest\u00f5es de pauta e pedidos de corre\u00e7\u00e3o: contato@aconteceunovale.com.br","sameAs":["http:\/\/www.aconteceunovale.com.br"],"url":"https:\/\/aconteceunovale.com.br\/portal\/?author=1"}]}},"_links":{"self":[{"href":"https:\/\/aconteceunovale.com.br\/portal\/index.php?rest_route=\/wp\/v2\/posts\/152185","targetHints":{"allow":["GET"]}}],"collection":[{"href":"https:\/\/aconteceunovale.com.br\/portal\/index.php?rest_route=\/wp\/v2\/posts"}],"about":[{"href":"https:\/\/aconteceunovale.com.br\/portal\/index.php?rest_route=\/wp\/v2\/types\/post"}],"author":[{"embeddable":true,"href":"https:\/\/aconteceunovale.com.br\/portal\/index.php?rest_route=\/wp\/v2\/users\/1"}],"replies":[{"embeddable":true,"href":"https:\/\/aconteceunovale.com.br\/portal\/index.php?rest_route=%2Fwp%2Fv2%2Fcomments&post=152185"}],"version-history":[{"count":1,"href":"https:\/\/aconteceunovale.com.br\/portal\/index.php?rest_route=\/wp\/v2\/posts\/152185\/revisions"}],"predecessor-version":[{"id":152186,"href":"https:\/\/aconteceunovale.com.br\/portal\/index.php?rest_route=\/wp\/v2\/posts\/152185\/revisions\/152186"}],"wp:featuredmedia":[{"embeddable":true,"href":"https:\/\/aconteceunovale.com.br\/portal\/index.php?rest_route=\/wp\/v2\/media\/151189"}],"wp:attachment":[{"href":"https:\/\/aconteceunovale.com.br\/portal\/index.php?rest_route=%2Fwp%2Fv2%2Fmedia&parent=152185"}],"wp:term":[{"taxonomy":"category","embeddable":true,"href":"https:\/\/aconteceunovale.com.br\/portal\/index.php?rest_route=%2Fwp%2Fv2%2Fcategories&post=152185"},{"taxonomy":"post_tag","embeddable":true,"href":"https:\/\/aconteceunovale.com.br\/portal\/index.php?rest_route=%2Fwp%2Fv2%2Ftags&post=152185"}],"curies":[{"name":"wp","href":"https:\/\/api.w.org\/{rel}","templated":true}]}}