{"id":152179,"date":"2019-09-03T10:52:19","date_gmt":"2019-09-03T13:52:19","guid":{"rendered":"http:\/\/aconteceunovale.com.br\/portal\/?p=152179"},"modified":"2019-09-03T10:52:37","modified_gmt":"2019-09-03T13:52:37","slug":"governo-de-minas-anuncia-escala-de-pagamento-para-setembro","status":"publish","type":"post","link":"https:\/\/aconteceunovale.com.br\/portal\/?p=152179","title":{"rendered":"Governo de Minas anuncia escala de pagamento para setembro"},"content":{"rendered":"\n<p class=\"wp-block-paragraph\">A Secretaria de Estado de Fazenda (SEF) de Minas Gerais divulgou nesta ter\u00e7a-feira (03\/09\/2019) o calend\u00e1rio do m\u00eas de setembro para o pagamento dos sal\u00e1rios do funcionalismo p\u00fablico do Executivo Estadual:<\/p>\n\n\n\n<ul class=\"wp-block-list\"><li>1\u00aa parcela: 11\/9;<\/li><li>2\u00aa parcela: 25\/9.<\/li><\/ul>\n\n\n\n<p class=\"wp-block-paragraph\">Os crit\u00e9rios adotados ser\u00e3o os mesmos dos meses anteriores:<\/p>\n\n\n\n<ul class=\"wp-block-list\"><li>Na primeira parcela, ser\u00e3o depositados at\u00e9 R$ 3 mil para os servidores da Seguran\u00e7a P\u00fablica e da Sa\u00fade. Para os demais servidores, ser\u00e3o depositados at\u00e9 R$ 2 mil;<\/li><li>Na segunda parcela, ser\u00e3o depositados os valores restantes para todos os servidores.<\/li><\/ul>\n\n\n\n<p class=\"has-text-color has-background has-very-light-gray-color has-vivid-cyan-blue-background-color wp-block-paragraph\"><strong>VER PRIMEIRO: <\/strong>Receba as not\u00edcias do Aconteceu no Vale em primeira m\u00e3o. Clique em curtir no endere\u00e7o <a href=\"https:\/\/www.facebook.com\/aconteceunovale\" target=\"_blank\" rel=\"noreferrer noopener\">www.facebook.com\/aconteceunovale<\/a>.<\/p>\n","protected":false},"excerpt":{"rendered":"<p>A Secretaria de Estado de Fazenda (SEF) de Minas Gerais divulgou nesta ter\u00e7a-feira (03\/09\/2019) o calend\u00e1rio do m\u00eas de setembro para o pagamento dos sal\u00e1rios do funcionalismo p\u00fablico do Executivo Estadual: 1\u00aa parcela: 11\/9; 2\u00aa parcela: 25\/9. Os crit\u00e9rios adotados ser\u00e3o os mesmos dos meses anteriores: Na primeira parcela, ser\u00e3o depositados at\u00e9 R$ 3 mil [&hellip;]<\/p>\n","protected":false},"author":1,"featured_media":147968,"comment_status":"open","ping_status":"closed","sticky":false,"template":"","format":"standard","meta":{"amp_status":"","footnotes":""},"categories":[123],"tags":[206535,206536,179027,179026,206538,206537,206539,51191,206540,165569,177628,206541,181408,206542],"class_list":["post-152179","post","type-post","status-publish","format-standard","has-post-thumbnail","hentry","category-gerais","tag-escala-de-pagamento-do-mes-de-setembro-para-os-servidores-publicos","tag-escala-de-pagamento-do-mes-de-setembro-para-os-servidores-publicos-de-minas-gerais","tag-escala-de-pagamento-governo-de-minas-gerais","tag-escala-governo-de-minas-gerais","tag-governo-de-minas-anuncia-escala-de-pagamento-para-o-mes-de-setembro","tag-governo-de-minas-anuncia-escala-de-pagamento-para-setembro","tag-governo-de-minas-divulga-a-escala-de-pagamento-do-mes-de-setembro","tag-governo-de-minas-gerais","tag-governo-de-minas-gerais-divulga-escala-de-pagamento-de-setembro-aos-servidores","tag-pagamento-13o-governo-de-minas","tag-pagamento-governo-de-minas-gerais","tag-pagamento-governo-de-minas-setembro","tag-pagamento-salario-governo-de-minas-gerais","tag-pagamento-setembro-governo-de-minas"],"yoast_head":"<!-- This site is optimized with the Yoast SEO plugin v28.3 - https:\/\/yoast.com\/product\/yoast-seo-wordpress\/ -->\n<title>Governo de Minas anuncia escala de pagamento para setembro - Aconteceu no Vale<\/title>\n<meta name=\"robots\" content=\"index, follow, max-snippet:-1, max-image-preview:large, max-video-preview:-1\" \/>\n<link rel=\"canonical\" href=\"https:\/\/aconteceunovale.com.br\/portal\/?p=152179\" \/>\n<meta property=\"og:locale\" content=\"pt_BR\" \/>\n<meta property=\"og:type\" content=\"article\" \/>\n<meta property=\"og:title\" content=\"Governo de Minas anuncia escala de pagamento para setembro - Aconteceu no Vale\" \/>\n<meta property=\"og:description\" content=\"A Secretaria de Estado de Fazenda (SEF) de Minas Gerais divulgou nesta ter\u00e7a-feira (03\/09\/2019) o calend\u00e1rio do m\u00eas de setembro para o pagamento dos sal\u00e1rios do funcionalismo p\u00fablico do Executivo Estadual: 1\u00aa parcela: 11\/9; 2\u00aa parcela: 25\/9. Os crit\u00e9rios adotados ser\u00e3o os mesmos dos meses anteriores: Na primeira parcela, ser\u00e3o depositados at\u00e9 R$ 3 mil [&hellip;]\" \/>\n<meta property=\"og:url\" content=\"https:\/\/aconteceunovale.com.br\/portal\/?p=152179\" \/>\n<meta property=\"og:site_name\" content=\"Aconteceu no Vale\" \/>\n<meta property=\"article:publisher\" content=\"https:\/\/www.facebook.com\/aconteceunovale\/\" \/>\n<meta property=\"article:published_time\" content=\"2019-09-03T13:52:19+00:00\" \/>\n<meta property=\"article:modified_time\" content=\"2019-09-03T13:52:37+00:00\" \/>\n<meta property=\"og:image\" content=\"https:\/\/aconteceunovale.com.br\/portal\/wp-content\/uploads\/2019\/04\/cidade_adm1.jpg\" \/>\n\t<meta property=\"og:image:width\" content=\"674\" \/>\n\t<meta property=\"og:image:height\" content=\"450\" \/>\n\t<meta property=\"og:image:type\" content=\"image\/jpeg\" \/>\n<meta name=\"author\" content=\"Aconteceu no Vale\" \/>\n<meta name=\"twitter:card\" content=\"summary_large_image\" \/>\n<meta name=\"twitter:creator\" content=\"@noticiadosvales\" \/>\n<meta name=\"twitter:site\" content=\"@noticiadosvales\" \/>\n<meta name=\"twitter:label1\" content=\"Escrito por\" \/>\n\t<meta name=\"twitter:data1\" content=\"Aconteceu no Vale\" \/>\n\t<meta name=\"twitter:label2\" content=\"Est. tempo de leitura\" \/>\n\t<meta name=\"twitter:data2\" content=\"1 minuto\" \/>\n<script type=\"application\/ld+json\" class=\"yoast-schema-graph\">{\"@context\":\"https:\\\/\\\/schema.org\",\"@graph\":[{\"@type\":\"Article\",\"@id\":\"https:\\\/\\\/aconteceunovale.com.br\\\/portal\\\/?p=152179#article\",\"isPartOf\":{\"@id\":\"https:\\\/\\\/aconteceunovale.com.br\\\/portal\\\/?p=152179\"},\"author\":{\"name\":\"Aconteceu no Vale\",\"@id\":\"https:\\\/\\\/aconteceunovale.com.br\\\/portal\\\/#\\\/schema\\\/person\\\/633529146f2c94272bef50ac2953d589\"},\"headline\":\"Governo de Minas anuncia escala de pagamento para setembro\",\"datePublished\":\"2019-09-03T13:52:19+00:00\",\"dateModified\":\"2019-09-03T13:52:37+00:00\",\"mainEntityOfPage\":{\"@id\":\"https:\\\/\\\/aconteceunovale.com.br\\\/portal\\\/?p=152179\"},\"wordCount\":125,\"commentCount\":0,\"image\":{\"@id\":\"https:\\\/\\\/aconteceunovale.com.br\\\/portal\\\/?p=152179#primaryimage\"},\"thumbnailUrl\":\"https:\\\/\\\/aconteceunovale.com.br\\\/portal\\\/wp-content\\\/uploads\\\/2019\\\/04\\\/cidade_adm1.jpg\",\"keywords\":[\"escala de pagamento do m\u00eas de setembro para os servidores p\u00fablicos\",\"escala de pagamento do m\u00eas de setembro para os servidores p\u00fablicos de Minas Gerais\",\"Escala de pagamento Governo de Minas Gerais\",\"Escala Governo de Minas Gerais\",\"Governo de Minas anuncia escala de pagamento para o m\u00eas de setembro\",\"Governo de Minas anuncia escala de pagamento para setembro\",\"Governo de Minas divulga a escala de pagamento do m\u00eas de setembro\",\"Governo de Minas Gerais\",\"Governo de Minas Gerais divulga escala de pagamento de setembro aos servidores\",\"Pagamento 13\u00ba Governo de Minas\",\"Pagamento Governo de Minas Gerais\",\"Pagamento governo de Minas setembro\",\"Pagamento sal\u00e1rio Governo de Minas Gerais\",\"Pagamento setembro governo de minas\"],\"articleSection\":[\"Minas Gerais\"],\"inLanguage\":\"pt-BR\",\"potentialAction\":[{\"@type\":\"CommentAction\",\"name\":\"Comment\",\"target\":[\"https:\\\/\\\/aconteceunovale.com.br\\\/portal\\\/?p=152179#respond\"]}]},{\"@type\":\"WebPage\",\"@id\":\"https:\\\/\\\/aconteceunovale.com.br\\\/portal\\\/?p=152179\",\"url\":\"https:\\\/\\\/aconteceunovale.com.br\\\/portal\\\/?p=152179\",\"name\":\"Governo de Minas anuncia escala de pagamento para setembro - Aconteceu no Vale\",\"isPartOf\":{\"@id\":\"https:\\\/\\\/aconteceunovale.com.br\\\/portal\\\/#website\"},\"primaryImageOfPage\":{\"@id\":\"https:\\\/\\\/aconteceunovale.com.br\\\/portal\\\/?p=152179#primaryimage\"},\"image\":{\"@id\":\"https:\\\/\\\/aconteceunovale.com.br\\\/portal\\\/?p=152179#primaryimage\"},\"thumbnailUrl\":\"https:\\\/\\\/aconteceunovale.com.br\\\/portal\\\/wp-content\\\/uploads\\\/2019\\\/04\\\/cidade_adm1.jpg\",\"datePublished\":\"2019-09-03T13:52:19+00:00\",\"dateModified\":\"2019-09-03T13:52:37+00:00\",\"author\":{\"@id\":\"https:\\\/\\\/aconteceunovale.com.br\\\/portal\\\/#\\\/schema\\\/person\\\/633529146f2c94272bef50ac2953d589\"},\"breadcrumb\":{\"@id\":\"https:\\\/\\\/aconteceunovale.com.br\\\/portal\\\/?p=152179#breadcrumb\"},\"inLanguage\":\"pt-BR\",\"potentialAction\":[{\"@type\":\"ReadAction\",\"target\":[\"https:\\\/\\\/aconteceunovale.com.br\\\/portal\\\/?p=152179\"]}]},{\"@type\":\"ImageObject\",\"inLanguage\":\"pt-BR\",\"@id\":\"https:\\\/\\\/aconteceunovale.com.br\\\/portal\\\/?p=152179#primaryimage\",\"url\":\"https:\\\/\\\/aconteceunovale.com.br\\\/portal\\\/wp-content\\\/uploads\\\/2019\\\/04\\\/cidade_adm1.jpg\",\"contentUrl\":\"https:\\\/\\\/aconteceunovale.com.br\\\/portal\\\/wp-content\\\/uploads\\\/2019\\\/04\\\/cidade_adm1.jpg\",\"width\":674,\"height\":450},{\"@type\":\"BreadcrumbList\",\"@id\":\"https:\\\/\\\/aconteceunovale.com.br\\\/portal\\\/?p=152179#breadcrumb\",\"itemListElement\":[{\"@type\":\"ListItem\",\"position\":1,\"name\":\"In\u00edcio\",\"item\":\"https:\\\/\\\/aconteceunovale.com.br\\\/portal\\\/\"},{\"@type\":\"ListItem\",\"position\":2,\"name\":\"Governo de Minas anuncia escala de pagamento para setembro\"}]},{\"@type\":\"WebSite\",\"@id\":\"https:\\\/\\\/aconteceunovale.com.br\\\/portal\\\/#website\",\"url\":\"https:\\\/\\\/aconteceunovale.com.br\\\/portal\\\/\",\"name\":\"Aconteceu no Vale\",\"description\":\"Portal de Not\u00edcias\",\"potentialAction\":[{\"@type\":\"SearchAction\",\"target\":{\"@type\":\"EntryPoint\",\"urlTemplate\":\"https:\\\/\\\/aconteceunovale.com.br\\\/portal\\\/?s={search_term_string}\"},\"query-input\":{\"@type\":\"PropertyValueSpecification\",\"valueRequired\":true,\"valueName\":\"search_term_string\"}}],\"inLanguage\":\"pt-BR\"},{\"@type\":\"Person\",\"@id\":\"https:\\\/\\\/aconteceunovale.com.br\\\/portal\\\/#\\\/schema\\\/person\\\/633529146f2c94272bef50ac2953d589\",\"name\":\"Aconteceu no Vale\",\"description\":\"Equipe de reportagem do Aconteceu no Vale, portal de not\u00edcias do Vale do Jequitinhonha, em Minas Gerais. Cobrimos as 51 cidades do Vale desde 2013. Sugest\u00f5es de pauta e pedidos de corre\u00e7\u00e3o: contato@aconteceunovale.com.br\",\"sameAs\":[\"http:\\\/\\\/www.aconteceunovale.com.br\"],\"url\":\"https:\\\/\\\/aconteceunovale.com.br\\\/portal\\\/?author=1\"}]}<\/script>\n<!-- \/ Yoast SEO plugin. -->","yoast_head_json":{"title":"Governo de Minas anuncia escala de pagamento para setembro - Aconteceu no Vale","robots":{"index":"index","follow":"follow","max-snippet":"max-snippet:-1","max-image-preview":"max-image-preview:large","max-video-preview":"max-video-preview:-1"},"canonical":"https:\/\/aconteceunovale.com.br\/portal\/?p=152179","og_locale":"pt_BR","og_type":"article","og_title":"Governo de Minas anuncia escala de pagamento para setembro - Aconteceu no Vale","og_description":"A Secretaria de Estado de Fazenda (SEF) de Minas Gerais divulgou nesta ter\u00e7a-feira (03\/09\/2019) o calend\u00e1rio do m\u00eas de setembro para o pagamento dos sal\u00e1rios do funcionalismo p\u00fablico do Executivo Estadual: 1\u00aa parcela: 11\/9; 2\u00aa parcela: 25\/9. Os crit\u00e9rios adotados ser\u00e3o os mesmos dos meses anteriores: Na primeira parcela, ser\u00e3o depositados at\u00e9 R$ 3 mil [&hellip;]","og_url":"https:\/\/aconteceunovale.com.br\/portal\/?p=152179","og_site_name":"Aconteceu no Vale","article_publisher":"https:\/\/www.facebook.com\/aconteceunovale\/","article_published_time":"2019-09-03T13:52:19+00:00","article_modified_time":"2019-09-03T13:52:37+00:00","og_image":[{"width":674,"height":450,"url":"https:\/\/aconteceunovale.com.br\/portal\/wp-content\/uploads\/2019\/04\/cidade_adm1.jpg","type":"image\/jpeg"}],"author":"Aconteceu no Vale","twitter_card":"summary_large_image","twitter_creator":"@noticiadosvales","twitter_site":"@noticiadosvales","twitter_misc":{"Escrito por":"Aconteceu no Vale","Est. tempo de leitura":"1 minuto"},"schema":{"@context":"https:\/\/schema.org","@graph":[{"@type":"Article","@id":"https:\/\/aconteceunovale.com.br\/portal\/?p=152179#article","isPartOf":{"@id":"https:\/\/aconteceunovale.com.br\/portal\/?p=152179"},"author":{"name":"Aconteceu no Vale","@id":"https:\/\/aconteceunovale.com.br\/portal\/#\/schema\/person\/633529146f2c94272bef50ac2953d589"},"headline":"Governo de Minas anuncia escala de pagamento para setembro","datePublished":"2019-09-03T13:52:19+00:00","dateModified":"2019-09-03T13:52:37+00:00","mainEntityOfPage":{"@id":"https:\/\/aconteceunovale.com.br\/portal\/?p=152179"},"wordCount":125,"commentCount":0,"image":{"@id":"https:\/\/aconteceunovale.com.br\/portal\/?p=152179#primaryimage"},"thumbnailUrl":"https:\/\/aconteceunovale.com.br\/portal\/wp-content\/uploads\/2019\/04\/cidade_adm1.jpg","keywords":["escala de pagamento do m\u00eas de setembro para os servidores p\u00fablicos","escala de pagamento do m\u00eas de setembro para os servidores p\u00fablicos de Minas Gerais","Escala de pagamento Governo de Minas Gerais","Escala Governo de Minas Gerais","Governo de Minas anuncia escala de pagamento para o m\u00eas de setembro","Governo de Minas anuncia escala de pagamento para setembro","Governo de Minas divulga a escala de pagamento do m\u00eas de setembro","Governo de Minas Gerais","Governo de Minas Gerais divulga escala de pagamento de setembro aos servidores","Pagamento 13\u00ba Governo de Minas","Pagamento Governo de Minas Gerais","Pagamento governo de Minas setembro","Pagamento sal\u00e1rio Governo de Minas Gerais","Pagamento setembro governo de minas"],"articleSection":["Minas Gerais"],"inLanguage":"pt-BR","potentialAction":[{"@type":"CommentAction","name":"Comment","target":["https:\/\/aconteceunovale.com.br\/portal\/?p=152179#respond"]}]},{"@type":"WebPage","@id":"https:\/\/aconteceunovale.com.br\/portal\/?p=152179","url":"https:\/\/aconteceunovale.com.br\/portal\/?p=152179","name":"Governo de Minas anuncia escala de pagamento para setembro - Aconteceu no Vale","isPartOf":{"@id":"https:\/\/aconteceunovale.com.br\/portal\/#website"},"primaryImageOfPage":{"@id":"https:\/\/aconteceunovale.com.br\/portal\/?p=152179#primaryimage"},"image":{"@id":"https:\/\/aconteceunovale.com.br\/portal\/?p=152179#primaryimage"},"thumbnailUrl":"https:\/\/aconteceunovale.com.br\/portal\/wp-content\/uploads\/2019\/04\/cidade_adm1.jpg","datePublished":"2019-09-03T13:52:19+00:00","dateModified":"2019-09-03T13:52:37+00:00","author":{"@id":"https:\/\/aconteceunovale.com.br\/portal\/#\/schema\/person\/633529146f2c94272bef50ac2953d589"},"breadcrumb":{"@id":"https:\/\/aconteceunovale.com.br\/portal\/?p=152179#breadcrumb"},"inLanguage":"pt-BR","potentialAction":[{"@type":"ReadAction","target":["https:\/\/aconteceunovale.com.br\/portal\/?p=152179"]}]},{"@type":"ImageObject","inLanguage":"pt-BR","@id":"https:\/\/aconteceunovale.com.br\/portal\/?p=152179#primaryimage","url":"https:\/\/aconteceunovale.com.br\/portal\/wp-content\/uploads\/2019\/04\/cidade_adm1.jpg","contentUrl":"https:\/\/aconteceunovale.com.br\/portal\/wp-content\/uploads\/2019\/04\/cidade_adm1.jpg","width":674,"height":450},{"@type":"BreadcrumbList","@id":"https:\/\/aconteceunovale.com.br\/portal\/?p=152179#breadcrumb","itemListElement":[{"@type":"ListItem","position":1,"name":"In\u00edcio","item":"https:\/\/aconteceunovale.com.br\/portal\/"},{"@type":"ListItem","position":2,"name":"Governo de Minas anuncia escala de pagamento para setembro"}]},{"@type":"WebSite","@id":"https:\/\/aconteceunovale.com.br\/portal\/#website","url":"https:\/\/aconteceunovale.com.br\/portal\/","name":"Aconteceu no Vale","description":"Portal de Not\u00edcias","potentialAction":[{"@type":"SearchAction","target":{"@type":"EntryPoint","urlTemplate":"https:\/\/aconteceunovale.com.br\/portal\/?s={search_term_string}"},"query-input":{"@type":"PropertyValueSpecification","valueRequired":true,"valueName":"search_term_string"}}],"inLanguage":"pt-BR"},{"@type":"Person","@id":"https:\/\/aconteceunovale.com.br\/portal\/#\/schema\/person\/633529146f2c94272bef50ac2953d589","name":"Aconteceu no Vale","description":"Equipe de reportagem do Aconteceu no Vale, portal de not\u00edcias do Vale do Jequitinhonha, em Minas Gerais. Cobrimos as 51 cidades do Vale desde 2013. Sugest\u00f5es de pauta e pedidos de corre\u00e7\u00e3o: contato@aconteceunovale.com.br","sameAs":["http:\/\/www.aconteceunovale.com.br"],"url":"https:\/\/aconteceunovale.com.br\/portal\/?author=1"}]}},"_links":{"self":[{"href":"https:\/\/aconteceunovale.com.br\/portal\/index.php?rest_route=\/wp\/v2\/posts\/152179","targetHints":{"allow":["GET"]}}],"collection":[{"href":"https:\/\/aconteceunovale.com.br\/portal\/index.php?rest_route=\/wp\/v2\/posts"}],"about":[{"href":"https:\/\/aconteceunovale.com.br\/portal\/index.php?rest_route=\/wp\/v2\/types\/post"}],"author":[{"embeddable":true,"href":"https:\/\/aconteceunovale.com.br\/portal\/index.php?rest_route=\/wp\/v2\/users\/1"}],"replies":[{"embeddable":true,"href":"https:\/\/aconteceunovale.com.br\/portal\/index.php?rest_route=%2Fwp%2Fv2%2Fcomments&post=152179"}],"version-history":[{"count":1,"href":"https:\/\/aconteceunovale.com.br\/portal\/index.php?rest_route=\/wp\/v2\/posts\/152179\/revisions"}],"predecessor-version":[{"id":152180,"href":"https:\/\/aconteceunovale.com.br\/portal\/index.php?rest_route=\/wp\/v2\/posts\/152179\/revisions\/152180"}],"wp:featuredmedia":[{"embeddable":true,"href":"https:\/\/aconteceunovale.com.br\/portal\/index.php?rest_route=\/wp\/v2\/media\/147968"}],"wp:attachment":[{"href":"https:\/\/aconteceunovale.com.br\/portal\/index.php?rest_route=%2Fwp%2Fv2%2Fmedia&parent=152179"}],"wp:term":[{"taxonomy":"category","embeddable":true,"href":"https:\/\/aconteceunovale.com.br\/portal\/index.php?rest_route=%2Fwp%2Fv2%2Fcategories&post=152179"},{"taxonomy":"post_tag","embeddable":true,"href":"https:\/\/aconteceunovale.com.br\/portal\/index.php?rest_route=%2Fwp%2Fv2%2Ftags&post=152179"}],"curies":[{"name":"wp","href":"https:\/\/api.w.org\/{rel}","templated":true}]}}