{"id":152176,"date":"2019-09-02T23:58:26","date_gmt":"2019-09-03T02:58:26","guid":{"rendered":"http:\/\/aconteceunovale.com.br\/portal\/?p=152176"},"modified":"2019-09-02T23:58:28","modified_gmt":"2019-09-03T02:58:28","slug":"criancas-sao-atacadas-por-abelhas-em-escola-no-municipio-de-salinas","status":"publish","type":"post","link":"https:\/\/aconteceunovale.com.br\/portal\/?p=152176","title":{"rendered":"Crian\u00e7as s\u00e3o atacadas por abelhas em escola no munic\u00edpio de Salinas"},"content":{"rendered":"\n<p class=\"wp-block-paragraph\">Um enxame de abelhas atacou estudantes e servidores da\nEscola Estadual Manoel Pedro Silva, localizada no povoado de Nova Matrona, no\nmunic\u00edpio de Salinas (MG). Segundo informa\u00e7\u00f5es do Corpo de Bombeiros, os\ninsetos estavam alojados em pilares met\u00e1licos da quadra poliesportiva do\ncol\u00e9gio e ficaram alvora\u00e7ados com a movimenta\u00e7\u00e3o no local durante o recreio na\ntarde desta segunda-feira (02\/09\/2019).<\/p>\n\n\n\n<p class=\"wp-block-paragraph\">Cerca de 80 crian\u00e7as, com idades entre 6 e 11 anos, foram\natacadas pelo enxame. Tr\u00eas estudantes, que apresentaram sintomas como v\u00f4mito,\nforam encaminhadas pelo Servi\u00e7o de Atendimento M\u00f3vel de Urg\u00eancia (SAMU) ao\nhospital de Taiobeiras. As outras v\u00edtimas no local e liberadas.<\/p>\n\n\n\n<p class=\"wp-block-paragraph\">Ainda segundo os bombeiros, como n\u00e3o foi poss\u00edvel capturar as abelhas, foi necess\u00e1rio realizar o exterm\u00ednio imediato e a obstru\u00e7\u00e3o do canal de acesso ao alojamento do enxame.<\/p>\n\n\n\n<p class=\"has-text-color has-background has-very-light-gray-color has-vivid-cyan-blue-background-color wp-block-paragraph\"><strong>VER PRIMEIRO: <\/strong>Receba as not\u00edcias do Aconteceu no Vale em primeira m\u00e3o. Clique em curtir no endere\u00e7o <a href=\"https:\/\/www.facebook.com\/aconteceunovale\" target=\"_blank\" rel=\"noreferrer noopener\">www.facebook.com\/aconteceunovale<\/a>.<\/p>\n","protected":false},"excerpt":{"rendered":"<p>Um enxame de abelhas atacou estudantes e servidores da Escola Estadual Manoel Pedro Silva, localizada no povoado de Nova Matrona, no munic\u00edpio de Salinas (MG). Segundo informa\u00e7\u00f5es do Corpo de Bombeiros, os insetos estavam alojados em pilares met\u00e1licos da quadra poliesportiva do col\u00e9gio e ficaram alvora\u00e7ados com a movimenta\u00e7\u00e3o no local durante o recreio na [&hellip;]<\/p>\n","protected":false},"author":1,"featured_media":152177,"comment_status":"open","ping_status":"closed","sticky":false,"template":"","format":"standard","meta":{"amp_status":"","footnotes":""},"categories":[1236],"tags":[206533,206530,206529,206532,206531,206534,190],"class_list":["post-152176","post","type-post","status-publish","format-standard","has-post-thumbnail","hentry","category-norte_de_minas","tag-ataque-de-abelhas-em-escola-de-nova-matrona","tag-ataque-de-abelhas-em-escola-de-salinas","tag-ataque-de-abelhas-em-salinas","tag-criancas-sao-atacadas-por-abelhas-em-escola-no-municipio-de-salinas","tag-criancas-sao-atacadas-por-abelhas-em-nova-matrona","tag-nova-matrona","tag-salinas"],"yoast_head":"<!-- This site is optimized with the Yoast SEO plugin v28.3 - https:\/\/yoast.com\/product\/yoast-seo-wordpress\/ -->\n<title>Crian\u00e7as s\u00e3o atacadas por abelhas em escola no munic\u00edpio de Salinas - Aconteceu no Vale<\/title>\n<meta name=\"robots\" content=\"index, follow, max-snippet:-1, max-image-preview:large, max-video-preview:-1\" \/>\n<link rel=\"canonical\" href=\"https:\/\/aconteceunovale.com.br\/portal\/?p=152176\" \/>\n<meta property=\"og:locale\" content=\"pt_BR\" \/>\n<meta property=\"og:type\" content=\"article\" \/>\n<meta property=\"og:title\" content=\"Crian\u00e7as s\u00e3o atacadas por abelhas em escola no munic\u00edpio de Salinas - Aconteceu no Vale\" \/>\n<meta property=\"og:description\" content=\"Um enxame de abelhas atacou estudantes e servidores da Escola Estadual Manoel Pedro Silva, localizada no povoado de Nova Matrona, no munic\u00edpio de Salinas (MG). Segundo informa\u00e7\u00f5es do Corpo de Bombeiros, os insetos estavam alojados em pilares met\u00e1licos da quadra poliesportiva do col\u00e9gio e ficaram alvora\u00e7ados com a movimenta\u00e7\u00e3o no local durante o recreio na [&hellip;]\" \/>\n<meta property=\"og:url\" content=\"https:\/\/aconteceunovale.com.br\/portal\/?p=152176\" \/>\n<meta property=\"og:site_name\" content=\"Aconteceu no Vale\" \/>\n<meta property=\"article:publisher\" content=\"https:\/\/www.facebook.com\/aconteceunovale\/\" \/>\n<meta property=\"article:published_time\" content=\"2019-09-03T02:58:26+00:00\" \/>\n<meta property=\"article:modified_time\" content=\"2019-09-03T02:58:28+00:00\" \/>\n<meta property=\"og:image\" content=\"https:\/\/aconteceunovale.com.br\/portal\/wp-content\/uploads\/2019\/09\/abelhas.jpg\" \/>\n\t<meta property=\"og:image:width\" content=\"675\" \/>\n\t<meta property=\"og:image:height\" content=\"450\" \/>\n\t<meta property=\"og:image:type\" content=\"image\/jpeg\" \/>\n<meta name=\"author\" content=\"Aconteceu no Vale\" \/>\n<meta name=\"twitter:card\" content=\"summary_large_image\" \/>\n<meta name=\"twitter:creator\" content=\"@noticiadosvales\" \/>\n<meta name=\"twitter:site\" content=\"@noticiadosvales\" \/>\n<meta name=\"twitter:label1\" content=\"Escrito por\" \/>\n\t<meta name=\"twitter:data1\" content=\"Aconteceu no Vale\" \/>\n\t<meta name=\"twitter:label2\" content=\"Est. tempo de leitura\" \/>\n\t<meta name=\"twitter:data2\" content=\"1 minuto\" \/>\n<script type=\"application\/ld+json\" class=\"yoast-schema-graph\">{\"@context\":\"https:\\\/\\\/schema.org\",\"@graph\":[{\"@type\":\"Article\",\"@id\":\"https:\\\/\\\/aconteceunovale.com.br\\\/portal\\\/?p=152176#article\",\"isPartOf\":{\"@id\":\"https:\\\/\\\/aconteceunovale.com.br\\\/portal\\\/?p=152176\"},\"author\":{\"name\":\"Aconteceu no Vale\",\"@id\":\"https:\\\/\\\/aconteceunovale.com.br\\\/portal\\\/#\\\/schema\\\/person\\\/633529146f2c94272bef50ac2953d589\"},\"headline\":\"Crian\u00e7as s\u00e3o atacadas por abelhas em escola no munic\u00edpio de Salinas\",\"datePublished\":\"2019-09-03T02:58:26+00:00\",\"dateModified\":\"2019-09-03T02:58:28+00:00\",\"mainEntityOfPage\":{\"@id\":\"https:\\\/\\\/aconteceunovale.com.br\\\/portal\\\/?p=152176\"},\"wordCount\":182,\"commentCount\":0,\"image\":{\"@id\":\"https:\\\/\\\/aconteceunovale.com.br\\\/portal\\\/?p=152176#primaryimage\"},\"thumbnailUrl\":\"https:\\\/\\\/aconteceunovale.com.br\\\/portal\\\/wp-content\\\/uploads\\\/2019\\\/09\\\/abelhas.jpg\",\"keywords\":[\"Ataque de abelhas em escola de Nova Matrona\",\"Ataque de abelhas em escola de Salinas\",\"Ataque de abelhas em Salinas\",\"Crian\u00e7as s\u00e3o atacadas por abelhas em escola no munic\u00edpio de Salinas\",\"Crian\u00e7as s\u00e3o atacadas por abelhas em Nova Matrona\",\"Nova Matrona\",\"Salinas\"],\"articleSection\":[\"Norte de Minas\"],\"inLanguage\":\"pt-BR\",\"potentialAction\":[{\"@type\":\"CommentAction\",\"name\":\"Comment\",\"target\":[\"https:\\\/\\\/aconteceunovale.com.br\\\/portal\\\/?p=152176#respond\"]}]},{\"@type\":\"WebPage\",\"@id\":\"https:\\\/\\\/aconteceunovale.com.br\\\/portal\\\/?p=152176\",\"url\":\"https:\\\/\\\/aconteceunovale.com.br\\\/portal\\\/?p=152176\",\"name\":\"Crian\u00e7as s\u00e3o atacadas por abelhas em escola no munic\u00edpio de Salinas - Aconteceu no Vale\",\"isPartOf\":{\"@id\":\"https:\\\/\\\/aconteceunovale.com.br\\\/portal\\\/#website\"},\"primaryImageOfPage\":{\"@id\":\"https:\\\/\\\/aconteceunovale.com.br\\\/portal\\\/?p=152176#primaryimage\"},\"image\":{\"@id\":\"https:\\\/\\\/aconteceunovale.com.br\\\/portal\\\/?p=152176#primaryimage\"},\"thumbnailUrl\":\"https:\\\/\\\/aconteceunovale.com.br\\\/portal\\\/wp-content\\\/uploads\\\/2019\\\/09\\\/abelhas.jpg\",\"datePublished\":\"2019-09-03T02:58:26+00:00\",\"dateModified\":\"2019-09-03T02:58:28+00:00\",\"author\":{\"@id\":\"https:\\\/\\\/aconteceunovale.com.br\\\/portal\\\/#\\\/schema\\\/person\\\/633529146f2c94272bef50ac2953d589\"},\"breadcrumb\":{\"@id\":\"https:\\\/\\\/aconteceunovale.com.br\\\/portal\\\/?p=152176#breadcrumb\"},\"inLanguage\":\"pt-BR\",\"potentialAction\":[{\"@type\":\"ReadAction\",\"target\":[\"https:\\\/\\\/aconteceunovale.com.br\\\/portal\\\/?p=152176\"]}]},{\"@type\":\"ImageObject\",\"inLanguage\":\"pt-BR\",\"@id\":\"https:\\\/\\\/aconteceunovale.com.br\\\/portal\\\/?p=152176#primaryimage\",\"url\":\"https:\\\/\\\/aconteceunovale.com.br\\\/portal\\\/wp-content\\\/uploads\\\/2019\\\/09\\\/abelhas.jpg\",\"contentUrl\":\"https:\\\/\\\/aconteceunovale.com.br\\\/portal\\\/wp-content\\\/uploads\\\/2019\\\/09\\\/abelhas.jpg\",\"width\":675,\"height\":450},{\"@type\":\"BreadcrumbList\",\"@id\":\"https:\\\/\\\/aconteceunovale.com.br\\\/portal\\\/?p=152176#breadcrumb\",\"itemListElement\":[{\"@type\":\"ListItem\",\"position\":1,\"name\":\"In\u00edcio\",\"item\":\"https:\\\/\\\/aconteceunovale.com.br\\\/portal\\\/\"},{\"@type\":\"ListItem\",\"position\":2,\"name\":\"Crian\u00e7as s\u00e3o atacadas por abelhas em escola no munic\u00edpio de Salinas\"}]},{\"@type\":\"WebSite\",\"@id\":\"https:\\\/\\\/aconteceunovale.com.br\\\/portal\\\/#website\",\"url\":\"https:\\\/\\\/aconteceunovale.com.br\\\/portal\\\/\",\"name\":\"Aconteceu no Vale\",\"description\":\"Portal de Not\u00edcias\",\"potentialAction\":[{\"@type\":\"SearchAction\",\"target\":{\"@type\":\"EntryPoint\",\"urlTemplate\":\"https:\\\/\\\/aconteceunovale.com.br\\\/portal\\\/?s={search_term_string}\"},\"query-input\":{\"@type\":\"PropertyValueSpecification\",\"valueRequired\":true,\"valueName\":\"search_term_string\"}}],\"inLanguage\":\"pt-BR\"},{\"@type\":\"Person\",\"@id\":\"https:\\\/\\\/aconteceunovale.com.br\\\/portal\\\/#\\\/schema\\\/person\\\/633529146f2c94272bef50ac2953d589\",\"name\":\"Aconteceu no Vale\",\"description\":\"Equipe de reportagem do Aconteceu no Vale, portal de not\u00edcias do Vale do Jequitinhonha, em Minas Gerais. Cobrimos as 51 cidades do Vale desde 2013. Sugest\u00f5es de pauta e pedidos de corre\u00e7\u00e3o: contato@aconteceunovale.com.br\",\"sameAs\":[\"http:\\\/\\\/www.aconteceunovale.com.br\"],\"url\":\"https:\\\/\\\/aconteceunovale.com.br\\\/portal\\\/?author=1\"}]}<\/script>\n<!-- \/ Yoast SEO plugin. -->","yoast_head_json":{"title":"Crian\u00e7as s\u00e3o atacadas por abelhas em escola no munic\u00edpio de Salinas - Aconteceu no Vale","robots":{"index":"index","follow":"follow","max-snippet":"max-snippet:-1","max-image-preview":"max-image-preview:large","max-video-preview":"max-video-preview:-1"},"canonical":"https:\/\/aconteceunovale.com.br\/portal\/?p=152176","og_locale":"pt_BR","og_type":"article","og_title":"Crian\u00e7as s\u00e3o atacadas por abelhas em escola no munic\u00edpio de Salinas - Aconteceu no Vale","og_description":"Um enxame de abelhas atacou estudantes e servidores da Escola Estadual Manoel Pedro Silva, localizada no povoado de Nova Matrona, no munic\u00edpio de Salinas (MG). Segundo informa\u00e7\u00f5es do Corpo de Bombeiros, os insetos estavam alojados em pilares met\u00e1licos da quadra poliesportiva do col\u00e9gio e ficaram alvora\u00e7ados com a movimenta\u00e7\u00e3o no local durante o recreio na [&hellip;]","og_url":"https:\/\/aconteceunovale.com.br\/portal\/?p=152176","og_site_name":"Aconteceu no Vale","article_publisher":"https:\/\/www.facebook.com\/aconteceunovale\/","article_published_time":"2019-09-03T02:58:26+00:00","article_modified_time":"2019-09-03T02:58:28+00:00","og_image":[{"width":675,"height":450,"url":"https:\/\/aconteceunovale.com.br\/portal\/wp-content\/uploads\/2019\/09\/abelhas.jpg","type":"image\/jpeg"}],"author":"Aconteceu no Vale","twitter_card":"summary_large_image","twitter_creator":"@noticiadosvales","twitter_site":"@noticiadosvales","twitter_misc":{"Escrito por":"Aconteceu no Vale","Est. tempo de leitura":"1 minuto"},"schema":{"@context":"https:\/\/schema.org","@graph":[{"@type":"Article","@id":"https:\/\/aconteceunovale.com.br\/portal\/?p=152176#article","isPartOf":{"@id":"https:\/\/aconteceunovale.com.br\/portal\/?p=152176"},"author":{"name":"Aconteceu no Vale","@id":"https:\/\/aconteceunovale.com.br\/portal\/#\/schema\/person\/633529146f2c94272bef50ac2953d589"},"headline":"Crian\u00e7as s\u00e3o atacadas por abelhas em escola no munic\u00edpio de Salinas","datePublished":"2019-09-03T02:58:26+00:00","dateModified":"2019-09-03T02:58:28+00:00","mainEntityOfPage":{"@id":"https:\/\/aconteceunovale.com.br\/portal\/?p=152176"},"wordCount":182,"commentCount":0,"image":{"@id":"https:\/\/aconteceunovale.com.br\/portal\/?p=152176#primaryimage"},"thumbnailUrl":"https:\/\/aconteceunovale.com.br\/portal\/wp-content\/uploads\/2019\/09\/abelhas.jpg","keywords":["Ataque de abelhas em escola de Nova Matrona","Ataque de abelhas em escola de Salinas","Ataque de abelhas em Salinas","Crian\u00e7as s\u00e3o atacadas por abelhas em escola no munic\u00edpio de Salinas","Crian\u00e7as s\u00e3o atacadas por abelhas em Nova Matrona","Nova Matrona","Salinas"],"articleSection":["Norte de Minas"],"inLanguage":"pt-BR","potentialAction":[{"@type":"CommentAction","name":"Comment","target":["https:\/\/aconteceunovale.com.br\/portal\/?p=152176#respond"]}]},{"@type":"WebPage","@id":"https:\/\/aconteceunovale.com.br\/portal\/?p=152176","url":"https:\/\/aconteceunovale.com.br\/portal\/?p=152176","name":"Crian\u00e7as s\u00e3o atacadas por abelhas em escola no munic\u00edpio de Salinas - Aconteceu no Vale","isPartOf":{"@id":"https:\/\/aconteceunovale.com.br\/portal\/#website"},"primaryImageOfPage":{"@id":"https:\/\/aconteceunovale.com.br\/portal\/?p=152176#primaryimage"},"image":{"@id":"https:\/\/aconteceunovale.com.br\/portal\/?p=152176#primaryimage"},"thumbnailUrl":"https:\/\/aconteceunovale.com.br\/portal\/wp-content\/uploads\/2019\/09\/abelhas.jpg","datePublished":"2019-09-03T02:58:26+00:00","dateModified":"2019-09-03T02:58:28+00:00","author":{"@id":"https:\/\/aconteceunovale.com.br\/portal\/#\/schema\/person\/633529146f2c94272bef50ac2953d589"},"breadcrumb":{"@id":"https:\/\/aconteceunovale.com.br\/portal\/?p=152176#breadcrumb"},"inLanguage":"pt-BR","potentialAction":[{"@type":"ReadAction","target":["https:\/\/aconteceunovale.com.br\/portal\/?p=152176"]}]},{"@type":"ImageObject","inLanguage":"pt-BR","@id":"https:\/\/aconteceunovale.com.br\/portal\/?p=152176#primaryimage","url":"https:\/\/aconteceunovale.com.br\/portal\/wp-content\/uploads\/2019\/09\/abelhas.jpg","contentUrl":"https:\/\/aconteceunovale.com.br\/portal\/wp-content\/uploads\/2019\/09\/abelhas.jpg","width":675,"height":450},{"@type":"BreadcrumbList","@id":"https:\/\/aconteceunovale.com.br\/portal\/?p=152176#breadcrumb","itemListElement":[{"@type":"ListItem","position":1,"name":"In\u00edcio","item":"https:\/\/aconteceunovale.com.br\/portal\/"},{"@type":"ListItem","position":2,"name":"Crian\u00e7as s\u00e3o atacadas por abelhas em escola no munic\u00edpio de Salinas"}]},{"@type":"WebSite","@id":"https:\/\/aconteceunovale.com.br\/portal\/#website","url":"https:\/\/aconteceunovale.com.br\/portal\/","name":"Aconteceu no Vale","description":"Portal de Not\u00edcias","potentialAction":[{"@type":"SearchAction","target":{"@type":"EntryPoint","urlTemplate":"https:\/\/aconteceunovale.com.br\/portal\/?s={search_term_string}"},"query-input":{"@type":"PropertyValueSpecification","valueRequired":true,"valueName":"search_term_string"}}],"inLanguage":"pt-BR"},{"@type":"Person","@id":"https:\/\/aconteceunovale.com.br\/portal\/#\/schema\/person\/633529146f2c94272bef50ac2953d589","name":"Aconteceu no Vale","description":"Equipe de reportagem do Aconteceu no Vale, portal de not\u00edcias do Vale do Jequitinhonha, em Minas Gerais. Cobrimos as 51 cidades do Vale desde 2013. Sugest\u00f5es de pauta e pedidos de corre\u00e7\u00e3o: contato@aconteceunovale.com.br","sameAs":["http:\/\/www.aconteceunovale.com.br"],"url":"https:\/\/aconteceunovale.com.br\/portal\/?author=1"}]}},"_links":{"self":[{"href":"https:\/\/aconteceunovale.com.br\/portal\/index.php?rest_route=\/wp\/v2\/posts\/152176","targetHints":{"allow":["GET"]}}],"collection":[{"href":"https:\/\/aconteceunovale.com.br\/portal\/index.php?rest_route=\/wp\/v2\/posts"}],"about":[{"href":"https:\/\/aconteceunovale.com.br\/portal\/index.php?rest_route=\/wp\/v2\/types\/post"}],"author":[{"embeddable":true,"href":"https:\/\/aconteceunovale.com.br\/portal\/index.php?rest_route=\/wp\/v2\/users\/1"}],"replies":[{"embeddable":true,"href":"https:\/\/aconteceunovale.com.br\/portal\/index.php?rest_route=%2Fwp%2Fv2%2Fcomments&post=152176"}],"version-history":[{"count":1,"href":"https:\/\/aconteceunovale.com.br\/portal\/index.php?rest_route=\/wp\/v2\/posts\/152176\/revisions"}],"predecessor-version":[{"id":152178,"href":"https:\/\/aconteceunovale.com.br\/portal\/index.php?rest_route=\/wp\/v2\/posts\/152176\/revisions\/152178"}],"wp:featuredmedia":[{"embeddable":true,"href":"https:\/\/aconteceunovale.com.br\/portal\/index.php?rest_route=\/wp\/v2\/media\/152177"}],"wp:attachment":[{"href":"https:\/\/aconteceunovale.com.br\/portal\/index.php?rest_route=%2Fwp%2Fv2%2Fmedia&parent=152176"}],"wp:term":[{"taxonomy":"category","embeddable":true,"href":"https:\/\/aconteceunovale.com.br\/portal\/index.php?rest_route=%2Fwp%2Fv2%2Fcategories&post=152176"},{"taxonomy":"post_tag","embeddable":true,"href":"https:\/\/aconteceunovale.com.br\/portal\/index.php?rest_route=%2Fwp%2Fv2%2Ftags&post=152176"}],"curies":[{"name":"wp","href":"https:\/\/api.w.org\/{rel}","templated":true}]}}