{"id":152170,"date":"2019-09-02T23:01:09","date_gmt":"2019-09-03T02:01:09","guid":{"rendered":"http:\/\/aconteceunovale.com.br\/portal\/?p=152170"},"modified":"2019-09-02T23:16:49","modified_gmt":"2019-09-03T02:16:49","slug":"mais-de-cinco-milhoes-de-pessoas-dependem-da-renda-de-um-mei-indica-pesquisa-do-sebrae","status":"publish","type":"post","link":"https:\/\/aconteceunovale.com.br\/portal\/?p=152170","title":{"rendered":"Mais de cinco milh\u00f5es de pessoas dependem da renda de um MEI, indica pesquisa do Sebrae"},"content":{"rendered":"\n<p class=\"wp-block-paragraph\">A renda obtida como microempreendedor individual (MEI) \u00e9 a \u00fanica fonte de recursos de 1,7 milh\u00e3o de fam\u00edlias, diz a 6\u00aa pesquisa Perfil do MEI, feita pelo Servi\u00e7o Brasileiro de Apoio \u00e0s Micro e Pequenas Empresas (Sebrae). De acordo com a pesquisa, isso significa que 5,4 milh\u00f5es de pessoas no pa\u00eds, considerando quatro pessoas por fam\u00edlia, dependem da renda de um MEI. Os dados mostram ainda que a renda m\u00e9dia familiar desse segmento alcan\u00e7ou R$ 4,4 mil, o equivalente a pouco mais de quatro sal\u00e1rios m\u00ednimos.<\/p>\n\n\n\n<p class=\"wp-block-paragraph\">A pesquisa entrevistou 10.339 microempreendedores individuais entre 1\u00ba de abril e 28 de maio deste ano em todos os estados brasileiros. Segundo o Sebrae, a sondagem alcan\u00e7a 95% de n\u00edvel de confian\u00e7a e 1% de margem de erro, delineando as principais caracter\u00edsticas desses empreendedores.<\/p>\n\n\n\n<p class=\"wp-block-paragraph\">Os n\u00fameros mostram que a atividade de microempreendedor individual \u00e9 a \u00fanica fonte de renda de 76% dos entrevistados. De acordo com os dados, 61% dos MEI se formalizaram atra\u00eddos pelos benef\u00edcios do registro (ter uma empresa formal, possibilidade de emitir nota, poder fazer compras mais baratas), 25% por conta dos benef\u00edcios previdenci\u00e1rios e 14% por outros motivos diversos.&nbsp;<\/p>\n\n\n\n<p class=\"wp-block-paragraph\">\u201cOs resultados do levantamento mostram que 33% dos MEI estavam na informalidade (como empreendedores ou empregados) antes de optarem pelo registro como microempreendedor. Deste universo, 48% empreendiam sem CNPJ por 10 anos ou mais\u201d, disse a assessoria do Sebrae.<\/p>\n\n\n\n<p class=\"wp-block-paragraph\">De acordo com o levantamento, a formaliza\u00e7\u00e3o foi respons\u00e1vel direta pelo aumento das vendas dos neg\u00f3cios para 71% dos entrevistados, enquanto 72% indicaram melhoria nas condi\u00e7\u00f5es de compra junto aos fornecedores.<\/p>\n\n\n\n<p class=\"wp-block-paragraph\">\u201cOs jovens, na faixa et\u00e1ria de 18 a 29 anos de idade, lideram o ranking dos que procuram autonomia financeira como MEI (41%). Contudo, o percentual de microempreendedores cai \u00e0 medida que o empreendedor envelhece. Entre 30 a 39 anos, (37%); dos 40 a 49 (32%) e os com mais de 50 anos registram 21%\u201d, diz a pesquisa.<\/p>\n\n\n\n<p class=\"wp-block-paragraph\">Os dados mostram ainda que 40% dos entrevistados usam a pr\u00f3pria resid\u00eancia como local de trabalho. A pesquisa revela que, nos munic\u00edpios mais carentes, \u00e9 mais comum o microempreendedor individual atuar em um estabelecimento comercial (49%). \u201cEssa op\u00e7\u00e3o, no geral, soma 28%, enquanto os MEI atuante na casa ou empresa do cliente s\u00e3o 17%. Os ambulantes s\u00e3o 11% e os que atuam em feiras, shopping popular e outros locais representam 4%\u201d, diz a pesquisa.<\/p>\n\n\n\n<p class=\"has-text-color has-background has-very-light-gray-color has-vivid-cyan-blue-background-color wp-block-paragraph\"><strong>VER PRIMEIRO: <\/strong>Receba as not\u00edcias do Aconteceu no Vale em primeira m\u00e3o. Clique em curtir no endere\u00e7o <a href=\"https:\/\/www.facebook.com\/aconteceunovale\" target=\"_blank\" rel=\"noreferrer noopener\">www.facebook.com\/aconteceunovale<\/a>.<\/p>\n","protected":false},"excerpt":{"rendered":"<p>A renda obtida como microempreendedor individual (MEI) \u00e9 a \u00fanica fonte de recursos de 1,7 milh\u00e3o de fam\u00edlias, diz a 6\u00aa pesquisa Perfil do MEI, feita pelo Servi\u00e7o Brasileiro de Apoio \u00e0s Micro e Pequenas Empresas (Sebrae). De acordo com a pesquisa, isso significa que 5,4 milh\u00f5es de pessoas no pa\u00eds, considerando quatro pessoas por [&hellip;]<\/p>\n","protected":false},"author":1,"featured_media":148502,"comment_status":"open","ping_status":"closed","sticky":false,"template":"","format":"standard","meta":{"amp_status":"","footnotes":""},"categories":[6,40236],"tags":[206518,142802,142801,206520,206519,176,61978],"class_list":["post-152170","post","type-post","status-publish","format-standard","has-post-thumbnail","hentry","category-br","category-empregos-2","tag-mais-de-cinco-milhoes-de-pessoas-dependem-da-renda-de-um-mei","tag-mei","tag-microempreendedor-individual","tag-perfil-do-mei","tag-pesquisa-do-sebrae","tag-sebrae","tag-servico-brasileiro-de-apoio-as-micro-e-pequenas-empresas"],"yoast_head":"<!-- This site is optimized with the Yoast SEO plugin v28.3 - https:\/\/yoast.com\/product\/yoast-seo-wordpress\/ -->\n<title>Mais de cinco milh\u00f5es de pessoas dependem da renda de um MEI, indica pesquisa do Sebrae - Aconteceu no Vale<\/title>\n<meta name=\"robots\" content=\"index, follow, max-snippet:-1, max-image-preview:large, max-video-preview:-1\" \/>\n<link rel=\"canonical\" href=\"https:\/\/aconteceunovale.com.br\/portal\/?p=152170\" \/>\n<meta property=\"og:locale\" content=\"pt_BR\" \/>\n<meta property=\"og:type\" content=\"article\" \/>\n<meta property=\"og:title\" content=\"Mais de cinco milh\u00f5es de pessoas dependem da renda de um MEI, indica pesquisa do Sebrae - Aconteceu no Vale\" \/>\n<meta property=\"og:description\" content=\"A renda obtida como microempreendedor individual (MEI) \u00e9 a \u00fanica fonte de recursos de 1,7 milh\u00e3o de fam\u00edlias, diz a 6\u00aa pesquisa Perfil do MEI, feita pelo Servi\u00e7o Brasileiro de Apoio \u00e0s Micro e Pequenas Empresas (Sebrae). De acordo com a pesquisa, isso significa que 5,4 milh\u00f5es de pessoas no pa\u00eds, considerando quatro pessoas por [&hellip;]\" \/>\n<meta property=\"og:url\" content=\"https:\/\/aconteceunovale.com.br\/portal\/?p=152170\" \/>\n<meta property=\"og:site_name\" content=\"Aconteceu no Vale\" \/>\n<meta property=\"article:publisher\" content=\"https:\/\/www.facebook.com\/aconteceunovale\/\" \/>\n<meta property=\"article:published_time\" content=\"2019-09-03T02:01:09+00:00\" \/>\n<meta property=\"article:modified_time\" content=\"2019-09-03T02:16:49+00:00\" \/>\n<meta property=\"og:image\" content=\"https:\/\/aconteceunovale.com.br\/portal\/wp-content\/uploads\/2019\/05\/semana_mei_mg_1.jpg\" \/>\n\t<meta property=\"og:image:width\" content=\"672\" \/>\n\t<meta property=\"og:image:height\" content=\"450\" \/>\n\t<meta property=\"og:image:type\" content=\"image\/jpeg\" \/>\n<meta name=\"author\" content=\"Aconteceu no Vale\" \/>\n<meta name=\"twitter:card\" content=\"summary_large_image\" \/>\n<meta name=\"twitter:creator\" content=\"@noticiadosvales\" \/>\n<meta name=\"twitter:site\" content=\"@noticiadosvales\" \/>\n<meta name=\"twitter:label1\" content=\"Escrito por\" \/>\n\t<meta name=\"twitter:data1\" content=\"Aconteceu no Vale\" \/>\n\t<meta name=\"twitter:label2\" content=\"Est. tempo de leitura\" \/>\n\t<meta name=\"twitter:data2\" content=\"2 minutos\" \/>\n<script type=\"application\/ld+json\" class=\"yoast-schema-graph\">{\"@context\":\"https:\\\/\\\/schema.org\",\"@graph\":[{\"@type\":\"Article\",\"@id\":\"https:\\\/\\\/aconteceunovale.com.br\\\/portal\\\/?p=152170#article\",\"isPartOf\":{\"@id\":\"https:\\\/\\\/aconteceunovale.com.br\\\/portal\\\/?p=152170\"},\"author\":{\"name\":\"Aconteceu no Vale\",\"@id\":\"https:\\\/\\\/aconteceunovale.com.br\\\/portal\\\/#\\\/schema\\\/person\\\/633529146f2c94272bef50ac2953d589\"},\"headline\":\"Mais de cinco milh\u00f5es de pessoas dependem da renda de um MEI, indica pesquisa do Sebrae\",\"datePublished\":\"2019-09-03T02:01:09+00:00\",\"dateModified\":\"2019-09-03T02:16:49+00:00\",\"mainEntityOfPage\":{\"@id\":\"https:\\\/\\\/aconteceunovale.com.br\\\/portal\\\/?p=152170\"},\"wordCount\":424,\"commentCount\":0,\"image\":{\"@id\":\"https:\\\/\\\/aconteceunovale.com.br\\\/portal\\\/?p=152170#primaryimage\"},\"thumbnailUrl\":\"https:\\\/\\\/aconteceunovale.com.br\\\/portal\\\/wp-content\\\/uploads\\\/2019\\\/05\\\/semana_mei_mg_1.jpg\",\"keywords\":[\"Mais de cinco milh\u00f5es de pessoas dependem da renda de um MEI\",\"MEI\",\"Microempreendedor Individual\",\"Perfil do MEI\",\"Pesquisa do Sebrae\",\"Sebrae\",\"Servi\u00e7o Brasileiro de Apoio \u00e0s Micro e Pequenas Empresas\"],\"articleSection\":[\"Brasil\",\"Empregos\"],\"inLanguage\":\"pt-BR\",\"potentialAction\":[{\"@type\":\"CommentAction\",\"name\":\"Comment\",\"target\":[\"https:\\\/\\\/aconteceunovale.com.br\\\/portal\\\/?p=152170#respond\"]}]},{\"@type\":\"WebPage\",\"@id\":\"https:\\\/\\\/aconteceunovale.com.br\\\/portal\\\/?p=152170\",\"url\":\"https:\\\/\\\/aconteceunovale.com.br\\\/portal\\\/?p=152170\",\"name\":\"Mais de cinco milh\u00f5es de pessoas dependem da renda de um MEI, indica pesquisa do Sebrae - Aconteceu no Vale\",\"isPartOf\":{\"@id\":\"https:\\\/\\\/aconteceunovale.com.br\\\/portal\\\/#website\"},\"primaryImageOfPage\":{\"@id\":\"https:\\\/\\\/aconteceunovale.com.br\\\/portal\\\/?p=152170#primaryimage\"},\"image\":{\"@id\":\"https:\\\/\\\/aconteceunovale.com.br\\\/portal\\\/?p=152170#primaryimage\"},\"thumbnailUrl\":\"https:\\\/\\\/aconteceunovale.com.br\\\/portal\\\/wp-content\\\/uploads\\\/2019\\\/05\\\/semana_mei_mg_1.jpg\",\"datePublished\":\"2019-09-03T02:01:09+00:00\",\"dateModified\":\"2019-09-03T02:16:49+00:00\",\"author\":{\"@id\":\"https:\\\/\\\/aconteceunovale.com.br\\\/portal\\\/#\\\/schema\\\/person\\\/633529146f2c94272bef50ac2953d589\"},\"breadcrumb\":{\"@id\":\"https:\\\/\\\/aconteceunovale.com.br\\\/portal\\\/?p=152170#breadcrumb\"},\"inLanguage\":\"pt-BR\",\"potentialAction\":[{\"@type\":\"ReadAction\",\"target\":[\"https:\\\/\\\/aconteceunovale.com.br\\\/portal\\\/?p=152170\"]}]},{\"@type\":\"ImageObject\",\"inLanguage\":\"pt-BR\",\"@id\":\"https:\\\/\\\/aconteceunovale.com.br\\\/portal\\\/?p=152170#primaryimage\",\"url\":\"https:\\\/\\\/aconteceunovale.com.br\\\/portal\\\/wp-content\\\/uploads\\\/2019\\\/05\\\/semana_mei_mg_1.jpg\",\"contentUrl\":\"https:\\\/\\\/aconteceunovale.com.br\\\/portal\\\/wp-content\\\/uploads\\\/2019\\\/05\\\/semana_mei_mg_1.jpg\",\"width\":672,\"height\":450},{\"@type\":\"BreadcrumbList\",\"@id\":\"https:\\\/\\\/aconteceunovale.com.br\\\/portal\\\/?p=152170#breadcrumb\",\"itemListElement\":[{\"@type\":\"ListItem\",\"position\":1,\"name\":\"In\u00edcio\",\"item\":\"https:\\\/\\\/aconteceunovale.com.br\\\/portal\\\/\"},{\"@type\":\"ListItem\",\"position\":2,\"name\":\"Mais de cinco milh\u00f5es de pessoas dependem da renda de um MEI, indica pesquisa do Sebrae\"}]},{\"@type\":\"WebSite\",\"@id\":\"https:\\\/\\\/aconteceunovale.com.br\\\/portal\\\/#website\",\"url\":\"https:\\\/\\\/aconteceunovale.com.br\\\/portal\\\/\",\"name\":\"Aconteceu no Vale\",\"description\":\"Portal de Not\u00edcias\",\"potentialAction\":[{\"@type\":\"SearchAction\",\"target\":{\"@type\":\"EntryPoint\",\"urlTemplate\":\"https:\\\/\\\/aconteceunovale.com.br\\\/portal\\\/?s={search_term_string}\"},\"query-input\":{\"@type\":\"PropertyValueSpecification\",\"valueRequired\":true,\"valueName\":\"search_term_string\"}}],\"inLanguage\":\"pt-BR\"},{\"@type\":\"Person\",\"@id\":\"https:\\\/\\\/aconteceunovale.com.br\\\/portal\\\/#\\\/schema\\\/person\\\/633529146f2c94272bef50ac2953d589\",\"name\":\"Aconteceu no Vale\",\"description\":\"Equipe de reportagem do Aconteceu no Vale, portal de not\u00edcias do Vale do Jequitinhonha, em Minas Gerais. Cobrimos as 51 cidades do Vale desde 2013. Sugest\u00f5es de pauta e pedidos de corre\u00e7\u00e3o: contato@aconteceunovale.com.br\",\"sameAs\":[\"http:\\\/\\\/www.aconteceunovale.com.br\"],\"url\":\"https:\\\/\\\/aconteceunovale.com.br\\\/portal\\\/?author=1\"}]}<\/script>\n<!-- \/ Yoast SEO plugin. -->","yoast_head_json":{"title":"Mais de cinco milh\u00f5es de pessoas dependem da renda de um MEI, indica pesquisa do Sebrae - Aconteceu no Vale","robots":{"index":"index","follow":"follow","max-snippet":"max-snippet:-1","max-image-preview":"max-image-preview:large","max-video-preview":"max-video-preview:-1"},"canonical":"https:\/\/aconteceunovale.com.br\/portal\/?p=152170","og_locale":"pt_BR","og_type":"article","og_title":"Mais de cinco milh\u00f5es de pessoas dependem da renda de um MEI, indica pesquisa do Sebrae - Aconteceu no Vale","og_description":"A renda obtida como microempreendedor individual (MEI) \u00e9 a \u00fanica fonte de recursos de 1,7 milh\u00e3o de fam\u00edlias, diz a 6\u00aa pesquisa Perfil do MEI, feita pelo Servi\u00e7o Brasileiro de Apoio \u00e0s Micro e Pequenas Empresas (Sebrae). De acordo com a pesquisa, isso significa que 5,4 milh\u00f5es de pessoas no pa\u00eds, considerando quatro pessoas por [&hellip;]","og_url":"https:\/\/aconteceunovale.com.br\/portal\/?p=152170","og_site_name":"Aconteceu no Vale","article_publisher":"https:\/\/www.facebook.com\/aconteceunovale\/","article_published_time":"2019-09-03T02:01:09+00:00","article_modified_time":"2019-09-03T02:16:49+00:00","og_image":[{"width":672,"height":450,"url":"https:\/\/aconteceunovale.com.br\/portal\/wp-content\/uploads\/2019\/05\/semana_mei_mg_1.jpg","type":"image\/jpeg"}],"author":"Aconteceu no Vale","twitter_card":"summary_large_image","twitter_creator":"@noticiadosvales","twitter_site":"@noticiadosvales","twitter_misc":{"Escrito por":"Aconteceu no Vale","Est. tempo de leitura":"2 minutos"},"schema":{"@context":"https:\/\/schema.org","@graph":[{"@type":"Article","@id":"https:\/\/aconteceunovale.com.br\/portal\/?p=152170#article","isPartOf":{"@id":"https:\/\/aconteceunovale.com.br\/portal\/?p=152170"},"author":{"name":"Aconteceu no Vale","@id":"https:\/\/aconteceunovale.com.br\/portal\/#\/schema\/person\/633529146f2c94272bef50ac2953d589"},"headline":"Mais de cinco milh\u00f5es de pessoas dependem da renda de um MEI, indica pesquisa do Sebrae","datePublished":"2019-09-03T02:01:09+00:00","dateModified":"2019-09-03T02:16:49+00:00","mainEntityOfPage":{"@id":"https:\/\/aconteceunovale.com.br\/portal\/?p=152170"},"wordCount":424,"commentCount":0,"image":{"@id":"https:\/\/aconteceunovale.com.br\/portal\/?p=152170#primaryimage"},"thumbnailUrl":"https:\/\/aconteceunovale.com.br\/portal\/wp-content\/uploads\/2019\/05\/semana_mei_mg_1.jpg","keywords":["Mais de cinco milh\u00f5es de pessoas dependem da renda de um MEI","MEI","Microempreendedor Individual","Perfil do MEI","Pesquisa do Sebrae","Sebrae","Servi\u00e7o Brasileiro de Apoio \u00e0s Micro e Pequenas Empresas"],"articleSection":["Brasil","Empregos"],"inLanguage":"pt-BR","potentialAction":[{"@type":"CommentAction","name":"Comment","target":["https:\/\/aconteceunovale.com.br\/portal\/?p=152170#respond"]}]},{"@type":"WebPage","@id":"https:\/\/aconteceunovale.com.br\/portal\/?p=152170","url":"https:\/\/aconteceunovale.com.br\/portal\/?p=152170","name":"Mais de cinco milh\u00f5es de pessoas dependem da renda de um MEI, indica pesquisa do Sebrae - Aconteceu no Vale","isPartOf":{"@id":"https:\/\/aconteceunovale.com.br\/portal\/#website"},"primaryImageOfPage":{"@id":"https:\/\/aconteceunovale.com.br\/portal\/?p=152170#primaryimage"},"image":{"@id":"https:\/\/aconteceunovale.com.br\/portal\/?p=152170#primaryimage"},"thumbnailUrl":"https:\/\/aconteceunovale.com.br\/portal\/wp-content\/uploads\/2019\/05\/semana_mei_mg_1.jpg","datePublished":"2019-09-03T02:01:09+00:00","dateModified":"2019-09-03T02:16:49+00:00","author":{"@id":"https:\/\/aconteceunovale.com.br\/portal\/#\/schema\/person\/633529146f2c94272bef50ac2953d589"},"breadcrumb":{"@id":"https:\/\/aconteceunovale.com.br\/portal\/?p=152170#breadcrumb"},"inLanguage":"pt-BR","potentialAction":[{"@type":"ReadAction","target":["https:\/\/aconteceunovale.com.br\/portal\/?p=152170"]}]},{"@type":"ImageObject","inLanguage":"pt-BR","@id":"https:\/\/aconteceunovale.com.br\/portal\/?p=152170#primaryimage","url":"https:\/\/aconteceunovale.com.br\/portal\/wp-content\/uploads\/2019\/05\/semana_mei_mg_1.jpg","contentUrl":"https:\/\/aconteceunovale.com.br\/portal\/wp-content\/uploads\/2019\/05\/semana_mei_mg_1.jpg","width":672,"height":450},{"@type":"BreadcrumbList","@id":"https:\/\/aconteceunovale.com.br\/portal\/?p=152170#breadcrumb","itemListElement":[{"@type":"ListItem","position":1,"name":"In\u00edcio","item":"https:\/\/aconteceunovale.com.br\/portal\/"},{"@type":"ListItem","position":2,"name":"Mais de cinco milh\u00f5es de pessoas dependem da renda de um MEI, indica pesquisa do Sebrae"}]},{"@type":"WebSite","@id":"https:\/\/aconteceunovale.com.br\/portal\/#website","url":"https:\/\/aconteceunovale.com.br\/portal\/","name":"Aconteceu no Vale","description":"Portal de Not\u00edcias","potentialAction":[{"@type":"SearchAction","target":{"@type":"EntryPoint","urlTemplate":"https:\/\/aconteceunovale.com.br\/portal\/?s={search_term_string}"},"query-input":{"@type":"PropertyValueSpecification","valueRequired":true,"valueName":"search_term_string"}}],"inLanguage":"pt-BR"},{"@type":"Person","@id":"https:\/\/aconteceunovale.com.br\/portal\/#\/schema\/person\/633529146f2c94272bef50ac2953d589","name":"Aconteceu no Vale","description":"Equipe de reportagem do Aconteceu no Vale, portal de not\u00edcias do Vale do Jequitinhonha, em Minas Gerais. Cobrimos as 51 cidades do Vale desde 2013. Sugest\u00f5es de pauta e pedidos de corre\u00e7\u00e3o: contato@aconteceunovale.com.br","sameAs":["http:\/\/www.aconteceunovale.com.br"],"url":"https:\/\/aconteceunovale.com.br\/portal\/?author=1"}]}},"_links":{"self":[{"href":"https:\/\/aconteceunovale.com.br\/portal\/index.php?rest_route=\/wp\/v2\/posts\/152170","targetHints":{"allow":["GET"]}}],"collection":[{"href":"https:\/\/aconteceunovale.com.br\/portal\/index.php?rest_route=\/wp\/v2\/posts"}],"about":[{"href":"https:\/\/aconteceunovale.com.br\/portal\/index.php?rest_route=\/wp\/v2\/types\/post"}],"author":[{"embeddable":true,"href":"https:\/\/aconteceunovale.com.br\/portal\/index.php?rest_route=\/wp\/v2\/users\/1"}],"replies":[{"embeddable":true,"href":"https:\/\/aconteceunovale.com.br\/portal\/index.php?rest_route=%2Fwp%2Fv2%2Fcomments&post=152170"}],"version-history":[{"count":1,"href":"https:\/\/aconteceunovale.com.br\/portal\/index.php?rest_route=\/wp\/v2\/posts\/152170\/revisions"}],"predecessor-version":[{"id":152171,"href":"https:\/\/aconteceunovale.com.br\/portal\/index.php?rest_route=\/wp\/v2\/posts\/152170\/revisions\/152171"}],"wp:featuredmedia":[{"embeddable":true,"href":"https:\/\/aconteceunovale.com.br\/portal\/index.php?rest_route=\/wp\/v2\/media\/148502"}],"wp:attachment":[{"href":"https:\/\/aconteceunovale.com.br\/portal\/index.php?rest_route=%2Fwp%2Fv2%2Fmedia&parent=152170"}],"wp:term":[{"taxonomy":"category","embeddable":true,"href":"https:\/\/aconteceunovale.com.br\/portal\/index.php?rest_route=%2Fwp%2Fv2%2Fcategories&post=152170"},{"taxonomy":"post_tag","embeddable":true,"href":"https:\/\/aconteceunovale.com.br\/portal\/index.php?rest_route=%2Fwp%2Fv2%2Ftags&post=152170"}],"curies":[{"name":"wp","href":"https:\/\/api.w.org\/{rel}","templated":true}]}}